{"id":6779,"date":"2021-10-06T14:39:57","date_gmt":"2021-10-06T14:39:57","guid":{"rendered":"https:\/\/portelldemorella.org\/?p=6779"},"modified":"2022-09-29T10:54:54","modified_gmt":"2022-09-29T10:54:54","slug":"noves-troballes-a-les-excavacions-arqueologiques-del-corro-de-portell","status":"publish","type":"post","link":"https:\/\/portelldemorella.org\/ca\/noves-troballes-a-les-excavacions-arqueologiques-del-corro-de-portell\/","title":{"rendered":"Noves troballes a les excavacions arqueol\u00f2giques del Corro de Portell"},"content":{"rendered":"\n<p>A Portell de Morella s\u2019estan duent a terme al mes de setembre una s\u00e8rie d\u2019actuacions arqueol\u00f2giques a la part del&nbsp; Corro per tal d&#8217;establir si es conserven restes medievals al seu subsol. Aquestes intervencions han estat promogudes per l\u2019ajuntament de la poblaci\u00f3 aprofitant la concessi\u00f3 de les subvencions acollides a Resoluci\u00f3 de 26 de mar\u00e7 de 2021, de la Conselleria d\u2019Educaci\u00f3, Cultura i Esport. Es traca d\u2019una s\u00e8rie d\u2019actuacions emmarcades dintre d\u2019un projecte m\u00e9s ambici\u00f3s, amb l\u2019objectiu final d\u2019establir l\u2019evoluci\u00f3 hist\u00f2rica de la poblaci\u00f3 i posar en valor les estructures medievals que encara es conserven al&nbsp; municipi. En aquest cas en concret, a m\u00e9s dels sondejos s&#8217;han estudiat amb metodologia arqueol\u00f2gica els paraments de&nbsp;torres i muralles per tal d\u2019establir les t\u00e8cniques constructives i l\u2019evoluci\u00f3 arquitect\u00f2nica de les diferents torres. Aquesta informaci\u00f3 ser\u00e0 de gran utilitat per tal de redactar un Pla director per a la recuperaci\u00f3 de les muralles de Portell, document que ja est\u00e0 en redacci\u00f3 baix la coordinaci\u00f3 de l\u2019arquitecte Antonio Garc\u00eda Blay, aprofitant altra subvenci\u00f3 concedida per la Generalitat Valenciana.&nbsp;<\/p>\n\n\n\n<p>Com a troballes m\u00e9s destacades de l\u2019actuaci\u00f3 arqueol\u00f2gica dirigida per l\u2019arque\u00f2leg Pablo Garc\u00eda Borja amb la col\u00b7laboraci\u00f3 de Joan Enric Palmer Broch cal destacar les abundants restes d\u2019ossos humans, primer en estrats superficials remoguts i despr\u00e9s formant part de diferents inhumacions d\u2019\u00e8poca medieval, ja d\u2019\u00e8poca cristiana.&nbsp; Una de les troballes m\u00e9s interessants ha estat la localitzaci\u00f3 d\u2019una sepultura amb les despulles d\u2019una persona adulta i un xiquet. Inhumacions que estan en estudi i que els arque\u00f2legs han datat provisionalment entre la segona meitat del segle XIII i el primer ter\u00e7 del segle XIV. A falta de m\u00e9s dades es proposa que estem davant les restes d\u2019una mare i el seu fill, els quals degueren morir quasi simult\u00e0niament. Caldr\u00e0 esperar als resultats de l\u2019estudi antropol\u00f2gic de les restes per tal d\u2019establir, si es pot, la causa de la mort.&nbsp;<\/p>\n\n\n\n<p>Aquests descobriments permeten situar en el subsol de l\u2019actual Corro el primer cementiri cristi\u00e0 de la poblaci\u00f3. Un espai que malgrat haver estat molt transformat al llarg dels segles, sens dubte continuar\u00e0 aportant valuosa informaci\u00f3 sobre els or\u00edgens de Portell.<\/p>\n\n\n\n<div class=\"wp-block-columns is-layout-flex wp-container-core-columns-is-layout-9d6595d7 wp-block-columns-is-layout-flex\">\n<div class=\"wp-block-column is-layout-flow wp-block-column-is-layout-flow\">\n<figure class=\"wp-block-image size-large\"><img fetchpriority=\"high\" decoding=\"async\" width=\"1024\" height=\"768\" src=\"https:\/\/portelldemorella.org\/wp-content\/uploads\/2021\/10\/WhatsApp-Image-2021-09-28-at-13.28.41-2-1024x768.jpeg\" alt=\"\" class=\"wp-image-6780\" srcset=\"https:\/\/portelldemorella.org\/wp-content\/uploads\/2021\/10\/WhatsApp-Image-2021-09-28-at-13.28.41-2-1024x768.jpeg 1024w, https:\/\/portelldemorella.org\/wp-content\/uploads\/2021\/10\/WhatsApp-Image-2021-09-28-at-13.28.41-2-300x225.jpeg 300w, https:\/\/portelldemorella.org\/wp-content\/uploads\/2021\/10\/WhatsApp-Image-2021-09-28-at-13.28.41-2-768x576.jpeg 768w, https:\/\/portelldemorella.org\/wp-content\/uploads\/2021\/10\/WhatsApp-Image-2021-09-28-at-13.28.41-2-1536x1152.jpeg 1536w, https:\/\/portelldemorella.org\/wp-content\/uploads\/2021\/10\/WhatsApp-Image-2021-09-28-at-13.28.41-2-600x450.jpeg 600w, https:\/\/portelldemorella.org\/wp-content\/uploads\/2021\/10\/WhatsApp-Image-2021-09-28-at-13.28.41-2-560x420.jpeg 560w, https:\/\/portelldemorella.org\/wp-content\/uploads\/2021\/10\/WhatsApp-Image-2021-09-28-at-13.28.41-2.jpeg 2048w\" sizes=\"(max-width: 1024px) 100vw, 1024px\" \/><\/figure>\n<\/div>\n\n\n\n<div class=\"wp-block-column is-layout-flow wp-block-column-is-layout-flow\">\n<figure class=\"wp-block-image size-large\"><img decoding=\"async\" width=\"1024\" height=\"768\" src=\"https:\/\/portelldemorella.org\/wp-content\/uploads\/2021\/10\/WhatsApp-Image-2021-09-28-at-13.25.28-edited-1024x768.jpeg\" alt=\"\" class=\"wp-image-6775\" srcset=\"https:\/\/portelldemorella.org\/wp-content\/uploads\/2021\/10\/WhatsApp-Image-2021-09-28-at-13.25.28-edited-1024x768.jpeg 1024w, https:\/\/portelldemorella.org\/wp-content\/uploads\/2021\/10\/WhatsApp-Image-2021-09-28-at-13.25.28-edited-300x225.jpeg 300w, https:\/\/portelldemorella.org\/wp-content\/uploads\/2021\/10\/WhatsApp-Image-2021-09-28-at-13.25.28-edited-768x576.jpeg 768w, https:\/\/portelldemorella.org\/wp-content\/uploads\/2021\/10\/WhatsApp-Image-2021-09-28-at-13.25.28-edited-1536x1152.jpeg 1536w, https:\/\/portelldemorella.org\/wp-content\/uploads\/2021\/10\/WhatsApp-Image-2021-09-28-at-13.25.28-edited-600x450.jpeg 600w, https:\/\/portelldemorella.org\/wp-content\/uploads\/2021\/10\/WhatsApp-Image-2021-09-28-at-13.25.28-edited-560x420.jpeg 560w, https:\/\/portelldemorella.org\/wp-content\/uploads\/2021\/10\/WhatsApp-Image-2021-09-28-at-13.25.28-edited.jpeg 1600w\" sizes=\"(max-width: 1024px) 100vw, 1024px\" \/><\/figure>\n<\/div>\n<\/div>\n","protected":false},"excerpt":{"rendered":"<p>Apareixen a les excavacions del Corro dos esquelets m\u00e9s. <\/p>\n","protected":false},"author":1,"featured_media":6780,"comment_status":"closed","ping_status":"closed","sticky":false,"template":"","format":"standard","meta":{"footnotes":""},"categories":[97],"tags":[],"class_list":["post-6779","post","type-post","status-publish","format-standard","has-post-thumbnail","hentry","category-ayuntamiento-ca"],"yoast_head":"<!-- This site is optimized with the Yoast SEO plugin v24.4 - https:\/\/yoast.com\/wordpress\/plugins\/seo\/ -->\n<title>Noves troballes a les excavacions arqueol\u00f2giques del Corro de Portell - Portell de Morella<\/title>\n<meta name=\"robots\" content=\"noindex, follow, max-snippet:-1, max-image-preview:large, max-video-preview:-1\" \/>\n<meta property=\"og:locale\" content=\"ca_ES\" \/>\n<meta property=\"og:type\" content=\"article\" \/>\n<meta property=\"og:title\" content=\"Noves troballes a les excavacions arqueol\u00f2giques del Corro de Portell - Portell de Morella\" \/>\n<meta property=\"og:description\" content=\"Apareixen a les excavacions del Corro dos esquelets m\u00e9s.\" \/>\n<meta property=\"og:url\" content=\"https:\/\/portelldemorella.org\/ca\/noves-troballes-a-les-excavacions-arqueologiques-del-corro-de-portell\/\" \/>\n<meta property=\"og:site_name\" content=\"Portell de Morella\" \/>\n<meta property=\"article:published_time\" content=\"2021-10-06T14:39:57+00:00\" \/>\n<meta property=\"article:modified_time\" content=\"2022-09-29T10:54:54+00:00\" \/>\n<meta property=\"og:image\" content=\"https:\/\/portelldemorella.org\/wp-content\/uploads\/2021\/10\/WhatsApp-Image-2021-09-28-at-13.28.41-2.jpeg\" \/>\n\t<meta property=\"og:image:width\" content=\"2048\" \/>\n\t<meta property=\"og:image:height\" content=\"1536\" \/>\n\t<meta property=\"og:image:type\" content=\"image\/jpeg\" \/>\n<meta name=\"author\" content=\"portell\" \/>\n<meta name=\"twitter:card\" content=\"summary_large_image\" \/>\n<meta name=\"twitter:label1\" content=\"Escrit per\" \/>\n\t<meta name=\"twitter:data1\" content=\"portell\" \/>\n\t<meta name=\"twitter:label2\" content=\"Temps estimat de lectura\" \/>\n\t<meta name=\"twitter:data2\" content=\"2 minuts\" \/>\n<script type=\"application\/ld+json\" class=\"yoast-schema-graph\">{\"@context\":\"https:\/\/schema.org\",\"@graph\":[{\"@type\":\"Article\",\"@id\":\"https:\/\/portelldemorella.org\/ca\/noves-troballes-a-les-excavacions-arqueologiques-del-corro-de-portell\/#article\",\"isPartOf\":{\"@id\":\"https:\/\/portelldemorella.org\/ca\/noves-troballes-a-les-excavacions-arqueologiques-del-corro-de-portell\/\"},\"author\":{\"name\":\"portell\",\"@id\":\"https:\/\/portelldemorella.org\/#\/schema\/person\/2adde77c454244acd163488ec723a88b\"},\"headline\":\"Noves troballes a les excavacions arqueol\u00f2giques del Corro de Portell\",\"datePublished\":\"2021-10-06T14:39:57+00:00\",\"dateModified\":\"2022-09-29T10:54:54+00:00\",\"mainEntityOfPage\":{\"@id\":\"https:\/\/portelldemorella.org\/ca\/noves-troballes-a-les-excavacions-arqueologiques-del-corro-de-portell\/\"},\"wordCount\":414,\"publisher\":{\"@id\":\"https:\/\/portelldemorella.org\/#organization\"},\"image\":{\"@id\":\"https:\/\/portelldemorella.org\/ca\/noves-troballes-a-les-excavacions-arqueologiques-del-corro-de-portell\/#primaryimage\"},\"thumbnailUrl\":\"https:\/\/portelldemorella.org\/wp-content\/uploads\/2021\/10\/WhatsApp-Image-2021-09-28-at-13.28.41-2.jpeg\",\"articleSection\":[\"Ayuntamiento\"],\"inLanguage\":\"ca\"},{\"@type\":\"WebPage\",\"@id\":\"https:\/\/portelldemorella.org\/ca\/noves-troballes-a-les-excavacions-arqueologiques-del-corro-de-portell\/\",\"url\":\"https:\/\/portelldemorella.org\/ca\/noves-troballes-a-les-excavacions-arqueologiques-del-corro-de-portell\/\",\"name\":\"Noves troballes a les excavacions arqueol\u00f2giques del Corro de Portell - Portell de Morella\",\"isPartOf\":{\"@id\":\"https:\/\/portelldemorella.org\/#website\"},\"primaryImageOfPage\":{\"@id\":\"https:\/\/portelldemorella.org\/ca\/noves-troballes-a-les-excavacions-arqueologiques-del-corro-de-portell\/#primaryimage\"},\"image\":{\"@id\":\"https:\/\/portelldemorella.org\/ca\/noves-troballes-a-les-excavacions-arqueologiques-del-corro-de-portell\/#primaryimage\"},\"thumbnailUrl\":\"https:\/\/portelldemorella.org\/wp-content\/uploads\/2021\/10\/WhatsApp-Image-2021-09-28-at-13.28.41-2.jpeg\",\"datePublished\":\"2021-10-06T14:39:57+00:00\",\"dateModified\":\"2022-09-29T10:54:54+00:00\",\"breadcrumb\":{\"@id\":\"https:\/\/portelldemorella.org\/ca\/noves-troballes-a-les-excavacions-arqueologiques-del-corro-de-portell\/#breadcrumb\"},\"inLanguage\":\"ca\",\"potentialAction\":[{\"@type\":\"ReadAction\",\"target\":[\"https:\/\/portelldemorella.org\/ca\/noves-troballes-a-les-excavacions-arqueologiques-del-corro-de-portell\/\"]}]},{\"@type\":\"ImageObject\",\"inLanguage\":\"ca\",\"@id\":\"https:\/\/portelldemorella.org\/ca\/noves-troballes-a-les-excavacions-arqueologiques-del-corro-de-portell\/#primaryimage\",\"url\":\"https:\/\/portelldemorella.org\/wp-content\/uploads\/2021\/10\/WhatsApp-Image-2021-09-28-at-13.28.41-2.jpeg\",\"contentUrl\":\"https:\/\/portelldemorella.org\/wp-content\/uploads\/2021\/10\/WhatsApp-Image-2021-09-28-at-13.28.41-2.jpeg\",\"width\":2048,\"height\":1536},{\"@type\":\"BreadcrumbList\",\"@id\":\"https:\/\/portelldemorella.org\/ca\/noves-troballes-a-les-excavacions-arqueologiques-del-corro-de-portell\/#breadcrumb\",\"itemListElement\":[{\"@type\":\"ListItem\",\"position\":1,\"name\":\"Portada\",\"item\":\"https:\/\/portelldemorella.org\/ca\/\"},{\"@type\":\"ListItem\",\"position\":2,\"name\":\"Noves troballes a les excavacions arqueol\u00f2giques del Corro de Portell\"}]},{\"@type\":\"WebSite\",\"@id\":\"https:\/\/portelldemorella.org\/#website\",\"url\":\"https:\/\/portelldemorella.org\/\",\"name\":\"Portell de Morella\",\"description\":\"Web del Ayuntamiento de Portell de Morella\",\"publisher\":{\"@id\":\"https:\/\/portelldemorella.org\/#organization\"},\"potentialAction\":[{\"@type\":\"SearchAction\",\"target\":{\"@type\":\"EntryPoint\",\"urlTemplate\":\"https:\/\/portelldemorella.org\/?s={search_term_string}\"},\"query-input\":{\"@type\":\"PropertyValueSpecification\",\"valueRequired\":true,\"valueName\":\"search_term_string\"}}],\"inLanguage\":\"ca\"},{\"@type\":\"Organization\",\"@id\":\"https:\/\/portelldemorella.org\/#organization\",\"name\":\"Portell de Morella\",\"url\":\"https:\/\/portelldemorella.org\/\",\"logo\":{\"@type\":\"ImageObject\",\"inLanguage\":\"ca\",\"@id\":\"https:\/\/portelldemorella.org\/#\/schema\/logo\/image\/\",\"url\":\"https:\/\/portelldemorella.org\/wp-content\/uploads\/2020\/11\/Escudo-Portell-04.jpg\",\"contentUrl\":\"https:\/\/portelldemorella.org\/wp-content\/uploads\/2020\/11\/Escudo-Portell-04.jpg\",\"width\":1001,\"height\":394,\"caption\":\"Portell de Morella\"},\"image\":{\"@id\":\"https:\/\/portelldemorella.org\/#\/schema\/logo\/image\/\"}},{\"@type\":\"Person\",\"@id\":\"https:\/\/portelldemorella.org\/#\/schema\/person\/2adde77c454244acd163488ec723a88b\",\"name\":\"portell\",\"image\":{\"@type\":\"ImageObject\",\"inLanguage\":\"ca\",\"@id\":\"https:\/\/portelldemorella.org\/#\/schema\/person\/image\/\",\"url\":\"https:\/\/secure.gravatar.com\/avatar\/077c6bd89604df620d2fa93a06be2531944cdd6826fd322dbd8b483fd84d6407?s=96&d=mm&r=g\",\"contentUrl\":\"https:\/\/secure.gravatar.com\/avatar\/077c6bd89604df620d2fa93a06be2531944cdd6826fd322dbd8b483fd84d6407?s=96&d=mm&r=g\",\"caption\":\"portell\"},\"sameAs\":[\"https:\/\/portelldemorella.org\"],\"url\":\"https:\/\/portelldemorella.org\/ca\/author\/portell\/\"}]}<\/script>\n<!-- \/ Yoast SEO plugin. -->","yoast_head_json":{"title":"Noves troballes a les excavacions arqueol\u00f2giques del Corro de Portell - Portell de Morella","robots":{"index":"noindex","follow":"follow","max-snippet":"max-snippet:-1","max-image-preview":"max-image-preview:large","max-video-preview":"max-video-preview:-1"},"og_locale":"ca_ES","og_type":"article","og_title":"Noves troballes a les excavacions arqueol\u00f2giques del Corro de Portell - Portell de Morella","og_description":"Apareixen a les excavacions del Corro dos esquelets m\u00e9s.","og_url":"https:\/\/portelldemorella.org\/ca\/noves-troballes-a-les-excavacions-arqueologiques-del-corro-de-portell\/","og_site_name":"Portell de Morella","article_published_time":"2021-10-06T14:39:57+00:00","article_modified_time":"2022-09-29T10:54:54+00:00","og_image":[{"width":2048,"height":1536,"url":"https:\/\/portelldemorella.org\/wp-content\/uploads\/2021\/10\/WhatsApp-Image-2021-09-28-at-13.28.41-2.jpeg","type":"image\/jpeg"}],"author":"portell","twitter_card":"summary_large_image","twitter_misc":{"Escrit per":"portell","Temps estimat de lectura":"2 minuts"},"schema":{"@context":"https:\/\/schema.org","@graph":[{"@type":"Article","@id":"https:\/\/portelldemorella.org\/ca\/noves-troballes-a-les-excavacions-arqueologiques-del-corro-de-portell\/#article","isPartOf":{"@id":"https:\/\/portelldemorella.org\/ca\/noves-troballes-a-les-excavacions-arqueologiques-del-corro-de-portell\/"},"author":{"name":"portell","@id":"https:\/\/portelldemorella.org\/#\/schema\/person\/2adde77c454244acd163488ec723a88b"},"headline":"Noves troballes a les excavacions arqueol\u00f2giques del Corro de Portell","datePublished":"2021-10-06T14:39:57+00:00","dateModified":"2022-09-29T10:54:54+00:00","mainEntityOfPage":{"@id":"https:\/\/portelldemorella.org\/ca\/noves-troballes-a-les-excavacions-arqueologiques-del-corro-de-portell\/"},"wordCount":414,"publisher":{"@id":"https:\/\/portelldemorella.org\/#organization"},"image":{"@id":"https:\/\/portelldemorella.org\/ca\/noves-troballes-a-les-excavacions-arqueologiques-del-corro-de-portell\/#primaryimage"},"thumbnailUrl":"https:\/\/portelldemorella.org\/wp-content\/uploads\/2021\/10\/WhatsApp-Image-2021-09-28-at-13.28.41-2.jpeg","articleSection":["Ayuntamiento"],"inLanguage":"ca"},{"@type":"WebPage","@id":"https:\/\/portelldemorella.org\/ca\/noves-troballes-a-les-excavacions-arqueologiques-del-corro-de-portell\/","url":"https:\/\/portelldemorella.org\/ca\/noves-troballes-a-les-excavacions-arqueologiques-del-corro-de-portell\/","name":"Noves troballes a les excavacions arqueol\u00f2giques del Corro de Portell - Portell de Morella","isPartOf":{"@id":"https:\/\/portelldemorella.org\/#website"},"primaryImageOfPage":{"@id":"https:\/\/portelldemorella.org\/ca\/noves-troballes-a-les-excavacions-arqueologiques-del-corro-de-portell\/#primaryimage"},"image":{"@id":"https:\/\/portelldemorella.org\/ca\/noves-troballes-a-les-excavacions-arqueologiques-del-corro-de-portell\/#primaryimage"},"thumbnailUrl":"https:\/\/portelldemorella.org\/wp-content\/uploads\/2021\/10\/WhatsApp-Image-2021-09-28-at-13.28.41-2.jpeg","datePublished":"2021-10-06T14:39:57+00:00","dateModified":"2022-09-29T10:54:54+00:00","breadcrumb":{"@id":"https:\/\/portelldemorella.org\/ca\/noves-troballes-a-les-excavacions-arqueologiques-del-corro-de-portell\/#breadcrumb"},"inLanguage":"ca","potentialAction":[{"@type":"ReadAction","target":["https:\/\/portelldemorella.org\/ca\/noves-troballes-a-les-excavacions-arqueologiques-del-corro-de-portell\/"]}]},{"@type":"ImageObject","inLanguage":"ca","@id":"https:\/\/portelldemorella.org\/ca\/noves-troballes-a-les-excavacions-arqueologiques-del-corro-de-portell\/#primaryimage","url":"https:\/\/portelldemorella.org\/wp-content\/uploads\/2021\/10\/WhatsApp-Image-2021-09-28-at-13.28.41-2.jpeg","contentUrl":"https:\/\/portelldemorella.org\/wp-content\/uploads\/2021\/10\/WhatsApp-Image-2021-09-28-at-13.28.41-2.jpeg","width":2048,"height":1536},{"@type":"BreadcrumbList","@id":"https:\/\/portelldemorella.org\/ca\/noves-troballes-a-les-excavacions-arqueologiques-del-corro-de-portell\/#breadcrumb","itemListElement":[{"@type":"ListItem","position":1,"name":"Portada","item":"https:\/\/portelldemorella.org\/ca\/"},{"@type":"ListItem","position":2,"name":"Noves troballes a les excavacions arqueol\u00f2giques del Corro de Portell"}]},{"@type":"WebSite","@id":"https:\/\/portelldemorella.org\/#website","url":"https:\/\/portelldemorella.org\/","name":"Portell de Morella","description":"Web del Ayuntamiento de Portell de Morella","publisher":{"@id":"https:\/\/portelldemorella.org\/#organization"},"potentialAction":[{"@type":"SearchAction","target":{"@type":"EntryPoint","urlTemplate":"https:\/\/portelldemorella.org\/?s={search_term_string}"},"query-input":{"@type":"PropertyValueSpecification","valueRequired":true,"valueName":"search_term_string"}}],"inLanguage":"ca"},{"@type":"Organization","@id":"https:\/\/portelldemorella.org\/#organization","name":"Portell de Morella","url":"https:\/\/portelldemorella.org\/","logo":{"@type":"ImageObject","inLanguage":"ca","@id":"https:\/\/portelldemorella.org\/#\/schema\/logo\/image\/","url":"https:\/\/portelldemorella.org\/wp-content\/uploads\/2020\/11\/Escudo-Portell-04.jpg","contentUrl":"https:\/\/portelldemorella.org\/wp-content\/uploads\/2020\/11\/Escudo-Portell-04.jpg","width":1001,"height":394,"caption":"Portell de Morella"},"image":{"@id":"https:\/\/portelldemorella.org\/#\/schema\/logo\/image\/"}},{"@type":"Person","@id":"https:\/\/portelldemorella.org\/#\/schema\/person\/2adde77c454244acd163488ec723a88b","name":"portell","image":{"@type":"ImageObject","inLanguage":"ca","@id":"https:\/\/portelldemorella.org\/#\/schema\/person\/image\/","url":"https:\/\/secure.gravatar.com\/avatar\/077c6bd89604df620d2fa93a06be2531944cdd6826fd322dbd8b483fd84d6407?s=96&d=mm&r=g","contentUrl":"https:\/\/secure.gravatar.com\/avatar\/077c6bd89604df620d2fa93a06be2531944cdd6826fd322dbd8b483fd84d6407?s=96&d=mm&r=g","caption":"portell"},"sameAs":["https:\/\/portelldemorella.org"],"url":"https:\/\/portelldemorella.org\/ca\/author\/portell\/"}]}},"_links":{"self":[{"href":"https:\/\/portelldemorella.org\/ca\/wp-json\/wp\/v2\/posts\/6779","targetHints":{"allow":["GET"]}}],"collection":[{"href":"https:\/\/portelldemorella.org\/ca\/wp-json\/wp\/v2\/posts"}],"about":[{"href":"https:\/\/portelldemorella.org\/ca\/wp-json\/wp\/v2\/types\/post"}],"author":[{"embeddable":true,"href":"https:\/\/portelldemorella.org\/ca\/wp-json\/wp\/v2\/users\/1"}],"replies":[{"embeddable":true,"href":"https:\/\/portelldemorella.org\/ca\/wp-json\/wp\/v2\/comments?post=6779"}],"version-history":[{"count":2,"href":"https:\/\/portelldemorella.org\/ca\/wp-json\/wp\/v2\/posts\/6779\/revisions"}],"predecessor-version":[{"id":6784,"href":"https:\/\/portelldemorella.org\/ca\/wp-json\/wp\/v2\/posts\/6779\/revisions\/6784"}],"wp:featuredmedia":[{"embeddable":true,"href":"https:\/\/portelldemorella.org\/ca\/wp-json\/wp\/v2\/media\/6780"}],"wp:attachment":[{"href":"https:\/\/portelldemorella.org\/ca\/wp-json\/wp\/v2\/media?parent=6779"}],"wp:term":[{"taxonomy":"category","embeddable":true,"href":"https:\/\/portelldemorella.org\/ca\/wp-json\/wp\/v2\/categories?post=6779"},{"taxonomy":"post_tag","embeddable":true,"href":"https:\/\/portelldemorella.org\/ca\/wp-json\/wp\/v2\/tags?post=6779"}],"curies":[{"name":"wp","href":"https:\/\/api.w.org\/{rel}","templated":true}]}}