{"id":7088,"date":"2021-11-09T12:15:49","date_gmt":"2021-11-09T12:15:49","guid":{"rendered":"https:\/\/portelldemorella.org\/el-primer-proaplec-llega-a-portell-el-4-de-diciembre\/"},"modified":"2023-06-09T09:40:04","modified_gmt":"2023-06-09T09:40:04","slug":"el-primer-proaplec-llega-a-portell-el-4-de-diciembre","status":"publish","type":"post","link":"https:\/\/portelldemorella.org\/ca\/el-primer-proaplec-llega-a-portell-el-4-de-diciembre\/","title":{"rendered":"El primer ProAplec arriba a Portell el 4 de desembre"},"content":{"rendered":"\n<p>La 43 edici\u00f3 de l&#8217;Aplec dels Ports tindr\u00e0 lloc en Portell el cap de setmana del 29, 30 i 31 de juliol del 2022. Fins l&#8217;estiu s&#8217;aniran celebrant ProAplecs com el que s&#8217;espera el 4 de desembre.<\/p>\n\n\n\n<p>En aquesta primera trobada comarcal hi ha una programaci\u00f3 molt completa formada per una caminada animada, un vermut popular, un menjar amenitzat per un bingo musical, la presentaci\u00f3 del lema del XLIII Aplec i una taula rodona de joves emprenedors comarcals en la qual participaran l&#8217;empresa de gastronomia artesanal Bol\u00edssim, l&#8217;ag\u00e8ncia creativa Comboi, la formatgeria artesanal La Planeta, la productora d&#8217;aliments de sec\u00e0 amb agricultura regenerativa Malaerba i la monitora de ioga, estirament i meditaci\u00f3 Irene Munay.<\/p>\n\n\n\n<p>L&#8217;elecci\u00f3 del lema \u00e9s a c\u00e0rrec de l&#8217;organitzaci\u00f3 del Aplec, per\u00f2 la proposta de lemes est\u00e0 oberta a tothom. Qui vulga proposar idees pot fer-ho enviant-les per missatge directe d&#8217;Instagram al compte @aplecdelsports fins al 26 de novembre.<\/p>\n\n\n\n<p>Per a poder garantir un ProAplec segur per a la comarca dels Ports, aquest tindr\u00e0 un aforament limitat. Per a poder assistir s&#8217;ha d&#8217;emplenar el seg\u00fcent formulari d&#8217;inscripci\u00f3 abans del 26 de novembre:<a href=\"https:\/\/docs.google.com\/forms\/d\/e\/1faipqlsf-phkxs0zsmcg0isjmizvflos-orknncjubyh846ffw8eyfg\/viewform\">https:\/\/docs.google.com\/forms\/d\/e\/1faipqlsf-phkxs0zsmcg0isjmizvflos-orknncjubyh846ffw8eyfg\/viewform<\/a><\/p>\n\n\n\n<div class=\"wp-block-columns is-layout-flex wp-container-core-columns-is-layout-9d6595d7 wp-block-columns-is-layout-flex\">\n<div class=\"wp-block-column is-layout-flow wp-block-column-is-layout-flow\">\n<figure class=\"wp-block-gallery has-nested-images columns-default is-cropped wp-block-gallery-1 is-layout-flex wp-block-gallery-is-layout-flex\">\n<figure class=\"wp-block-image size-large\"><img fetchpriority=\"high\" decoding=\"async\" width=\"1024\" height=\"1024\" data-id=\"7082\" src=\"https:\/\/portelldemorella.org\/wp-content\/uploads\/2021\/11\/Programacio-Aplec-1-1024x1024.jpeg\" alt=\"\" class=\"wp-image-7082\" srcset=\"https:\/\/portelldemorella.org\/wp-content\/uploads\/2021\/11\/Programacio-Aplec-1-1024x1024.jpeg 1024w, https:\/\/portelldemorella.org\/wp-content\/uploads\/2021\/11\/Programacio-Aplec-1-300x300.jpeg 300w, https:\/\/portelldemorella.org\/wp-content\/uploads\/2021\/11\/Programacio-Aplec-1-150x150.jpeg 150w, https:\/\/portelldemorella.org\/wp-content\/uploads\/2021\/11\/Programacio-Aplec-1-768x768.jpeg 768w, https:\/\/portelldemorella.org\/wp-content\/uploads\/2021\/11\/Programacio-Aplec-1-600x600.jpeg 600w, https:\/\/portelldemorella.org\/wp-content\/uploads\/2021\/11\/Programacio-Aplec-1-560x560.jpeg 560w, https:\/\/portelldemorella.org\/wp-content\/uploads\/2021\/11\/Programacio-Aplec-1.jpeg 1080w\" sizes=\"(max-width: 1024px) 100vw, 1024px\" \/><\/figure>\n<\/figure>\n<\/div>\n\n\n\n<div class=\"wp-block-column is-layout-flow wp-block-column-is-layout-flow\">\n<figure class=\"wp-block-image size-large\"><img decoding=\"async\" width=\"1024\" height=\"1024\" src=\"https:\/\/portelldemorella.org\/wp-content\/uploads\/2021\/11\/Programacio-Aplec-2-1024x1024.jpeg\" alt=\"\" class=\"wp-image-7084\" srcset=\"https:\/\/portelldemorella.org\/wp-content\/uploads\/2021\/11\/Programacio-Aplec-2-1024x1024.jpeg 1024w, https:\/\/portelldemorella.org\/wp-content\/uploads\/2021\/11\/Programacio-Aplec-2-300x300.jpeg 300w, https:\/\/portelldemorella.org\/wp-content\/uploads\/2021\/11\/Programacio-Aplec-2-150x150.jpeg 150w, https:\/\/portelldemorella.org\/wp-content\/uploads\/2021\/11\/Programacio-Aplec-2-768x768.jpeg 768w, https:\/\/portelldemorella.org\/wp-content\/uploads\/2021\/11\/Programacio-Aplec-2-600x600.jpeg 600w, https:\/\/portelldemorella.org\/wp-content\/uploads\/2021\/11\/Programacio-Aplec-2-560x560.jpeg 560w, https:\/\/portelldemorella.org\/wp-content\/uploads\/2021\/11\/Programacio-Aplec-2.jpeg 1080w\" sizes=\"(max-width: 1024px) 100vw, 1024px\" \/><\/figure>\n<\/div>\n<\/div>\n","protected":false},"excerpt":{"rendered":"<p>El primer ProAplec llega a Portell el 4 de diciembre<\/p>\n","protected":false},"author":1,"featured_media":7083,"comment_status":"closed","ping_status":"closed","sticky":false,"template":"","format":"standard","meta":{"footnotes":""},"categories":[97],"tags":[],"class_list":["post-7088","post","type-post","status-publish","format-standard","has-post-thumbnail","hentry","category-ayuntamiento-ca"],"yoast_head":"<!-- This site is optimized with the Yoast SEO plugin v24.4 - https:\/\/yoast.com\/wordpress\/plugins\/seo\/ -->\n<title>El primer ProAplec arriba a Portell el 4 de desembre - Portell de Morella<\/title>\n<meta name=\"robots\" content=\"noindex, follow, max-snippet:-1, max-image-preview:large, max-video-preview:-1\" \/>\n<meta property=\"og:locale\" content=\"ca_ES\" \/>\n<meta property=\"og:type\" content=\"article\" \/>\n<meta property=\"og:title\" content=\"El primer ProAplec arriba a Portell el 4 de desembre - Portell de Morella\" \/>\n<meta property=\"og:description\" content=\"El primer ProAplec llega a Portell el 4 de diciembre\" \/>\n<meta property=\"og:url\" content=\"https:\/\/portelldemorella.org\/ca\/el-primer-proaplec-llega-a-portell-el-4-de-diciembre\/\" \/>\n<meta property=\"og:site_name\" content=\"Portell de Morella\" \/>\n<meta property=\"article:published_time\" content=\"2021-11-09T12:15:49+00:00\" \/>\n<meta property=\"article:modified_time\" content=\"2023-06-09T09:40:04+00:00\" \/>\n<meta property=\"og:image\" content=\"https:\/\/portelldemorella.org\/wp-content\/uploads\/2021\/11\/Programacio-Aplec-1.jpeg\" \/>\n\t<meta property=\"og:image:width\" content=\"1080\" \/>\n\t<meta property=\"og:image:height\" content=\"1080\" \/>\n\t<meta property=\"og:image:type\" content=\"image\/jpeg\" \/>\n<meta name=\"author\" content=\"portell\" \/>\n<meta name=\"twitter:card\" content=\"summary_large_image\" \/>\n<meta name=\"twitter:label1\" content=\"Escrit per\" \/>\n\t<meta name=\"twitter:data1\" content=\"portell\" \/>\n\t<meta name=\"twitter:label2\" content=\"Temps estimat de lectura\" \/>\n\t<meta name=\"twitter:data2\" content=\"2 minuts\" \/>\n<script type=\"application\/ld+json\" class=\"yoast-schema-graph\">{\"@context\":\"https:\/\/schema.org\",\"@graph\":[{\"@type\":\"Article\",\"@id\":\"https:\/\/portelldemorella.org\/ca\/el-primer-proaplec-llega-a-portell-el-4-de-diciembre\/#article\",\"isPartOf\":{\"@id\":\"https:\/\/portelldemorella.org\/ca\/el-primer-proaplec-llega-a-portell-el-4-de-diciembre\/\"},\"author\":{\"name\":\"portell\",\"@id\":\"https:\/\/portelldemorella.org\/#\/schema\/person\/2adde77c454244acd163488ec723a88b\"},\"headline\":\"El primer ProAplec arriba a Portell el 4 de desembre\",\"datePublished\":\"2021-11-09T12:15:49+00:00\",\"dateModified\":\"2023-06-09T09:40:04+00:00\",\"mainEntityOfPage\":{\"@id\":\"https:\/\/portelldemorella.org\/ca\/el-primer-proaplec-llega-a-portell-el-4-de-diciembre\/\"},\"wordCount\":203,\"publisher\":{\"@id\":\"https:\/\/portelldemorella.org\/#organization\"},\"image\":{\"@id\":\"https:\/\/portelldemorella.org\/ca\/el-primer-proaplec-llega-a-portell-el-4-de-diciembre\/#primaryimage\"},\"thumbnailUrl\":\"https:\/\/portelldemorella.org\/wp-content\/uploads\/2021\/11\/Programacio-Aplec-1.jpeg\",\"articleSection\":[\"Ayuntamiento\"],\"inLanguage\":\"ca\"},{\"@type\":\"WebPage\",\"@id\":\"https:\/\/portelldemorella.org\/ca\/el-primer-proaplec-llega-a-portell-el-4-de-diciembre\/\",\"url\":\"https:\/\/portelldemorella.org\/ca\/el-primer-proaplec-llega-a-portell-el-4-de-diciembre\/\",\"name\":\"El primer ProAplec arriba a Portell el 4 de desembre - Portell de Morella\",\"isPartOf\":{\"@id\":\"https:\/\/portelldemorella.org\/#website\"},\"primaryImageOfPage\":{\"@id\":\"https:\/\/portelldemorella.org\/ca\/el-primer-proaplec-llega-a-portell-el-4-de-diciembre\/#primaryimage\"},\"image\":{\"@id\":\"https:\/\/portelldemorella.org\/ca\/el-primer-proaplec-llega-a-portell-el-4-de-diciembre\/#primaryimage\"},\"thumbnailUrl\":\"https:\/\/portelldemorella.org\/wp-content\/uploads\/2021\/11\/Programacio-Aplec-1.jpeg\",\"datePublished\":\"2021-11-09T12:15:49+00:00\",\"dateModified\":\"2023-06-09T09:40:04+00:00\",\"breadcrumb\":{\"@id\":\"https:\/\/portelldemorella.org\/ca\/el-primer-proaplec-llega-a-portell-el-4-de-diciembre\/#breadcrumb\"},\"inLanguage\":\"ca\",\"potentialAction\":[{\"@type\":\"ReadAction\",\"target\":[\"https:\/\/portelldemorella.org\/ca\/el-primer-proaplec-llega-a-portell-el-4-de-diciembre\/\"]}]},{\"@type\":\"ImageObject\",\"inLanguage\":\"ca\",\"@id\":\"https:\/\/portelldemorella.org\/ca\/el-primer-proaplec-llega-a-portell-el-4-de-diciembre\/#primaryimage\",\"url\":\"https:\/\/portelldemorella.org\/wp-content\/uploads\/2021\/11\/Programacio-Aplec-1.jpeg\",\"contentUrl\":\"https:\/\/portelldemorella.org\/wp-content\/uploads\/2021\/11\/Programacio-Aplec-1.jpeg\",\"width\":1080,\"height\":1080},{\"@type\":\"BreadcrumbList\",\"@id\":\"https:\/\/portelldemorella.org\/ca\/el-primer-proaplec-llega-a-portell-el-4-de-diciembre\/#breadcrumb\",\"itemListElement\":[{\"@type\":\"ListItem\",\"position\":1,\"name\":\"Portada\",\"item\":\"https:\/\/portelldemorella.org\/ca\/\"},{\"@type\":\"ListItem\",\"position\":2,\"name\":\"El primer ProAplec arriba a Portell el 4 de desembre\"}]},{\"@type\":\"WebSite\",\"@id\":\"https:\/\/portelldemorella.org\/#website\",\"url\":\"https:\/\/portelldemorella.org\/\",\"name\":\"Portell de Morella\",\"description\":\"Web del Ayuntamiento de Portell de Morella\",\"publisher\":{\"@id\":\"https:\/\/portelldemorella.org\/#organization\"},\"potentialAction\":[{\"@type\":\"SearchAction\",\"target\":{\"@type\":\"EntryPoint\",\"urlTemplate\":\"https:\/\/portelldemorella.org\/?s={search_term_string}\"},\"query-input\":{\"@type\":\"PropertyValueSpecification\",\"valueRequired\":true,\"valueName\":\"search_term_string\"}}],\"inLanguage\":\"ca\"},{\"@type\":\"Organization\",\"@id\":\"https:\/\/portelldemorella.org\/#organization\",\"name\":\"Portell de Morella\",\"url\":\"https:\/\/portelldemorella.org\/\",\"logo\":{\"@type\":\"ImageObject\",\"inLanguage\":\"ca\",\"@id\":\"https:\/\/portelldemorella.org\/#\/schema\/logo\/image\/\",\"url\":\"https:\/\/portelldemorella.org\/wp-content\/uploads\/2020\/11\/Escudo-Portell-04.jpg\",\"contentUrl\":\"https:\/\/portelldemorella.org\/wp-content\/uploads\/2020\/11\/Escudo-Portell-04.jpg\",\"width\":1001,\"height\":394,\"caption\":\"Portell de Morella\"},\"image\":{\"@id\":\"https:\/\/portelldemorella.org\/#\/schema\/logo\/image\/\"}},{\"@type\":\"Person\",\"@id\":\"https:\/\/portelldemorella.org\/#\/schema\/person\/2adde77c454244acd163488ec723a88b\",\"name\":\"portell\",\"image\":{\"@type\":\"ImageObject\",\"inLanguage\":\"ca\",\"@id\":\"https:\/\/portelldemorella.org\/#\/schema\/person\/image\/\",\"url\":\"https:\/\/secure.gravatar.com\/avatar\/077c6bd89604df620d2fa93a06be2531944cdd6826fd322dbd8b483fd84d6407?s=96&d=mm&r=g\",\"contentUrl\":\"https:\/\/secure.gravatar.com\/avatar\/077c6bd89604df620d2fa93a06be2531944cdd6826fd322dbd8b483fd84d6407?s=96&d=mm&r=g\",\"caption\":\"portell\"},\"sameAs\":[\"https:\/\/portelldemorella.org\"],\"url\":\"https:\/\/portelldemorella.org\/ca\/author\/portell\/\"}]}<\/script>\n<!-- \/ Yoast SEO plugin. -->","yoast_head_json":{"title":"El primer ProAplec arriba a Portell el 4 de desembre - Portell de Morella","robots":{"index":"noindex","follow":"follow","max-snippet":"max-snippet:-1","max-image-preview":"max-image-preview:large","max-video-preview":"max-video-preview:-1"},"og_locale":"ca_ES","og_type":"article","og_title":"El primer ProAplec arriba a Portell el 4 de desembre - Portell de Morella","og_description":"El primer ProAplec llega a Portell el 4 de diciembre","og_url":"https:\/\/portelldemorella.org\/ca\/el-primer-proaplec-llega-a-portell-el-4-de-diciembre\/","og_site_name":"Portell de Morella","article_published_time":"2021-11-09T12:15:49+00:00","article_modified_time":"2023-06-09T09:40:04+00:00","og_image":[{"width":1080,"height":1080,"url":"https:\/\/portelldemorella.org\/wp-content\/uploads\/2021\/11\/Programacio-Aplec-1.jpeg","type":"image\/jpeg"}],"author":"portell","twitter_card":"summary_large_image","twitter_misc":{"Escrit per":"portell","Temps estimat de lectura":"2 minuts"},"schema":{"@context":"https:\/\/schema.org","@graph":[{"@type":"Article","@id":"https:\/\/portelldemorella.org\/ca\/el-primer-proaplec-llega-a-portell-el-4-de-diciembre\/#article","isPartOf":{"@id":"https:\/\/portelldemorella.org\/ca\/el-primer-proaplec-llega-a-portell-el-4-de-diciembre\/"},"author":{"name":"portell","@id":"https:\/\/portelldemorella.org\/#\/schema\/person\/2adde77c454244acd163488ec723a88b"},"headline":"El primer ProAplec arriba a Portell el 4 de desembre","datePublished":"2021-11-09T12:15:49+00:00","dateModified":"2023-06-09T09:40:04+00:00","mainEntityOfPage":{"@id":"https:\/\/portelldemorella.org\/ca\/el-primer-proaplec-llega-a-portell-el-4-de-diciembre\/"},"wordCount":203,"publisher":{"@id":"https:\/\/portelldemorella.org\/#organization"},"image":{"@id":"https:\/\/portelldemorella.org\/ca\/el-primer-proaplec-llega-a-portell-el-4-de-diciembre\/#primaryimage"},"thumbnailUrl":"https:\/\/portelldemorella.org\/wp-content\/uploads\/2021\/11\/Programacio-Aplec-1.jpeg","articleSection":["Ayuntamiento"],"inLanguage":"ca"},{"@type":"WebPage","@id":"https:\/\/portelldemorella.org\/ca\/el-primer-proaplec-llega-a-portell-el-4-de-diciembre\/","url":"https:\/\/portelldemorella.org\/ca\/el-primer-proaplec-llega-a-portell-el-4-de-diciembre\/","name":"El primer ProAplec arriba a Portell el 4 de desembre - Portell de Morella","isPartOf":{"@id":"https:\/\/portelldemorella.org\/#website"},"primaryImageOfPage":{"@id":"https:\/\/portelldemorella.org\/ca\/el-primer-proaplec-llega-a-portell-el-4-de-diciembre\/#primaryimage"},"image":{"@id":"https:\/\/portelldemorella.org\/ca\/el-primer-proaplec-llega-a-portell-el-4-de-diciembre\/#primaryimage"},"thumbnailUrl":"https:\/\/portelldemorella.org\/wp-content\/uploads\/2021\/11\/Programacio-Aplec-1.jpeg","datePublished":"2021-11-09T12:15:49+00:00","dateModified":"2023-06-09T09:40:04+00:00","breadcrumb":{"@id":"https:\/\/portelldemorella.org\/ca\/el-primer-proaplec-llega-a-portell-el-4-de-diciembre\/#breadcrumb"},"inLanguage":"ca","potentialAction":[{"@type":"ReadAction","target":["https:\/\/portelldemorella.org\/ca\/el-primer-proaplec-llega-a-portell-el-4-de-diciembre\/"]}]},{"@type":"ImageObject","inLanguage":"ca","@id":"https:\/\/portelldemorella.org\/ca\/el-primer-proaplec-llega-a-portell-el-4-de-diciembre\/#primaryimage","url":"https:\/\/portelldemorella.org\/wp-content\/uploads\/2021\/11\/Programacio-Aplec-1.jpeg","contentUrl":"https:\/\/portelldemorella.org\/wp-content\/uploads\/2021\/11\/Programacio-Aplec-1.jpeg","width":1080,"height":1080},{"@type":"BreadcrumbList","@id":"https:\/\/portelldemorella.org\/ca\/el-primer-proaplec-llega-a-portell-el-4-de-diciembre\/#breadcrumb","itemListElement":[{"@type":"ListItem","position":1,"name":"Portada","item":"https:\/\/portelldemorella.org\/ca\/"},{"@type":"ListItem","position":2,"name":"El primer ProAplec arriba a Portell el 4 de desembre"}]},{"@type":"WebSite","@id":"https:\/\/portelldemorella.org\/#website","url":"https:\/\/portelldemorella.org\/","name":"Portell de Morella","description":"Web del Ayuntamiento de Portell de Morella","publisher":{"@id":"https:\/\/portelldemorella.org\/#organization"},"potentialAction":[{"@type":"SearchAction","target":{"@type":"EntryPoint","urlTemplate":"https:\/\/portelldemorella.org\/?s={search_term_string}"},"query-input":{"@type":"PropertyValueSpecification","valueRequired":true,"valueName":"search_term_string"}}],"inLanguage":"ca"},{"@type":"Organization","@id":"https:\/\/portelldemorella.org\/#organization","name":"Portell de Morella","url":"https:\/\/portelldemorella.org\/","logo":{"@type":"ImageObject","inLanguage":"ca","@id":"https:\/\/portelldemorella.org\/#\/schema\/logo\/image\/","url":"https:\/\/portelldemorella.org\/wp-content\/uploads\/2020\/11\/Escudo-Portell-04.jpg","contentUrl":"https:\/\/portelldemorella.org\/wp-content\/uploads\/2020\/11\/Escudo-Portell-04.jpg","width":1001,"height":394,"caption":"Portell de Morella"},"image":{"@id":"https:\/\/portelldemorella.org\/#\/schema\/logo\/image\/"}},{"@type":"Person","@id":"https:\/\/portelldemorella.org\/#\/schema\/person\/2adde77c454244acd163488ec723a88b","name":"portell","image":{"@type":"ImageObject","inLanguage":"ca","@id":"https:\/\/portelldemorella.org\/#\/schema\/person\/image\/","url":"https:\/\/secure.gravatar.com\/avatar\/077c6bd89604df620d2fa93a06be2531944cdd6826fd322dbd8b483fd84d6407?s=96&d=mm&r=g","contentUrl":"https:\/\/secure.gravatar.com\/avatar\/077c6bd89604df620d2fa93a06be2531944cdd6826fd322dbd8b483fd84d6407?s=96&d=mm&r=g","caption":"portell"},"sameAs":["https:\/\/portelldemorella.org"],"url":"https:\/\/portelldemorella.org\/ca\/author\/portell\/"}]}},"_links":{"self":[{"href":"https:\/\/portelldemorella.org\/ca\/wp-json\/wp\/v2\/posts\/7088","targetHints":{"allow":["GET"]}}],"collection":[{"href":"https:\/\/portelldemorella.org\/ca\/wp-json\/wp\/v2\/posts"}],"about":[{"href":"https:\/\/portelldemorella.org\/ca\/wp-json\/wp\/v2\/types\/post"}],"author":[{"embeddable":true,"href":"https:\/\/portelldemorella.org\/ca\/wp-json\/wp\/v2\/users\/1"}],"replies":[{"embeddable":true,"href":"https:\/\/portelldemorella.org\/ca\/wp-json\/wp\/v2\/comments?post=7088"}],"version-history":[{"count":4,"href":"https:\/\/portelldemorella.org\/ca\/wp-json\/wp\/v2\/posts\/7088\/revisions"}],"predecessor-version":[{"id":7701,"href":"https:\/\/portelldemorella.org\/ca\/wp-json\/wp\/v2\/posts\/7088\/revisions\/7701"}],"wp:featuredmedia":[{"embeddable":true,"href":"https:\/\/portelldemorella.org\/ca\/wp-json\/wp\/v2\/media\/7083"}],"wp:attachment":[{"href":"https:\/\/portelldemorella.org\/ca\/wp-json\/wp\/v2\/media?parent=7088"}],"wp:term":[{"taxonomy":"category","embeddable":true,"href":"https:\/\/portelldemorella.org\/ca\/wp-json\/wp\/v2\/categories?post=7088"},{"taxonomy":"post_tag","embeddable":true,"href":"https:\/\/portelldemorella.org\/ca\/wp-json\/wp\/v2\/tags?post=7088"}],"curies":[{"name":"wp","href":"https:\/\/api.w.org\/{rel}","templated":true}]}}