{"id":7128,"date":"2021-11-23T10:55:58","date_gmt":"2021-11-23T10:55:58","guid":{"rendered":"https:\/\/portelldemorella.org\/?p=7128"},"modified":"2022-09-29T10:54:28","modified_gmt":"2022-09-29T10:54:28","slug":"portell-comenca-les-obres-del-local-dels-jubilats","status":"publish","type":"post","link":"https:\/\/portelldemorella.org\/ca\/portell-comenca-les-obres-del-local-dels-jubilats\/","title":{"rendered":"Portell comen\u00e7a les obres del local dels jubilats"},"content":{"rendered":"\n<p>El local dels jubilats de Portell, en complir amb els Objectius de Desenvolupament Sostenible (ODS), va rebre un ajut de l\u2019\u00c0rea de Benestar Social de la Diputaci\u00f3 de Castell\u00f3 per a realitzar millores relacionades amb aquest \u00e0mbit.<\/p>\n\n\n\n<p>Gr\u00e0cies a aquesta subvenci\u00f3, s\u2019estan canviant les portes per unes m\u00e9s amples i tamb\u00e9 s\u2019est\u00e0 ampliant la rampa que dona acc\u00e9s als lavabos. \u201cL\u2019objectiu \u00e9s que el local siga accessible per a totes les persones\u201d detalla \u00c1lvaro Ferrer, alcalde de la localitat.&nbsp;<\/p>\n\n\n\n<p>L\u2019Ajuntament de Portell agraeix p\u00fablicament la visita rebuda per Patricia Puerta, presidenta de l\u2019\u00c0rea de Benestar, a l\u2019agost i l\u2019obtenci\u00f3 de l\u2019ajuda que\u00a0 permetr\u00e0 la millora i adequaci\u00f3 d\u2019un espai p\u00fablic del municipi per a l\u2019\u00fas i gaudi dels\u00a0 habitants m\u00e9s majors de la localitat.<\/p>\n\n\n\n<div class=\"wp-block-columns is-layout-flex wp-container-core-columns-is-layout-9d6595d7 wp-block-columns-is-layout-flex\">\n<div class=\"wp-block-column is-layout-flow wp-block-column-is-layout-flow\">\n<figure class=\"wp-block-image size-large\"><img fetchpriority=\"high\" decoding=\"async\" width=\"1024\" height=\"576\" src=\"https:\/\/portelldemorella.org\/wp-content\/uploads\/2021\/11\/Obres-Portell-1-1024x576.jpeg\" alt=\"\" class=\"wp-image-7129\" srcset=\"https:\/\/portelldemorella.org\/wp-content\/uploads\/2021\/11\/Obres-Portell-1-1024x576.jpeg 1024w, https:\/\/portelldemorella.org\/wp-content\/uploads\/2021\/11\/Obres-Portell-1-300x169.jpeg 300w, https:\/\/portelldemorella.org\/wp-content\/uploads\/2021\/11\/Obres-Portell-1-768x432.jpeg 768w, https:\/\/portelldemorella.org\/wp-content\/uploads\/2021\/11\/Obres-Portell-1-600x338.jpeg 600w, https:\/\/portelldemorella.org\/wp-content\/uploads\/2021\/11\/Obres-Portell-1-560x315.jpeg 560w, https:\/\/portelldemorella.org\/wp-content\/uploads\/2021\/11\/Obres-Portell-1.jpeg 1440w\" sizes=\"(max-width: 1024px) 100vw, 1024px\" \/><\/figure>\n<\/div>\n\n\n\n<div class=\"wp-block-column is-layout-flow wp-block-column-is-layout-flow\">\n<figure class=\"wp-block-image size-large\"><img decoding=\"async\" width=\"1024\" height=\"576\" src=\"https:\/\/portelldemorella.org\/wp-content\/uploads\/2021\/11\/WhatsApp-Image-2021-11-23-at-11.32.58-1-1024x576.jpeg\" alt=\"\" class=\"wp-image-7131\" srcset=\"https:\/\/portelldemorella.org\/wp-content\/uploads\/2021\/11\/WhatsApp-Image-2021-11-23-at-11.32.58-1-1024x576.jpeg 1024w, https:\/\/portelldemorella.org\/wp-content\/uploads\/2021\/11\/WhatsApp-Image-2021-11-23-at-11.32.58-1-300x169.jpeg 300w, https:\/\/portelldemorella.org\/wp-content\/uploads\/2021\/11\/WhatsApp-Image-2021-11-23-at-11.32.58-1-768x432.jpeg 768w, https:\/\/portelldemorella.org\/wp-content\/uploads\/2021\/11\/WhatsApp-Image-2021-11-23-at-11.32.58-1-1536x864.jpeg 1536w, https:\/\/portelldemorella.org\/wp-content\/uploads\/2021\/11\/WhatsApp-Image-2021-11-23-at-11.32.58-1-600x338.jpeg 600w, https:\/\/portelldemorella.org\/wp-content\/uploads\/2021\/11\/WhatsApp-Image-2021-11-23-at-11.32.58-1-560x315.jpeg 560w, https:\/\/portelldemorella.org\/wp-content\/uploads\/2021\/11\/WhatsApp-Image-2021-11-23-at-11.32.58-1.jpeg 1600w\" sizes=\"(max-width: 1024px) 100vw, 1024px\" \/><\/figure>\n<\/div>\n<\/div>\n","protected":false},"excerpt":{"rendered":"<p>Portell comen\u00e7a les obres del local dels jubilats.<\/p>\n","protected":false},"author":1,"featured_media":7124,"comment_status":"closed","ping_status":"closed","sticky":false,"template":"","format":"standard","meta":{"footnotes":""},"categories":[97],"tags":[],"class_list":["post-7128","post","type-post","status-publish","format-standard","has-post-thumbnail","hentry","category-ayuntamiento-ca"],"yoast_head":"<!-- This site is optimized with the Yoast SEO plugin v24.4 - https:\/\/yoast.com\/wordpress\/plugins\/seo\/ -->\n<title>Portell comen\u00e7a les obres del local dels jubilats - Portell de Morella<\/title>\n<meta name=\"robots\" content=\"noindex, follow, max-snippet:-1, max-image-preview:large, max-video-preview:-1\" \/>\n<meta property=\"og:locale\" content=\"ca_ES\" \/>\n<meta property=\"og:type\" content=\"article\" \/>\n<meta property=\"og:title\" content=\"Portell comen\u00e7a les obres del local dels jubilats - Portell de Morella\" \/>\n<meta property=\"og:description\" content=\"Portell comen\u00e7a les obres del local dels jubilats.\" \/>\n<meta property=\"og:url\" content=\"https:\/\/portelldemorella.org\/ca\/portell-comenca-les-obres-del-local-dels-jubilats\/\" \/>\n<meta property=\"og:site_name\" content=\"Portell de Morella\" \/>\n<meta property=\"article:published_time\" content=\"2021-11-23T10:55:58+00:00\" \/>\n<meta property=\"article:modified_time\" content=\"2022-09-29T10:54:28+00:00\" \/>\n<meta property=\"og:image\" content=\"https:\/\/portelldemorella.org\/wp-content\/uploads\/2021\/11\/Obres-Portell.jpeg\" \/>\n\t<meta property=\"og:image:width\" content=\"1440\" \/>\n\t<meta property=\"og:image:height\" content=\"810\" \/>\n\t<meta property=\"og:image:type\" content=\"image\/jpeg\" \/>\n<meta name=\"author\" content=\"portell\" \/>\n<meta name=\"twitter:card\" content=\"summary_large_image\" \/>\n<meta name=\"twitter:label1\" content=\"Escrit per\" \/>\n\t<meta name=\"twitter:data1\" content=\"portell\" \/>\n\t<meta name=\"twitter:label2\" content=\"Temps estimat de lectura\" \/>\n\t<meta name=\"twitter:data2\" content=\"1 minut\" \/>\n<script type=\"application\/ld+json\" class=\"yoast-schema-graph\">{\"@context\":\"https:\/\/schema.org\",\"@graph\":[{\"@type\":\"Article\",\"@id\":\"https:\/\/portelldemorella.org\/ca\/portell-comenca-les-obres-del-local-dels-jubilats\/#article\",\"isPartOf\":{\"@id\":\"https:\/\/portelldemorella.org\/ca\/portell-comenca-les-obres-del-local-dels-jubilats\/\"},\"author\":{\"name\":\"portell\",\"@id\":\"https:\/\/portelldemorella.org\/#\/schema\/person\/2adde77c454244acd163488ec723a88b\"},\"headline\":\"Portell comen\u00e7a les obres del local dels jubilats\",\"datePublished\":\"2021-11-23T10:55:58+00:00\",\"dateModified\":\"2022-09-29T10:54:28+00:00\",\"mainEntityOfPage\":{\"@id\":\"https:\/\/portelldemorella.org\/ca\/portell-comenca-les-obres-del-local-dels-jubilats\/\"},\"wordCount\":151,\"publisher\":{\"@id\":\"https:\/\/portelldemorella.org\/#organization\"},\"image\":{\"@id\":\"https:\/\/portelldemorella.org\/ca\/portell-comenca-les-obres-del-local-dels-jubilats\/#primaryimage\"},\"thumbnailUrl\":\"https:\/\/portelldemorella.org\/wp-content\/uploads\/2021\/11\/Obres-Portell.jpeg\",\"articleSection\":[\"Ayuntamiento\"],\"inLanguage\":\"ca\"},{\"@type\":\"WebPage\",\"@id\":\"https:\/\/portelldemorella.org\/ca\/portell-comenca-les-obres-del-local-dels-jubilats\/\",\"url\":\"https:\/\/portelldemorella.org\/ca\/portell-comenca-les-obres-del-local-dels-jubilats\/\",\"name\":\"Portell comen\u00e7a les obres del local dels jubilats - Portell de Morella\",\"isPartOf\":{\"@id\":\"https:\/\/portelldemorella.org\/#website\"},\"primaryImageOfPage\":{\"@id\":\"https:\/\/portelldemorella.org\/ca\/portell-comenca-les-obres-del-local-dels-jubilats\/#primaryimage\"},\"image\":{\"@id\":\"https:\/\/portelldemorella.org\/ca\/portell-comenca-les-obres-del-local-dels-jubilats\/#primaryimage\"},\"thumbnailUrl\":\"https:\/\/portelldemorella.org\/wp-content\/uploads\/2021\/11\/Obres-Portell.jpeg\",\"datePublished\":\"2021-11-23T10:55:58+00:00\",\"dateModified\":\"2022-09-29T10:54:28+00:00\",\"breadcrumb\":{\"@id\":\"https:\/\/portelldemorella.org\/ca\/portell-comenca-les-obres-del-local-dels-jubilats\/#breadcrumb\"},\"inLanguage\":\"ca\",\"potentialAction\":[{\"@type\":\"ReadAction\",\"target\":[\"https:\/\/portelldemorella.org\/ca\/portell-comenca-les-obres-del-local-dels-jubilats\/\"]}]},{\"@type\":\"ImageObject\",\"inLanguage\":\"ca\",\"@id\":\"https:\/\/portelldemorella.org\/ca\/portell-comenca-les-obres-del-local-dels-jubilats\/#primaryimage\",\"url\":\"https:\/\/portelldemorella.org\/wp-content\/uploads\/2021\/11\/Obres-Portell.jpeg\",\"contentUrl\":\"https:\/\/portelldemorella.org\/wp-content\/uploads\/2021\/11\/Obres-Portell.jpeg\",\"width\":1440,\"height\":810},{\"@type\":\"BreadcrumbList\",\"@id\":\"https:\/\/portelldemorella.org\/ca\/portell-comenca-les-obres-del-local-dels-jubilats\/#breadcrumb\",\"itemListElement\":[{\"@type\":\"ListItem\",\"position\":1,\"name\":\"Portada\",\"item\":\"https:\/\/portelldemorella.org\/ca\/\"},{\"@type\":\"ListItem\",\"position\":2,\"name\":\"Portell comen\u00e7a les obres del local dels jubilats\"}]},{\"@type\":\"WebSite\",\"@id\":\"https:\/\/portelldemorella.org\/#website\",\"url\":\"https:\/\/portelldemorella.org\/\",\"name\":\"Portell de Morella\",\"description\":\"Web del Ayuntamiento de Portell de Morella\",\"publisher\":{\"@id\":\"https:\/\/portelldemorella.org\/#organization\"},\"potentialAction\":[{\"@type\":\"SearchAction\",\"target\":{\"@type\":\"EntryPoint\",\"urlTemplate\":\"https:\/\/portelldemorella.org\/?s={search_term_string}\"},\"query-input\":{\"@type\":\"PropertyValueSpecification\",\"valueRequired\":true,\"valueName\":\"search_term_string\"}}],\"inLanguage\":\"ca\"},{\"@type\":\"Organization\",\"@id\":\"https:\/\/portelldemorella.org\/#organization\",\"name\":\"Portell de Morella\",\"url\":\"https:\/\/portelldemorella.org\/\",\"logo\":{\"@type\":\"ImageObject\",\"inLanguage\":\"ca\",\"@id\":\"https:\/\/portelldemorella.org\/#\/schema\/logo\/image\/\",\"url\":\"https:\/\/portelldemorella.org\/wp-content\/uploads\/2020\/11\/Escudo-Portell-04.jpg\",\"contentUrl\":\"https:\/\/portelldemorella.org\/wp-content\/uploads\/2020\/11\/Escudo-Portell-04.jpg\",\"width\":1001,\"height\":394,\"caption\":\"Portell de Morella\"},\"image\":{\"@id\":\"https:\/\/portelldemorella.org\/#\/schema\/logo\/image\/\"}},{\"@type\":\"Person\",\"@id\":\"https:\/\/portelldemorella.org\/#\/schema\/person\/2adde77c454244acd163488ec723a88b\",\"name\":\"portell\",\"image\":{\"@type\":\"ImageObject\",\"inLanguage\":\"ca\",\"@id\":\"https:\/\/portelldemorella.org\/#\/schema\/person\/image\/\",\"url\":\"https:\/\/secure.gravatar.com\/avatar\/077c6bd89604df620d2fa93a06be2531944cdd6826fd322dbd8b483fd84d6407?s=96&d=mm&r=g\",\"contentUrl\":\"https:\/\/secure.gravatar.com\/avatar\/077c6bd89604df620d2fa93a06be2531944cdd6826fd322dbd8b483fd84d6407?s=96&d=mm&r=g\",\"caption\":\"portell\"},\"sameAs\":[\"https:\/\/portelldemorella.org\"],\"url\":\"https:\/\/portelldemorella.org\/ca\/author\/portell\/\"}]}<\/script>\n<!-- \/ Yoast SEO plugin. -->","yoast_head_json":{"title":"Portell comen\u00e7a les obres del local dels jubilats - Portell de Morella","robots":{"index":"noindex","follow":"follow","max-snippet":"max-snippet:-1","max-image-preview":"max-image-preview:large","max-video-preview":"max-video-preview:-1"},"og_locale":"ca_ES","og_type":"article","og_title":"Portell comen\u00e7a les obres del local dels jubilats - Portell de Morella","og_description":"Portell comen\u00e7a les obres del local dels jubilats.","og_url":"https:\/\/portelldemorella.org\/ca\/portell-comenca-les-obres-del-local-dels-jubilats\/","og_site_name":"Portell de Morella","article_published_time":"2021-11-23T10:55:58+00:00","article_modified_time":"2022-09-29T10:54:28+00:00","og_image":[{"width":1440,"height":810,"url":"https:\/\/portelldemorella.org\/wp-content\/uploads\/2021\/11\/Obres-Portell.jpeg","type":"image\/jpeg"}],"author":"portell","twitter_card":"summary_large_image","twitter_misc":{"Escrit per":"portell","Temps estimat de lectura":"1 minut"},"schema":{"@context":"https:\/\/schema.org","@graph":[{"@type":"Article","@id":"https:\/\/portelldemorella.org\/ca\/portell-comenca-les-obres-del-local-dels-jubilats\/#article","isPartOf":{"@id":"https:\/\/portelldemorella.org\/ca\/portell-comenca-les-obres-del-local-dels-jubilats\/"},"author":{"name":"portell","@id":"https:\/\/portelldemorella.org\/#\/schema\/person\/2adde77c454244acd163488ec723a88b"},"headline":"Portell comen\u00e7a les obres del local dels jubilats","datePublished":"2021-11-23T10:55:58+00:00","dateModified":"2022-09-29T10:54:28+00:00","mainEntityOfPage":{"@id":"https:\/\/portelldemorella.org\/ca\/portell-comenca-les-obres-del-local-dels-jubilats\/"},"wordCount":151,"publisher":{"@id":"https:\/\/portelldemorella.org\/#organization"},"image":{"@id":"https:\/\/portelldemorella.org\/ca\/portell-comenca-les-obres-del-local-dels-jubilats\/#primaryimage"},"thumbnailUrl":"https:\/\/portelldemorella.org\/wp-content\/uploads\/2021\/11\/Obres-Portell.jpeg","articleSection":["Ayuntamiento"],"inLanguage":"ca"},{"@type":"WebPage","@id":"https:\/\/portelldemorella.org\/ca\/portell-comenca-les-obres-del-local-dels-jubilats\/","url":"https:\/\/portelldemorella.org\/ca\/portell-comenca-les-obres-del-local-dels-jubilats\/","name":"Portell comen\u00e7a les obres del local dels jubilats - Portell de Morella","isPartOf":{"@id":"https:\/\/portelldemorella.org\/#website"},"primaryImageOfPage":{"@id":"https:\/\/portelldemorella.org\/ca\/portell-comenca-les-obres-del-local-dels-jubilats\/#primaryimage"},"image":{"@id":"https:\/\/portelldemorella.org\/ca\/portell-comenca-les-obres-del-local-dels-jubilats\/#primaryimage"},"thumbnailUrl":"https:\/\/portelldemorella.org\/wp-content\/uploads\/2021\/11\/Obres-Portell.jpeg","datePublished":"2021-11-23T10:55:58+00:00","dateModified":"2022-09-29T10:54:28+00:00","breadcrumb":{"@id":"https:\/\/portelldemorella.org\/ca\/portell-comenca-les-obres-del-local-dels-jubilats\/#breadcrumb"},"inLanguage":"ca","potentialAction":[{"@type":"ReadAction","target":["https:\/\/portelldemorella.org\/ca\/portell-comenca-les-obres-del-local-dels-jubilats\/"]}]},{"@type":"ImageObject","inLanguage":"ca","@id":"https:\/\/portelldemorella.org\/ca\/portell-comenca-les-obres-del-local-dels-jubilats\/#primaryimage","url":"https:\/\/portelldemorella.org\/wp-content\/uploads\/2021\/11\/Obres-Portell.jpeg","contentUrl":"https:\/\/portelldemorella.org\/wp-content\/uploads\/2021\/11\/Obres-Portell.jpeg","width":1440,"height":810},{"@type":"BreadcrumbList","@id":"https:\/\/portelldemorella.org\/ca\/portell-comenca-les-obres-del-local-dels-jubilats\/#breadcrumb","itemListElement":[{"@type":"ListItem","position":1,"name":"Portada","item":"https:\/\/portelldemorella.org\/ca\/"},{"@type":"ListItem","position":2,"name":"Portell comen\u00e7a les obres del local dels jubilats"}]},{"@type":"WebSite","@id":"https:\/\/portelldemorella.org\/#website","url":"https:\/\/portelldemorella.org\/","name":"Portell de Morella","description":"Web del Ayuntamiento de Portell de Morella","publisher":{"@id":"https:\/\/portelldemorella.org\/#organization"},"potentialAction":[{"@type":"SearchAction","target":{"@type":"EntryPoint","urlTemplate":"https:\/\/portelldemorella.org\/?s={search_term_string}"},"query-input":{"@type":"PropertyValueSpecification","valueRequired":true,"valueName":"search_term_string"}}],"inLanguage":"ca"},{"@type":"Organization","@id":"https:\/\/portelldemorella.org\/#organization","name":"Portell de Morella","url":"https:\/\/portelldemorella.org\/","logo":{"@type":"ImageObject","inLanguage":"ca","@id":"https:\/\/portelldemorella.org\/#\/schema\/logo\/image\/","url":"https:\/\/portelldemorella.org\/wp-content\/uploads\/2020\/11\/Escudo-Portell-04.jpg","contentUrl":"https:\/\/portelldemorella.org\/wp-content\/uploads\/2020\/11\/Escudo-Portell-04.jpg","width":1001,"height":394,"caption":"Portell de Morella"},"image":{"@id":"https:\/\/portelldemorella.org\/#\/schema\/logo\/image\/"}},{"@type":"Person","@id":"https:\/\/portelldemorella.org\/#\/schema\/person\/2adde77c454244acd163488ec723a88b","name":"portell","image":{"@type":"ImageObject","inLanguage":"ca","@id":"https:\/\/portelldemorella.org\/#\/schema\/person\/image\/","url":"https:\/\/secure.gravatar.com\/avatar\/077c6bd89604df620d2fa93a06be2531944cdd6826fd322dbd8b483fd84d6407?s=96&d=mm&r=g","contentUrl":"https:\/\/secure.gravatar.com\/avatar\/077c6bd89604df620d2fa93a06be2531944cdd6826fd322dbd8b483fd84d6407?s=96&d=mm&r=g","caption":"portell"},"sameAs":["https:\/\/portelldemorella.org"],"url":"https:\/\/portelldemorella.org\/ca\/author\/portell\/"}]}},"_links":{"self":[{"href":"https:\/\/portelldemorella.org\/ca\/wp-json\/wp\/v2\/posts\/7128","targetHints":{"allow":["GET"]}}],"collection":[{"href":"https:\/\/portelldemorella.org\/ca\/wp-json\/wp\/v2\/posts"}],"about":[{"href":"https:\/\/portelldemorella.org\/ca\/wp-json\/wp\/v2\/types\/post"}],"author":[{"embeddable":true,"href":"https:\/\/portelldemorella.org\/ca\/wp-json\/wp\/v2\/users\/1"}],"replies":[{"embeddable":true,"href":"https:\/\/portelldemorella.org\/ca\/wp-json\/wp\/v2\/comments?post=7128"}],"version-history":[{"count":1,"href":"https:\/\/portelldemorella.org\/ca\/wp-json\/wp\/v2\/posts\/7128\/revisions"}],"predecessor-version":[{"id":7133,"href":"https:\/\/portelldemorella.org\/ca\/wp-json\/wp\/v2\/posts\/7128\/revisions\/7133"}],"wp:featuredmedia":[{"embeddable":true,"href":"https:\/\/portelldemorella.org\/ca\/wp-json\/wp\/v2\/media\/7124"}],"wp:attachment":[{"href":"https:\/\/portelldemorella.org\/ca\/wp-json\/wp\/v2\/media?parent=7128"}],"wp:term":[{"taxonomy":"category","embeddable":true,"href":"https:\/\/portelldemorella.org\/ca\/wp-json\/wp\/v2\/categories?post=7128"},{"taxonomy":"post_tag","embeddable":true,"href":"https:\/\/portelldemorella.org\/ca\/wp-json\/wp\/v2\/tags?post=7128"}],"curies":[{"name":"wp","href":"https:\/\/api.w.org\/{rel}","templated":true}]}}