{"id":7142,"date":"2021-12-03T12:47:12","date_gmt":"2021-12-03T12:47:12","guid":{"rendered":"https:\/\/portelldemorella.org\/?p=7142"},"modified":"2022-09-29T10:54:24","modified_gmt":"2022-09-29T10:54:24","slug":"lajuntament-de-portell-impulsa-un-pla-director-per-al-castell-i-les-muralles","status":"publish","type":"post","link":"https:\/\/portelldemorella.org\/ca\/lajuntament-de-portell-impulsa-un-pla-director-per-al-castell-i-les-muralles\/","title":{"rendered":"L&#8217;Ajuntament de Portell impulsa un Pla Director per al castell i les muralles"},"content":{"rendered":"\n<p><em>-El document determinar\u00e0 les accions de conservaci\u00f3 i protecci\u00f3 de la fortalesa<\/em><\/p>\n\n\n\n<p>L&#8217;Ajuntament de Portell ha iniciat el proc\u00e9s que determinar\u00e0 com ha de ser la conservaci\u00f3 del seu castell i el seu recinte emmurallat. L&#8217;alcalde de Portell, \u00c1lvaro Ferrer, ha indicat que \u201cs&#8217;ha iniciat la redacci\u00f3 d&#8217;un Pla Director que determinar\u00e0 la conservaci\u00f3 i protecci\u00f3 d&#8217;aquest singular patrimoni conformat per l&#8217;antic castell, el recinte emmurallat i una singular pla\u00e7a d&#8217;armes\u201d.<\/p>\n\n\n\n<p>El Castell de Portell est\u00e0 declarat B\u00e9 d&#8217;Inter\u00e9s Cultural, declaraci\u00f3 reservada per als b\u00e9ns m\u00e9s rellevants del Patrimoni Hist\u00f2ric Espanyol.<\/p>\n\n\n\n<p>El Pla Director, redactat pels arquitectes Antonio Garc\u00eda Blay i Jos\u00e9 Antonio Ruiz Sua\u00f1a i els arque\u00f2legs Pablo Garc\u00eda Borja i Joan Enric Palmer Broch, t\u00e9 com a objectiu aconseguir un major i millor coneixement del B\u00e9, per a organitzar, prioritzar i orientar les mesures de protecci\u00f3, documentaci\u00f3 i actuaci\u00f3 sobre els elements que formen el castell.<\/p>\n\n\n\n<p>\u201cEls objectius del Pla Director s\u00f3n: estudiar el monument des del seu origen, evoluci\u00f3 i desenvolupament amb el pas del temps, evidenciar la seua situaci\u00f3 actual, estat de conservaci\u00f3, manteniment i gesti\u00f3, definir els criteris d&#8217;actuaci\u00f3, intervenci\u00f3 i oportunitat aplicables tant en les actuacions immediates com en aquelles intervencions que es donen en el futur, establir la l\u00ednia temporal i planificaci\u00f3 d&#8217;actuacions de conservaci\u00f3 i consolidaci\u00f3 i establir un sistema d&#8217;\u00fas, gesti\u00f3, difusi\u00f3 i manteniment del B\u00e9 patrimonial\u201d explica Garc\u00eda Blay.<\/p>\n\n\n\n<p>Les actuacions programades tenen una duraci\u00f3 estimada de 5 anys des del seu inici, estant prevista la seua realitzaci\u00f3 per fases en funci\u00f3 de la disponibilitat pressupost\u00e0ria.<\/p>\n\n\n\n<p>Entre les principals actuacions previstes es troba l&#8217;adquisici\u00f3 i restauraci\u00f3 d&#8217;una de les torres, la conversi\u00f3 de l&#8217;antiga Casa Abadia com a allotjament tur\u00edstic i la continuaci\u00f3 dels treballs d&#8217;excavaci\u00f3 al Corro, aix\u00ed com l&#8217;adequaci\u00f3 de les graderies. El document tamb\u00e9 inclou la restauraci\u00f3 de les denominades torres 3 i 4, l&#8217;habilitaci\u00f3 de zones de descans al costat de la torre 2, torre 6 i zona esportiva, aix\u00ed com l&#8217;habilitaci\u00f3 d&#8217;una oficina d&#8217;informaci\u00f3 tur\u00edstica, una zona d&#8217;aparcament i un magatzem municipal contigu al Corro en el carrer Nou. La redacci\u00f3 d&#8217;un Pla Especial de Protecci\u00f3 del Castell i el seu entorn, la restituci\u00f3 del Portal dels Moros en el carrer Nou i de la muralla entre la torre 4 i la torre 5, tamb\u00e9 estan previstes en el Pla. Finalment, es contempla el manteniment de cobertes, revestiments i millora d&#8217;instal\u00b7lacions de l&#8217;Esgl\u00e9sia, la reurbanitzaci\u00f3 dels carrers de l&#8217;entorn del castell i l&#8217;ampliaci\u00f3 i millora de la senyalitzaci\u00f3 dels elements del castell, aix\u00ed com l&#8217;establiment d&#8217;itineraris de visita.<\/p>\n\n\n\n<p>Enguany ja s&#8217;han dut a terme excavacions arqueol\u00f2giques en el recinte del Corro. En aquests treballs s&#8217;han trobat abundants restes humanes, primer en estrats superficials remoguts i despr\u00e9s formant part de diferents inhumacions d&#8217;\u00e8poca medieval, ja d&#8217;\u00e8poca cristiana. Una de les troballes m\u00e9s interessants ha sigut la localitzaci\u00f3 d&#8217;una sepultura amb les despulles d&#8217;una persona adulta i un xiquet. \u201cDespr\u00e9s del seu estudi, sabem que aquestes inhumacions corresponen a dos homes d&#8217;inicis del segle XIV\u201d detalla Joan Enric Palmer. Aquests descobriments permeten situar en el subs\u00f2l de l&#8217;actual Corro el primer cementeri cristi\u00e0 de la poblaci\u00f3. Un espai que malgrat haver sigut molt transformat al llarg dels segles, sens dubte continuar\u00e0 aportant valuosa informaci\u00f3 sobre els or\u00edgens de Portell\u201d ha concl\u00f2s l&#8217;equip d&#8217;arque\u00f2legs despr\u00e9s de les investigacions.<\/p>\n\n\n\n<div class=\"wp-block-columns is-layout-flex wp-container-core-columns-is-layout-9d6595d7 wp-block-columns-is-layout-flex\">\n<div class=\"wp-block-column is-layout-flow wp-block-column-is-layout-flow\">\n<figure class=\"wp-block-image size-large\"><img fetchpriority=\"high\" decoding=\"async\" width=\"1024\" height=\"723\" src=\"https:\/\/portelldemorella.org\/wp-content\/uploads\/2021\/12\/Planol-Pla-Director-1-1024x723.jpeg\" alt=\"\" class=\"wp-image-7143\" srcset=\"https:\/\/portelldemorella.org\/wp-content\/uploads\/2021\/12\/Planol-Pla-Director-1-1024x723.jpeg 1024w, https:\/\/portelldemorella.org\/wp-content\/uploads\/2021\/12\/Planol-Pla-Director-1-300x212.jpeg 300w, https:\/\/portelldemorella.org\/wp-content\/uploads\/2021\/12\/Planol-Pla-Director-1-768x542.jpeg 768w, https:\/\/portelldemorella.org\/wp-content\/uploads\/2021\/12\/Planol-Pla-Director-1-1536x1085.jpeg 1536w, https:\/\/portelldemorella.org\/wp-content\/uploads\/2021\/12\/Planol-Pla-Director-1-600x424.jpeg 600w, https:\/\/portelldemorella.org\/wp-content\/uploads\/2021\/12\/Planol-Pla-Director-1-560x396.jpeg 560w, https:\/\/portelldemorella.org\/wp-content\/uploads\/2021\/12\/Planol-Pla-Director-1.jpeg 1600w\" sizes=\"(max-width: 1024px) 100vw, 1024px\" \/><\/figure>\n<\/div>\n\n\n\n<div class=\"wp-block-column is-layout-flow wp-block-column-is-layout-flow\">\n<figure class=\"wp-block-image size-large\"><img decoding=\"async\" width=\"1024\" height=\"683\" src=\"https:\/\/portelldemorella.org\/wp-content\/uploads\/2021\/12\/Excavacions-del-Corro-1-1024x683.jpg\" alt=\"\" class=\"wp-image-7145\" srcset=\"https:\/\/portelldemorella.org\/wp-content\/uploads\/2021\/12\/Excavacions-del-Corro-1-1024x683.jpg 1024w, https:\/\/portelldemorella.org\/wp-content\/uploads\/2021\/12\/Excavacions-del-Corro-1-300x200.jpg 300w, https:\/\/portelldemorella.org\/wp-content\/uploads\/2021\/12\/Excavacions-del-Corro-1-768x512.jpg 768w, https:\/\/portelldemorella.org\/wp-content\/uploads\/2021\/12\/Excavacions-del-Corro-1-1536x1024.jpg 1536w, https:\/\/portelldemorella.org\/wp-content\/uploads\/2021\/12\/Excavacions-del-Corro-1-2048x1365.jpg 2048w, https:\/\/portelldemorella.org\/wp-content\/uploads\/2021\/12\/Excavacions-del-Corro-1-600x400.jpg 600w, https:\/\/portelldemorella.org\/wp-content\/uploads\/2021\/12\/Excavacions-del-Corro-1-560x373.jpg 560w\" sizes=\"(max-width: 1024px) 100vw, 1024px\" \/><\/figure>\n<\/div>\n<\/div>\n","protected":false},"excerpt":{"rendered":"<p>L&#8217;Ajuntament de Portell impulsa un Pla Director per al castell i les muralles.<\/p>\n","protected":false},"author":1,"featured_media":7143,"comment_status":"closed","ping_status":"closed","sticky":false,"template":"","format":"standard","meta":{"footnotes":""},"categories":[97],"tags":[],"class_list":["post-7142","post","type-post","status-publish","format-standard","has-post-thumbnail","hentry","category-ayuntamiento-ca"],"yoast_head":"<!-- This site is optimized with the Yoast SEO plugin v24.4 - https:\/\/yoast.com\/wordpress\/plugins\/seo\/ -->\n<title>L&#039;Ajuntament de Portell impulsa un Pla Director per al castell i les muralles - Portell de Morella<\/title>\n<meta name=\"robots\" content=\"noindex, follow, max-snippet:-1, max-image-preview:large, max-video-preview:-1\" \/>\n<meta property=\"og:locale\" content=\"ca_ES\" \/>\n<meta property=\"og:type\" content=\"article\" \/>\n<meta property=\"og:title\" content=\"L&#039;Ajuntament de Portell impulsa un Pla Director per al castell i les muralles - Portell de Morella\" \/>\n<meta property=\"og:description\" content=\"L&#039;Ajuntament de Portell impulsa un Pla Director per al castell i les muralles.\" \/>\n<meta property=\"og:url\" content=\"https:\/\/portelldemorella.org\/ca\/lajuntament-de-portell-impulsa-un-pla-director-per-al-castell-i-les-muralles\/\" \/>\n<meta property=\"og:site_name\" content=\"Portell de Morella\" \/>\n<meta property=\"article:published_time\" content=\"2021-12-03T12:47:12+00:00\" \/>\n<meta property=\"article:modified_time\" content=\"2022-09-29T10:54:24+00:00\" \/>\n<meta property=\"og:image\" content=\"https:\/\/portelldemorella.org\/wp-content\/uploads\/2021\/12\/Planol-Pla-Director-1.jpeg\" \/>\n\t<meta property=\"og:image:width\" content=\"1600\" \/>\n\t<meta property=\"og:image:height\" content=\"1130\" \/>\n\t<meta property=\"og:image:type\" content=\"image\/jpeg\" \/>\n<meta name=\"author\" content=\"portell\" \/>\n<meta name=\"twitter:card\" content=\"summary_large_image\" \/>\n<meta name=\"twitter:label1\" content=\"Escrit per\" \/>\n\t<meta name=\"twitter:data1\" content=\"portell\" \/>\n\t<meta name=\"twitter:label2\" content=\"Temps estimat de lectura\" \/>\n\t<meta name=\"twitter:data2\" content=\"3 minuts\" \/>\n<script type=\"application\/ld+json\" class=\"yoast-schema-graph\">{\"@context\":\"https:\/\/schema.org\",\"@graph\":[{\"@type\":\"Article\",\"@id\":\"https:\/\/portelldemorella.org\/ca\/lajuntament-de-portell-impulsa-un-pla-director-per-al-castell-i-les-muralles\/#article\",\"isPartOf\":{\"@id\":\"https:\/\/portelldemorella.org\/ca\/lajuntament-de-portell-impulsa-un-pla-director-per-al-castell-i-les-muralles\/\"},\"author\":{\"name\":\"portell\",\"@id\":\"https:\/\/portelldemorella.org\/#\/schema\/person\/2adde77c454244acd163488ec723a88b\"},\"headline\":\"L&#8217;Ajuntament de Portell impulsa un Pla Director per al castell i les muralles\",\"datePublished\":\"2021-12-03T12:47:12+00:00\",\"dateModified\":\"2022-09-29T10:54:24+00:00\",\"mainEntityOfPage\":{\"@id\":\"https:\/\/portelldemorella.org\/ca\/lajuntament-de-portell-impulsa-un-pla-director-per-al-castell-i-les-muralles\/\"},\"wordCount\":586,\"publisher\":{\"@id\":\"https:\/\/portelldemorella.org\/#organization\"},\"image\":{\"@id\":\"https:\/\/portelldemorella.org\/ca\/lajuntament-de-portell-impulsa-un-pla-director-per-al-castell-i-les-muralles\/#primaryimage\"},\"thumbnailUrl\":\"https:\/\/portelldemorella.org\/wp-content\/uploads\/2021\/12\/Planol-Pla-Director-1.jpeg\",\"articleSection\":[\"Ayuntamiento\"],\"inLanguage\":\"ca\"},{\"@type\":\"WebPage\",\"@id\":\"https:\/\/portelldemorella.org\/ca\/lajuntament-de-portell-impulsa-un-pla-director-per-al-castell-i-les-muralles\/\",\"url\":\"https:\/\/portelldemorella.org\/ca\/lajuntament-de-portell-impulsa-un-pla-director-per-al-castell-i-les-muralles\/\",\"name\":\"L'Ajuntament de Portell impulsa un Pla Director per al castell i les muralles - Portell de Morella\",\"isPartOf\":{\"@id\":\"https:\/\/portelldemorella.org\/#website\"},\"primaryImageOfPage\":{\"@id\":\"https:\/\/portelldemorella.org\/ca\/lajuntament-de-portell-impulsa-un-pla-director-per-al-castell-i-les-muralles\/#primaryimage\"},\"image\":{\"@id\":\"https:\/\/portelldemorella.org\/ca\/lajuntament-de-portell-impulsa-un-pla-director-per-al-castell-i-les-muralles\/#primaryimage\"},\"thumbnailUrl\":\"https:\/\/portelldemorella.org\/wp-content\/uploads\/2021\/12\/Planol-Pla-Director-1.jpeg\",\"datePublished\":\"2021-12-03T12:47:12+00:00\",\"dateModified\":\"2022-09-29T10:54:24+00:00\",\"breadcrumb\":{\"@id\":\"https:\/\/portelldemorella.org\/ca\/lajuntament-de-portell-impulsa-un-pla-director-per-al-castell-i-les-muralles\/#breadcrumb\"},\"inLanguage\":\"ca\",\"potentialAction\":[{\"@type\":\"ReadAction\",\"target\":[\"https:\/\/portelldemorella.org\/ca\/lajuntament-de-portell-impulsa-un-pla-director-per-al-castell-i-les-muralles\/\"]}]},{\"@type\":\"ImageObject\",\"inLanguage\":\"ca\",\"@id\":\"https:\/\/portelldemorella.org\/ca\/lajuntament-de-portell-impulsa-un-pla-director-per-al-castell-i-les-muralles\/#primaryimage\",\"url\":\"https:\/\/portelldemorella.org\/wp-content\/uploads\/2021\/12\/Planol-Pla-Director-1.jpeg\",\"contentUrl\":\"https:\/\/portelldemorella.org\/wp-content\/uploads\/2021\/12\/Planol-Pla-Director-1.jpeg\",\"width\":1600,\"height\":1130},{\"@type\":\"BreadcrumbList\",\"@id\":\"https:\/\/portelldemorella.org\/ca\/lajuntament-de-portell-impulsa-un-pla-director-per-al-castell-i-les-muralles\/#breadcrumb\",\"itemListElement\":[{\"@type\":\"ListItem\",\"position\":1,\"name\":\"Portada\",\"item\":\"https:\/\/portelldemorella.org\/ca\/\"},{\"@type\":\"ListItem\",\"position\":2,\"name\":\"L&#8217;Ajuntament de Portell impulsa un Pla Director per al castell i les muralles\"}]},{\"@type\":\"WebSite\",\"@id\":\"https:\/\/portelldemorella.org\/#website\",\"url\":\"https:\/\/portelldemorella.org\/\",\"name\":\"Portell de Morella\",\"description\":\"Web del Ayuntamiento de Portell de Morella\",\"publisher\":{\"@id\":\"https:\/\/portelldemorella.org\/#organization\"},\"potentialAction\":[{\"@type\":\"SearchAction\",\"target\":{\"@type\":\"EntryPoint\",\"urlTemplate\":\"https:\/\/portelldemorella.org\/?s={search_term_string}\"},\"query-input\":{\"@type\":\"PropertyValueSpecification\",\"valueRequired\":true,\"valueName\":\"search_term_string\"}}],\"inLanguage\":\"ca\"},{\"@type\":\"Organization\",\"@id\":\"https:\/\/portelldemorella.org\/#organization\",\"name\":\"Portell de Morella\",\"url\":\"https:\/\/portelldemorella.org\/\",\"logo\":{\"@type\":\"ImageObject\",\"inLanguage\":\"ca\",\"@id\":\"https:\/\/portelldemorella.org\/#\/schema\/logo\/image\/\",\"url\":\"https:\/\/portelldemorella.org\/wp-content\/uploads\/2020\/11\/Escudo-Portell-04.jpg\",\"contentUrl\":\"https:\/\/portelldemorella.org\/wp-content\/uploads\/2020\/11\/Escudo-Portell-04.jpg\",\"width\":1001,\"height\":394,\"caption\":\"Portell de Morella\"},\"image\":{\"@id\":\"https:\/\/portelldemorella.org\/#\/schema\/logo\/image\/\"}},{\"@type\":\"Person\",\"@id\":\"https:\/\/portelldemorella.org\/#\/schema\/person\/2adde77c454244acd163488ec723a88b\",\"name\":\"portell\",\"image\":{\"@type\":\"ImageObject\",\"inLanguage\":\"ca\",\"@id\":\"https:\/\/portelldemorella.org\/#\/schema\/person\/image\/\",\"url\":\"https:\/\/secure.gravatar.com\/avatar\/077c6bd89604df620d2fa93a06be2531944cdd6826fd322dbd8b483fd84d6407?s=96&d=mm&r=g\",\"contentUrl\":\"https:\/\/secure.gravatar.com\/avatar\/077c6bd89604df620d2fa93a06be2531944cdd6826fd322dbd8b483fd84d6407?s=96&d=mm&r=g\",\"caption\":\"portell\"},\"sameAs\":[\"https:\/\/portelldemorella.org\"],\"url\":\"https:\/\/portelldemorella.org\/ca\/author\/portell\/\"}]}<\/script>\n<!-- \/ Yoast SEO plugin. -->","yoast_head_json":{"title":"L'Ajuntament de Portell impulsa un Pla Director per al castell i les muralles - Portell de Morella","robots":{"index":"noindex","follow":"follow","max-snippet":"max-snippet:-1","max-image-preview":"max-image-preview:large","max-video-preview":"max-video-preview:-1"},"og_locale":"ca_ES","og_type":"article","og_title":"L'Ajuntament de Portell impulsa un Pla Director per al castell i les muralles - Portell de Morella","og_description":"L'Ajuntament de Portell impulsa un Pla Director per al castell i les muralles.","og_url":"https:\/\/portelldemorella.org\/ca\/lajuntament-de-portell-impulsa-un-pla-director-per-al-castell-i-les-muralles\/","og_site_name":"Portell de Morella","article_published_time":"2021-12-03T12:47:12+00:00","article_modified_time":"2022-09-29T10:54:24+00:00","og_image":[{"width":1600,"height":1130,"url":"https:\/\/portelldemorella.org\/wp-content\/uploads\/2021\/12\/Planol-Pla-Director-1.jpeg","type":"image\/jpeg"}],"author":"portell","twitter_card":"summary_large_image","twitter_misc":{"Escrit per":"portell","Temps estimat de lectura":"3 minuts"},"schema":{"@context":"https:\/\/schema.org","@graph":[{"@type":"Article","@id":"https:\/\/portelldemorella.org\/ca\/lajuntament-de-portell-impulsa-un-pla-director-per-al-castell-i-les-muralles\/#article","isPartOf":{"@id":"https:\/\/portelldemorella.org\/ca\/lajuntament-de-portell-impulsa-un-pla-director-per-al-castell-i-les-muralles\/"},"author":{"name":"portell","@id":"https:\/\/portelldemorella.org\/#\/schema\/person\/2adde77c454244acd163488ec723a88b"},"headline":"L&#8217;Ajuntament de Portell impulsa un Pla Director per al castell i les muralles","datePublished":"2021-12-03T12:47:12+00:00","dateModified":"2022-09-29T10:54:24+00:00","mainEntityOfPage":{"@id":"https:\/\/portelldemorella.org\/ca\/lajuntament-de-portell-impulsa-un-pla-director-per-al-castell-i-les-muralles\/"},"wordCount":586,"publisher":{"@id":"https:\/\/portelldemorella.org\/#organization"},"image":{"@id":"https:\/\/portelldemorella.org\/ca\/lajuntament-de-portell-impulsa-un-pla-director-per-al-castell-i-les-muralles\/#primaryimage"},"thumbnailUrl":"https:\/\/portelldemorella.org\/wp-content\/uploads\/2021\/12\/Planol-Pla-Director-1.jpeg","articleSection":["Ayuntamiento"],"inLanguage":"ca"},{"@type":"WebPage","@id":"https:\/\/portelldemorella.org\/ca\/lajuntament-de-portell-impulsa-un-pla-director-per-al-castell-i-les-muralles\/","url":"https:\/\/portelldemorella.org\/ca\/lajuntament-de-portell-impulsa-un-pla-director-per-al-castell-i-les-muralles\/","name":"L'Ajuntament de Portell impulsa un Pla Director per al castell i les muralles - Portell de Morella","isPartOf":{"@id":"https:\/\/portelldemorella.org\/#website"},"primaryImageOfPage":{"@id":"https:\/\/portelldemorella.org\/ca\/lajuntament-de-portell-impulsa-un-pla-director-per-al-castell-i-les-muralles\/#primaryimage"},"image":{"@id":"https:\/\/portelldemorella.org\/ca\/lajuntament-de-portell-impulsa-un-pla-director-per-al-castell-i-les-muralles\/#primaryimage"},"thumbnailUrl":"https:\/\/portelldemorella.org\/wp-content\/uploads\/2021\/12\/Planol-Pla-Director-1.jpeg","datePublished":"2021-12-03T12:47:12+00:00","dateModified":"2022-09-29T10:54:24+00:00","breadcrumb":{"@id":"https:\/\/portelldemorella.org\/ca\/lajuntament-de-portell-impulsa-un-pla-director-per-al-castell-i-les-muralles\/#breadcrumb"},"inLanguage":"ca","potentialAction":[{"@type":"ReadAction","target":["https:\/\/portelldemorella.org\/ca\/lajuntament-de-portell-impulsa-un-pla-director-per-al-castell-i-les-muralles\/"]}]},{"@type":"ImageObject","inLanguage":"ca","@id":"https:\/\/portelldemorella.org\/ca\/lajuntament-de-portell-impulsa-un-pla-director-per-al-castell-i-les-muralles\/#primaryimage","url":"https:\/\/portelldemorella.org\/wp-content\/uploads\/2021\/12\/Planol-Pla-Director-1.jpeg","contentUrl":"https:\/\/portelldemorella.org\/wp-content\/uploads\/2021\/12\/Planol-Pla-Director-1.jpeg","width":1600,"height":1130},{"@type":"BreadcrumbList","@id":"https:\/\/portelldemorella.org\/ca\/lajuntament-de-portell-impulsa-un-pla-director-per-al-castell-i-les-muralles\/#breadcrumb","itemListElement":[{"@type":"ListItem","position":1,"name":"Portada","item":"https:\/\/portelldemorella.org\/ca\/"},{"@type":"ListItem","position":2,"name":"L&#8217;Ajuntament de Portell impulsa un Pla Director per al castell i les muralles"}]},{"@type":"WebSite","@id":"https:\/\/portelldemorella.org\/#website","url":"https:\/\/portelldemorella.org\/","name":"Portell de Morella","description":"Web del Ayuntamiento de Portell de Morella","publisher":{"@id":"https:\/\/portelldemorella.org\/#organization"},"potentialAction":[{"@type":"SearchAction","target":{"@type":"EntryPoint","urlTemplate":"https:\/\/portelldemorella.org\/?s={search_term_string}"},"query-input":{"@type":"PropertyValueSpecification","valueRequired":true,"valueName":"search_term_string"}}],"inLanguage":"ca"},{"@type":"Organization","@id":"https:\/\/portelldemorella.org\/#organization","name":"Portell de Morella","url":"https:\/\/portelldemorella.org\/","logo":{"@type":"ImageObject","inLanguage":"ca","@id":"https:\/\/portelldemorella.org\/#\/schema\/logo\/image\/","url":"https:\/\/portelldemorella.org\/wp-content\/uploads\/2020\/11\/Escudo-Portell-04.jpg","contentUrl":"https:\/\/portelldemorella.org\/wp-content\/uploads\/2020\/11\/Escudo-Portell-04.jpg","width":1001,"height":394,"caption":"Portell de Morella"},"image":{"@id":"https:\/\/portelldemorella.org\/#\/schema\/logo\/image\/"}},{"@type":"Person","@id":"https:\/\/portelldemorella.org\/#\/schema\/person\/2adde77c454244acd163488ec723a88b","name":"portell","image":{"@type":"ImageObject","inLanguage":"ca","@id":"https:\/\/portelldemorella.org\/#\/schema\/person\/image\/","url":"https:\/\/secure.gravatar.com\/avatar\/077c6bd89604df620d2fa93a06be2531944cdd6826fd322dbd8b483fd84d6407?s=96&d=mm&r=g","contentUrl":"https:\/\/secure.gravatar.com\/avatar\/077c6bd89604df620d2fa93a06be2531944cdd6826fd322dbd8b483fd84d6407?s=96&d=mm&r=g","caption":"portell"},"sameAs":["https:\/\/portelldemorella.org"],"url":"https:\/\/portelldemorella.org\/ca\/author\/portell\/"}]}},"_links":{"self":[{"href":"https:\/\/portelldemorella.org\/ca\/wp-json\/wp\/v2\/posts\/7142","targetHints":{"allow":["GET"]}}],"collection":[{"href":"https:\/\/portelldemorella.org\/ca\/wp-json\/wp\/v2\/posts"}],"about":[{"href":"https:\/\/portelldemorella.org\/ca\/wp-json\/wp\/v2\/types\/post"}],"author":[{"embeddable":true,"href":"https:\/\/portelldemorella.org\/ca\/wp-json\/wp\/v2\/users\/1"}],"replies":[{"embeddable":true,"href":"https:\/\/portelldemorella.org\/ca\/wp-json\/wp\/v2\/comments?post=7142"}],"version-history":[{"count":1,"href":"https:\/\/portelldemorella.org\/ca\/wp-json\/wp\/v2\/posts\/7142\/revisions"}],"predecessor-version":[{"id":7147,"href":"https:\/\/portelldemorella.org\/ca\/wp-json\/wp\/v2\/posts\/7142\/revisions\/7147"}],"wp:featuredmedia":[{"embeddable":true,"href":"https:\/\/portelldemorella.org\/ca\/wp-json\/wp\/v2\/media\/7143"}],"wp:attachment":[{"href":"https:\/\/portelldemorella.org\/ca\/wp-json\/wp\/v2\/media?parent=7142"}],"wp:term":[{"taxonomy":"category","embeddable":true,"href":"https:\/\/portelldemorella.org\/ca\/wp-json\/wp\/v2\/categories?post=7142"},{"taxonomy":"post_tag","embeddable":true,"href":"https:\/\/portelldemorella.org\/ca\/wp-json\/wp\/v2\/tags?post=7142"}],"curies":[{"name":"wp","href":"https:\/\/api.w.org\/{rel}","templated":true}]}}