{"id":7157,"date":"2021-12-09T11:03:37","date_gmt":"2021-12-09T11:03:37","guid":{"rendered":"https:\/\/portelldemorella.org\/?p=7157"},"modified":"2022-09-29T10:54:19","modified_gmt":"2022-09-29T10:54:19","slug":"tornem-a-volar-el-lema-que-portell-ha-triat-per-a-laplec-dels-ports","status":"publish","type":"post","link":"https:\/\/portelldemorella.org\/ca\/tornem-a-volar-el-lema-que-portell-ha-triat-per-a-laplec-dels-ports\/","title":{"rendered":"\u201cTornem a volar\u201d el lema que Portell ha triat per a l\u2019Aplec dels Ports"},"content":{"rendered":"\n<p>El passat dissabte 4 de desembre va tenir lloc a Portell el primer Pro-Aplec. Aquesta va ser una jornada comarcal plena de participants d\u2019arreu dels Ports en la que es va dur a terme una caminada animada, un vermut popular, un dinar acompanyat d\u2019un bingo musical que va amenitzar la sobretaula i una taula rodona amb joves emprenedors de la comarca i voltants.&nbsp;<\/p>\n\n\n\n<p>La caminada teatralitzada, gr\u00e0cies a la participaci\u00f3 de portellans i portellanes, va real\u00e7ar el paper de la dona rural, la tradici\u00f3 t\u00e8xtil de les faixes de la localitat, la vida als masos i l\u2019elaboraci\u00f3 dels formatges, els forns de cal\u00e7 i el treball al camp entre d\u2019altres. Amb tot, va ser un recorregut molt did\u00e0ctic i din\u00e0mic per la hist\u00f2ria i tradicions de Portell.&nbsp;<\/p>\n\n\n\n<p>A la taula rodona es van tractar temes molt interessants per al jovent de la comarca com s\u00f3n la dificultat per emprendre als pobles i el futur d\u2019aquests. Van participar-hi l\u2019empresa l\u2019ag\u00e8ncia creativa Comboi de La Mata, la formatgeria artesanal La Planeta d\u2019Anroig-Xert i la productora d\u2019aliments de sec\u00e0 amb agricultura regenerativa Malaerba de Benlloc.<\/p>\n\n\n\n<p>El moment m\u00e9s esperat d\u2019aquest primer Pro-Aplec va estar la proclamaci\u00f3 del lema \u201cTornem a volar\u201d. Aquest ha estat triat per l\u2019organitzaci\u00f3 de l\u2019Aplec perqu\u00e8, a banda de tornar a sumar-se el municipi de Portell a la roda de l\u2019Aplec des de l\u2019any 2004 en que el lema va ser \u201cFem que la comarca alce el vol\u201d, continuen enlairant-se i sobrevolant pels racons de cada poble de la comarca per con\u00e9ixer els or\u00edgens i enfortint les arrels, com pr\u00f2ximament es podr\u00e0 veure al serial \u201cEls Ports sobre rodes\u201d.&nbsp;<\/p>\n\n\n\n<p>Al llarg del dia es va comen\u00e7ar a vendre marxandatge: xapes, encenedors, polseres, adhesius i el calendari 2022 que s\u2019ha elaborat de forma col\u00b7laborativa amb imatges de tots els pobles dels Ports enviades pels seus habitants. De fet, aquest calendari ja es pot adquirir a altres municipis de la comarca.&nbsp;<\/p>\n\n\n\n<p>Amb tot, aquesta jornada, un cop m\u00e9s, s\u2019ha vist el poder del poble i la vitalitat de la comarca dels Ports. L\u2019Ajuntament vol agrair p\u00fablicament la responsabilitat tant de l\u2019organitzaci\u00f3 com de les persones assistents pel respecte i la cura amb qu\u00e8 es va actuar en tot moment per respectar les normatives vigents.\u00a0<\/p>\n\n\n\n<div class=\"wp-block-columns is-layout-flex wp-container-core-columns-is-layout-9d6595d7 wp-block-columns-is-layout-flex\">\n<div class=\"wp-block-column is-layout-flow wp-block-column-is-layout-flow\">\n<figure class=\"wp-block-image size-large\"><img fetchpriority=\"high\" decoding=\"async\" width=\"1024\" height=\"768\" src=\"https:\/\/portelldemorella.org\/wp-content\/uploads\/2021\/12\/Pro-Aplec-4-1-1024x768.jpeg\" alt=\"\" class=\"wp-image-7158\" srcset=\"https:\/\/portelldemorella.org\/wp-content\/uploads\/2021\/12\/Pro-Aplec-4-1-1024x768.jpeg 1024w, https:\/\/portelldemorella.org\/wp-content\/uploads\/2021\/12\/Pro-Aplec-4-1-300x225.jpeg 300w, https:\/\/portelldemorella.org\/wp-content\/uploads\/2021\/12\/Pro-Aplec-4-1-768x576.jpeg 768w, https:\/\/portelldemorella.org\/wp-content\/uploads\/2021\/12\/Pro-Aplec-4-1-1536x1152.jpeg 1536w, https:\/\/portelldemorella.org\/wp-content\/uploads\/2021\/12\/Pro-Aplec-4-1-600x450.jpeg 600w, https:\/\/portelldemorella.org\/wp-content\/uploads\/2021\/12\/Pro-Aplec-4-1-560x420.jpeg 560w, https:\/\/portelldemorella.org\/wp-content\/uploads\/2021\/12\/Pro-Aplec-4-1.jpeg 1600w\" sizes=\"(max-width: 1024px) 100vw, 1024px\" \/><\/figure>\n<\/div>\n\n\n\n<div class=\"wp-block-column is-layout-flow wp-block-column-is-layout-flow\">\n<figure class=\"wp-block-image size-large\"><img decoding=\"async\" width=\"1024\" height=\"768\" src=\"https:\/\/portelldemorella.org\/wp-content\/uploads\/2021\/12\/WhatsApp-Image-2021-12-09-at-11.40.46-2-1-1024x768.jpeg\" alt=\"\" class=\"wp-image-7160\" srcset=\"https:\/\/portelldemorella.org\/wp-content\/uploads\/2021\/12\/WhatsApp-Image-2021-12-09-at-11.40.46-2-1-1024x768.jpeg 1024w, https:\/\/portelldemorella.org\/wp-content\/uploads\/2021\/12\/WhatsApp-Image-2021-12-09-at-11.40.46-2-1-300x225.jpeg 300w, https:\/\/portelldemorella.org\/wp-content\/uploads\/2021\/12\/WhatsApp-Image-2021-12-09-at-11.40.46-2-1-768x576.jpeg 768w, https:\/\/portelldemorella.org\/wp-content\/uploads\/2021\/12\/WhatsApp-Image-2021-12-09-at-11.40.46-2-1-1536x1152.jpeg 1536w, https:\/\/portelldemorella.org\/wp-content\/uploads\/2021\/12\/WhatsApp-Image-2021-12-09-at-11.40.46-2-1-600x450.jpeg 600w, https:\/\/portelldemorella.org\/wp-content\/uploads\/2021\/12\/WhatsApp-Image-2021-12-09-at-11.40.46-2-1-560x420.jpeg 560w, https:\/\/portelldemorella.org\/wp-content\/uploads\/2021\/12\/WhatsApp-Image-2021-12-09-at-11.40.46-2-1.jpeg 1600w\" sizes=\"(max-width: 1024px) 100vw, 1024px\" \/><\/figure>\n<\/div>\n<\/div>\n","protected":false},"excerpt":{"rendered":"<p>\u201cTornem a volar\u201d el lema que Portell ha triat per a l\u2019Aplec dels Ports.<\/p>\n","protected":false},"author":1,"featured_media":7155,"comment_status":"closed","ping_status":"closed","sticky":false,"template":"","format":"standard","meta":{"footnotes":""},"categories":[97],"tags":[],"class_list":["post-7157","post","type-post","status-publish","format-standard","has-post-thumbnail","hentry","category-ayuntamiento-ca"],"yoast_head":"<!-- This site is optimized with the Yoast SEO plugin v24.4 - https:\/\/yoast.com\/wordpress\/plugins\/seo\/ -->\n<title>\u201cTornem a volar\u201d el lema que Portell ha triat per a l\u2019Aplec dels Ports - Portell de Morella<\/title>\n<meta name=\"robots\" content=\"noindex, follow, max-snippet:-1, max-image-preview:large, max-video-preview:-1\" \/>\n<meta property=\"og:locale\" content=\"ca_ES\" \/>\n<meta property=\"og:type\" content=\"article\" \/>\n<meta property=\"og:title\" content=\"\u201cTornem a volar\u201d el lema que Portell ha triat per a l\u2019Aplec dels Ports - Portell de Morella\" \/>\n<meta property=\"og:description\" content=\"\u201cTornem a volar\u201d el lema que Portell ha triat per a l\u2019Aplec dels Ports.\" \/>\n<meta property=\"og:url\" content=\"https:\/\/portelldemorella.org\/ca\/tornem-a-volar-el-lema-que-portell-ha-triat-per-a-laplec-dels-ports\/\" \/>\n<meta property=\"og:site_name\" content=\"Portell de Morella\" \/>\n<meta property=\"article:published_time\" content=\"2021-12-09T11:03:37+00:00\" \/>\n<meta property=\"article:modified_time\" content=\"2022-09-29T10:54:19+00:00\" \/>\n<meta property=\"og:image\" content=\"https:\/\/portelldemorella.org\/wp-content\/uploads\/2021\/12\/Pro-Aplec-1.jpeg\" \/>\n\t<meta property=\"og:image:width\" content=\"1600\" \/>\n\t<meta property=\"og:image:height\" content=\"1200\" \/>\n\t<meta property=\"og:image:type\" content=\"image\/jpeg\" \/>\n<meta name=\"author\" content=\"portell\" \/>\n<meta name=\"twitter:card\" content=\"summary_large_image\" \/>\n<meta name=\"twitter:label1\" content=\"Escrit per\" \/>\n\t<meta name=\"twitter:data1\" content=\"portell\" \/>\n\t<meta name=\"twitter:label2\" content=\"Temps estimat de lectura\" \/>\n\t<meta name=\"twitter:data2\" content=\"3 minuts\" \/>\n<script type=\"application\/ld+json\" class=\"yoast-schema-graph\">{\"@context\":\"https:\/\/schema.org\",\"@graph\":[{\"@type\":\"Article\",\"@id\":\"https:\/\/portelldemorella.org\/ca\/tornem-a-volar-el-lema-que-portell-ha-triat-per-a-laplec-dels-ports\/#article\",\"isPartOf\":{\"@id\":\"https:\/\/portelldemorella.org\/ca\/tornem-a-volar-el-lema-que-portell-ha-triat-per-a-laplec-dels-ports\/\"},\"author\":{\"name\":\"portell\",\"@id\":\"https:\/\/portelldemorella.org\/#\/schema\/person\/2adde77c454244acd163488ec723a88b\"},\"headline\":\"\u201cTornem a volar\u201d el lema que Portell ha triat per a l\u2019Aplec dels Ports\",\"datePublished\":\"2021-12-09T11:03:37+00:00\",\"dateModified\":\"2022-09-29T10:54:19+00:00\",\"mainEntityOfPage\":{\"@id\":\"https:\/\/portelldemorella.org\/ca\/tornem-a-volar-el-lema-que-portell-ha-triat-per-a-laplec-dels-ports\/\"},\"wordCount\":423,\"publisher\":{\"@id\":\"https:\/\/portelldemorella.org\/#organization\"},\"image\":{\"@id\":\"https:\/\/portelldemorella.org\/ca\/tornem-a-volar-el-lema-que-portell-ha-triat-per-a-laplec-dels-ports\/#primaryimage\"},\"thumbnailUrl\":\"https:\/\/portelldemorella.org\/wp-content\/uploads\/2021\/12\/Pro-Aplec-1.jpeg\",\"articleSection\":[\"Ayuntamiento\"],\"inLanguage\":\"ca\"},{\"@type\":\"WebPage\",\"@id\":\"https:\/\/portelldemorella.org\/ca\/tornem-a-volar-el-lema-que-portell-ha-triat-per-a-laplec-dels-ports\/\",\"url\":\"https:\/\/portelldemorella.org\/ca\/tornem-a-volar-el-lema-que-portell-ha-triat-per-a-laplec-dels-ports\/\",\"name\":\"\u201cTornem a volar\u201d el lema que Portell ha triat per a l\u2019Aplec dels Ports - Portell de Morella\",\"isPartOf\":{\"@id\":\"https:\/\/portelldemorella.org\/#website\"},\"primaryImageOfPage\":{\"@id\":\"https:\/\/portelldemorella.org\/ca\/tornem-a-volar-el-lema-que-portell-ha-triat-per-a-laplec-dels-ports\/#primaryimage\"},\"image\":{\"@id\":\"https:\/\/portelldemorella.org\/ca\/tornem-a-volar-el-lema-que-portell-ha-triat-per-a-laplec-dels-ports\/#primaryimage\"},\"thumbnailUrl\":\"https:\/\/portelldemorella.org\/wp-content\/uploads\/2021\/12\/Pro-Aplec-1.jpeg\",\"datePublished\":\"2021-12-09T11:03:37+00:00\",\"dateModified\":\"2022-09-29T10:54:19+00:00\",\"breadcrumb\":{\"@id\":\"https:\/\/portelldemorella.org\/ca\/tornem-a-volar-el-lema-que-portell-ha-triat-per-a-laplec-dels-ports\/#breadcrumb\"},\"inLanguage\":\"ca\",\"potentialAction\":[{\"@type\":\"ReadAction\",\"target\":[\"https:\/\/portelldemorella.org\/ca\/tornem-a-volar-el-lema-que-portell-ha-triat-per-a-laplec-dels-ports\/\"]}]},{\"@type\":\"ImageObject\",\"inLanguage\":\"ca\",\"@id\":\"https:\/\/portelldemorella.org\/ca\/tornem-a-volar-el-lema-que-portell-ha-triat-per-a-laplec-dels-ports\/#primaryimage\",\"url\":\"https:\/\/portelldemorella.org\/wp-content\/uploads\/2021\/12\/Pro-Aplec-1.jpeg\",\"contentUrl\":\"https:\/\/portelldemorella.org\/wp-content\/uploads\/2021\/12\/Pro-Aplec-1.jpeg\",\"width\":1600,\"height\":1200},{\"@type\":\"BreadcrumbList\",\"@id\":\"https:\/\/portelldemorella.org\/ca\/tornem-a-volar-el-lema-que-portell-ha-triat-per-a-laplec-dels-ports\/#breadcrumb\",\"itemListElement\":[{\"@type\":\"ListItem\",\"position\":1,\"name\":\"Portada\",\"item\":\"https:\/\/portelldemorella.org\/ca\/\"},{\"@type\":\"ListItem\",\"position\":2,\"name\":\"\u201cTornem a volar\u201d el lema que Portell ha triat per a l\u2019Aplec dels Ports\"}]},{\"@type\":\"WebSite\",\"@id\":\"https:\/\/portelldemorella.org\/#website\",\"url\":\"https:\/\/portelldemorella.org\/\",\"name\":\"Portell de Morella\",\"description\":\"Web del Ayuntamiento de Portell de Morella\",\"publisher\":{\"@id\":\"https:\/\/portelldemorella.org\/#organization\"},\"potentialAction\":[{\"@type\":\"SearchAction\",\"target\":{\"@type\":\"EntryPoint\",\"urlTemplate\":\"https:\/\/portelldemorella.org\/?s={search_term_string}\"},\"query-input\":{\"@type\":\"PropertyValueSpecification\",\"valueRequired\":true,\"valueName\":\"search_term_string\"}}],\"inLanguage\":\"ca\"},{\"@type\":\"Organization\",\"@id\":\"https:\/\/portelldemorella.org\/#organization\",\"name\":\"Portell de Morella\",\"url\":\"https:\/\/portelldemorella.org\/\",\"logo\":{\"@type\":\"ImageObject\",\"inLanguage\":\"ca\",\"@id\":\"https:\/\/portelldemorella.org\/#\/schema\/logo\/image\/\",\"url\":\"https:\/\/portelldemorella.org\/wp-content\/uploads\/2020\/11\/Escudo-Portell-04.jpg\",\"contentUrl\":\"https:\/\/portelldemorella.org\/wp-content\/uploads\/2020\/11\/Escudo-Portell-04.jpg\",\"width\":1001,\"height\":394,\"caption\":\"Portell de Morella\"},\"image\":{\"@id\":\"https:\/\/portelldemorella.org\/#\/schema\/logo\/image\/\"}},{\"@type\":\"Person\",\"@id\":\"https:\/\/portelldemorella.org\/#\/schema\/person\/2adde77c454244acd163488ec723a88b\",\"name\":\"portell\",\"image\":{\"@type\":\"ImageObject\",\"inLanguage\":\"ca\",\"@id\":\"https:\/\/portelldemorella.org\/#\/schema\/person\/image\/\",\"url\":\"https:\/\/secure.gravatar.com\/avatar\/077c6bd89604df620d2fa93a06be2531944cdd6826fd322dbd8b483fd84d6407?s=96&d=mm&r=g\",\"contentUrl\":\"https:\/\/secure.gravatar.com\/avatar\/077c6bd89604df620d2fa93a06be2531944cdd6826fd322dbd8b483fd84d6407?s=96&d=mm&r=g\",\"caption\":\"portell\"},\"sameAs\":[\"https:\/\/portelldemorella.org\"],\"url\":\"https:\/\/portelldemorella.org\/ca\/author\/portell\/\"}]}<\/script>\n<!-- \/ Yoast SEO plugin. -->","yoast_head_json":{"title":"\u201cTornem a volar\u201d el lema que Portell ha triat per a l\u2019Aplec dels Ports - Portell de Morella","robots":{"index":"noindex","follow":"follow","max-snippet":"max-snippet:-1","max-image-preview":"max-image-preview:large","max-video-preview":"max-video-preview:-1"},"og_locale":"ca_ES","og_type":"article","og_title":"\u201cTornem a volar\u201d el lema que Portell ha triat per a l\u2019Aplec dels Ports - Portell de Morella","og_description":"\u201cTornem a volar\u201d el lema que Portell ha triat per a l\u2019Aplec dels Ports.","og_url":"https:\/\/portelldemorella.org\/ca\/tornem-a-volar-el-lema-que-portell-ha-triat-per-a-laplec-dels-ports\/","og_site_name":"Portell de Morella","article_published_time":"2021-12-09T11:03:37+00:00","article_modified_time":"2022-09-29T10:54:19+00:00","og_image":[{"width":1600,"height":1200,"url":"https:\/\/portelldemorella.org\/wp-content\/uploads\/2021\/12\/Pro-Aplec-1.jpeg","type":"image\/jpeg"}],"author":"portell","twitter_card":"summary_large_image","twitter_misc":{"Escrit per":"portell","Temps estimat de lectura":"3 minuts"},"schema":{"@context":"https:\/\/schema.org","@graph":[{"@type":"Article","@id":"https:\/\/portelldemorella.org\/ca\/tornem-a-volar-el-lema-que-portell-ha-triat-per-a-laplec-dels-ports\/#article","isPartOf":{"@id":"https:\/\/portelldemorella.org\/ca\/tornem-a-volar-el-lema-que-portell-ha-triat-per-a-laplec-dels-ports\/"},"author":{"name":"portell","@id":"https:\/\/portelldemorella.org\/#\/schema\/person\/2adde77c454244acd163488ec723a88b"},"headline":"\u201cTornem a volar\u201d el lema que Portell ha triat per a l\u2019Aplec dels Ports","datePublished":"2021-12-09T11:03:37+00:00","dateModified":"2022-09-29T10:54:19+00:00","mainEntityOfPage":{"@id":"https:\/\/portelldemorella.org\/ca\/tornem-a-volar-el-lema-que-portell-ha-triat-per-a-laplec-dels-ports\/"},"wordCount":423,"publisher":{"@id":"https:\/\/portelldemorella.org\/#organization"},"image":{"@id":"https:\/\/portelldemorella.org\/ca\/tornem-a-volar-el-lema-que-portell-ha-triat-per-a-laplec-dels-ports\/#primaryimage"},"thumbnailUrl":"https:\/\/portelldemorella.org\/wp-content\/uploads\/2021\/12\/Pro-Aplec-1.jpeg","articleSection":["Ayuntamiento"],"inLanguage":"ca"},{"@type":"WebPage","@id":"https:\/\/portelldemorella.org\/ca\/tornem-a-volar-el-lema-que-portell-ha-triat-per-a-laplec-dels-ports\/","url":"https:\/\/portelldemorella.org\/ca\/tornem-a-volar-el-lema-que-portell-ha-triat-per-a-laplec-dels-ports\/","name":"\u201cTornem a volar\u201d el lema que Portell ha triat per a l\u2019Aplec dels Ports - Portell de Morella","isPartOf":{"@id":"https:\/\/portelldemorella.org\/#website"},"primaryImageOfPage":{"@id":"https:\/\/portelldemorella.org\/ca\/tornem-a-volar-el-lema-que-portell-ha-triat-per-a-laplec-dels-ports\/#primaryimage"},"image":{"@id":"https:\/\/portelldemorella.org\/ca\/tornem-a-volar-el-lema-que-portell-ha-triat-per-a-laplec-dels-ports\/#primaryimage"},"thumbnailUrl":"https:\/\/portelldemorella.org\/wp-content\/uploads\/2021\/12\/Pro-Aplec-1.jpeg","datePublished":"2021-12-09T11:03:37+00:00","dateModified":"2022-09-29T10:54:19+00:00","breadcrumb":{"@id":"https:\/\/portelldemorella.org\/ca\/tornem-a-volar-el-lema-que-portell-ha-triat-per-a-laplec-dels-ports\/#breadcrumb"},"inLanguage":"ca","potentialAction":[{"@type":"ReadAction","target":["https:\/\/portelldemorella.org\/ca\/tornem-a-volar-el-lema-que-portell-ha-triat-per-a-laplec-dels-ports\/"]}]},{"@type":"ImageObject","inLanguage":"ca","@id":"https:\/\/portelldemorella.org\/ca\/tornem-a-volar-el-lema-que-portell-ha-triat-per-a-laplec-dels-ports\/#primaryimage","url":"https:\/\/portelldemorella.org\/wp-content\/uploads\/2021\/12\/Pro-Aplec-1.jpeg","contentUrl":"https:\/\/portelldemorella.org\/wp-content\/uploads\/2021\/12\/Pro-Aplec-1.jpeg","width":1600,"height":1200},{"@type":"BreadcrumbList","@id":"https:\/\/portelldemorella.org\/ca\/tornem-a-volar-el-lema-que-portell-ha-triat-per-a-laplec-dels-ports\/#breadcrumb","itemListElement":[{"@type":"ListItem","position":1,"name":"Portada","item":"https:\/\/portelldemorella.org\/ca\/"},{"@type":"ListItem","position":2,"name":"\u201cTornem a volar\u201d el lema que Portell ha triat per a l\u2019Aplec dels Ports"}]},{"@type":"WebSite","@id":"https:\/\/portelldemorella.org\/#website","url":"https:\/\/portelldemorella.org\/","name":"Portell de Morella","description":"Web del Ayuntamiento de Portell de Morella","publisher":{"@id":"https:\/\/portelldemorella.org\/#organization"},"potentialAction":[{"@type":"SearchAction","target":{"@type":"EntryPoint","urlTemplate":"https:\/\/portelldemorella.org\/?s={search_term_string}"},"query-input":{"@type":"PropertyValueSpecification","valueRequired":true,"valueName":"search_term_string"}}],"inLanguage":"ca"},{"@type":"Organization","@id":"https:\/\/portelldemorella.org\/#organization","name":"Portell de Morella","url":"https:\/\/portelldemorella.org\/","logo":{"@type":"ImageObject","inLanguage":"ca","@id":"https:\/\/portelldemorella.org\/#\/schema\/logo\/image\/","url":"https:\/\/portelldemorella.org\/wp-content\/uploads\/2020\/11\/Escudo-Portell-04.jpg","contentUrl":"https:\/\/portelldemorella.org\/wp-content\/uploads\/2020\/11\/Escudo-Portell-04.jpg","width":1001,"height":394,"caption":"Portell de Morella"},"image":{"@id":"https:\/\/portelldemorella.org\/#\/schema\/logo\/image\/"}},{"@type":"Person","@id":"https:\/\/portelldemorella.org\/#\/schema\/person\/2adde77c454244acd163488ec723a88b","name":"portell","image":{"@type":"ImageObject","inLanguage":"ca","@id":"https:\/\/portelldemorella.org\/#\/schema\/person\/image\/","url":"https:\/\/secure.gravatar.com\/avatar\/077c6bd89604df620d2fa93a06be2531944cdd6826fd322dbd8b483fd84d6407?s=96&d=mm&r=g","contentUrl":"https:\/\/secure.gravatar.com\/avatar\/077c6bd89604df620d2fa93a06be2531944cdd6826fd322dbd8b483fd84d6407?s=96&d=mm&r=g","caption":"portell"},"sameAs":["https:\/\/portelldemorella.org"],"url":"https:\/\/portelldemorella.org\/ca\/author\/portell\/"}]}},"_links":{"self":[{"href":"https:\/\/portelldemorella.org\/ca\/wp-json\/wp\/v2\/posts\/7157","targetHints":{"allow":["GET"]}}],"collection":[{"href":"https:\/\/portelldemorella.org\/ca\/wp-json\/wp\/v2\/posts"}],"about":[{"href":"https:\/\/portelldemorella.org\/ca\/wp-json\/wp\/v2\/types\/post"}],"author":[{"embeddable":true,"href":"https:\/\/portelldemorella.org\/ca\/wp-json\/wp\/v2\/users\/1"}],"replies":[{"embeddable":true,"href":"https:\/\/portelldemorella.org\/ca\/wp-json\/wp\/v2\/comments?post=7157"}],"version-history":[{"count":1,"href":"https:\/\/portelldemorella.org\/ca\/wp-json\/wp\/v2\/posts\/7157\/revisions"}],"predecessor-version":[{"id":7162,"href":"https:\/\/portelldemorella.org\/ca\/wp-json\/wp\/v2\/posts\/7157\/revisions\/7162"}],"wp:featuredmedia":[{"embeddable":true,"href":"https:\/\/portelldemorella.org\/ca\/wp-json\/wp\/v2\/media\/7155"}],"wp:attachment":[{"href":"https:\/\/portelldemorella.org\/ca\/wp-json\/wp\/v2\/media?parent=7157"}],"wp:term":[{"taxonomy":"category","embeddable":true,"href":"https:\/\/portelldemorella.org\/ca\/wp-json\/wp\/v2\/categories?post=7157"},{"taxonomy":"post_tag","embeddable":true,"href":"https:\/\/portelldemorella.org\/ca\/wp-json\/wp\/v2\/tags?post=7157"}],"curies":[{"name":"wp","href":"https:\/\/api.w.org\/{rel}","templated":true}]}}