{"id":7189,"date":"2021-12-20T12:35:06","date_gmt":"2021-12-20T12:35:06","guid":{"rendered":"https:\/\/portelldemorella.org\/?p=7189"},"modified":"2022-09-29T10:54:04","modified_gmt":"2022-09-29T10:54:04","slug":"portell-celebra-el-dia-de-lesperanca","status":"publish","type":"post","link":"https:\/\/portelldemorella.org\/ca\/portell-celebra-el-dia-de-lesperanca\/","title":{"rendered":"Portell celebra el Dia de l\u2019Esperan\u00e7a"},"content":{"rendered":"\n<p>El municipi de Portell ha recuperat aquest cap de setmana un dels dies m\u00e9s importants per als seus habitants, el Dia de l\u2019Esperan\u00e7a, en honor a la verge patrona de la localitat.&nbsp;<\/p>\n\n\n\n<p>\u201cLa jornada va comen\u00e7ar a les onze i mitja al placet de l\u2019Esgl\u00e9sia, des d\u2019on va eixir la process\u00f3 amb la Mare de D\u00e9u, els gaiters i les quatre xiquetes que s\u2019encarreguen de dir les poesies que porten unes betes acompanyant la peanya. Quan van arribar als llavadors, les dues xiquetes m\u00e9s joves van recitar la primera poesia, es va dur a terme la missa i es va repartir la coqueta. A les cinc es va fer el rosari i seguit es va pujar en process\u00f3 amb les peanyes fins a la pla\u00e7a on les xiquetes m\u00e9s grans van fer la segona, la tercera i la quarta poesia. En acabar els \u201cdichos\u201d es va tornar la Mare de D\u00e9u a l\u2019Esgl\u00e9sia\u201d explica \u00c1lvaro Ferrer, alcalde de Portell.<\/p>\n\n\n\n<p>Per complementar el dia, la Colla l\u2019Embolic, actual comissi\u00f3 de festes, va organitzar un \u201ctardeo\u201d amb picadeta i m\u00fasica i una discom\u00f2bil per a la nit.&nbsp;<\/p>\n\n\n\n<p>Amb tot, va ser un gran dia per al record dels portellans i les portellanes que van tornar a viure una tradici\u00f3 molt arrelada a la localitat, la celebraci\u00f3 del Dia de l\u2019Esperan\u00e7a.\u00a0<\/p>\n\n\n\n<div class=\"wp-block-columns is-layout-flex wp-container-core-columns-is-layout-9d6595d7 wp-block-columns-is-layout-flex\">\n<div class=\"wp-block-column is-layout-flow wp-block-column-is-layout-flow\">\n<figure class=\"wp-block-image size-large\"><img fetchpriority=\"high\" decoding=\"async\" width=\"1024\" height=\"576\" src=\"https:\/\/portelldemorella.org\/wp-content\/uploads\/2021\/12\/Dia-de-lEsperanca-2-1-1024x576.jpg\" alt=\"\" class=\"wp-image-7190\" srcset=\"https:\/\/portelldemorella.org\/wp-content\/uploads\/2021\/12\/Dia-de-lEsperanca-2-1-1024x576.jpg 1024w, https:\/\/portelldemorella.org\/wp-content\/uploads\/2021\/12\/Dia-de-lEsperanca-2-1-300x169.jpg 300w, https:\/\/portelldemorella.org\/wp-content\/uploads\/2021\/12\/Dia-de-lEsperanca-2-1-768x432.jpg 768w, https:\/\/portelldemorella.org\/wp-content\/uploads\/2021\/12\/Dia-de-lEsperanca-2-1-1536x864.jpg 1536w, https:\/\/portelldemorella.org\/wp-content\/uploads\/2021\/12\/Dia-de-lEsperanca-2-1-2048x1151.jpg 2048w, https:\/\/portelldemorella.org\/wp-content\/uploads\/2021\/12\/Dia-de-lEsperanca-2-1-600x337.jpg 600w, https:\/\/portelldemorella.org\/wp-content\/uploads\/2021\/12\/Dia-de-lEsperanca-2-1-560x315.jpg 560w\" sizes=\"(max-width: 1024px) 100vw, 1024px\" \/><\/figure>\n<\/div>\n\n\n\n<div class=\"wp-block-column is-layout-flow wp-block-column-is-layout-flow\">\n<figure class=\"wp-block-image size-large\"><img decoding=\"async\" width=\"1024\" height=\"640\" src=\"https:\/\/portelldemorella.org\/wp-content\/uploads\/2021\/12\/Dia-de-lEsperanca-3-1-1024x640.jpg\" alt=\"\" class=\"wp-image-7192\" srcset=\"https:\/\/portelldemorella.org\/wp-content\/uploads\/2021\/12\/Dia-de-lEsperanca-3-1-1024x640.jpg 1024w, https:\/\/portelldemorella.org\/wp-content\/uploads\/2021\/12\/Dia-de-lEsperanca-3-1-300x187.jpg 300w, https:\/\/portelldemorella.org\/wp-content\/uploads\/2021\/12\/Dia-de-lEsperanca-3-1-768x480.jpg 768w, https:\/\/portelldemorella.org\/wp-content\/uploads\/2021\/12\/Dia-de-lEsperanca-3-1-1536x959.jpg 1536w, https:\/\/portelldemorella.org\/wp-content\/uploads\/2021\/12\/Dia-de-lEsperanca-3-1-2048x1279.jpg 2048w, https:\/\/portelldemorella.org\/wp-content\/uploads\/2021\/12\/Dia-de-lEsperanca-3-1-600x375.jpg 600w, https:\/\/portelldemorella.org\/wp-content\/uploads\/2021\/12\/Dia-de-lEsperanca-3-1-560x350.jpg 560w\" sizes=\"(max-width: 1024px) 100vw, 1024px\" \/><\/figure>\n<\/div>\n<\/div>\n","protected":false},"excerpt":{"rendered":"<p>Portell celebra el Dia de l\u2019Esperan\u00e7a<\/p>\n","protected":false},"author":1,"featured_media":7183,"comment_status":"closed","ping_status":"closed","sticky":false,"template":"","format":"standard","meta":{"footnotes":""},"categories":[97,79],"tags":[],"class_list":["post-7189","post","type-post","status-publish","format-standard","has-post-thumbnail","hentry","category-ayuntamiento-ca","category-sense-categoria"],"yoast_head":"<!-- This site is optimized with the Yoast SEO plugin v24.4 - https:\/\/yoast.com\/wordpress\/plugins\/seo\/ -->\n<title>Portell celebra el Dia de l\u2019Esperan\u00e7a - Portell de Morella<\/title>\n<meta name=\"robots\" content=\"noindex, follow, max-snippet:-1, max-image-preview:large, max-video-preview:-1\" \/>\n<meta property=\"og:locale\" content=\"ca_ES\" \/>\n<meta property=\"og:type\" content=\"article\" \/>\n<meta property=\"og:title\" content=\"Portell celebra el Dia de l\u2019Esperan\u00e7a - Portell de Morella\" \/>\n<meta property=\"og:description\" content=\"Portell celebra el Dia de l\u2019Esperan\u00e7a\" \/>\n<meta property=\"og:url\" content=\"https:\/\/portelldemorella.org\/ca\/portell-celebra-el-dia-de-lesperanca\/\" \/>\n<meta property=\"og:site_name\" content=\"Portell de Morella\" \/>\n<meta property=\"article:published_time\" content=\"2021-12-20T12:35:06+00:00\" \/>\n<meta property=\"article:modified_time\" content=\"2022-09-29T10:54:04+00:00\" \/>\n<meta property=\"og:image\" content=\"https:\/\/portelldemorella.org\/wp-content\/uploads\/2021\/12\/Dia-de-lEsperanca-scaled.jpg\" \/>\n\t<meta property=\"og:image:width\" content=\"2560\" \/>\n\t<meta property=\"og:image:height\" content=\"2524\" \/>\n\t<meta property=\"og:image:type\" content=\"image\/jpeg\" \/>\n<meta name=\"author\" content=\"portell\" \/>\n<meta name=\"twitter:card\" content=\"summary_large_image\" \/>\n<meta name=\"twitter:label1\" content=\"Escrit per\" \/>\n\t<meta name=\"twitter:data1\" content=\"portell\" \/>\n\t<meta name=\"twitter:label2\" content=\"Temps estimat de lectura\" \/>\n\t<meta name=\"twitter:data2\" content=\"2 minuts\" \/>\n<script type=\"application\/ld+json\" class=\"yoast-schema-graph\">{\"@context\":\"https:\/\/schema.org\",\"@graph\":[{\"@type\":\"Article\",\"@id\":\"https:\/\/portelldemorella.org\/ca\/portell-celebra-el-dia-de-lesperanca\/#article\",\"isPartOf\":{\"@id\":\"https:\/\/portelldemorella.org\/ca\/portell-celebra-el-dia-de-lesperanca\/\"},\"author\":{\"name\":\"portell\",\"@id\":\"https:\/\/portelldemorella.org\/#\/schema\/person\/2adde77c454244acd163488ec723a88b\"},\"headline\":\"Portell celebra el Dia de l\u2019Esperan\u00e7a\",\"datePublished\":\"2021-12-20T12:35:06+00:00\",\"dateModified\":\"2022-09-29T10:54:04+00:00\",\"mainEntityOfPage\":{\"@id\":\"https:\/\/portelldemorella.org\/ca\/portell-celebra-el-dia-de-lesperanca\/\"},\"wordCount\":248,\"publisher\":{\"@id\":\"https:\/\/portelldemorella.org\/#organization\"},\"image\":{\"@id\":\"https:\/\/portelldemorella.org\/ca\/portell-celebra-el-dia-de-lesperanca\/#primaryimage\"},\"thumbnailUrl\":\"https:\/\/portelldemorella.org\/wp-content\/uploads\/2021\/12\/Dia-de-lEsperanca-scaled.jpg\",\"articleSection\":[\"Ayuntamiento\"],\"inLanguage\":\"ca\"},{\"@type\":\"WebPage\",\"@id\":\"https:\/\/portelldemorella.org\/ca\/portell-celebra-el-dia-de-lesperanca\/\",\"url\":\"https:\/\/portelldemorella.org\/ca\/portell-celebra-el-dia-de-lesperanca\/\",\"name\":\"Portell celebra el Dia de l\u2019Esperan\u00e7a - Portell de Morella\",\"isPartOf\":{\"@id\":\"https:\/\/portelldemorella.org\/#website\"},\"primaryImageOfPage\":{\"@id\":\"https:\/\/portelldemorella.org\/ca\/portell-celebra-el-dia-de-lesperanca\/#primaryimage\"},\"image\":{\"@id\":\"https:\/\/portelldemorella.org\/ca\/portell-celebra-el-dia-de-lesperanca\/#primaryimage\"},\"thumbnailUrl\":\"https:\/\/portelldemorella.org\/wp-content\/uploads\/2021\/12\/Dia-de-lEsperanca-scaled.jpg\",\"datePublished\":\"2021-12-20T12:35:06+00:00\",\"dateModified\":\"2022-09-29T10:54:04+00:00\",\"breadcrumb\":{\"@id\":\"https:\/\/portelldemorella.org\/ca\/portell-celebra-el-dia-de-lesperanca\/#breadcrumb\"},\"inLanguage\":\"ca\",\"potentialAction\":[{\"@type\":\"ReadAction\",\"target\":[\"https:\/\/portelldemorella.org\/ca\/portell-celebra-el-dia-de-lesperanca\/\"]}]},{\"@type\":\"ImageObject\",\"inLanguage\":\"ca\",\"@id\":\"https:\/\/portelldemorella.org\/ca\/portell-celebra-el-dia-de-lesperanca\/#primaryimage\",\"url\":\"https:\/\/portelldemorella.org\/wp-content\/uploads\/2021\/12\/Dia-de-lEsperanca-scaled.jpg\",\"contentUrl\":\"https:\/\/portelldemorella.org\/wp-content\/uploads\/2021\/12\/Dia-de-lEsperanca-scaled.jpg\",\"width\":2560,\"height\":2524},{\"@type\":\"BreadcrumbList\",\"@id\":\"https:\/\/portelldemorella.org\/ca\/portell-celebra-el-dia-de-lesperanca\/#breadcrumb\",\"itemListElement\":[{\"@type\":\"ListItem\",\"position\":1,\"name\":\"Portada\",\"item\":\"https:\/\/portelldemorella.org\/ca\/\"},{\"@type\":\"ListItem\",\"position\":2,\"name\":\"Portell celebra el Dia de l\u2019Esperan\u00e7a\"}]},{\"@type\":\"WebSite\",\"@id\":\"https:\/\/portelldemorella.org\/#website\",\"url\":\"https:\/\/portelldemorella.org\/\",\"name\":\"Portell de Morella\",\"description\":\"Web del Ayuntamiento de Portell de Morella\",\"publisher\":{\"@id\":\"https:\/\/portelldemorella.org\/#organization\"},\"potentialAction\":[{\"@type\":\"SearchAction\",\"target\":{\"@type\":\"EntryPoint\",\"urlTemplate\":\"https:\/\/portelldemorella.org\/?s={search_term_string}\"},\"query-input\":{\"@type\":\"PropertyValueSpecification\",\"valueRequired\":true,\"valueName\":\"search_term_string\"}}],\"inLanguage\":\"ca\"},{\"@type\":\"Organization\",\"@id\":\"https:\/\/portelldemorella.org\/#organization\",\"name\":\"Portell de Morella\",\"url\":\"https:\/\/portelldemorella.org\/\",\"logo\":{\"@type\":\"ImageObject\",\"inLanguage\":\"ca\",\"@id\":\"https:\/\/portelldemorella.org\/#\/schema\/logo\/image\/\",\"url\":\"https:\/\/portelldemorella.org\/wp-content\/uploads\/2020\/11\/Escudo-Portell-04.jpg\",\"contentUrl\":\"https:\/\/portelldemorella.org\/wp-content\/uploads\/2020\/11\/Escudo-Portell-04.jpg\",\"width\":1001,\"height\":394,\"caption\":\"Portell de Morella\"},\"image\":{\"@id\":\"https:\/\/portelldemorella.org\/#\/schema\/logo\/image\/\"}},{\"@type\":\"Person\",\"@id\":\"https:\/\/portelldemorella.org\/#\/schema\/person\/2adde77c454244acd163488ec723a88b\",\"name\":\"portell\",\"image\":{\"@type\":\"ImageObject\",\"inLanguage\":\"ca\",\"@id\":\"https:\/\/portelldemorella.org\/#\/schema\/person\/image\/\",\"url\":\"https:\/\/secure.gravatar.com\/avatar\/077c6bd89604df620d2fa93a06be2531944cdd6826fd322dbd8b483fd84d6407?s=96&d=mm&r=g\",\"contentUrl\":\"https:\/\/secure.gravatar.com\/avatar\/077c6bd89604df620d2fa93a06be2531944cdd6826fd322dbd8b483fd84d6407?s=96&d=mm&r=g\",\"caption\":\"portell\"},\"sameAs\":[\"https:\/\/portelldemorella.org\"],\"url\":\"https:\/\/portelldemorella.org\/ca\/author\/portell\/\"}]}<\/script>\n<!-- \/ Yoast SEO plugin. -->","yoast_head_json":{"title":"Portell celebra el Dia de l\u2019Esperan\u00e7a - Portell de Morella","robots":{"index":"noindex","follow":"follow","max-snippet":"max-snippet:-1","max-image-preview":"max-image-preview:large","max-video-preview":"max-video-preview:-1"},"og_locale":"ca_ES","og_type":"article","og_title":"Portell celebra el Dia de l\u2019Esperan\u00e7a - Portell de Morella","og_description":"Portell celebra el Dia de l\u2019Esperan\u00e7a","og_url":"https:\/\/portelldemorella.org\/ca\/portell-celebra-el-dia-de-lesperanca\/","og_site_name":"Portell de Morella","article_published_time":"2021-12-20T12:35:06+00:00","article_modified_time":"2022-09-29T10:54:04+00:00","og_image":[{"width":2560,"height":2524,"url":"https:\/\/portelldemorella.org\/wp-content\/uploads\/2021\/12\/Dia-de-lEsperanca-scaled.jpg","type":"image\/jpeg"}],"author":"portell","twitter_card":"summary_large_image","twitter_misc":{"Escrit per":"portell","Temps estimat de lectura":"2 minuts"},"schema":{"@context":"https:\/\/schema.org","@graph":[{"@type":"Article","@id":"https:\/\/portelldemorella.org\/ca\/portell-celebra-el-dia-de-lesperanca\/#article","isPartOf":{"@id":"https:\/\/portelldemorella.org\/ca\/portell-celebra-el-dia-de-lesperanca\/"},"author":{"name":"portell","@id":"https:\/\/portelldemorella.org\/#\/schema\/person\/2adde77c454244acd163488ec723a88b"},"headline":"Portell celebra el Dia de l\u2019Esperan\u00e7a","datePublished":"2021-12-20T12:35:06+00:00","dateModified":"2022-09-29T10:54:04+00:00","mainEntityOfPage":{"@id":"https:\/\/portelldemorella.org\/ca\/portell-celebra-el-dia-de-lesperanca\/"},"wordCount":248,"publisher":{"@id":"https:\/\/portelldemorella.org\/#organization"},"image":{"@id":"https:\/\/portelldemorella.org\/ca\/portell-celebra-el-dia-de-lesperanca\/#primaryimage"},"thumbnailUrl":"https:\/\/portelldemorella.org\/wp-content\/uploads\/2021\/12\/Dia-de-lEsperanca-scaled.jpg","articleSection":["Ayuntamiento"],"inLanguage":"ca"},{"@type":"WebPage","@id":"https:\/\/portelldemorella.org\/ca\/portell-celebra-el-dia-de-lesperanca\/","url":"https:\/\/portelldemorella.org\/ca\/portell-celebra-el-dia-de-lesperanca\/","name":"Portell celebra el Dia de l\u2019Esperan\u00e7a - Portell de Morella","isPartOf":{"@id":"https:\/\/portelldemorella.org\/#website"},"primaryImageOfPage":{"@id":"https:\/\/portelldemorella.org\/ca\/portell-celebra-el-dia-de-lesperanca\/#primaryimage"},"image":{"@id":"https:\/\/portelldemorella.org\/ca\/portell-celebra-el-dia-de-lesperanca\/#primaryimage"},"thumbnailUrl":"https:\/\/portelldemorella.org\/wp-content\/uploads\/2021\/12\/Dia-de-lEsperanca-scaled.jpg","datePublished":"2021-12-20T12:35:06+00:00","dateModified":"2022-09-29T10:54:04+00:00","breadcrumb":{"@id":"https:\/\/portelldemorella.org\/ca\/portell-celebra-el-dia-de-lesperanca\/#breadcrumb"},"inLanguage":"ca","potentialAction":[{"@type":"ReadAction","target":["https:\/\/portelldemorella.org\/ca\/portell-celebra-el-dia-de-lesperanca\/"]}]},{"@type":"ImageObject","inLanguage":"ca","@id":"https:\/\/portelldemorella.org\/ca\/portell-celebra-el-dia-de-lesperanca\/#primaryimage","url":"https:\/\/portelldemorella.org\/wp-content\/uploads\/2021\/12\/Dia-de-lEsperanca-scaled.jpg","contentUrl":"https:\/\/portelldemorella.org\/wp-content\/uploads\/2021\/12\/Dia-de-lEsperanca-scaled.jpg","width":2560,"height":2524},{"@type":"BreadcrumbList","@id":"https:\/\/portelldemorella.org\/ca\/portell-celebra-el-dia-de-lesperanca\/#breadcrumb","itemListElement":[{"@type":"ListItem","position":1,"name":"Portada","item":"https:\/\/portelldemorella.org\/ca\/"},{"@type":"ListItem","position":2,"name":"Portell celebra el Dia de l\u2019Esperan\u00e7a"}]},{"@type":"WebSite","@id":"https:\/\/portelldemorella.org\/#website","url":"https:\/\/portelldemorella.org\/","name":"Portell de Morella","description":"Web del Ayuntamiento de Portell de Morella","publisher":{"@id":"https:\/\/portelldemorella.org\/#organization"},"potentialAction":[{"@type":"SearchAction","target":{"@type":"EntryPoint","urlTemplate":"https:\/\/portelldemorella.org\/?s={search_term_string}"},"query-input":{"@type":"PropertyValueSpecification","valueRequired":true,"valueName":"search_term_string"}}],"inLanguage":"ca"},{"@type":"Organization","@id":"https:\/\/portelldemorella.org\/#organization","name":"Portell de Morella","url":"https:\/\/portelldemorella.org\/","logo":{"@type":"ImageObject","inLanguage":"ca","@id":"https:\/\/portelldemorella.org\/#\/schema\/logo\/image\/","url":"https:\/\/portelldemorella.org\/wp-content\/uploads\/2020\/11\/Escudo-Portell-04.jpg","contentUrl":"https:\/\/portelldemorella.org\/wp-content\/uploads\/2020\/11\/Escudo-Portell-04.jpg","width":1001,"height":394,"caption":"Portell de Morella"},"image":{"@id":"https:\/\/portelldemorella.org\/#\/schema\/logo\/image\/"}},{"@type":"Person","@id":"https:\/\/portelldemorella.org\/#\/schema\/person\/2adde77c454244acd163488ec723a88b","name":"portell","image":{"@type":"ImageObject","inLanguage":"ca","@id":"https:\/\/portelldemorella.org\/#\/schema\/person\/image\/","url":"https:\/\/secure.gravatar.com\/avatar\/077c6bd89604df620d2fa93a06be2531944cdd6826fd322dbd8b483fd84d6407?s=96&d=mm&r=g","contentUrl":"https:\/\/secure.gravatar.com\/avatar\/077c6bd89604df620d2fa93a06be2531944cdd6826fd322dbd8b483fd84d6407?s=96&d=mm&r=g","caption":"portell"},"sameAs":["https:\/\/portelldemorella.org"],"url":"https:\/\/portelldemorella.org\/ca\/author\/portell\/"}]}},"_links":{"self":[{"href":"https:\/\/portelldemorella.org\/ca\/wp-json\/wp\/v2\/posts\/7189","targetHints":{"allow":["GET"]}}],"collection":[{"href":"https:\/\/portelldemorella.org\/ca\/wp-json\/wp\/v2\/posts"}],"about":[{"href":"https:\/\/portelldemorella.org\/ca\/wp-json\/wp\/v2\/types\/post"}],"author":[{"embeddable":true,"href":"https:\/\/portelldemorella.org\/ca\/wp-json\/wp\/v2\/users\/1"}],"replies":[{"embeddable":true,"href":"https:\/\/portelldemorella.org\/ca\/wp-json\/wp\/v2\/comments?post=7189"}],"version-history":[{"count":1,"href":"https:\/\/portelldemorella.org\/ca\/wp-json\/wp\/v2\/posts\/7189\/revisions"}],"predecessor-version":[{"id":7194,"href":"https:\/\/portelldemorella.org\/ca\/wp-json\/wp\/v2\/posts\/7189\/revisions\/7194"}],"wp:featuredmedia":[{"embeddable":true,"href":"https:\/\/portelldemorella.org\/ca\/wp-json\/wp\/v2\/media\/7183"}],"wp:attachment":[{"href":"https:\/\/portelldemorella.org\/ca\/wp-json\/wp\/v2\/media?parent=7189"}],"wp:term":[{"taxonomy":"category","embeddable":true,"href":"https:\/\/portelldemorella.org\/ca\/wp-json\/wp\/v2\/categories?post=7189"},{"taxonomy":"post_tag","embeddable":true,"href":"https:\/\/portelldemorella.org\/ca\/wp-json\/wp\/v2\/tags?post=7189"}],"curies":[{"name":"wp","href":"https:\/\/api.w.org\/{rel}","templated":true}]}}