{"id":7247,"date":"2022-01-11T16:21:33","date_gmt":"2022-01-11T16:21:33","guid":{"rendered":"https:\/\/portelldemorella.org\/portell-un-paso-mas-cerca-de-tener-cajero-automatico\/"},"modified":"2022-09-29T10:53:50","modified_gmt":"2022-09-29T10:53:50","slug":"portell-un-paso-mas-cerca-de-tener-cajero-automatico","status":"publish","type":"post","link":"https:\/\/portelldemorella.org\/ca\/portell-un-paso-mas-cerca-de-tener-cajero-automatico\/","title":{"rendered":"Portell un pas m\u00e9s a prop de tenir caixer autom\u00e0tic"},"content":{"rendered":"\n<p>El municipi de Portell ha rebut avui la visita de personal de l\u2019entitat banc\u00e0ria Caixa Bank per a tractar la instal\u00b7laci\u00f3 d\u2019un caixer a la localitat.<\/p>\n\n\n\n<p>Durant la trobada el responsable de Caixa Bank ha manifestat la necessitat per part del consistori de trobar un local accessible on c\u00e0piga un caixer d\u2019un metre i mig per dos metres i mig.<\/p>\n\n\n\n<p>\u201cA l\u2019Ajuntament ens trobem estudiant alternatives d\u2019espai per a poder ubicar el caixer, quan tinguem el lloc procediran a instal\u00b7lar-lo. De la l\u00ednia de tel\u00e8fon i de la seguretat s\u2019encarregaran ells\u201d explica \u00c1lvaro Ferrer, alcalde del municipi.<\/p>\n\n\n\n<p>Les persones que no tinguen els seus comptes en aquesta entitat banc\u00e0ria hauran de pagar una petita comissi\u00f3 a l\u2019hora de realitzar certs tr\u00e0mits. Tot i aix\u00f2, \u00e9s una gran not\u00edcia per al municipi la instal\u00b7laci\u00f3 d\u2019un caixer, ja que evitar\u00e0 molts despla\u00e7aments als habitants de Portell i apropar\u00e0 un servei als pobles ve\u00efns.<\/p>\n\n\n\n<figure class=\"wp-block-image size-large\"><img fetchpriority=\"high\" decoding=\"async\" width=\"1024\" height=\"678\" src=\"https:\/\/portelldemorella.org\/wp-content\/uploads\/2022\/01\/PORTELL-1-1024x678.jpg\" alt=\"\" class=\"wp-image-7244\" srcset=\"https:\/\/portelldemorella.org\/wp-content\/uploads\/2022\/01\/PORTELL-1-1024x678.jpg 1024w, https:\/\/portelldemorella.org\/wp-content\/uploads\/2022\/01\/PORTELL-1-300x199.jpg 300w, https:\/\/portelldemorella.org\/wp-content\/uploads\/2022\/01\/PORTELL-1-768x508.jpg 768w, https:\/\/portelldemorella.org\/wp-content\/uploads\/2022\/01\/PORTELL-1-1536x1017.jpg 1536w, https:\/\/portelldemorella.org\/wp-content\/uploads\/2022\/01\/PORTELL-1-600x397.jpg 600w, https:\/\/portelldemorella.org\/wp-content\/uploads\/2022\/01\/PORTELL-1-560x371.jpg 560w, https:\/\/portelldemorella.org\/wp-content\/uploads\/2022\/01\/PORTELL-1.jpg 1920w\" sizes=\"(max-width: 1024px) 100vw, 1024px\" \/><\/figure>\n","protected":false},"excerpt":{"rendered":"<p>Portell un pas m\u00e9s a prop de tenir caixer autom\u00e0tic<\/p>\n","protected":false},"author":1,"featured_media":7243,"comment_status":"closed","ping_status":"closed","sticky":false,"template":"","format":"standard","meta":{"footnotes":""},"categories":[97,79],"tags":[],"class_list":["post-7247","post","type-post","status-publish","format-standard","has-post-thumbnail","hentry","category-ayuntamiento-ca","category-sense-categoria"],"yoast_head":"<!-- This site is optimized with the Yoast SEO plugin v24.4 - https:\/\/yoast.com\/wordpress\/plugins\/seo\/ -->\n<title>Portell un pas m\u00e9s a prop de tenir caixer autom\u00e0tic - Portell de Morella<\/title>\n<meta name=\"robots\" content=\"noindex, follow, max-snippet:-1, max-image-preview:large, max-video-preview:-1\" \/>\n<meta property=\"og:locale\" content=\"ca_ES\" \/>\n<meta property=\"og:type\" content=\"article\" \/>\n<meta property=\"og:title\" content=\"Portell un pas m\u00e9s a prop de tenir caixer autom\u00e0tic - Portell de Morella\" \/>\n<meta property=\"og:description\" content=\"Portell un pas m\u00e9s a prop de tenir caixer autom\u00e0tic\" \/>\n<meta property=\"og:url\" content=\"https:\/\/portelldemorella.org\/ca\/portell-un-paso-mas-cerca-de-tener-cajero-automatico\/\" \/>\n<meta property=\"og:site_name\" content=\"Portell de Morella\" \/>\n<meta property=\"article:published_time\" content=\"2022-01-11T16:21:33+00:00\" \/>\n<meta property=\"article:modified_time\" content=\"2022-09-29T10:53:50+00:00\" \/>\n<meta property=\"og:image\" content=\"https:\/\/portelldemorella.org\/wp-content\/uploads\/2022\/01\/PORTELL.jpg\" \/>\n\t<meta property=\"og:image:width\" content=\"1920\" \/>\n\t<meta property=\"og:image:height\" content=\"1271\" \/>\n\t<meta property=\"og:image:type\" content=\"image\/jpeg\" \/>\n<meta name=\"author\" content=\"portell\" \/>\n<meta name=\"twitter:card\" content=\"summary_large_image\" \/>\n<meta name=\"twitter:label1\" content=\"Escrit per\" \/>\n\t<meta name=\"twitter:data1\" content=\"portell\" \/>\n\t<meta name=\"twitter:label2\" content=\"Temps estimat de lectura\" \/>\n\t<meta name=\"twitter:data2\" content=\"1 minut\" \/>\n<script type=\"application\/ld+json\" class=\"yoast-schema-graph\">{\"@context\":\"https:\/\/schema.org\",\"@graph\":[{\"@type\":\"Article\",\"@id\":\"https:\/\/portelldemorella.org\/ca\/portell-un-paso-mas-cerca-de-tener-cajero-automatico\/#article\",\"isPartOf\":{\"@id\":\"https:\/\/portelldemorella.org\/ca\/portell-un-paso-mas-cerca-de-tener-cajero-automatico\/\"},\"author\":{\"name\":\"portell\",\"@id\":\"https:\/\/portelldemorella.org\/#\/schema\/person\/2adde77c454244acd163488ec723a88b\"},\"headline\":\"Portell un pas m\u00e9s a prop de tenir caixer autom\u00e0tic\",\"datePublished\":\"2022-01-11T16:21:33+00:00\",\"dateModified\":\"2022-09-29T10:53:50+00:00\",\"mainEntityOfPage\":{\"@id\":\"https:\/\/portelldemorella.org\/ca\/portell-un-paso-mas-cerca-de-tener-cajero-automatico\/\"},\"wordCount\":183,\"publisher\":{\"@id\":\"https:\/\/portelldemorella.org\/#organization\"},\"image\":{\"@id\":\"https:\/\/portelldemorella.org\/ca\/portell-un-paso-mas-cerca-de-tener-cajero-automatico\/#primaryimage\"},\"thumbnailUrl\":\"https:\/\/portelldemorella.org\/wp-content\/uploads\/2022\/01\/PORTELL.jpg\",\"articleSection\":[\"Ayuntamiento\"],\"inLanguage\":\"ca\"},{\"@type\":\"WebPage\",\"@id\":\"https:\/\/portelldemorella.org\/ca\/portell-un-paso-mas-cerca-de-tener-cajero-automatico\/\",\"url\":\"https:\/\/portelldemorella.org\/ca\/portell-un-paso-mas-cerca-de-tener-cajero-automatico\/\",\"name\":\"Portell un pas m\u00e9s a prop de tenir caixer autom\u00e0tic - Portell de Morella\",\"isPartOf\":{\"@id\":\"https:\/\/portelldemorella.org\/#website\"},\"primaryImageOfPage\":{\"@id\":\"https:\/\/portelldemorella.org\/ca\/portell-un-paso-mas-cerca-de-tener-cajero-automatico\/#primaryimage\"},\"image\":{\"@id\":\"https:\/\/portelldemorella.org\/ca\/portell-un-paso-mas-cerca-de-tener-cajero-automatico\/#primaryimage\"},\"thumbnailUrl\":\"https:\/\/portelldemorella.org\/wp-content\/uploads\/2022\/01\/PORTELL.jpg\",\"datePublished\":\"2022-01-11T16:21:33+00:00\",\"dateModified\":\"2022-09-29T10:53:50+00:00\",\"breadcrumb\":{\"@id\":\"https:\/\/portelldemorella.org\/ca\/portell-un-paso-mas-cerca-de-tener-cajero-automatico\/#breadcrumb\"},\"inLanguage\":\"ca\",\"potentialAction\":[{\"@type\":\"ReadAction\",\"target\":[\"https:\/\/portelldemorella.org\/ca\/portell-un-paso-mas-cerca-de-tener-cajero-automatico\/\"]}]},{\"@type\":\"ImageObject\",\"inLanguage\":\"ca\",\"@id\":\"https:\/\/portelldemorella.org\/ca\/portell-un-paso-mas-cerca-de-tener-cajero-automatico\/#primaryimage\",\"url\":\"https:\/\/portelldemorella.org\/wp-content\/uploads\/2022\/01\/PORTELL.jpg\",\"contentUrl\":\"https:\/\/portelldemorella.org\/wp-content\/uploads\/2022\/01\/PORTELL.jpg\",\"width\":1920,\"height\":1271},{\"@type\":\"BreadcrumbList\",\"@id\":\"https:\/\/portelldemorella.org\/ca\/portell-un-paso-mas-cerca-de-tener-cajero-automatico\/#breadcrumb\",\"itemListElement\":[{\"@type\":\"ListItem\",\"position\":1,\"name\":\"Portada\",\"item\":\"https:\/\/portelldemorella.org\/ca\/\"},{\"@type\":\"ListItem\",\"position\":2,\"name\":\"Portell un pas m\u00e9s a prop de tenir caixer autom\u00e0tic\"}]},{\"@type\":\"WebSite\",\"@id\":\"https:\/\/portelldemorella.org\/#website\",\"url\":\"https:\/\/portelldemorella.org\/\",\"name\":\"Portell de Morella\",\"description\":\"Web del Ayuntamiento de Portell de Morella\",\"publisher\":{\"@id\":\"https:\/\/portelldemorella.org\/#organization\"},\"potentialAction\":[{\"@type\":\"SearchAction\",\"target\":{\"@type\":\"EntryPoint\",\"urlTemplate\":\"https:\/\/portelldemorella.org\/?s={search_term_string}\"},\"query-input\":{\"@type\":\"PropertyValueSpecification\",\"valueRequired\":true,\"valueName\":\"search_term_string\"}}],\"inLanguage\":\"ca\"},{\"@type\":\"Organization\",\"@id\":\"https:\/\/portelldemorella.org\/#organization\",\"name\":\"Portell de Morella\",\"url\":\"https:\/\/portelldemorella.org\/\",\"logo\":{\"@type\":\"ImageObject\",\"inLanguage\":\"ca\",\"@id\":\"https:\/\/portelldemorella.org\/#\/schema\/logo\/image\/\",\"url\":\"https:\/\/portelldemorella.org\/wp-content\/uploads\/2020\/11\/Escudo-Portell-04.jpg\",\"contentUrl\":\"https:\/\/portelldemorella.org\/wp-content\/uploads\/2020\/11\/Escudo-Portell-04.jpg\",\"width\":1001,\"height\":394,\"caption\":\"Portell de Morella\"},\"image\":{\"@id\":\"https:\/\/portelldemorella.org\/#\/schema\/logo\/image\/\"}},{\"@type\":\"Person\",\"@id\":\"https:\/\/portelldemorella.org\/#\/schema\/person\/2adde77c454244acd163488ec723a88b\",\"name\":\"portell\",\"image\":{\"@type\":\"ImageObject\",\"inLanguage\":\"ca\",\"@id\":\"https:\/\/portelldemorella.org\/#\/schema\/person\/image\/\",\"url\":\"https:\/\/secure.gravatar.com\/avatar\/077c6bd89604df620d2fa93a06be2531944cdd6826fd322dbd8b483fd84d6407?s=96&d=mm&r=g\",\"contentUrl\":\"https:\/\/secure.gravatar.com\/avatar\/077c6bd89604df620d2fa93a06be2531944cdd6826fd322dbd8b483fd84d6407?s=96&d=mm&r=g\",\"caption\":\"portell\"},\"sameAs\":[\"https:\/\/portelldemorella.org\"],\"url\":\"https:\/\/portelldemorella.org\/ca\/author\/portell\/\"}]}<\/script>\n<!-- \/ Yoast SEO plugin. -->","yoast_head_json":{"title":"Portell un pas m\u00e9s a prop de tenir caixer autom\u00e0tic - Portell de Morella","robots":{"index":"noindex","follow":"follow","max-snippet":"max-snippet:-1","max-image-preview":"max-image-preview:large","max-video-preview":"max-video-preview:-1"},"og_locale":"ca_ES","og_type":"article","og_title":"Portell un pas m\u00e9s a prop de tenir caixer autom\u00e0tic - Portell de Morella","og_description":"Portell un pas m\u00e9s a prop de tenir caixer autom\u00e0tic","og_url":"https:\/\/portelldemorella.org\/ca\/portell-un-paso-mas-cerca-de-tener-cajero-automatico\/","og_site_name":"Portell de Morella","article_published_time":"2022-01-11T16:21:33+00:00","article_modified_time":"2022-09-29T10:53:50+00:00","og_image":[{"width":1920,"height":1271,"url":"https:\/\/portelldemorella.org\/wp-content\/uploads\/2022\/01\/PORTELL.jpg","type":"image\/jpeg"}],"author":"portell","twitter_card":"summary_large_image","twitter_misc":{"Escrit per":"portell","Temps estimat de lectura":"1 minut"},"schema":{"@context":"https:\/\/schema.org","@graph":[{"@type":"Article","@id":"https:\/\/portelldemorella.org\/ca\/portell-un-paso-mas-cerca-de-tener-cajero-automatico\/#article","isPartOf":{"@id":"https:\/\/portelldemorella.org\/ca\/portell-un-paso-mas-cerca-de-tener-cajero-automatico\/"},"author":{"name":"portell","@id":"https:\/\/portelldemorella.org\/#\/schema\/person\/2adde77c454244acd163488ec723a88b"},"headline":"Portell un pas m\u00e9s a prop de tenir caixer autom\u00e0tic","datePublished":"2022-01-11T16:21:33+00:00","dateModified":"2022-09-29T10:53:50+00:00","mainEntityOfPage":{"@id":"https:\/\/portelldemorella.org\/ca\/portell-un-paso-mas-cerca-de-tener-cajero-automatico\/"},"wordCount":183,"publisher":{"@id":"https:\/\/portelldemorella.org\/#organization"},"image":{"@id":"https:\/\/portelldemorella.org\/ca\/portell-un-paso-mas-cerca-de-tener-cajero-automatico\/#primaryimage"},"thumbnailUrl":"https:\/\/portelldemorella.org\/wp-content\/uploads\/2022\/01\/PORTELL.jpg","articleSection":["Ayuntamiento"],"inLanguage":"ca"},{"@type":"WebPage","@id":"https:\/\/portelldemorella.org\/ca\/portell-un-paso-mas-cerca-de-tener-cajero-automatico\/","url":"https:\/\/portelldemorella.org\/ca\/portell-un-paso-mas-cerca-de-tener-cajero-automatico\/","name":"Portell un pas m\u00e9s a prop de tenir caixer autom\u00e0tic - Portell de Morella","isPartOf":{"@id":"https:\/\/portelldemorella.org\/#website"},"primaryImageOfPage":{"@id":"https:\/\/portelldemorella.org\/ca\/portell-un-paso-mas-cerca-de-tener-cajero-automatico\/#primaryimage"},"image":{"@id":"https:\/\/portelldemorella.org\/ca\/portell-un-paso-mas-cerca-de-tener-cajero-automatico\/#primaryimage"},"thumbnailUrl":"https:\/\/portelldemorella.org\/wp-content\/uploads\/2022\/01\/PORTELL.jpg","datePublished":"2022-01-11T16:21:33+00:00","dateModified":"2022-09-29T10:53:50+00:00","breadcrumb":{"@id":"https:\/\/portelldemorella.org\/ca\/portell-un-paso-mas-cerca-de-tener-cajero-automatico\/#breadcrumb"},"inLanguage":"ca","potentialAction":[{"@type":"ReadAction","target":["https:\/\/portelldemorella.org\/ca\/portell-un-paso-mas-cerca-de-tener-cajero-automatico\/"]}]},{"@type":"ImageObject","inLanguage":"ca","@id":"https:\/\/portelldemorella.org\/ca\/portell-un-paso-mas-cerca-de-tener-cajero-automatico\/#primaryimage","url":"https:\/\/portelldemorella.org\/wp-content\/uploads\/2022\/01\/PORTELL.jpg","contentUrl":"https:\/\/portelldemorella.org\/wp-content\/uploads\/2022\/01\/PORTELL.jpg","width":1920,"height":1271},{"@type":"BreadcrumbList","@id":"https:\/\/portelldemorella.org\/ca\/portell-un-paso-mas-cerca-de-tener-cajero-automatico\/#breadcrumb","itemListElement":[{"@type":"ListItem","position":1,"name":"Portada","item":"https:\/\/portelldemorella.org\/ca\/"},{"@type":"ListItem","position":2,"name":"Portell un pas m\u00e9s a prop de tenir caixer autom\u00e0tic"}]},{"@type":"WebSite","@id":"https:\/\/portelldemorella.org\/#website","url":"https:\/\/portelldemorella.org\/","name":"Portell de Morella","description":"Web del Ayuntamiento de Portell de Morella","publisher":{"@id":"https:\/\/portelldemorella.org\/#organization"},"potentialAction":[{"@type":"SearchAction","target":{"@type":"EntryPoint","urlTemplate":"https:\/\/portelldemorella.org\/?s={search_term_string}"},"query-input":{"@type":"PropertyValueSpecification","valueRequired":true,"valueName":"search_term_string"}}],"inLanguage":"ca"},{"@type":"Organization","@id":"https:\/\/portelldemorella.org\/#organization","name":"Portell de Morella","url":"https:\/\/portelldemorella.org\/","logo":{"@type":"ImageObject","inLanguage":"ca","@id":"https:\/\/portelldemorella.org\/#\/schema\/logo\/image\/","url":"https:\/\/portelldemorella.org\/wp-content\/uploads\/2020\/11\/Escudo-Portell-04.jpg","contentUrl":"https:\/\/portelldemorella.org\/wp-content\/uploads\/2020\/11\/Escudo-Portell-04.jpg","width":1001,"height":394,"caption":"Portell de Morella"},"image":{"@id":"https:\/\/portelldemorella.org\/#\/schema\/logo\/image\/"}},{"@type":"Person","@id":"https:\/\/portelldemorella.org\/#\/schema\/person\/2adde77c454244acd163488ec723a88b","name":"portell","image":{"@type":"ImageObject","inLanguage":"ca","@id":"https:\/\/portelldemorella.org\/#\/schema\/person\/image\/","url":"https:\/\/secure.gravatar.com\/avatar\/077c6bd89604df620d2fa93a06be2531944cdd6826fd322dbd8b483fd84d6407?s=96&d=mm&r=g","contentUrl":"https:\/\/secure.gravatar.com\/avatar\/077c6bd89604df620d2fa93a06be2531944cdd6826fd322dbd8b483fd84d6407?s=96&d=mm&r=g","caption":"portell"},"sameAs":["https:\/\/portelldemorella.org"],"url":"https:\/\/portelldemorella.org\/ca\/author\/portell\/"}]}},"_links":{"self":[{"href":"https:\/\/portelldemorella.org\/ca\/wp-json\/wp\/v2\/posts\/7247","targetHints":{"allow":["GET"]}}],"collection":[{"href":"https:\/\/portelldemorella.org\/ca\/wp-json\/wp\/v2\/posts"}],"about":[{"href":"https:\/\/portelldemorella.org\/ca\/wp-json\/wp\/v2\/types\/post"}],"author":[{"embeddable":true,"href":"https:\/\/portelldemorella.org\/ca\/wp-json\/wp\/v2\/users\/1"}],"replies":[{"embeddable":true,"href":"https:\/\/portelldemorella.org\/ca\/wp-json\/wp\/v2\/comments?post=7247"}],"version-history":[{"count":1,"href":"https:\/\/portelldemorella.org\/ca\/wp-json\/wp\/v2\/posts\/7247\/revisions"}],"predecessor-version":[{"id":7248,"href":"https:\/\/portelldemorella.org\/ca\/wp-json\/wp\/v2\/posts\/7247\/revisions\/7248"}],"wp:featuredmedia":[{"embeddable":true,"href":"https:\/\/portelldemorella.org\/ca\/wp-json\/wp\/v2\/media\/7243"}],"wp:attachment":[{"href":"https:\/\/portelldemorella.org\/ca\/wp-json\/wp\/v2\/media?parent=7247"}],"wp:term":[{"taxonomy":"category","embeddable":true,"href":"https:\/\/portelldemorella.org\/ca\/wp-json\/wp\/v2\/categories?post=7247"},{"taxonomy":"post_tag","embeddable":true,"href":"https:\/\/portelldemorella.org\/ca\/wp-json\/wp\/v2\/tags?post=7247"}],"curies":[{"name":"wp","href":"https:\/\/api.w.org\/{rel}","templated":true}]}}