{"id":7259,"date":"2022-02-08T15:29:52","date_gmt":"2022-02-08T15:29:52","guid":{"rendered":"https:\/\/portelldemorella.org\/?p=7259"},"modified":"2022-09-29T10:53:45","modified_gmt":"2022-09-29T10:53:45","slug":"el-pressupost-de-portell-per-al-2022-ascendeix-a-quasi-500-000-euros","status":"publish","type":"post","link":"https:\/\/portelldemorella.org\/ca\/el-pressupost-de-portell-per-al-2022-ascendeix-a-quasi-500-000-euros\/","title":{"rendered":"El pressupost de Portell per al 2022 ascendeix a quasi 500.000 euros"},"content":{"rendered":"\n<p>L\u2019Ajuntament de Portell de Morella ha aprovat els seus pressupostos per a l\u2019exercici del 2022. Aquests ascendeixen a 494.562 euros.&nbsp;<\/p>\n\n\n\n<p>Cal destacar la voluntat del consistori de no modificar cap import dels impostos, tot i que el de l\u2019aigua, que porta est\u00e0tic m\u00e9s de vint anys i actualment causa p\u00e8rdues a l\u2019ajuntament, s\u2019haur\u00e0 de revisar. \u201cConfiem que amb l\u2019electricitat que quedar\u00e0 \u00fatil per al poble de la comunitat energ\u00e8tica i l\u2019estalvi que suposar\u00e0 a les bombes d\u2019aigua, no h\u00e0gem d\u2019apujar l\u2019impost de l\u2019aigua\u201d explica \u00c1lvaro Ferrer, alcalde de la localitat.&nbsp;<\/p>\n\n\n\n<p>Una de les actuacions previstes consisteix a enderrocar i estructurar els habitatges comprats amb el pla Recuperem Llars. Per aquest projecte s\u2019han afegit diners propis de l\u2019ajuntament.&nbsp;<\/p>\n\n\n\n<p>Per a les actuacions del Pla Conviure i per ampliar la xarxa de calor municipal tamb\u00e9 s\u2019ha destinat part del pressupost total. \u201cSi ampliem els servidors de la xarxa, tamb\u00e9 haurem de comprar una nova caldera, per a aix\u00f2 ja hem demanat una subvenci\u00f3. A m\u00e9s, a la Uni\u00f3 Europea li hem demanat 20 estacions de calor\u201d apunta Ferrer.&nbsp;&nbsp;<\/p>\n\n\n\n<p>Part del pressupost d\u2019enguany est\u00e0 destinat a finalitzar obres i projectes de l\u2019any passat com per comprar el mobiliari de la Casa Abadia, arreglar la travessia que va del carrer Placeta al Carrer major, la canonada de la Font d\u2019Ineso fins al dip\u00f2sit, canviar la direcci\u00f3 del clavegueram perqu\u00e8 vaja per fora del poble i empedrar el tros que va del carrer Raval al Carrer Nou, entre d\u2019altres.&nbsp;<\/p>\n\n\n\n<p>El consistori de Portell destina un any m\u00e9s els seus pressupostos en seguir millorant les condicions de vida al poble i l\u2019oferta de serveis p\u00fablics d\u2019aquest.<\/p>\n\n\n\n<figure class=\"wp-block-image size-large\"><img fetchpriority=\"high\" decoding=\"async\" width=\"1024\" height=\"389\" src=\"https:\/\/portelldemorella.org\/wp-content\/uploads\/2022\/02\/PORTELL-2-1024x389.jpg\" alt=\"\" class=\"wp-image-7260\" srcset=\"https:\/\/portelldemorella.org\/wp-content\/uploads\/2022\/02\/PORTELL-2-1024x389.jpg 1024w, https:\/\/portelldemorella.org\/wp-content\/uploads\/2022\/02\/PORTELL-2-300x114.jpg 300w, https:\/\/portelldemorella.org\/wp-content\/uploads\/2022\/02\/PORTELL-2-768x292.jpg 768w, https:\/\/portelldemorella.org\/wp-content\/uploads\/2022\/02\/PORTELL-2-1536x584.jpg 1536w, https:\/\/portelldemorella.org\/wp-content\/uploads\/2022\/02\/PORTELL-2-600x228.jpg 600w, https:\/\/portelldemorella.org\/wp-content\/uploads\/2022\/02\/PORTELL-2-560x213.jpg 560w, https:\/\/portelldemorella.org\/wp-content\/uploads\/2022\/02\/PORTELL-2.jpg 1920w\" sizes=\"(max-width: 1024px) 100vw, 1024px\" \/><\/figure>\n","protected":false},"excerpt":{"rendered":"<p>El pressupost de Portell per al 2022 ascendeix a quasi 500.000 euros<\/p>\n","protected":false},"author":1,"featured_media":7260,"comment_status":"closed","ping_status":"open","sticky":false,"template":"","format":"standard","meta":{"footnotes":""},"categories":[97,79],"tags":[],"class_list":["post-7259","post","type-post","status-publish","format-standard","has-post-thumbnail","hentry","category-ayuntamiento-ca","category-sense-categoria"],"yoast_head":"<!-- This site is optimized with the Yoast SEO plugin v24.4 - https:\/\/yoast.com\/wordpress\/plugins\/seo\/ -->\n<title>El pressupost de Portell per al 2022 ascendeix a quasi 500.000 euros - Portell de Morella<\/title>\n<meta name=\"robots\" content=\"noindex, follow, max-snippet:-1, max-image-preview:large, max-video-preview:-1\" \/>\n<meta property=\"og:locale\" content=\"ca_ES\" \/>\n<meta property=\"og:type\" content=\"article\" \/>\n<meta property=\"og:title\" content=\"El pressupost de Portell per al 2022 ascendeix a quasi 500.000 euros - Portell de Morella\" \/>\n<meta property=\"og:description\" content=\"El pressupost de Portell per al 2022 ascendeix a quasi 500.000 euros\" \/>\n<meta property=\"og:url\" content=\"https:\/\/portelldemorella.org\/ca\/el-pressupost-de-portell-per-al-2022-ascendeix-a-quasi-500-000-euros\/\" \/>\n<meta property=\"og:site_name\" content=\"Portell de Morella\" \/>\n<meta property=\"article:published_time\" content=\"2022-02-08T15:29:52+00:00\" \/>\n<meta property=\"article:modified_time\" content=\"2022-09-29T10:53:45+00:00\" \/>\n<meta property=\"og:image\" content=\"https:\/\/portelldemorella.org\/wp-content\/uploads\/2022\/02\/PORTELL-2.jpg\" \/>\n\t<meta property=\"og:image:width\" content=\"1920\" \/>\n\t<meta property=\"og:image:height\" content=\"730\" \/>\n\t<meta property=\"og:image:type\" content=\"image\/jpeg\" \/>\n<meta name=\"author\" content=\"portell\" \/>\n<meta name=\"twitter:card\" content=\"summary_large_image\" \/>\n<meta name=\"twitter:label1\" content=\"Escrit per\" \/>\n\t<meta name=\"twitter:data1\" content=\"portell\" \/>\n\t<meta name=\"twitter:label2\" content=\"Temps estimat de lectura\" \/>\n\t<meta name=\"twitter:data2\" content=\"2 minuts\" \/>\n<script type=\"application\/ld+json\" class=\"yoast-schema-graph\">{\"@context\":\"https:\/\/schema.org\",\"@graph\":[{\"@type\":\"Article\",\"@id\":\"https:\/\/portelldemorella.org\/ca\/el-pressupost-de-portell-per-al-2022-ascendeix-a-quasi-500-000-euros\/#article\",\"isPartOf\":{\"@id\":\"https:\/\/portelldemorella.org\/ca\/el-pressupost-de-portell-per-al-2022-ascendeix-a-quasi-500-000-euros\/\"},\"author\":{\"name\":\"portell\",\"@id\":\"https:\/\/portelldemorella.org\/#\/schema\/person\/2adde77c454244acd163488ec723a88b\"},\"headline\":\"El pressupost de Portell per al 2022 ascendeix a quasi 500.000 euros\",\"datePublished\":\"2022-02-08T15:29:52+00:00\",\"dateModified\":\"2022-09-29T10:53:45+00:00\",\"mainEntityOfPage\":{\"@id\":\"https:\/\/portelldemorella.org\/ca\/el-pressupost-de-portell-per-al-2022-ascendeix-a-quasi-500-000-euros\/\"},\"wordCount\":312,\"publisher\":{\"@id\":\"https:\/\/portelldemorella.org\/#organization\"},\"image\":{\"@id\":\"https:\/\/portelldemorella.org\/ca\/el-pressupost-de-portell-per-al-2022-ascendeix-a-quasi-500-000-euros\/#primaryimage\"},\"thumbnailUrl\":\"https:\/\/portelldemorella.org\/wp-content\/uploads\/2022\/02\/PORTELL-2.jpg\",\"articleSection\":[\"Ayuntamiento\"],\"inLanguage\":\"ca\"},{\"@type\":\"WebPage\",\"@id\":\"https:\/\/portelldemorella.org\/ca\/el-pressupost-de-portell-per-al-2022-ascendeix-a-quasi-500-000-euros\/\",\"url\":\"https:\/\/portelldemorella.org\/ca\/el-pressupost-de-portell-per-al-2022-ascendeix-a-quasi-500-000-euros\/\",\"name\":\"El pressupost de Portell per al 2022 ascendeix a quasi 500.000 euros - Portell de Morella\",\"isPartOf\":{\"@id\":\"https:\/\/portelldemorella.org\/#website\"},\"primaryImageOfPage\":{\"@id\":\"https:\/\/portelldemorella.org\/ca\/el-pressupost-de-portell-per-al-2022-ascendeix-a-quasi-500-000-euros\/#primaryimage\"},\"image\":{\"@id\":\"https:\/\/portelldemorella.org\/ca\/el-pressupost-de-portell-per-al-2022-ascendeix-a-quasi-500-000-euros\/#primaryimage\"},\"thumbnailUrl\":\"https:\/\/portelldemorella.org\/wp-content\/uploads\/2022\/02\/PORTELL-2.jpg\",\"datePublished\":\"2022-02-08T15:29:52+00:00\",\"dateModified\":\"2022-09-29T10:53:45+00:00\",\"breadcrumb\":{\"@id\":\"https:\/\/portelldemorella.org\/ca\/el-pressupost-de-portell-per-al-2022-ascendeix-a-quasi-500-000-euros\/#breadcrumb\"},\"inLanguage\":\"ca\",\"potentialAction\":[{\"@type\":\"ReadAction\",\"target\":[\"https:\/\/portelldemorella.org\/ca\/el-pressupost-de-portell-per-al-2022-ascendeix-a-quasi-500-000-euros\/\"]}]},{\"@type\":\"ImageObject\",\"inLanguage\":\"ca\",\"@id\":\"https:\/\/portelldemorella.org\/ca\/el-pressupost-de-portell-per-al-2022-ascendeix-a-quasi-500-000-euros\/#primaryimage\",\"url\":\"https:\/\/portelldemorella.org\/wp-content\/uploads\/2022\/02\/PORTELL-2.jpg\",\"contentUrl\":\"https:\/\/portelldemorella.org\/wp-content\/uploads\/2022\/02\/PORTELL-2.jpg\",\"width\":1920,\"height\":730},{\"@type\":\"BreadcrumbList\",\"@id\":\"https:\/\/portelldemorella.org\/ca\/el-pressupost-de-portell-per-al-2022-ascendeix-a-quasi-500-000-euros\/#breadcrumb\",\"itemListElement\":[{\"@type\":\"ListItem\",\"position\":1,\"name\":\"Portada\",\"item\":\"https:\/\/portelldemorella.org\/ca\/\"},{\"@type\":\"ListItem\",\"position\":2,\"name\":\"El pressupost de Portell per al 2022 ascendeix a quasi 500.000 euros\"}]},{\"@type\":\"WebSite\",\"@id\":\"https:\/\/portelldemorella.org\/#website\",\"url\":\"https:\/\/portelldemorella.org\/\",\"name\":\"Portell de Morella\",\"description\":\"Web del Ayuntamiento de Portell de Morella\",\"publisher\":{\"@id\":\"https:\/\/portelldemorella.org\/#organization\"},\"potentialAction\":[{\"@type\":\"SearchAction\",\"target\":{\"@type\":\"EntryPoint\",\"urlTemplate\":\"https:\/\/portelldemorella.org\/?s={search_term_string}\"},\"query-input\":{\"@type\":\"PropertyValueSpecification\",\"valueRequired\":true,\"valueName\":\"search_term_string\"}}],\"inLanguage\":\"ca\"},{\"@type\":\"Organization\",\"@id\":\"https:\/\/portelldemorella.org\/#organization\",\"name\":\"Portell de Morella\",\"url\":\"https:\/\/portelldemorella.org\/\",\"logo\":{\"@type\":\"ImageObject\",\"inLanguage\":\"ca\",\"@id\":\"https:\/\/portelldemorella.org\/#\/schema\/logo\/image\/\",\"url\":\"https:\/\/portelldemorella.org\/wp-content\/uploads\/2020\/11\/Escudo-Portell-04.jpg\",\"contentUrl\":\"https:\/\/portelldemorella.org\/wp-content\/uploads\/2020\/11\/Escudo-Portell-04.jpg\",\"width\":1001,\"height\":394,\"caption\":\"Portell de Morella\"},\"image\":{\"@id\":\"https:\/\/portelldemorella.org\/#\/schema\/logo\/image\/\"}},{\"@type\":\"Person\",\"@id\":\"https:\/\/portelldemorella.org\/#\/schema\/person\/2adde77c454244acd163488ec723a88b\",\"name\":\"portell\",\"image\":{\"@type\":\"ImageObject\",\"inLanguage\":\"ca\",\"@id\":\"https:\/\/portelldemorella.org\/#\/schema\/person\/image\/\",\"url\":\"https:\/\/secure.gravatar.com\/avatar\/077c6bd89604df620d2fa93a06be2531944cdd6826fd322dbd8b483fd84d6407?s=96&d=mm&r=g\",\"contentUrl\":\"https:\/\/secure.gravatar.com\/avatar\/077c6bd89604df620d2fa93a06be2531944cdd6826fd322dbd8b483fd84d6407?s=96&d=mm&r=g\",\"caption\":\"portell\"},\"sameAs\":[\"https:\/\/portelldemorella.org\"],\"url\":\"https:\/\/portelldemorella.org\/ca\/author\/portell\/\"}]}<\/script>\n<!-- \/ Yoast SEO plugin. -->","yoast_head_json":{"title":"El pressupost de Portell per al 2022 ascendeix a quasi 500.000 euros - Portell de Morella","robots":{"index":"noindex","follow":"follow","max-snippet":"max-snippet:-1","max-image-preview":"max-image-preview:large","max-video-preview":"max-video-preview:-1"},"og_locale":"ca_ES","og_type":"article","og_title":"El pressupost de Portell per al 2022 ascendeix a quasi 500.000 euros - Portell de Morella","og_description":"El pressupost de Portell per al 2022 ascendeix a quasi 500.000 euros","og_url":"https:\/\/portelldemorella.org\/ca\/el-pressupost-de-portell-per-al-2022-ascendeix-a-quasi-500-000-euros\/","og_site_name":"Portell de Morella","article_published_time":"2022-02-08T15:29:52+00:00","article_modified_time":"2022-09-29T10:53:45+00:00","og_image":[{"width":1920,"height":730,"url":"https:\/\/portelldemorella.org\/wp-content\/uploads\/2022\/02\/PORTELL-2.jpg","type":"image\/jpeg"}],"author":"portell","twitter_card":"summary_large_image","twitter_misc":{"Escrit per":"portell","Temps estimat de lectura":"2 minuts"},"schema":{"@context":"https:\/\/schema.org","@graph":[{"@type":"Article","@id":"https:\/\/portelldemorella.org\/ca\/el-pressupost-de-portell-per-al-2022-ascendeix-a-quasi-500-000-euros\/#article","isPartOf":{"@id":"https:\/\/portelldemorella.org\/ca\/el-pressupost-de-portell-per-al-2022-ascendeix-a-quasi-500-000-euros\/"},"author":{"name":"portell","@id":"https:\/\/portelldemorella.org\/#\/schema\/person\/2adde77c454244acd163488ec723a88b"},"headline":"El pressupost de Portell per al 2022 ascendeix a quasi 500.000 euros","datePublished":"2022-02-08T15:29:52+00:00","dateModified":"2022-09-29T10:53:45+00:00","mainEntityOfPage":{"@id":"https:\/\/portelldemorella.org\/ca\/el-pressupost-de-portell-per-al-2022-ascendeix-a-quasi-500-000-euros\/"},"wordCount":312,"publisher":{"@id":"https:\/\/portelldemorella.org\/#organization"},"image":{"@id":"https:\/\/portelldemorella.org\/ca\/el-pressupost-de-portell-per-al-2022-ascendeix-a-quasi-500-000-euros\/#primaryimage"},"thumbnailUrl":"https:\/\/portelldemorella.org\/wp-content\/uploads\/2022\/02\/PORTELL-2.jpg","articleSection":["Ayuntamiento"],"inLanguage":"ca"},{"@type":"WebPage","@id":"https:\/\/portelldemorella.org\/ca\/el-pressupost-de-portell-per-al-2022-ascendeix-a-quasi-500-000-euros\/","url":"https:\/\/portelldemorella.org\/ca\/el-pressupost-de-portell-per-al-2022-ascendeix-a-quasi-500-000-euros\/","name":"El pressupost de Portell per al 2022 ascendeix a quasi 500.000 euros - Portell de Morella","isPartOf":{"@id":"https:\/\/portelldemorella.org\/#website"},"primaryImageOfPage":{"@id":"https:\/\/portelldemorella.org\/ca\/el-pressupost-de-portell-per-al-2022-ascendeix-a-quasi-500-000-euros\/#primaryimage"},"image":{"@id":"https:\/\/portelldemorella.org\/ca\/el-pressupost-de-portell-per-al-2022-ascendeix-a-quasi-500-000-euros\/#primaryimage"},"thumbnailUrl":"https:\/\/portelldemorella.org\/wp-content\/uploads\/2022\/02\/PORTELL-2.jpg","datePublished":"2022-02-08T15:29:52+00:00","dateModified":"2022-09-29T10:53:45+00:00","breadcrumb":{"@id":"https:\/\/portelldemorella.org\/ca\/el-pressupost-de-portell-per-al-2022-ascendeix-a-quasi-500-000-euros\/#breadcrumb"},"inLanguage":"ca","potentialAction":[{"@type":"ReadAction","target":["https:\/\/portelldemorella.org\/ca\/el-pressupost-de-portell-per-al-2022-ascendeix-a-quasi-500-000-euros\/"]}]},{"@type":"ImageObject","inLanguage":"ca","@id":"https:\/\/portelldemorella.org\/ca\/el-pressupost-de-portell-per-al-2022-ascendeix-a-quasi-500-000-euros\/#primaryimage","url":"https:\/\/portelldemorella.org\/wp-content\/uploads\/2022\/02\/PORTELL-2.jpg","contentUrl":"https:\/\/portelldemorella.org\/wp-content\/uploads\/2022\/02\/PORTELL-2.jpg","width":1920,"height":730},{"@type":"BreadcrumbList","@id":"https:\/\/portelldemorella.org\/ca\/el-pressupost-de-portell-per-al-2022-ascendeix-a-quasi-500-000-euros\/#breadcrumb","itemListElement":[{"@type":"ListItem","position":1,"name":"Portada","item":"https:\/\/portelldemorella.org\/ca\/"},{"@type":"ListItem","position":2,"name":"El pressupost de Portell per al 2022 ascendeix a quasi 500.000 euros"}]},{"@type":"WebSite","@id":"https:\/\/portelldemorella.org\/#website","url":"https:\/\/portelldemorella.org\/","name":"Portell de Morella","description":"Web del Ayuntamiento de Portell de Morella","publisher":{"@id":"https:\/\/portelldemorella.org\/#organization"},"potentialAction":[{"@type":"SearchAction","target":{"@type":"EntryPoint","urlTemplate":"https:\/\/portelldemorella.org\/?s={search_term_string}"},"query-input":{"@type":"PropertyValueSpecification","valueRequired":true,"valueName":"search_term_string"}}],"inLanguage":"ca"},{"@type":"Organization","@id":"https:\/\/portelldemorella.org\/#organization","name":"Portell de Morella","url":"https:\/\/portelldemorella.org\/","logo":{"@type":"ImageObject","inLanguage":"ca","@id":"https:\/\/portelldemorella.org\/#\/schema\/logo\/image\/","url":"https:\/\/portelldemorella.org\/wp-content\/uploads\/2020\/11\/Escudo-Portell-04.jpg","contentUrl":"https:\/\/portelldemorella.org\/wp-content\/uploads\/2020\/11\/Escudo-Portell-04.jpg","width":1001,"height":394,"caption":"Portell de Morella"},"image":{"@id":"https:\/\/portelldemorella.org\/#\/schema\/logo\/image\/"}},{"@type":"Person","@id":"https:\/\/portelldemorella.org\/#\/schema\/person\/2adde77c454244acd163488ec723a88b","name":"portell","image":{"@type":"ImageObject","inLanguage":"ca","@id":"https:\/\/portelldemorella.org\/#\/schema\/person\/image\/","url":"https:\/\/secure.gravatar.com\/avatar\/077c6bd89604df620d2fa93a06be2531944cdd6826fd322dbd8b483fd84d6407?s=96&d=mm&r=g","contentUrl":"https:\/\/secure.gravatar.com\/avatar\/077c6bd89604df620d2fa93a06be2531944cdd6826fd322dbd8b483fd84d6407?s=96&d=mm&r=g","caption":"portell"},"sameAs":["https:\/\/portelldemorella.org"],"url":"https:\/\/portelldemorella.org\/ca\/author\/portell\/"}]}},"_links":{"self":[{"href":"https:\/\/portelldemorella.org\/ca\/wp-json\/wp\/v2\/posts\/7259","targetHints":{"allow":["GET"]}}],"collection":[{"href":"https:\/\/portelldemorella.org\/ca\/wp-json\/wp\/v2\/posts"}],"about":[{"href":"https:\/\/portelldemorella.org\/ca\/wp-json\/wp\/v2\/types\/post"}],"author":[{"embeddable":true,"href":"https:\/\/portelldemorella.org\/ca\/wp-json\/wp\/v2\/users\/1"}],"replies":[{"embeddable":true,"href":"https:\/\/portelldemorella.org\/ca\/wp-json\/wp\/v2\/comments?post=7259"}],"version-history":[{"count":1,"href":"https:\/\/portelldemorella.org\/ca\/wp-json\/wp\/v2\/posts\/7259\/revisions"}],"predecessor-version":[{"id":7262,"href":"https:\/\/portelldemorella.org\/ca\/wp-json\/wp\/v2\/posts\/7259\/revisions\/7262"}],"wp:featuredmedia":[{"embeddable":true,"href":"https:\/\/portelldemorella.org\/ca\/wp-json\/wp\/v2\/media\/7260"}],"wp:attachment":[{"href":"https:\/\/portelldemorella.org\/ca\/wp-json\/wp\/v2\/media?parent=7259"}],"wp:term":[{"taxonomy":"category","embeddable":true,"href":"https:\/\/portelldemorella.org\/ca\/wp-json\/wp\/v2\/categories?post=7259"},{"taxonomy":"post_tag","embeddable":true,"href":"https:\/\/portelldemorella.org\/ca\/wp-json\/wp\/v2\/tags?post=7259"}],"curies":[{"name":"wp","href":"https:\/\/api.w.org\/{rel}","templated":true}]}}