{"id":7268,"date":"2022-02-18T09:14:30","date_gmt":"2022-02-18T09:14:30","guid":{"rendered":"https:\/\/portelldemorella.org\/?p=7268"},"modified":"2022-09-29T10:53:40","modified_gmt":"2022-09-29T10:53:40","slug":"portell-celebrara-sant-antoni-els-dies-5-i-6-de-marc","status":"publish","type":"post","link":"https:\/\/portelldemorella.org\/ca\/portell-celebrara-sant-antoni-els-dies-5-i-6-de-marc\/","title":{"rendered":"Portell celebrar\u00e0 Sant Antoni els dies 5 i 6 de mar\u00e7"},"content":{"rendered":"\n<p>L\u2019Ajuntament de Portell juntament amb la colla Tot al Got, els majorals, han fet p\u00fabliques les dates i la programaci\u00f3 del seu Sant Antoni.<\/p>\n\n\n\n<p>La festa comen\u00e7ar\u00e0 el dissabte al mat\u00ed amb el muntatge de la barraca, seguit d\u2019un esmorzar per als col\u00b7laboradors i col\u00b7laboradores, despr\u00e9s tindr\u00e0 lloc l\u2019eixida de les cavalleries, l\u2019entrada de carrasques i encesa de fogueres. El dinar ser\u00e0 al pavell\u00f3 i estar\u00e0 amenitzat per la tradicional &#8220;transa&#8221;. A la vesprada s\u2019eixir\u00e0 des de l\u2019esgl\u00e9sia amb tots els animals fins a l\u2019ermita per a escoltar la \u201crelaci\u00f3 de baix\u201d i tot seguit es pujar\u00e0 a la pla\u00e7a per escoltar la \u201crelaci\u00f3 de dalt\u201d. A continuaci\u00f3, se seguir\u00e0 amb la benedicci\u00f3 dels animals i arreplegada de pastissos, el ball pla i la \u201ccrem\u00e0\u201d de la barraca, el sopar de pa i porta al poliesportiu i ball amb la discom\u00f2bil DML. El diumenge ser\u00e0 quan es fa\u00e7a la missa i process\u00f3 en honor a Sant Antoni.<\/p>\n\n\n\n<p>\u201cEstem molt contents d\u2019anunciar aquesta celebraci\u00f3 a la nostra localitat despr\u00e9s de dos anys de sense poder fer-ho. Esperem que la situaci\u00f3 sanit\u00e0ria no empitjore i gaudim tots plegats d\u2019un gran cap de setmana a Portell\u201d confessa \u00c1lvaro Ferrer, alcalde del municipi.<\/p>\n\n\n\n<p>El consistori de Portell confia en la col\u00b7laboraci\u00f3 ciutadana per a la correcta consecuci\u00f3 de tots els actes i pel respecte de les normatives que en aquell moment estiguen vigents.<\/p>\n\n\n\n<figure class=\"wp-block-image size-large\"><img fetchpriority=\"high\" decoding=\"async\" width=\"741\" height=\"1024\" src=\"https:\/\/portelldemorella.org\/wp-content\/uploads\/2022\/02\/Programacio-1-741x1024.jpeg\" alt=\"\" class=\"wp-image-7269\" srcset=\"https:\/\/portelldemorella.org\/wp-content\/uploads\/2022\/02\/Programacio-1-741x1024.jpeg 741w, https:\/\/portelldemorella.org\/wp-content\/uploads\/2022\/02\/Programacio-1-217x300.jpeg 217w, https:\/\/portelldemorella.org\/wp-content\/uploads\/2022\/02\/Programacio-1-768x1062.jpeg 768w, https:\/\/portelldemorella.org\/wp-content\/uploads\/2022\/02\/Programacio-1-434x600.jpeg 434w, https:\/\/portelldemorella.org\/wp-content\/uploads\/2022\/02\/Programacio-1-405x560.jpeg 405w, https:\/\/portelldemorella.org\/wp-content\/uploads\/2022\/02\/Programacio-1.jpeg 776w\" sizes=\"(max-width: 741px) 100vw, 741px\" \/><\/figure>\n","protected":false},"excerpt":{"rendered":"<p>L\u2019Ajuntament de Portell juntament amb la colla Tot al Got, els majorals, han fet p\u00fabliques les dates i la programaci\u00f3 del seu Sant Antoni.<\/p>\n","protected":false},"author":1,"featured_media":7269,"comment_status":"closed","ping_status":"closed","sticky":false,"template":"","format":"standard","meta":{"footnotes":""},"categories":[97,79],"tags":[],"class_list":["post-7268","post","type-post","status-publish","format-standard","has-post-thumbnail","hentry","category-ayuntamiento-ca","category-sense-categoria"],"yoast_head":"<!-- This site is optimized with the Yoast SEO plugin v24.4 - https:\/\/yoast.com\/wordpress\/plugins\/seo\/ -->\n<title>Portell celebrar\u00e0 Sant Antoni els dies 5 i 6 de mar\u00e7 - Portell de Morella<\/title>\n<meta name=\"robots\" content=\"noindex, follow, max-snippet:-1, max-image-preview:large, max-video-preview:-1\" \/>\n<meta property=\"og:locale\" content=\"ca_ES\" \/>\n<meta property=\"og:type\" content=\"article\" \/>\n<meta property=\"og:title\" content=\"Portell celebrar\u00e0 Sant Antoni els dies 5 i 6 de mar\u00e7 - Portell de Morella\" \/>\n<meta property=\"og:description\" content=\"L\u2019Ajuntament de Portell juntament amb la colla Tot al Got, els majorals, han fet p\u00fabliques les dates i la programaci\u00f3 del seu Sant Antoni.\" \/>\n<meta property=\"og:url\" content=\"https:\/\/portelldemorella.org\/ca\/portell-celebrara-sant-antoni-els-dies-5-i-6-de-marc\/\" \/>\n<meta property=\"og:site_name\" content=\"Portell de Morella\" \/>\n<meta property=\"article:published_time\" content=\"2022-02-18T09:14:30+00:00\" \/>\n<meta property=\"article:modified_time\" content=\"2022-09-29T10:53:40+00:00\" \/>\n<meta property=\"og:image\" content=\"https:\/\/portelldemorella.org\/wp-content\/uploads\/2022\/02\/Programacio-1.jpeg\" \/>\n\t<meta property=\"og:image:width\" content=\"776\" \/>\n\t<meta property=\"og:image:height\" content=\"1073\" \/>\n\t<meta property=\"og:image:type\" content=\"image\/jpeg\" \/>\n<meta name=\"author\" content=\"portell\" \/>\n<meta name=\"twitter:card\" content=\"summary_large_image\" \/>\n<meta name=\"twitter:label1\" content=\"Escrit per\" \/>\n\t<meta name=\"twitter:data1\" content=\"portell\" \/>\n\t<meta name=\"twitter:label2\" content=\"Temps estimat de lectura\" \/>\n\t<meta name=\"twitter:data2\" content=\"2 minuts\" \/>\n<script type=\"application\/ld+json\" class=\"yoast-schema-graph\">{\"@context\":\"https:\/\/schema.org\",\"@graph\":[{\"@type\":\"Article\",\"@id\":\"https:\/\/portelldemorella.org\/ca\/portell-celebrara-sant-antoni-els-dies-5-i-6-de-marc\/#article\",\"isPartOf\":{\"@id\":\"https:\/\/portelldemorella.org\/ca\/portell-celebrara-sant-antoni-els-dies-5-i-6-de-marc\/\"},\"author\":{\"name\":\"portell\",\"@id\":\"https:\/\/portelldemorella.org\/#\/schema\/person\/2adde77c454244acd163488ec723a88b\"},\"headline\":\"Portell celebrar\u00e0 Sant Antoni els dies 5 i 6 de mar\u00e7\",\"datePublished\":\"2022-02-18T09:14:30+00:00\",\"dateModified\":\"2022-09-29T10:53:40+00:00\",\"mainEntityOfPage\":{\"@id\":\"https:\/\/portelldemorella.org\/ca\/portell-celebrara-sant-antoni-els-dies-5-i-6-de-marc\/\"},\"wordCount\":259,\"publisher\":{\"@id\":\"https:\/\/portelldemorella.org\/#organization\"},\"image\":{\"@id\":\"https:\/\/portelldemorella.org\/ca\/portell-celebrara-sant-antoni-els-dies-5-i-6-de-marc\/#primaryimage\"},\"thumbnailUrl\":\"https:\/\/portelldemorella.org\/wp-content\/uploads\/2022\/02\/Programacio-1.jpeg\",\"articleSection\":[\"Ayuntamiento\"],\"inLanguage\":\"ca\"},{\"@type\":\"WebPage\",\"@id\":\"https:\/\/portelldemorella.org\/ca\/portell-celebrara-sant-antoni-els-dies-5-i-6-de-marc\/\",\"url\":\"https:\/\/portelldemorella.org\/ca\/portell-celebrara-sant-antoni-els-dies-5-i-6-de-marc\/\",\"name\":\"Portell celebrar\u00e0 Sant Antoni els dies 5 i 6 de mar\u00e7 - Portell de Morella\",\"isPartOf\":{\"@id\":\"https:\/\/portelldemorella.org\/#website\"},\"primaryImageOfPage\":{\"@id\":\"https:\/\/portelldemorella.org\/ca\/portell-celebrara-sant-antoni-els-dies-5-i-6-de-marc\/#primaryimage\"},\"image\":{\"@id\":\"https:\/\/portelldemorella.org\/ca\/portell-celebrara-sant-antoni-els-dies-5-i-6-de-marc\/#primaryimage\"},\"thumbnailUrl\":\"https:\/\/portelldemorella.org\/wp-content\/uploads\/2022\/02\/Programacio-1.jpeg\",\"datePublished\":\"2022-02-18T09:14:30+00:00\",\"dateModified\":\"2022-09-29T10:53:40+00:00\",\"breadcrumb\":{\"@id\":\"https:\/\/portelldemorella.org\/ca\/portell-celebrara-sant-antoni-els-dies-5-i-6-de-marc\/#breadcrumb\"},\"inLanguage\":\"ca\",\"potentialAction\":[{\"@type\":\"ReadAction\",\"target\":[\"https:\/\/portelldemorella.org\/ca\/portell-celebrara-sant-antoni-els-dies-5-i-6-de-marc\/\"]}]},{\"@type\":\"ImageObject\",\"inLanguage\":\"ca\",\"@id\":\"https:\/\/portelldemorella.org\/ca\/portell-celebrara-sant-antoni-els-dies-5-i-6-de-marc\/#primaryimage\",\"url\":\"https:\/\/portelldemorella.org\/wp-content\/uploads\/2022\/02\/Programacio-1.jpeg\",\"contentUrl\":\"https:\/\/portelldemorella.org\/wp-content\/uploads\/2022\/02\/Programacio-1.jpeg\",\"width\":776,\"height\":1073},{\"@type\":\"BreadcrumbList\",\"@id\":\"https:\/\/portelldemorella.org\/ca\/portell-celebrara-sant-antoni-els-dies-5-i-6-de-marc\/#breadcrumb\",\"itemListElement\":[{\"@type\":\"ListItem\",\"position\":1,\"name\":\"Portada\",\"item\":\"https:\/\/portelldemorella.org\/ca\/\"},{\"@type\":\"ListItem\",\"position\":2,\"name\":\"Portell celebrar\u00e0 Sant Antoni els dies 5 i 6 de mar\u00e7\"}]},{\"@type\":\"WebSite\",\"@id\":\"https:\/\/portelldemorella.org\/#website\",\"url\":\"https:\/\/portelldemorella.org\/\",\"name\":\"Portell de Morella\",\"description\":\"Web del Ayuntamiento de Portell de Morella\",\"publisher\":{\"@id\":\"https:\/\/portelldemorella.org\/#organization\"},\"potentialAction\":[{\"@type\":\"SearchAction\",\"target\":{\"@type\":\"EntryPoint\",\"urlTemplate\":\"https:\/\/portelldemorella.org\/?s={search_term_string}\"},\"query-input\":{\"@type\":\"PropertyValueSpecification\",\"valueRequired\":true,\"valueName\":\"search_term_string\"}}],\"inLanguage\":\"ca\"},{\"@type\":\"Organization\",\"@id\":\"https:\/\/portelldemorella.org\/#organization\",\"name\":\"Portell de Morella\",\"url\":\"https:\/\/portelldemorella.org\/\",\"logo\":{\"@type\":\"ImageObject\",\"inLanguage\":\"ca\",\"@id\":\"https:\/\/portelldemorella.org\/#\/schema\/logo\/image\/\",\"url\":\"https:\/\/portelldemorella.org\/wp-content\/uploads\/2020\/11\/Escudo-Portell-04.jpg\",\"contentUrl\":\"https:\/\/portelldemorella.org\/wp-content\/uploads\/2020\/11\/Escudo-Portell-04.jpg\",\"width\":1001,\"height\":394,\"caption\":\"Portell de Morella\"},\"image\":{\"@id\":\"https:\/\/portelldemorella.org\/#\/schema\/logo\/image\/\"}},{\"@type\":\"Person\",\"@id\":\"https:\/\/portelldemorella.org\/#\/schema\/person\/2adde77c454244acd163488ec723a88b\",\"name\":\"portell\",\"image\":{\"@type\":\"ImageObject\",\"inLanguage\":\"ca\",\"@id\":\"https:\/\/portelldemorella.org\/#\/schema\/person\/image\/\",\"url\":\"https:\/\/secure.gravatar.com\/avatar\/077c6bd89604df620d2fa93a06be2531944cdd6826fd322dbd8b483fd84d6407?s=96&d=mm&r=g\",\"contentUrl\":\"https:\/\/secure.gravatar.com\/avatar\/077c6bd89604df620d2fa93a06be2531944cdd6826fd322dbd8b483fd84d6407?s=96&d=mm&r=g\",\"caption\":\"portell\"},\"sameAs\":[\"https:\/\/portelldemorella.org\"],\"url\":\"https:\/\/portelldemorella.org\/ca\/author\/portell\/\"}]}<\/script>\n<!-- \/ Yoast SEO plugin. -->","yoast_head_json":{"title":"Portell celebrar\u00e0 Sant Antoni els dies 5 i 6 de mar\u00e7 - Portell de Morella","robots":{"index":"noindex","follow":"follow","max-snippet":"max-snippet:-1","max-image-preview":"max-image-preview:large","max-video-preview":"max-video-preview:-1"},"og_locale":"ca_ES","og_type":"article","og_title":"Portell celebrar\u00e0 Sant Antoni els dies 5 i 6 de mar\u00e7 - Portell de Morella","og_description":"L\u2019Ajuntament de Portell juntament amb la colla Tot al Got, els majorals, han fet p\u00fabliques les dates i la programaci\u00f3 del seu Sant Antoni.","og_url":"https:\/\/portelldemorella.org\/ca\/portell-celebrara-sant-antoni-els-dies-5-i-6-de-marc\/","og_site_name":"Portell de Morella","article_published_time":"2022-02-18T09:14:30+00:00","article_modified_time":"2022-09-29T10:53:40+00:00","og_image":[{"width":776,"height":1073,"url":"https:\/\/portelldemorella.org\/wp-content\/uploads\/2022\/02\/Programacio-1.jpeg","type":"image\/jpeg"}],"author":"portell","twitter_card":"summary_large_image","twitter_misc":{"Escrit per":"portell","Temps estimat de lectura":"2 minuts"},"schema":{"@context":"https:\/\/schema.org","@graph":[{"@type":"Article","@id":"https:\/\/portelldemorella.org\/ca\/portell-celebrara-sant-antoni-els-dies-5-i-6-de-marc\/#article","isPartOf":{"@id":"https:\/\/portelldemorella.org\/ca\/portell-celebrara-sant-antoni-els-dies-5-i-6-de-marc\/"},"author":{"name":"portell","@id":"https:\/\/portelldemorella.org\/#\/schema\/person\/2adde77c454244acd163488ec723a88b"},"headline":"Portell celebrar\u00e0 Sant Antoni els dies 5 i 6 de mar\u00e7","datePublished":"2022-02-18T09:14:30+00:00","dateModified":"2022-09-29T10:53:40+00:00","mainEntityOfPage":{"@id":"https:\/\/portelldemorella.org\/ca\/portell-celebrara-sant-antoni-els-dies-5-i-6-de-marc\/"},"wordCount":259,"publisher":{"@id":"https:\/\/portelldemorella.org\/#organization"},"image":{"@id":"https:\/\/portelldemorella.org\/ca\/portell-celebrara-sant-antoni-els-dies-5-i-6-de-marc\/#primaryimage"},"thumbnailUrl":"https:\/\/portelldemorella.org\/wp-content\/uploads\/2022\/02\/Programacio-1.jpeg","articleSection":["Ayuntamiento"],"inLanguage":"ca"},{"@type":"WebPage","@id":"https:\/\/portelldemorella.org\/ca\/portell-celebrara-sant-antoni-els-dies-5-i-6-de-marc\/","url":"https:\/\/portelldemorella.org\/ca\/portell-celebrara-sant-antoni-els-dies-5-i-6-de-marc\/","name":"Portell celebrar\u00e0 Sant Antoni els dies 5 i 6 de mar\u00e7 - Portell de Morella","isPartOf":{"@id":"https:\/\/portelldemorella.org\/#website"},"primaryImageOfPage":{"@id":"https:\/\/portelldemorella.org\/ca\/portell-celebrara-sant-antoni-els-dies-5-i-6-de-marc\/#primaryimage"},"image":{"@id":"https:\/\/portelldemorella.org\/ca\/portell-celebrara-sant-antoni-els-dies-5-i-6-de-marc\/#primaryimage"},"thumbnailUrl":"https:\/\/portelldemorella.org\/wp-content\/uploads\/2022\/02\/Programacio-1.jpeg","datePublished":"2022-02-18T09:14:30+00:00","dateModified":"2022-09-29T10:53:40+00:00","breadcrumb":{"@id":"https:\/\/portelldemorella.org\/ca\/portell-celebrara-sant-antoni-els-dies-5-i-6-de-marc\/#breadcrumb"},"inLanguage":"ca","potentialAction":[{"@type":"ReadAction","target":["https:\/\/portelldemorella.org\/ca\/portell-celebrara-sant-antoni-els-dies-5-i-6-de-marc\/"]}]},{"@type":"ImageObject","inLanguage":"ca","@id":"https:\/\/portelldemorella.org\/ca\/portell-celebrara-sant-antoni-els-dies-5-i-6-de-marc\/#primaryimage","url":"https:\/\/portelldemorella.org\/wp-content\/uploads\/2022\/02\/Programacio-1.jpeg","contentUrl":"https:\/\/portelldemorella.org\/wp-content\/uploads\/2022\/02\/Programacio-1.jpeg","width":776,"height":1073},{"@type":"BreadcrumbList","@id":"https:\/\/portelldemorella.org\/ca\/portell-celebrara-sant-antoni-els-dies-5-i-6-de-marc\/#breadcrumb","itemListElement":[{"@type":"ListItem","position":1,"name":"Portada","item":"https:\/\/portelldemorella.org\/ca\/"},{"@type":"ListItem","position":2,"name":"Portell celebrar\u00e0 Sant Antoni els dies 5 i 6 de mar\u00e7"}]},{"@type":"WebSite","@id":"https:\/\/portelldemorella.org\/#website","url":"https:\/\/portelldemorella.org\/","name":"Portell de Morella","description":"Web del Ayuntamiento de Portell de Morella","publisher":{"@id":"https:\/\/portelldemorella.org\/#organization"},"potentialAction":[{"@type":"SearchAction","target":{"@type":"EntryPoint","urlTemplate":"https:\/\/portelldemorella.org\/?s={search_term_string}"},"query-input":{"@type":"PropertyValueSpecification","valueRequired":true,"valueName":"search_term_string"}}],"inLanguage":"ca"},{"@type":"Organization","@id":"https:\/\/portelldemorella.org\/#organization","name":"Portell de Morella","url":"https:\/\/portelldemorella.org\/","logo":{"@type":"ImageObject","inLanguage":"ca","@id":"https:\/\/portelldemorella.org\/#\/schema\/logo\/image\/","url":"https:\/\/portelldemorella.org\/wp-content\/uploads\/2020\/11\/Escudo-Portell-04.jpg","contentUrl":"https:\/\/portelldemorella.org\/wp-content\/uploads\/2020\/11\/Escudo-Portell-04.jpg","width":1001,"height":394,"caption":"Portell de Morella"},"image":{"@id":"https:\/\/portelldemorella.org\/#\/schema\/logo\/image\/"}},{"@type":"Person","@id":"https:\/\/portelldemorella.org\/#\/schema\/person\/2adde77c454244acd163488ec723a88b","name":"portell","image":{"@type":"ImageObject","inLanguage":"ca","@id":"https:\/\/portelldemorella.org\/#\/schema\/person\/image\/","url":"https:\/\/secure.gravatar.com\/avatar\/077c6bd89604df620d2fa93a06be2531944cdd6826fd322dbd8b483fd84d6407?s=96&d=mm&r=g","contentUrl":"https:\/\/secure.gravatar.com\/avatar\/077c6bd89604df620d2fa93a06be2531944cdd6826fd322dbd8b483fd84d6407?s=96&d=mm&r=g","caption":"portell"},"sameAs":["https:\/\/portelldemorella.org"],"url":"https:\/\/portelldemorella.org\/ca\/author\/portell\/"}]}},"_links":{"self":[{"href":"https:\/\/portelldemorella.org\/ca\/wp-json\/wp\/v2\/posts\/7268","targetHints":{"allow":["GET"]}}],"collection":[{"href":"https:\/\/portelldemorella.org\/ca\/wp-json\/wp\/v2\/posts"}],"about":[{"href":"https:\/\/portelldemorella.org\/ca\/wp-json\/wp\/v2\/types\/post"}],"author":[{"embeddable":true,"href":"https:\/\/portelldemorella.org\/ca\/wp-json\/wp\/v2\/users\/1"}],"replies":[{"embeddable":true,"href":"https:\/\/portelldemorella.org\/ca\/wp-json\/wp\/v2\/comments?post=7268"}],"version-history":[{"count":1,"href":"https:\/\/portelldemorella.org\/ca\/wp-json\/wp\/v2\/posts\/7268\/revisions"}],"predecessor-version":[{"id":7271,"href":"https:\/\/portelldemorella.org\/ca\/wp-json\/wp\/v2\/posts\/7268\/revisions\/7271"}],"wp:featuredmedia":[{"embeddable":true,"href":"https:\/\/portelldemorella.org\/ca\/wp-json\/wp\/v2\/media\/7269"}],"wp:attachment":[{"href":"https:\/\/portelldemorella.org\/ca\/wp-json\/wp\/v2\/media?parent=7268"}],"wp:term":[{"taxonomy":"category","embeddable":true,"href":"https:\/\/portelldemorella.org\/ca\/wp-json\/wp\/v2\/categories?post=7268"},{"taxonomy":"post_tag","embeddable":true,"href":"https:\/\/portelldemorella.org\/ca\/wp-json\/wp\/v2\/tags?post=7268"}],"curies":[{"name":"wp","href":"https:\/\/api.w.org\/{rel}","templated":true}]}}