{"id":7282,"date":"2022-02-22T09:08:33","date_gmt":"2022-02-22T09:08:33","guid":{"rendered":"https:\/\/portelldemorella.org\/?p=7282"},"modified":"2022-09-29T10:53:35","modified_gmt":"2022-09-29T10:53:35","slug":"portell-enceta-els-preparatius-de-sant-antoni","status":"publish","type":"post","link":"https:\/\/portelldemorella.org\/ca\/portell-enceta-els-preparatius-de-sant-antoni\/","title":{"rendered":"Portell enceta els preparatius de Sant Antoni"},"content":{"rendered":"\n<p>Portell celebrar\u00e0 finalment la seua festa del foc els dies 5 i 6 de mar\u00e7 despr\u00e9s d\u2019haver hagut d\u2019ajornar la festa unes setmanes per motius de seguretat sanit\u00e0ria.&nbsp;<\/p>\n\n\n\n<p>Les preparacions han comen\u00e7at aquest cap de setmana amb una jornada de dissabte molt completa: esmorzar, sortida al bosc a fer \u201cmalea\u201d, tallada del \u201cmaio\u201d, de les barres i de carrasques i dinar de llandes.&nbsp;<\/p>\n\n\n\n<p>La Colla Tot al Got, majorals del 2022, agraeixen la participaci\u00f3 de ve\u00efns i ve\u00efnes en un dia tan especial com va ser aquest per a la localitat.&nbsp;<\/p>\n\n\n\n<figure class=\"wp-block-gallery has-nested-images columns-default is-cropped wp-block-gallery-1 is-layout-flex wp-block-gallery-is-layout-flex\">\n<figure class=\"wp-block-image size-large\"><img fetchpriority=\"high\" decoding=\"async\" width=\"634\" height=\"1024\" data-id=\"7283\" src=\"https:\/\/portelldemorella.org\/wp-content\/uploads\/2022\/02\/Portell-3-1-634x1024.jpeg\" alt=\"\" class=\"wp-image-7283\" srcset=\"https:\/\/portelldemorella.org\/wp-content\/uploads\/2022\/02\/Portell-3-1-634x1024.jpeg 634w, https:\/\/portelldemorella.org\/wp-content\/uploads\/2022\/02\/Portell-3-1-186x300.jpeg 186w, https:\/\/portelldemorella.org\/wp-content\/uploads\/2022\/02\/Portell-3-1-768x1241.jpeg 768w, https:\/\/portelldemorella.org\/wp-content\/uploads\/2022\/02\/Portell-3-1-950x1536.jpeg 950w, https:\/\/portelldemorella.org\/wp-content\/uploads\/2022\/02\/Portell-3-1-371x600.jpeg 371w, https:\/\/portelldemorella.org\/wp-content\/uploads\/2022\/02\/Portell-3-1-347x560.jpeg 347w, https:\/\/portelldemorella.org\/wp-content\/uploads\/2022\/02\/Portell-3-1.jpeg 990w\" sizes=\"(max-width: 634px) 100vw, 634px\" \/><\/figure>\n\n\n\n<figure class=\"wp-block-image size-large\"><img decoding=\"async\" width=\"576\" height=\"1024\" data-id=\"7285\" src=\"https:\/\/portelldemorella.org\/wp-content\/uploads\/2022\/02\/WhatsApp-Image-2022-02-22-at-08.55.02-1-576x1024.jpeg\" alt=\"\" class=\"wp-image-7285\" srcset=\"https:\/\/portelldemorella.org\/wp-content\/uploads\/2022\/02\/WhatsApp-Image-2022-02-22-at-08.55.02-1-576x1024.jpeg 576w, https:\/\/portelldemorella.org\/wp-content\/uploads\/2022\/02\/WhatsApp-Image-2022-02-22-at-08.55.02-1-169x300.jpeg 169w, https:\/\/portelldemorella.org\/wp-content\/uploads\/2022\/02\/WhatsApp-Image-2022-02-22-at-08.55.02-1-337x600.jpeg 337w, https:\/\/portelldemorella.org\/wp-content\/uploads\/2022\/02\/WhatsApp-Image-2022-02-22-at-08.55.02-1-315x560.jpeg 315w, https:\/\/portelldemorella.org\/wp-content\/uploads\/2022\/02\/WhatsApp-Image-2022-02-22-at-08.55.02-1.jpeg 750w\" sizes=\"(max-width: 576px) 100vw, 576px\" \/><\/figure>\n\n\n\n<figure class=\"wp-block-image size-large\"><img decoding=\"async\" width=\"768\" height=\"1024\" data-id=\"7287\" src=\"https:\/\/portelldemorella.org\/wp-content\/uploads\/2022\/02\/WhatsApp-Image-2022-02-22-at-08.55.05-1-768x1024.jpeg\" alt=\"\" class=\"wp-image-7287\" srcset=\"https:\/\/portelldemorella.org\/wp-content\/uploads\/2022\/02\/WhatsApp-Image-2022-02-22-at-08.55.05-1-768x1024.jpeg 768w, https:\/\/portelldemorella.org\/wp-content\/uploads\/2022\/02\/WhatsApp-Image-2022-02-22-at-08.55.05-1-225x300.jpeg 225w, https:\/\/portelldemorella.org\/wp-content\/uploads\/2022\/02\/WhatsApp-Image-2022-02-22-at-08.55.05-1-1152x1536.jpeg 1152w, https:\/\/portelldemorella.org\/wp-content\/uploads\/2022\/02\/WhatsApp-Image-2022-02-22-at-08.55.05-1-450x600.jpeg 450w, https:\/\/portelldemorella.org\/wp-content\/uploads\/2022\/02\/WhatsApp-Image-2022-02-22-at-08.55.05-1-420x560.jpeg 420w, https:\/\/portelldemorella.org\/wp-content\/uploads\/2022\/02\/WhatsApp-Image-2022-02-22-at-08.55.05-1.jpeg 1536w\" sizes=\"(max-width: 768px) 100vw, 768px\" \/><\/figure>\n<\/figure>\n","protected":false},"excerpt":{"rendered":"<p>Portell enceta els preparatius de Sant Antoni <\/p>\n","protected":false},"author":1,"featured_media":7285,"comment_status":"closed","ping_status":"closed","sticky":false,"template":"","format":"standard","meta":{"footnotes":""},"categories":[97,79],"tags":[],"class_list":["post-7282","post","type-post","status-publish","format-standard","has-post-thumbnail","hentry","category-ayuntamiento-ca","category-sense-categoria"],"yoast_head":"<!-- This site is optimized with the Yoast SEO plugin v24.4 - https:\/\/yoast.com\/wordpress\/plugins\/seo\/ -->\n<title>Portell enceta els preparatius de Sant Antoni - Portell de Morella<\/title>\n<meta name=\"robots\" content=\"noindex, follow, max-snippet:-1, max-image-preview:large, max-video-preview:-1\" \/>\n<meta property=\"og:locale\" content=\"ca_ES\" \/>\n<meta property=\"og:type\" content=\"article\" \/>\n<meta property=\"og:title\" content=\"Portell enceta els preparatius de Sant Antoni - Portell de Morella\" \/>\n<meta property=\"og:description\" content=\"Portell enceta els preparatius de Sant Antoni\" \/>\n<meta property=\"og:url\" content=\"https:\/\/portelldemorella.org\/ca\/portell-enceta-els-preparatius-de-sant-antoni\/\" \/>\n<meta property=\"og:site_name\" content=\"Portell de Morella\" \/>\n<meta property=\"article:published_time\" content=\"2022-02-22T09:08:33+00:00\" \/>\n<meta property=\"article:modified_time\" content=\"2022-09-29T10:53:35+00:00\" \/>\n<meta property=\"og:image\" content=\"https:\/\/portelldemorella.org\/wp-content\/uploads\/2022\/02\/WhatsApp-Image-2022-02-22-at-08.55.02-1.jpeg\" \/>\n\t<meta property=\"og:image:width\" content=\"750\" \/>\n\t<meta property=\"og:image:height\" content=\"1334\" \/>\n\t<meta property=\"og:image:type\" content=\"image\/jpeg\" \/>\n<meta name=\"author\" content=\"portell\" \/>\n<meta name=\"twitter:card\" content=\"summary_large_image\" \/>\n<meta name=\"twitter:label1\" content=\"Escrit per\" \/>\n\t<meta name=\"twitter:data1\" content=\"portell\" \/>\n\t<meta name=\"twitter:label2\" content=\"Temps estimat de lectura\" \/>\n\t<meta name=\"twitter:data2\" content=\"2 minuts\" \/>\n<script type=\"application\/ld+json\" class=\"yoast-schema-graph\">{\"@context\":\"https:\/\/schema.org\",\"@graph\":[{\"@type\":\"Article\",\"@id\":\"https:\/\/portelldemorella.org\/ca\/portell-enceta-els-preparatius-de-sant-antoni\/#article\",\"isPartOf\":{\"@id\":\"https:\/\/portelldemorella.org\/ca\/portell-enceta-els-preparatius-de-sant-antoni\/\"},\"author\":{\"name\":\"portell\",\"@id\":\"https:\/\/portelldemorella.org\/#\/schema\/person\/2adde77c454244acd163488ec723a88b\"},\"headline\":\"Portell enceta els preparatius de Sant Antoni\",\"datePublished\":\"2022-02-22T09:08:33+00:00\",\"dateModified\":\"2022-09-29T10:53:35+00:00\",\"mainEntityOfPage\":{\"@id\":\"https:\/\/portelldemorella.org\/ca\/portell-enceta-els-preparatius-de-sant-antoni\/\"},\"wordCount\":105,\"publisher\":{\"@id\":\"https:\/\/portelldemorella.org\/#organization\"},\"image\":{\"@id\":\"https:\/\/portelldemorella.org\/ca\/portell-enceta-els-preparatius-de-sant-antoni\/#primaryimage\"},\"thumbnailUrl\":\"https:\/\/portelldemorella.org\/wp-content\/uploads\/2022\/02\/WhatsApp-Image-2022-02-22-at-08.55.02-1.jpeg\",\"articleSection\":[\"Ayuntamiento\"],\"inLanguage\":\"ca\"},{\"@type\":\"WebPage\",\"@id\":\"https:\/\/portelldemorella.org\/ca\/portell-enceta-els-preparatius-de-sant-antoni\/\",\"url\":\"https:\/\/portelldemorella.org\/ca\/portell-enceta-els-preparatius-de-sant-antoni\/\",\"name\":\"Portell enceta els preparatius de Sant Antoni - Portell de Morella\",\"isPartOf\":{\"@id\":\"https:\/\/portelldemorella.org\/#website\"},\"primaryImageOfPage\":{\"@id\":\"https:\/\/portelldemorella.org\/ca\/portell-enceta-els-preparatius-de-sant-antoni\/#primaryimage\"},\"image\":{\"@id\":\"https:\/\/portelldemorella.org\/ca\/portell-enceta-els-preparatius-de-sant-antoni\/#primaryimage\"},\"thumbnailUrl\":\"https:\/\/portelldemorella.org\/wp-content\/uploads\/2022\/02\/WhatsApp-Image-2022-02-22-at-08.55.02-1.jpeg\",\"datePublished\":\"2022-02-22T09:08:33+00:00\",\"dateModified\":\"2022-09-29T10:53:35+00:00\",\"breadcrumb\":{\"@id\":\"https:\/\/portelldemorella.org\/ca\/portell-enceta-els-preparatius-de-sant-antoni\/#breadcrumb\"},\"inLanguage\":\"ca\",\"potentialAction\":[{\"@type\":\"ReadAction\",\"target\":[\"https:\/\/portelldemorella.org\/ca\/portell-enceta-els-preparatius-de-sant-antoni\/\"]}]},{\"@type\":\"ImageObject\",\"inLanguage\":\"ca\",\"@id\":\"https:\/\/portelldemorella.org\/ca\/portell-enceta-els-preparatius-de-sant-antoni\/#primaryimage\",\"url\":\"https:\/\/portelldemorella.org\/wp-content\/uploads\/2022\/02\/WhatsApp-Image-2022-02-22-at-08.55.02-1.jpeg\",\"contentUrl\":\"https:\/\/portelldemorella.org\/wp-content\/uploads\/2022\/02\/WhatsApp-Image-2022-02-22-at-08.55.02-1.jpeg\",\"width\":750,\"height\":1334},{\"@type\":\"BreadcrumbList\",\"@id\":\"https:\/\/portelldemorella.org\/ca\/portell-enceta-els-preparatius-de-sant-antoni\/#breadcrumb\",\"itemListElement\":[{\"@type\":\"ListItem\",\"position\":1,\"name\":\"Portada\",\"item\":\"https:\/\/portelldemorella.org\/ca\/\"},{\"@type\":\"ListItem\",\"position\":2,\"name\":\"Portell enceta els preparatius de Sant Antoni\"}]},{\"@type\":\"WebSite\",\"@id\":\"https:\/\/portelldemorella.org\/#website\",\"url\":\"https:\/\/portelldemorella.org\/\",\"name\":\"Portell de Morella\",\"description\":\"Web del Ayuntamiento de Portell de Morella\",\"publisher\":{\"@id\":\"https:\/\/portelldemorella.org\/#organization\"},\"potentialAction\":[{\"@type\":\"SearchAction\",\"target\":{\"@type\":\"EntryPoint\",\"urlTemplate\":\"https:\/\/portelldemorella.org\/?s={search_term_string}\"},\"query-input\":{\"@type\":\"PropertyValueSpecification\",\"valueRequired\":true,\"valueName\":\"search_term_string\"}}],\"inLanguage\":\"ca\"},{\"@type\":\"Organization\",\"@id\":\"https:\/\/portelldemorella.org\/#organization\",\"name\":\"Portell de Morella\",\"url\":\"https:\/\/portelldemorella.org\/\",\"logo\":{\"@type\":\"ImageObject\",\"inLanguage\":\"ca\",\"@id\":\"https:\/\/portelldemorella.org\/#\/schema\/logo\/image\/\",\"url\":\"https:\/\/portelldemorella.org\/wp-content\/uploads\/2020\/11\/Escudo-Portell-04.jpg\",\"contentUrl\":\"https:\/\/portelldemorella.org\/wp-content\/uploads\/2020\/11\/Escudo-Portell-04.jpg\",\"width\":1001,\"height\":394,\"caption\":\"Portell de Morella\"},\"image\":{\"@id\":\"https:\/\/portelldemorella.org\/#\/schema\/logo\/image\/\"}},{\"@type\":\"Person\",\"@id\":\"https:\/\/portelldemorella.org\/#\/schema\/person\/2adde77c454244acd163488ec723a88b\",\"name\":\"portell\",\"image\":{\"@type\":\"ImageObject\",\"inLanguage\":\"ca\",\"@id\":\"https:\/\/portelldemorella.org\/#\/schema\/person\/image\/\",\"url\":\"https:\/\/secure.gravatar.com\/avatar\/077c6bd89604df620d2fa93a06be2531944cdd6826fd322dbd8b483fd84d6407?s=96&d=mm&r=g\",\"contentUrl\":\"https:\/\/secure.gravatar.com\/avatar\/077c6bd89604df620d2fa93a06be2531944cdd6826fd322dbd8b483fd84d6407?s=96&d=mm&r=g\",\"caption\":\"portell\"},\"sameAs\":[\"https:\/\/portelldemorella.org\"],\"url\":\"https:\/\/portelldemorella.org\/ca\/author\/portell\/\"}]}<\/script>\n<!-- \/ Yoast SEO plugin. -->","yoast_head_json":{"title":"Portell enceta els preparatius de Sant Antoni - Portell de Morella","robots":{"index":"noindex","follow":"follow","max-snippet":"max-snippet:-1","max-image-preview":"max-image-preview:large","max-video-preview":"max-video-preview:-1"},"og_locale":"ca_ES","og_type":"article","og_title":"Portell enceta els preparatius de Sant Antoni - Portell de Morella","og_description":"Portell enceta els preparatius de Sant Antoni","og_url":"https:\/\/portelldemorella.org\/ca\/portell-enceta-els-preparatius-de-sant-antoni\/","og_site_name":"Portell de Morella","article_published_time":"2022-02-22T09:08:33+00:00","article_modified_time":"2022-09-29T10:53:35+00:00","og_image":[{"width":750,"height":1334,"url":"https:\/\/portelldemorella.org\/wp-content\/uploads\/2022\/02\/WhatsApp-Image-2022-02-22-at-08.55.02-1.jpeg","type":"image\/jpeg"}],"author":"portell","twitter_card":"summary_large_image","twitter_misc":{"Escrit per":"portell","Temps estimat de lectura":"2 minuts"},"schema":{"@context":"https:\/\/schema.org","@graph":[{"@type":"Article","@id":"https:\/\/portelldemorella.org\/ca\/portell-enceta-els-preparatius-de-sant-antoni\/#article","isPartOf":{"@id":"https:\/\/portelldemorella.org\/ca\/portell-enceta-els-preparatius-de-sant-antoni\/"},"author":{"name":"portell","@id":"https:\/\/portelldemorella.org\/#\/schema\/person\/2adde77c454244acd163488ec723a88b"},"headline":"Portell enceta els preparatius de Sant Antoni","datePublished":"2022-02-22T09:08:33+00:00","dateModified":"2022-09-29T10:53:35+00:00","mainEntityOfPage":{"@id":"https:\/\/portelldemorella.org\/ca\/portell-enceta-els-preparatius-de-sant-antoni\/"},"wordCount":105,"publisher":{"@id":"https:\/\/portelldemorella.org\/#organization"},"image":{"@id":"https:\/\/portelldemorella.org\/ca\/portell-enceta-els-preparatius-de-sant-antoni\/#primaryimage"},"thumbnailUrl":"https:\/\/portelldemorella.org\/wp-content\/uploads\/2022\/02\/WhatsApp-Image-2022-02-22-at-08.55.02-1.jpeg","articleSection":["Ayuntamiento"],"inLanguage":"ca"},{"@type":"WebPage","@id":"https:\/\/portelldemorella.org\/ca\/portell-enceta-els-preparatius-de-sant-antoni\/","url":"https:\/\/portelldemorella.org\/ca\/portell-enceta-els-preparatius-de-sant-antoni\/","name":"Portell enceta els preparatius de Sant Antoni - Portell de Morella","isPartOf":{"@id":"https:\/\/portelldemorella.org\/#website"},"primaryImageOfPage":{"@id":"https:\/\/portelldemorella.org\/ca\/portell-enceta-els-preparatius-de-sant-antoni\/#primaryimage"},"image":{"@id":"https:\/\/portelldemorella.org\/ca\/portell-enceta-els-preparatius-de-sant-antoni\/#primaryimage"},"thumbnailUrl":"https:\/\/portelldemorella.org\/wp-content\/uploads\/2022\/02\/WhatsApp-Image-2022-02-22-at-08.55.02-1.jpeg","datePublished":"2022-02-22T09:08:33+00:00","dateModified":"2022-09-29T10:53:35+00:00","breadcrumb":{"@id":"https:\/\/portelldemorella.org\/ca\/portell-enceta-els-preparatius-de-sant-antoni\/#breadcrumb"},"inLanguage":"ca","potentialAction":[{"@type":"ReadAction","target":["https:\/\/portelldemorella.org\/ca\/portell-enceta-els-preparatius-de-sant-antoni\/"]}]},{"@type":"ImageObject","inLanguage":"ca","@id":"https:\/\/portelldemorella.org\/ca\/portell-enceta-els-preparatius-de-sant-antoni\/#primaryimage","url":"https:\/\/portelldemorella.org\/wp-content\/uploads\/2022\/02\/WhatsApp-Image-2022-02-22-at-08.55.02-1.jpeg","contentUrl":"https:\/\/portelldemorella.org\/wp-content\/uploads\/2022\/02\/WhatsApp-Image-2022-02-22-at-08.55.02-1.jpeg","width":750,"height":1334},{"@type":"BreadcrumbList","@id":"https:\/\/portelldemorella.org\/ca\/portell-enceta-els-preparatius-de-sant-antoni\/#breadcrumb","itemListElement":[{"@type":"ListItem","position":1,"name":"Portada","item":"https:\/\/portelldemorella.org\/ca\/"},{"@type":"ListItem","position":2,"name":"Portell enceta els preparatius de Sant Antoni"}]},{"@type":"WebSite","@id":"https:\/\/portelldemorella.org\/#website","url":"https:\/\/portelldemorella.org\/","name":"Portell de Morella","description":"Web del Ayuntamiento de Portell de Morella","publisher":{"@id":"https:\/\/portelldemorella.org\/#organization"},"potentialAction":[{"@type":"SearchAction","target":{"@type":"EntryPoint","urlTemplate":"https:\/\/portelldemorella.org\/?s={search_term_string}"},"query-input":{"@type":"PropertyValueSpecification","valueRequired":true,"valueName":"search_term_string"}}],"inLanguage":"ca"},{"@type":"Organization","@id":"https:\/\/portelldemorella.org\/#organization","name":"Portell de Morella","url":"https:\/\/portelldemorella.org\/","logo":{"@type":"ImageObject","inLanguage":"ca","@id":"https:\/\/portelldemorella.org\/#\/schema\/logo\/image\/","url":"https:\/\/portelldemorella.org\/wp-content\/uploads\/2020\/11\/Escudo-Portell-04.jpg","contentUrl":"https:\/\/portelldemorella.org\/wp-content\/uploads\/2020\/11\/Escudo-Portell-04.jpg","width":1001,"height":394,"caption":"Portell de Morella"},"image":{"@id":"https:\/\/portelldemorella.org\/#\/schema\/logo\/image\/"}},{"@type":"Person","@id":"https:\/\/portelldemorella.org\/#\/schema\/person\/2adde77c454244acd163488ec723a88b","name":"portell","image":{"@type":"ImageObject","inLanguage":"ca","@id":"https:\/\/portelldemorella.org\/#\/schema\/person\/image\/","url":"https:\/\/secure.gravatar.com\/avatar\/077c6bd89604df620d2fa93a06be2531944cdd6826fd322dbd8b483fd84d6407?s=96&d=mm&r=g","contentUrl":"https:\/\/secure.gravatar.com\/avatar\/077c6bd89604df620d2fa93a06be2531944cdd6826fd322dbd8b483fd84d6407?s=96&d=mm&r=g","caption":"portell"},"sameAs":["https:\/\/portelldemorella.org"],"url":"https:\/\/portelldemorella.org\/ca\/author\/portell\/"}]}},"_links":{"self":[{"href":"https:\/\/portelldemorella.org\/ca\/wp-json\/wp\/v2\/posts\/7282","targetHints":{"allow":["GET"]}}],"collection":[{"href":"https:\/\/portelldemorella.org\/ca\/wp-json\/wp\/v2\/posts"}],"about":[{"href":"https:\/\/portelldemorella.org\/ca\/wp-json\/wp\/v2\/types\/post"}],"author":[{"embeddable":true,"href":"https:\/\/portelldemorella.org\/ca\/wp-json\/wp\/v2\/users\/1"}],"replies":[{"embeddable":true,"href":"https:\/\/portelldemorella.org\/ca\/wp-json\/wp\/v2\/comments?post=7282"}],"version-history":[{"count":2,"href":"https:\/\/portelldemorella.org\/ca\/wp-json\/wp\/v2\/posts\/7282\/revisions"}],"predecessor-version":[{"id":7297,"href":"https:\/\/portelldemorella.org\/ca\/wp-json\/wp\/v2\/posts\/7282\/revisions\/7297"}],"wp:featuredmedia":[{"embeddable":true,"href":"https:\/\/portelldemorella.org\/ca\/wp-json\/wp\/v2\/media\/7285"}],"wp:attachment":[{"href":"https:\/\/portelldemorella.org\/ca\/wp-json\/wp\/v2\/media?parent=7282"}],"wp:term":[{"taxonomy":"category","embeddable":true,"href":"https:\/\/portelldemorella.org\/ca\/wp-json\/wp\/v2\/categories?post=7282"},{"taxonomy":"post_tag","embeddable":true,"href":"https:\/\/portelldemorella.org\/ca\/wp-json\/wp\/v2\/tags?post=7282"}],"curies":[{"name":"wp","href":"https:\/\/api.w.org\/{rel}","templated":true}]}}