{"id":7324,"date":"2022-03-17T09:22:14","date_gmt":"2022-03-17T09:22:14","guid":{"rendered":"https:\/\/portelldemorella.org\/?p=7324"},"modified":"2022-09-29T10:53:20","modified_gmt":"2022-09-29T10:53:20","slug":"el-segon-proaplec-arriba-a-portell-el-2-dabril","status":"publish","type":"post","link":"https:\/\/portelldemorella.org\/ca\/el-segon-proaplec-arriba-a-portell-el-2-dabril\/","title":{"rendered":"El segon ProAplec arriba a Portell el 2 d\u2019abril"},"content":{"rendered":"\n<p>La 43 edici\u00f3 de l\u2019Aplec dels Ports tindr\u00e0 lloc a Portell el cap de setmana del 29, 30 i 31 de juliol del 2022. Fins a la data, s\u2019estan celebrant ProAplecs com el que es va fer el 4 de desembre i el que s\u2019espera el 2 d\u2019abril.<\/p>\n\n\n\n<p>En aquesta segona trobada comarcal hi ha una programaci\u00f3 molt completa formada per una caminada per la rambla, la presentaci\u00f3 del llibre \u201cLa cuina dels Ports\u201d, un vermut musical amb La Disbauxa, un dinar popular de paella al poliesportiu, un contacontes a c\u00e0rrec de l\u2019escola valenciana, un \u201ctardeo\u201d amb el grup Pimienta Molida i un sopar d\u2019entrepans amb l\u2019actuaci\u00f3 de Town-Folk i una discom\u00f2bil gratu\u00efta. Durant aquest dia tindr\u00e0 lloc la presentaci\u00f3 del cartell del XLIII Aplec dels Ports, un dels moments m\u00e9s esperats i emocionants de tota la jornada.&nbsp;<\/p>\n\n\n\n<p>Per poder garantir un ProAplec segur per a la comarca dels Ports, aquest tindr\u00e0 un aforament limitat. Per a poder assistir s\u2019han d\u2019emplenar els formularis que l&#8217;organitzaci\u00f3 ha publicat a les seues xarxes socials.&nbsp;<\/p>\n\n\n\n<figure class=\"wp-block-gallery has-nested-images columns-default is-cropped wp-block-gallery-1 is-layout-flex wp-block-gallery-is-layout-flex\">\n<figure class=\"wp-block-image size-large\"><img fetchpriority=\"high\" decoding=\"async\" width=\"1024\" height=\"1020\" data-id=\"7325\" src=\"https:\/\/portelldemorella.org\/wp-content\/uploads\/2022\/03\/Programacio-Aplec-1-1-1024x1020.jpeg\" alt=\"\" class=\"wp-image-7325\" srcset=\"https:\/\/portelldemorella.org\/wp-content\/uploads\/2022\/03\/Programacio-Aplec-1-1-1024x1020.jpeg 1024w, https:\/\/portelldemorella.org\/wp-content\/uploads\/2022\/03\/Programacio-Aplec-1-1-300x300.jpeg 300w, https:\/\/portelldemorella.org\/wp-content\/uploads\/2022\/03\/Programacio-Aplec-1-1-150x150.jpeg 150w, https:\/\/portelldemorella.org\/wp-content\/uploads\/2022\/03\/Programacio-Aplec-1-1-768x765.jpeg 768w, https:\/\/portelldemorella.org\/wp-content\/uploads\/2022\/03\/Programacio-Aplec-1-1-600x598.jpeg 600w, https:\/\/portelldemorella.org\/wp-content\/uploads\/2022\/03\/Programacio-Aplec-1-1-560x558.jpeg 560w, https:\/\/portelldemorella.org\/wp-content\/uploads\/2022\/03\/Programacio-Aplec-1-1.jpeg 1080w\" sizes=\"(max-width: 1024px) 100vw, 1024px\" \/><\/figure>\n\n\n\n<figure class=\"wp-block-image size-large\"><img decoding=\"async\" width=\"1022\" height=\"1024\" data-id=\"7327\" src=\"https:\/\/portelldemorella.org\/wp-content\/uploads\/2022\/03\/Programacio-Aplec-2-1-1022x1024.jpeg\" alt=\"\" class=\"wp-image-7327\" srcset=\"https:\/\/portelldemorella.org\/wp-content\/uploads\/2022\/03\/Programacio-Aplec-2-1-1022x1024.jpeg 1022w, https:\/\/portelldemorella.org\/wp-content\/uploads\/2022\/03\/Programacio-Aplec-2-1-300x300.jpeg 300w, https:\/\/portelldemorella.org\/wp-content\/uploads\/2022\/03\/Programacio-Aplec-2-1-150x150.jpeg 150w, https:\/\/portelldemorella.org\/wp-content\/uploads\/2022\/03\/Programacio-Aplec-2-1-768x769.jpeg 768w, https:\/\/portelldemorella.org\/wp-content\/uploads\/2022\/03\/Programacio-Aplec-2-1-600x600.jpeg 600w, https:\/\/portelldemorella.org\/wp-content\/uploads\/2022\/03\/Programacio-Aplec-2-1-560x560.jpeg 560w, https:\/\/portelldemorella.org\/wp-content\/uploads\/2022\/03\/Programacio-Aplec-2-1.jpeg 1080w\" sizes=\"(max-width: 1022px) 100vw, 1022px\" \/><\/figure>\n<\/figure>\n","protected":false},"excerpt":{"rendered":"<p>La 43 edici\u00f3 de l\u2019Aplec dels Ports tindr\u00e0 lloc a Portell el cap de setmana del 29, 30 i 31 de juliol del 2022. Fins a la data, s\u2019estan celebrant ProAplecs com el que es va fer el 4 de desembre i el que s\u2019espera el 2 d\u2019abril.<\/p>\n","protected":false},"author":1,"featured_media":7325,"comment_status":"closed","ping_status":"closed","sticky":false,"template":"","format":"standard","meta":{"footnotes":""},"categories":[97],"tags":[],"class_list":["post-7324","post","type-post","status-publish","format-standard","has-post-thumbnail","hentry","category-ayuntamiento-ca"],"yoast_head":"<!-- This site is optimized with the Yoast SEO plugin v24.4 - https:\/\/yoast.com\/wordpress\/plugins\/seo\/ -->\n<title>El segon ProAplec arriba a Portell el 2 d\u2019abril - Portell de Morella<\/title>\n<meta name=\"robots\" content=\"noindex, follow, max-snippet:-1, max-image-preview:large, max-video-preview:-1\" \/>\n<meta property=\"og:locale\" content=\"ca_ES\" \/>\n<meta property=\"og:type\" content=\"article\" \/>\n<meta property=\"og:title\" content=\"El segon ProAplec arriba a Portell el 2 d\u2019abril - Portell de Morella\" \/>\n<meta property=\"og:description\" content=\"La 43 edici\u00f3 de l\u2019Aplec dels Ports tindr\u00e0 lloc a Portell el cap de setmana del 29, 30 i 31 de juliol del 2022. Fins a la data, s\u2019estan celebrant ProAplecs com el que es va fer el 4 de desembre i el que s\u2019espera el 2 d\u2019abril.\" \/>\n<meta property=\"og:url\" content=\"https:\/\/portelldemorella.org\/ca\/el-segon-proaplec-arriba-a-portell-el-2-dabril\/\" \/>\n<meta property=\"og:site_name\" content=\"Portell de Morella\" \/>\n<meta property=\"article:published_time\" content=\"2022-03-17T09:22:14+00:00\" \/>\n<meta property=\"article:modified_time\" content=\"2022-09-29T10:53:20+00:00\" \/>\n<meta property=\"og:image\" content=\"https:\/\/portelldemorella.org\/wp-content\/uploads\/2022\/03\/Programacio-Aplec-1-1.jpeg\" \/>\n\t<meta property=\"og:image:width\" content=\"1080\" \/>\n\t<meta property=\"og:image:height\" content=\"1076\" \/>\n\t<meta property=\"og:image:type\" content=\"image\/jpeg\" \/>\n<meta name=\"author\" content=\"portell\" \/>\n<meta name=\"twitter:card\" content=\"summary_large_image\" \/>\n<meta name=\"twitter:label1\" content=\"Escrit per\" \/>\n\t<meta name=\"twitter:data1\" content=\"portell\" \/>\n\t<meta name=\"twitter:label2\" content=\"Temps estimat de lectura\" \/>\n\t<meta name=\"twitter:data2\" content=\"2 minuts\" \/>\n<script type=\"application\/ld+json\" class=\"yoast-schema-graph\">{\"@context\":\"https:\/\/schema.org\",\"@graph\":[{\"@type\":\"Article\",\"@id\":\"https:\/\/portelldemorella.org\/ca\/el-segon-proaplec-arriba-a-portell-el-2-dabril\/#article\",\"isPartOf\":{\"@id\":\"https:\/\/portelldemorella.org\/ca\/el-segon-proaplec-arriba-a-portell-el-2-dabril\/\"},\"author\":{\"name\":\"portell\",\"@id\":\"https:\/\/portelldemorella.org\/#\/schema\/person\/2adde77c454244acd163488ec723a88b\"},\"headline\":\"El segon ProAplec arriba a Portell el 2 d\u2019abril\",\"datePublished\":\"2022-03-17T09:22:14+00:00\",\"dateModified\":\"2022-09-29T10:53:20+00:00\",\"mainEntityOfPage\":{\"@id\":\"https:\/\/portelldemorella.org\/ca\/el-segon-proaplec-arriba-a-portell-el-2-dabril\/\"},\"wordCount\":189,\"publisher\":{\"@id\":\"https:\/\/portelldemorella.org\/#organization\"},\"image\":{\"@id\":\"https:\/\/portelldemorella.org\/ca\/el-segon-proaplec-arriba-a-portell-el-2-dabril\/#primaryimage\"},\"thumbnailUrl\":\"https:\/\/portelldemorella.org\/wp-content\/uploads\/2022\/03\/Programacio-Aplec-1-1.jpeg\",\"articleSection\":[\"Ayuntamiento\"],\"inLanguage\":\"ca\"},{\"@type\":\"WebPage\",\"@id\":\"https:\/\/portelldemorella.org\/ca\/el-segon-proaplec-arriba-a-portell-el-2-dabril\/\",\"url\":\"https:\/\/portelldemorella.org\/ca\/el-segon-proaplec-arriba-a-portell-el-2-dabril\/\",\"name\":\"El segon ProAplec arriba a Portell el 2 d\u2019abril - Portell de Morella\",\"isPartOf\":{\"@id\":\"https:\/\/portelldemorella.org\/#website\"},\"primaryImageOfPage\":{\"@id\":\"https:\/\/portelldemorella.org\/ca\/el-segon-proaplec-arriba-a-portell-el-2-dabril\/#primaryimage\"},\"image\":{\"@id\":\"https:\/\/portelldemorella.org\/ca\/el-segon-proaplec-arriba-a-portell-el-2-dabril\/#primaryimage\"},\"thumbnailUrl\":\"https:\/\/portelldemorella.org\/wp-content\/uploads\/2022\/03\/Programacio-Aplec-1-1.jpeg\",\"datePublished\":\"2022-03-17T09:22:14+00:00\",\"dateModified\":\"2022-09-29T10:53:20+00:00\",\"breadcrumb\":{\"@id\":\"https:\/\/portelldemorella.org\/ca\/el-segon-proaplec-arriba-a-portell-el-2-dabril\/#breadcrumb\"},\"inLanguage\":\"ca\",\"potentialAction\":[{\"@type\":\"ReadAction\",\"target\":[\"https:\/\/portelldemorella.org\/ca\/el-segon-proaplec-arriba-a-portell-el-2-dabril\/\"]}]},{\"@type\":\"ImageObject\",\"inLanguage\":\"ca\",\"@id\":\"https:\/\/portelldemorella.org\/ca\/el-segon-proaplec-arriba-a-portell-el-2-dabril\/#primaryimage\",\"url\":\"https:\/\/portelldemorella.org\/wp-content\/uploads\/2022\/03\/Programacio-Aplec-1-1.jpeg\",\"contentUrl\":\"https:\/\/portelldemorella.org\/wp-content\/uploads\/2022\/03\/Programacio-Aplec-1-1.jpeg\",\"width\":1080,\"height\":1076},{\"@type\":\"BreadcrumbList\",\"@id\":\"https:\/\/portelldemorella.org\/ca\/el-segon-proaplec-arriba-a-portell-el-2-dabril\/#breadcrumb\",\"itemListElement\":[{\"@type\":\"ListItem\",\"position\":1,\"name\":\"Portada\",\"item\":\"https:\/\/portelldemorella.org\/ca\/\"},{\"@type\":\"ListItem\",\"position\":2,\"name\":\"El segon ProAplec arriba a Portell el 2 d\u2019abril\"}]},{\"@type\":\"WebSite\",\"@id\":\"https:\/\/portelldemorella.org\/#website\",\"url\":\"https:\/\/portelldemorella.org\/\",\"name\":\"Portell de Morella\",\"description\":\"Web del Ayuntamiento de Portell de Morella\",\"publisher\":{\"@id\":\"https:\/\/portelldemorella.org\/#organization\"},\"potentialAction\":[{\"@type\":\"SearchAction\",\"target\":{\"@type\":\"EntryPoint\",\"urlTemplate\":\"https:\/\/portelldemorella.org\/?s={search_term_string}\"},\"query-input\":{\"@type\":\"PropertyValueSpecification\",\"valueRequired\":true,\"valueName\":\"search_term_string\"}}],\"inLanguage\":\"ca\"},{\"@type\":\"Organization\",\"@id\":\"https:\/\/portelldemorella.org\/#organization\",\"name\":\"Portell de Morella\",\"url\":\"https:\/\/portelldemorella.org\/\",\"logo\":{\"@type\":\"ImageObject\",\"inLanguage\":\"ca\",\"@id\":\"https:\/\/portelldemorella.org\/#\/schema\/logo\/image\/\",\"url\":\"https:\/\/portelldemorella.org\/wp-content\/uploads\/2020\/11\/Escudo-Portell-04.jpg\",\"contentUrl\":\"https:\/\/portelldemorella.org\/wp-content\/uploads\/2020\/11\/Escudo-Portell-04.jpg\",\"width\":1001,\"height\":394,\"caption\":\"Portell de Morella\"},\"image\":{\"@id\":\"https:\/\/portelldemorella.org\/#\/schema\/logo\/image\/\"}},{\"@type\":\"Person\",\"@id\":\"https:\/\/portelldemorella.org\/#\/schema\/person\/2adde77c454244acd163488ec723a88b\",\"name\":\"portell\",\"image\":{\"@type\":\"ImageObject\",\"inLanguage\":\"ca\",\"@id\":\"https:\/\/portelldemorella.org\/#\/schema\/person\/image\/\",\"url\":\"https:\/\/secure.gravatar.com\/avatar\/077c6bd89604df620d2fa93a06be2531944cdd6826fd322dbd8b483fd84d6407?s=96&d=mm&r=g\",\"contentUrl\":\"https:\/\/secure.gravatar.com\/avatar\/077c6bd89604df620d2fa93a06be2531944cdd6826fd322dbd8b483fd84d6407?s=96&d=mm&r=g\",\"caption\":\"portell\"},\"sameAs\":[\"https:\/\/portelldemorella.org\"],\"url\":\"https:\/\/portelldemorella.org\/ca\/author\/portell\/\"}]}<\/script>\n<!-- \/ Yoast SEO plugin. -->","yoast_head_json":{"title":"El segon ProAplec arriba a Portell el 2 d\u2019abril - Portell de Morella","robots":{"index":"noindex","follow":"follow","max-snippet":"max-snippet:-1","max-image-preview":"max-image-preview:large","max-video-preview":"max-video-preview:-1"},"og_locale":"ca_ES","og_type":"article","og_title":"El segon ProAplec arriba a Portell el 2 d\u2019abril - Portell de Morella","og_description":"La 43 edici\u00f3 de l\u2019Aplec dels Ports tindr\u00e0 lloc a Portell el cap de setmana del 29, 30 i 31 de juliol del 2022. Fins a la data, s\u2019estan celebrant ProAplecs com el que es va fer el 4 de desembre i el que s\u2019espera el 2 d\u2019abril.","og_url":"https:\/\/portelldemorella.org\/ca\/el-segon-proaplec-arriba-a-portell-el-2-dabril\/","og_site_name":"Portell de Morella","article_published_time":"2022-03-17T09:22:14+00:00","article_modified_time":"2022-09-29T10:53:20+00:00","og_image":[{"width":1080,"height":1076,"url":"https:\/\/portelldemorella.org\/wp-content\/uploads\/2022\/03\/Programacio-Aplec-1-1.jpeg","type":"image\/jpeg"}],"author":"portell","twitter_card":"summary_large_image","twitter_misc":{"Escrit per":"portell","Temps estimat de lectura":"2 minuts"},"schema":{"@context":"https:\/\/schema.org","@graph":[{"@type":"Article","@id":"https:\/\/portelldemorella.org\/ca\/el-segon-proaplec-arriba-a-portell-el-2-dabril\/#article","isPartOf":{"@id":"https:\/\/portelldemorella.org\/ca\/el-segon-proaplec-arriba-a-portell-el-2-dabril\/"},"author":{"name":"portell","@id":"https:\/\/portelldemorella.org\/#\/schema\/person\/2adde77c454244acd163488ec723a88b"},"headline":"El segon ProAplec arriba a Portell el 2 d\u2019abril","datePublished":"2022-03-17T09:22:14+00:00","dateModified":"2022-09-29T10:53:20+00:00","mainEntityOfPage":{"@id":"https:\/\/portelldemorella.org\/ca\/el-segon-proaplec-arriba-a-portell-el-2-dabril\/"},"wordCount":189,"publisher":{"@id":"https:\/\/portelldemorella.org\/#organization"},"image":{"@id":"https:\/\/portelldemorella.org\/ca\/el-segon-proaplec-arriba-a-portell-el-2-dabril\/#primaryimage"},"thumbnailUrl":"https:\/\/portelldemorella.org\/wp-content\/uploads\/2022\/03\/Programacio-Aplec-1-1.jpeg","articleSection":["Ayuntamiento"],"inLanguage":"ca"},{"@type":"WebPage","@id":"https:\/\/portelldemorella.org\/ca\/el-segon-proaplec-arriba-a-portell-el-2-dabril\/","url":"https:\/\/portelldemorella.org\/ca\/el-segon-proaplec-arriba-a-portell-el-2-dabril\/","name":"El segon ProAplec arriba a Portell el 2 d\u2019abril - Portell de Morella","isPartOf":{"@id":"https:\/\/portelldemorella.org\/#website"},"primaryImageOfPage":{"@id":"https:\/\/portelldemorella.org\/ca\/el-segon-proaplec-arriba-a-portell-el-2-dabril\/#primaryimage"},"image":{"@id":"https:\/\/portelldemorella.org\/ca\/el-segon-proaplec-arriba-a-portell-el-2-dabril\/#primaryimage"},"thumbnailUrl":"https:\/\/portelldemorella.org\/wp-content\/uploads\/2022\/03\/Programacio-Aplec-1-1.jpeg","datePublished":"2022-03-17T09:22:14+00:00","dateModified":"2022-09-29T10:53:20+00:00","breadcrumb":{"@id":"https:\/\/portelldemorella.org\/ca\/el-segon-proaplec-arriba-a-portell-el-2-dabril\/#breadcrumb"},"inLanguage":"ca","potentialAction":[{"@type":"ReadAction","target":["https:\/\/portelldemorella.org\/ca\/el-segon-proaplec-arriba-a-portell-el-2-dabril\/"]}]},{"@type":"ImageObject","inLanguage":"ca","@id":"https:\/\/portelldemorella.org\/ca\/el-segon-proaplec-arriba-a-portell-el-2-dabril\/#primaryimage","url":"https:\/\/portelldemorella.org\/wp-content\/uploads\/2022\/03\/Programacio-Aplec-1-1.jpeg","contentUrl":"https:\/\/portelldemorella.org\/wp-content\/uploads\/2022\/03\/Programacio-Aplec-1-1.jpeg","width":1080,"height":1076},{"@type":"BreadcrumbList","@id":"https:\/\/portelldemorella.org\/ca\/el-segon-proaplec-arriba-a-portell-el-2-dabril\/#breadcrumb","itemListElement":[{"@type":"ListItem","position":1,"name":"Portada","item":"https:\/\/portelldemorella.org\/ca\/"},{"@type":"ListItem","position":2,"name":"El segon ProAplec arriba a Portell el 2 d\u2019abril"}]},{"@type":"WebSite","@id":"https:\/\/portelldemorella.org\/#website","url":"https:\/\/portelldemorella.org\/","name":"Portell de Morella","description":"Web del Ayuntamiento de Portell de Morella","publisher":{"@id":"https:\/\/portelldemorella.org\/#organization"},"potentialAction":[{"@type":"SearchAction","target":{"@type":"EntryPoint","urlTemplate":"https:\/\/portelldemorella.org\/?s={search_term_string}"},"query-input":{"@type":"PropertyValueSpecification","valueRequired":true,"valueName":"search_term_string"}}],"inLanguage":"ca"},{"@type":"Organization","@id":"https:\/\/portelldemorella.org\/#organization","name":"Portell de Morella","url":"https:\/\/portelldemorella.org\/","logo":{"@type":"ImageObject","inLanguage":"ca","@id":"https:\/\/portelldemorella.org\/#\/schema\/logo\/image\/","url":"https:\/\/portelldemorella.org\/wp-content\/uploads\/2020\/11\/Escudo-Portell-04.jpg","contentUrl":"https:\/\/portelldemorella.org\/wp-content\/uploads\/2020\/11\/Escudo-Portell-04.jpg","width":1001,"height":394,"caption":"Portell de Morella"},"image":{"@id":"https:\/\/portelldemorella.org\/#\/schema\/logo\/image\/"}},{"@type":"Person","@id":"https:\/\/portelldemorella.org\/#\/schema\/person\/2adde77c454244acd163488ec723a88b","name":"portell","image":{"@type":"ImageObject","inLanguage":"ca","@id":"https:\/\/portelldemorella.org\/#\/schema\/person\/image\/","url":"https:\/\/secure.gravatar.com\/avatar\/077c6bd89604df620d2fa93a06be2531944cdd6826fd322dbd8b483fd84d6407?s=96&d=mm&r=g","contentUrl":"https:\/\/secure.gravatar.com\/avatar\/077c6bd89604df620d2fa93a06be2531944cdd6826fd322dbd8b483fd84d6407?s=96&d=mm&r=g","caption":"portell"},"sameAs":["https:\/\/portelldemorella.org"],"url":"https:\/\/portelldemorella.org\/ca\/author\/portell\/"}]}},"_links":{"self":[{"href":"https:\/\/portelldemorella.org\/ca\/wp-json\/wp\/v2\/posts\/7324","targetHints":{"allow":["GET"]}}],"collection":[{"href":"https:\/\/portelldemorella.org\/ca\/wp-json\/wp\/v2\/posts"}],"about":[{"href":"https:\/\/portelldemorella.org\/ca\/wp-json\/wp\/v2\/types\/post"}],"author":[{"embeddable":true,"href":"https:\/\/portelldemorella.org\/ca\/wp-json\/wp\/v2\/users\/1"}],"replies":[{"embeddable":true,"href":"https:\/\/portelldemorella.org\/ca\/wp-json\/wp\/v2\/comments?post=7324"}],"version-history":[{"count":2,"href":"https:\/\/portelldemorella.org\/ca\/wp-json\/wp\/v2\/posts\/7324\/revisions"}],"predecessor-version":[{"id":7330,"href":"https:\/\/portelldemorella.org\/ca\/wp-json\/wp\/v2\/posts\/7324\/revisions\/7330"}],"wp:featuredmedia":[{"embeddable":true,"href":"https:\/\/portelldemorella.org\/ca\/wp-json\/wp\/v2\/media\/7325"}],"wp:attachment":[{"href":"https:\/\/portelldemorella.org\/ca\/wp-json\/wp\/v2\/media?parent=7324"}],"wp:term":[{"taxonomy":"category","embeddable":true,"href":"https:\/\/portelldemorella.org\/ca\/wp-json\/wp\/v2\/categories?post=7324"},{"taxonomy":"post_tag","embeddable":true,"href":"https:\/\/portelldemorella.org\/ca\/wp-json\/wp\/v2\/tags?post=7324"}],"curies":[{"name":"wp","href":"https:\/\/api.w.org\/{rel}","templated":true}]}}