{"id":7436,"date":"2022-08-04T15:32:42","date_gmt":"2022-08-04T15:32:42","guid":{"rendered":"https:\/\/portelldemorella.org\/portell-hace-comarca-con-la-celebracion-del-aplec-dels-ports\/"},"modified":"2022-09-29T11:04:36","modified_gmt":"2022-09-29T11:04:36","slug":"portell-hace-comarca-con-la-celebracion-del-aplec-dels-ports","status":"publish","type":"post","link":"https:\/\/portelldemorella.org\/ca\/portell-hace-comarca-con-la-celebracion-del-aplec-dels-ports\/","title":{"rendered":"Portell fa comarca amb la celebraci\u00f3 del Aplec dels Ports"},"content":{"rendered":"\t\t<div data-elementor-type=\"wp-post\" data-elementor-id=\"7436\" class=\"elementor elementor-7436\">\n\t\t\t\t\t\t<section class=\"elementor-section elementor-top-section elementor-element elementor-element-cdfb570 elementor-section-boxed elementor-section-height-default elementor-section-height-default\" data-id=\"cdfb570\" data-element_type=\"section\">\n\t\t\t\t\t\t<div class=\"elementor-container elementor-column-gap-default\">\n\t\t\t\t\t<div class=\"elementor-column elementor-col-100 elementor-top-column elementor-element elementor-element-e950867\" data-id=\"e950867\" data-element_type=\"column\">\n\t\t\t<div class=\"elementor-widget-wrap elementor-element-populated\">\n\t\t\t\t\t\t<div class=\"elementor-element elementor-element-0f39e9a elementor-widget elementor-widget-image\" data-id=\"0f39e9a\" data-element_type=\"widget\" data-widget_type=\"image.default\">\n\t\t\t\t<div class=\"elementor-widget-container\">\n\t\t\t\t\t\t\t\t\t\t\t\t\t<img fetchpriority=\"high\" decoding=\"async\" width=\"1024\" height=\"427\" src=\"https:\/\/portelldemorella.org\/wp-content\/uploads\/2022\/09\/WEB-DIPU-1024x427.jpg\" class=\"attachment-large size-large wp-image-7373\" alt=\"\" srcset=\"https:\/\/portelldemorella.org\/wp-content\/uploads\/2022\/09\/WEB-DIPU-1024x427.jpg 1024w, https:\/\/portelldemorella.org\/wp-content\/uploads\/2022\/09\/WEB-DIPU-300x125.jpg 300w, https:\/\/portelldemorella.org\/wp-content\/uploads\/2022\/09\/WEB-DIPU-768x320.jpg 768w, https:\/\/portelldemorella.org\/wp-content\/uploads\/2022\/09\/WEB-DIPU-600x250.jpg 600w, https:\/\/portelldemorella.org\/wp-content\/uploads\/2022\/09\/WEB-DIPU-560x233.jpg 560w, https:\/\/portelldemorella.org\/wp-content\/uploads\/2022\/09\/WEB-DIPU.jpg 1080w\" sizes=\"(max-width: 1024px) 100vw, 1024px\" \/>\t\t\t\t\t\t\t\t\t\t\t\t\t<\/div>\n\t\t\t\t<\/div>\n\t\t\t\t<div class=\"elementor-element elementor-element-f6d50a3 elementor-widget elementor-widget-text-editor\" data-id=\"f6d50a3\" data-element_type=\"widget\" data-widget_type=\"text-editor.default\">\n\t\t\t\t<div class=\"elementor-widget-container\">\n\t\t\t\t\t\t\t<p>Aquest passat cap de setmana, Portell va acollir l\u2019Aplec dels Ports 2022, que va tindre com a protagonistes la m\u00fasica, les xarrades i l&#8217;ambient. Com cada any, l\u2019Aplec dels Ports aconsegueix crear un ambient de germanor que enforteix la comarca i li dona visibilitat.<\/p><p>Aix\u00ed i tot, es va poder gaudir de concerts com Xavi Sarri\u00e0, Trobadorets i Pepet i Marieta; d&#8217;exposicions com a &#8216;Dones dels Ports: ahir, avui i dem\u00e0&#8217; i &#8216;Imprescindibles&#8217;; de muixerangues a c\u00e0rrec dels grups de Vinar\u00f2s i Castell\u00f3; de confer\u00e8ncies; de tallers; de despertades; i de moltes activitats m\u00e9s que van fer d&#8217;aquest Aplec una trobada \u00fanica i especial.<\/p><p>Aix\u00ed doncs, aplequers i aplequeres van poder gaudir de la trobada organitzada per voluntaris i volunt\u00e0ries de Portell, que van crear un cap de setmana m\u00e0gic on van ajuntar a la gent de la comarca amb els visitants d&#8217;aquesta. &#8220;No podem m\u00e9s que donar les gr\u00e0cies a totes les persones que ho han fet possible. La comissi\u00f3 organitzadora ha treballat molt intensament i ha estat sempre al peu del can\u00f3. A m\u00e9s, els nostres ve\u00efns i ve\u00efnes tamb\u00e9 han aportat el seu granet d&#8217;arena a la celebraci\u00f3. En definitiva: gr\u00e0cies!&#8221;, afirma l&#8217;alcalde de Portell, \u00c1lvaro Ferrer.<\/p>\t\t\t\t\t\t<\/div>\n\t\t\t\t<\/div>\n\t\t\t\t\t<\/div>\n\t\t<\/div>\n\t\t\t\t\t<\/div>\n\t\t<\/section>\n\t\t\t\t<\/div>\n\t\t","protected":false},"excerpt":{"rendered":"<p>Aquest passat cap de setmana, Portell va acollir l\u2019Aplec dels Ports 2022, que va tindre com a protagonistes la m\u00fasica, les xarrades i l&#8217;ambient. Com cada any, l\u2019Aplec dels Ports aconsegueix crear un ambient de germanor que enforteix la comarca i li dona visibilitat. Aix\u00ed i tot, es va poder gaudir de concerts com Xavi [&hellip;]<\/p>\n","protected":false},"author":1,"featured_media":7374,"comment_status":"open","ping_status":"open","sticky":false,"template":"","format":"standard","meta":{"footnotes":""},"categories":[97],"tags":[],"class_list":["post-7436","post","type-post","status-publish","format-standard","has-post-thumbnail","hentry","category-ayuntamiento-ca"],"yoast_head":"<!-- This site is optimized with the Yoast SEO plugin v24.4 - https:\/\/yoast.com\/wordpress\/plugins\/seo\/ -->\n<title>Portell fa comarca amb la celebraci\u00f3 del Aplec dels Ports - Portell de Morella<\/title>\n<meta name=\"robots\" content=\"noindex, follow, max-snippet:-1, max-image-preview:large, max-video-preview:-1\" \/>\n<meta property=\"og:locale\" content=\"ca_ES\" \/>\n<meta property=\"og:type\" content=\"article\" \/>\n<meta property=\"og:title\" content=\"Portell fa comarca amb la celebraci\u00f3 del Aplec dels Ports - Portell de Morella\" \/>\n<meta property=\"og:description\" content=\"Aquest passat cap de setmana, Portell va acollir l\u2019Aplec dels Ports 2022, que va tindre com a protagonistes la m\u00fasica, les xarrades i l&#8217;ambient. Com cada any, l\u2019Aplec dels Ports aconsegueix crear un ambient de germanor que enforteix la comarca i li dona visibilitat. Aix\u00ed i tot, es va poder gaudir de concerts com Xavi [&hellip;]\" \/>\n<meta property=\"og:url\" content=\"https:\/\/portelldemorella.org\/ca\/portell-hace-comarca-con-la-celebracion-del-aplec-dels-ports\/\" \/>\n<meta property=\"og:site_name\" content=\"Portell de Morella\" \/>\n<meta property=\"article:published_time\" content=\"2022-08-04T15:32:42+00:00\" \/>\n<meta property=\"article:modified_time\" content=\"2022-09-29T11:04:36+00:00\" \/>\n<meta property=\"og:image\" content=\"https:\/\/portelldemorella.org\/wp-content\/uploads\/2022\/09\/WEB-DIPU.jpg\" \/>\n\t<meta property=\"og:image:width\" content=\"1080\" \/>\n\t<meta property=\"og:image:height\" content=\"450\" \/>\n\t<meta property=\"og:image:type\" content=\"image\/jpeg\" \/>\n<meta name=\"author\" content=\"portell\" \/>\n<meta name=\"twitter:card\" content=\"summary_large_image\" \/>\n<meta name=\"twitter:label1\" content=\"Escrit per\" \/>\n\t<meta name=\"twitter:data1\" content=\"portell\" \/>\n\t<meta name=\"twitter:label2\" content=\"Temps estimat de lectura\" \/>\n\t<meta name=\"twitter:data2\" content=\"2 minuts\" \/>\n<script type=\"application\/ld+json\" class=\"yoast-schema-graph\">{\"@context\":\"https:\/\/schema.org\",\"@graph\":[{\"@type\":\"Article\",\"@id\":\"https:\/\/portelldemorella.org\/ca\/portell-hace-comarca-con-la-celebracion-del-aplec-dels-ports\/#article\",\"isPartOf\":{\"@id\":\"https:\/\/portelldemorella.org\/ca\/portell-hace-comarca-con-la-celebracion-del-aplec-dels-ports\/\"},\"author\":{\"name\":\"portell\",\"@id\":\"https:\/\/portelldemorella.org\/#\/schema\/person\/2adde77c454244acd163488ec723a88b\"},\"headline\":\"Portell fa comarca amb la celebraci\u00f3 del Aplec dels Ports\",\"datePublished\":\"2022-08-04T15:32:42+00:00\",\"dateModified\":\"2022-09-29T11:04:36+00:00\",\"mainEntityOfPage\":{\"@id\":\"https:\/\/portelldemorella.org\/ca\/portell-hace-comarca-con-la-celebracion-del-aplec-dels-ports\/\"},\"wordCount\":225,\"commentCount\":0,\"publisher\":{\"@id\":\"https:\/\/portelldemorella.org\/#organization\"},\"image\":{\"@id\":\"https:\/\/portelldemorella.org\/ca\/portell-hace-comarca-con-la-celebracion-del-aplec-dels-ports\/#primaryimage\"},\"thumbnailUrl\":\"https:\/\/portelldemorella.org\/wp-content\/uploads\/2022\/09\/WEB-DIPU.jpg\",\"articleSection\":[\"Ayuntamiento\"],\"inLanguage\":\"ca\",\"potentialAction\":[{\"@type\":\"CommentAction\",\"name\":\"Comment\",\"target\":[\"https:\/\/portelldemorella.org\/ca\/portell-hace-comarca-con-la-celebracion-del-aplec-dels-ports\/#respond\"]}]},{\"@type\":\"WebPage\",\"@id\":\"https:\/\/portelldemorella.org\/ca\/portell-hace-comarca-con-la-celebracion-del-aplec-dels-ports\/\",\"url\":\"https:\/\/portelldemorella.org\/ca\/portell-hace-comarca-con-la-celebracion-del-aplec-dels-ports\/\",\"name\":\"Portell fa comarca amb la celebraci\u00f3 del Aplec dels Ports - Portell de Morella\",\"isPartOf\":{\"@id\":\"https:\/\/portelldemorella.org\/#website\"},\"primaryImageOfPage\":{\"@id\":\"https:\/\/portelldemorella.org\/ca\/portell-hace-comarca-con-la-celebracion-del-aplec-dels-ports\/#primaryimage\"},\"image\":{\"@id\":\"https:\/\/portelldemorella.org\/ca\/portell-hace-comarca-con-la-celebracion-del-aplec-dels-ports\/#primaryimage\"},\"thumbnailUrl\":\"https:\/\/portelldemorella.org\/wp-content\/uploads\/2022\/09\/WEB-DIPU.jpg\",\"datePublished\":\"2022-08-04T15:32:42+00:00\",\"dateModified\":\"2022-09-29T11:04:36+00:00\",\"breadcrumb\":{\"@id\":\"https:\/\/portelldemorella.org\/ca\/portell-hace-comarca-con-la-celebracion-del-aplec-dels-ports\/#breadcrumb\"},\"inLanguage\":\"ca\",\"potentialAction\":[{\"@type\":\"ReadAction\",\"target\":[\"https:\/\/portelldemorella.org\/ca\/portell-hace-comarca-con-la-celebracion-del-aplec-dels-ports\/\"]}]},{\"@type\":\"ImageObject\",\"inLanguage\":\"ca\",\"@id\":\"https:\/\/portelldemorella.org\/ca\/portell-hace-comarca-con-la-celebracion-del-aplec-dels-ports\/#primaryimage\",\"url\":\"https:\/\/portelldemorella.org\/wp-content\/uploads\/2022\/09\/WEB-DIPU.jpg\",\"contentUrl\":\"https:\/\/portelldemorella.org\/wp-content\/uploads\/2022\/09\/WEB-DIPU.jpg\",\"width\":1080,\"height\":450},{\"@type\":\"BreadcrumbList\",\"@id\":\"https:\/\/portelldemorella.org\/ca\/portell-hace-comarca-con-la-celebracion-del-aplec-dels-ports\/#breadcrumb\",\"itemListElement\":[{\"@type\":\"ListItem\",\"position\":1,\"name\":\"Portada\",\"item\":\"https:\/\/portelldemorella.org\/ca\/\"},{\"@type\":\"ListItem\",\"position\":2,\"name\":\"Portell fa comarca amb la celebraci\u00f3 del Aplec dels Ports\"}]},{\"@type\":\"WebSite\",\"@id\":\"https:\/\/portelldemorella.org\/#website\",\"url\":\"https:\/\/portelldemorella.org\/\",\"name\":\"Portell de Morella\",\"description\":\"Web del Ayuntamiento de Portell de Morella\",\"publisher\":{\"@id\":\"https:\/\/portelldemorella.org\/#organization\"},\"potentialAction\":[{\"@type\":\"SearchAction\",\"target\":{\"@type\":\"EntryPoint\",\"urlTemplate\":\"https:\/\/portelldemorella.org\/?s={search_term_string}\"},\"query-input\":{\"@type\":\"PropertyValueSpecification\",\"valueRequired\":true,\"valueName\":\"search_term_string\"}}],\"inLanguage\":\"ca\"},{\"@type\":\"Organization\",\"@id\":\"https:\/\/portelldemorella.org\/#organization\",\"name\":\"Portell de Morella\",\"url\":\"https:\/\/portelldemorella.org\/\",\"logo\":{\"@type\":\"ImageObject\",\"inLanguage\":\"ca\",\"@id\":\"https:\/\/portelldemorella.org\/#\/schema\/logo\/image\/\",\"url\":\"https:\/\/portelldemorella.org\/wp-content\/uploads\/2020\/11\/Escudo-Portell-04.jpg\",\"contentUrl\":\"https:\/\/portelldemorella.org\/wp-content\/uploads\/2020\/11\/Escudo-Portell-04.jpg\",\"width\":1001,\"height\":394,\"caption\":\"Portell de Morella\"},\"image\":{\"@id\":\"https:\/\/portelldemorella.org\/#\/schema\/logo\/image\/\"}},{\"@type\":\"Person\",\"@id\":\"https:\/\/portelldemorella.org\/#\/schema\/person\/2adde77c454244acd163488ec723a88b\",\"name\":\"portell\",\"image\":{\"@type\":\"ImageObject\",\"inLanguage\":\"ca\",\"@id\":\"https:\/\/portelldemorella.org\/#\/schema\/person\/image\/\",\"url\":\"https:\/\/secure.gravatar.com\/avatar\/077c6bd89604df620d2fa93a06be2531944cdd6826fd322dbd8b483fd84d6407?s=96&d=mm&r=g\",\"contentUrl\":\"https:\/\/secure.gravatar.com\/avatar\/077c6bd89604df620d2fa93a06be2531944cdd6826fd322dbd8b483fd84d6407?s=96&d=mm&r=g\",\"caption\":\"portell\"},\"sameAs\":[\"https:\/\/portelldemorella.org\"],\"url\":\"https:\/\/portelldemorella.org\/ca\/author\/portell\/\"}]}<\/script>\n<!-- \/ Yoast SEO plugin. -->","yoast_head_json":{"title":"Portell fa comarca amb la celebraci\u00f3 del Aplec dels Ports - Portell de Morella","robots":{"index":"noindex","follow":"follow","max-snippet":"max-snippet:-1","max-image-preview":"max-image-preview:large","max-video-preview":"max-video-preview:-1"},"og_locale":"ca_ES","og_type":"article","og_title":"Portell fa comarca amb la celebraci\u00f3 del Aplec dels Ports - Portell de Morella","og_description":"Aquest passat cap de setmana, Portell va acollir l\u2019Aplec dels Ports 2022, que va tindre com a protagonistes la m\u00fasica, les xarrades i l&#8217;ambient. Com cada any, l\u2019Aplec dels Ports aconsegueix crear un ambient de germanor que enforteix la comarca i li dona visibilitat. Aix\u00ed i tot, es va poder gaudir de concerts com Xavi [&hellip;]","og_url":"https:\/\/portelldemorella.org\/ca\/portell-hace-comarca-con-la-celebracion-del-aplec-dels-ports\/","og_site_name":"Portell de Morella","article_published_time":"2022-08-04T15:32:42+00:00","article_modified_time":"2022-09-29T11:04:36+00:00","og_image":[{"width":1080,"height":450,"url":"https:\/\/portelldemorella.org\/wp-content\/uploads\/2022\/09\/WEB-DIPU.jpg","type":"image\/jpeg"}],"author":"portell","twitter_card":"summary_large_image","twitter_misc":{"Escrit per":"portell","Temps estimat de lectura":"2 minuts"},"schema":{"@context":"https:\/\/schema.org","@graph":[{"@type":"Article","@id":"https:\/\/portelldemorella.org\/ca\/portell-hace-comarca-con-la-celebracion-del-aplec-dels-ports\/#article","isPartOf":{"@id":"https:\/\/portelldemorella.org\/ca\/portell-hace-comarca-con-la-celebracion-del-aplec-dels-ports\/"},"author":{"name":"portell","@id":"https:\/\/portelldemorella.org\/#\/schema\/person\/2adde77c454244acd163488ec723a88b"},"headline":"Portell fa comarca amb la celebraci\u00f3 del Aplec dels Ports","datePublished":"2022-08-04T15:32:42+00:00","dateModified":"2022-09-29T11:04:36+00:00","mainEntityOfPage":{"@id":"https:\/\/portelldemorella.org\/ca\/portell-hace-comarca-con-la-celebracion-del-aplec-dels-ports\/"},"wordCount":225,"commentCount":0,"publisher":{"@id":"https:\/\/portelldemorella.org\/#organization"},"image":{"@id":"https:\/\/portelldemorella.org\/ca\/portell-hace-comarca-con-la-celebracion-del-aplec-dels-ports\/#primaryimage"},"thumbnailUrl":"https:\/\/portelldemorella.org\/wp-content\/uploads\/2022\/09\/WEB-DIPU.jpg","articleSection":["Ayuntamiento"],"inLanguage":"ca","potentialAction":[{"@type":"CommentAction","name":"Comment","target":["https:\/\/portelldemorella.org\/ca\/portell-hace-comarca-con-la-celebracion-del-aplec-dels-ports\/#respond"]}]},{"@type":"WebPage","@id":"https:\/\/portelldemorella.org\/ca\/portell-hace-comarca-con-la-celebracion-del-aplec-dels-ports\/","url":"https:\/\/portelldemorella.org\/ca\/portell-hace-comarca-con-la-celebracion-del-aplec-dels-ports\/","name":"Portell fa comarca amb la celebraci\u00f3 del Aplec dels Ports - Portell de Morella","isPartOf":{"@id":"https:\/\/portelldemorella.org\/#website"},"primaryImageOfPage":{"@id":"https:\/\/portelldemorella.org\/ca\/portell-hace-comarca-con-la-celebracion-del-aplec-dels-ports\/#primaryimage"},"image":{"@id":"https:\/\/portelldemorella.org\/ca\/portell-hace-comarca-con-la-celebracion-del-aplec-dels-ports\/#primaryimage"},"thumbnailUrl":"https:\/\/portelldemorella.org\/wp-content\/uploads\/2022\/09\/WEB-DIPU.jpg","datePublished":"2022-08-04T15:32:42+00:00","dateModified":"2022-09-29T11:04:36+00:00","breadcrumb":{"@id":"https:\/\/portelldemorella.org\/ca\/portell-hace-comarca-con-la-celebracion-del-aplec-dels-ports\/#breadcrumb"},"inLanguage":"ca","potentialAction":[{"@type":"ReadAction","target":["https:\/\/portelldemorella.org\/ca\/portell-hace-comarca-con-la-celebracion-del-aplec-dels-ports\/"]}]},{"@type":"ImageObject","inLanguage":"ca","@id":"https:\/\/portelldemorella.org\/ca\/portell-hace-comarca-con-la-celebracion-del-aplec-dels-ports\/#primaryimage","url":"https:\/\/portelldemorella.org\/wp-content\/uploads\/2022\/09\/WEB-DIPU.jpg","contentUrl":"https:\/\/portelldemorella.org\/wp-content\/uploads\/2022\/09\/WEB-DIPU.jpg","width":1080,"height":450},{"@type":"BreadcrumbList","@id":"https:\/\/portelldemorella.org\/ca\/portell-hace-comarca-con-la-celebracion-del-aplec-dels-ports\/#breadcrumb","itemListElement":[{"@type":"ListItem","position":1,"name":"Portada","item":"https:\/\/portelldemorella.org\/ca\/"},{"@type":"ListItem","position":2,"name":"Portell fa comarca amb la celebraci\u00f3 del Aplec dels Ports"}]},{"@type":"WebSite","@id":"https:\/\/portelldemorella.org\/#website","url":"https:\/\/portelldemorella.org\/","name":"Portell de Morella","description":"Web del Ayuntamiento de Portell de Morella","publisher":{"@id":"https:\/\/portelldemorella.org\/#organization"},"potentialAction":[{"@type":"SearchAction","target":{"@type":"EntryPoint","urlTemplate":"https:\/\/portelldemorella.org\/?s={search_term_string}"},"query-input":{"@type":"PropertyValueSpecification","valueRequired":true,"valueName":"search_term_string"}}],"inLanguage":"ca"},{"@type":"Organization","@id":"https:\/\/portelldemorella.org\/#organization","name":"Portell de Morella","url":"https:\/\/portelldemorella.org\/","logo":{"@type":"ImageObject","inLanguage":"ca","@id":"https:\/\/portelldemorella.org\/#\/schema\/logo\/image\/","url":"https:\/\/portelldemorella.org\/wp-content\/uploads\/2020\/11\/Escudo-Portell-04.jpg","contentUrl":"https:\/\/portelldemorella.org\/wp-content\/uploads\/2020\/11\/Escudo-Portell-04.jpg","width":1001,"height":394,"caption":"Portell de Morella"},"image":{"@id":"https:\/\/portelldemorella.org\/#\/schema\/logo\/image\/"}},{"@type":"Person","@id":"https:\/\/portelldemorella.org\/#\/schema\/person\/2adde77c454244acd163488ec723a88b","name":"portell","image":{"@type":"ImageObject","inLanguage":"ca","@id":"https:\/\/portelldemorella.org\/#\/schema\/person\/image\/","url":"https:\/\/secure.gravatar.com\/avatar\/077c6bd89604df620d2fa93a06be2531944cdd6826fd322dbd8b483fd84d6407?s=96&d=mm&r=g","contentUrl":"https:\/\/secure.gravatar.com\/avatar\/077c6bd89604df620d2fa93a06be2531944cdd6826fd322dbd8b483fd84d6407?s=96&d=mm&r=g","caption":"portell"},"sameAs":["https:\/\/portelldemorella.org"],"url":"https:\/\/portelldemorella.org\/ca\/author\/portell\/"}]}},"_links":{"self":[{"href":"https:\/\/portelldemorella.org\/ca\/wp-json\/wp\/v2\/posts\/7436","targetHints":{"allow":["GET"]}}],"collection":[{"href":"https:\/\/portelldemorella.org\/ca\/wp-json\/wp\/v2\/posts"}],"about":[{"href":"https:\/\/portelldemorella.org\/ca\/wp-json\/wp\/v2\/types\/post"}],"author":[{"embeddable":true,"href":"https:\/\/portelldemorella.org\/ca\/wp-json\/wp\/v2\/users\/1"}],"replies":[{"embeddable":true,"href":"https:\/\/portelldemorella.org\/ca\/wp-json\/wp\/v2\/comments?post=7436"}],"version-history":[{"count":4,"href":"https:\/\/portelldemorella.org\/ca\/wp-json\/wp\/v2\/posts\/7436\/revisions"}],"predecessor-version":[{"id":7440,"href":"https:\/\/portelldemorella.org\/ca\/wp-json\/wp\/v2\/posts\/7436\/revisions\/7440"}],"wp:featuredmedia":[{"embeddable":true,"href":"https:\/\/portelldemorella.org\/ca\/wp-json\/wp\/v2\/media\/7374"}],"wp:attachment":[{"href":"https:\/\/portelldemorella.org\/ca\/wp-json\/wp\/v2\/media?parent=7436"}],"wp:term":[{"taxonomy":"category","embeddable":true,"href":"https:\/\/portelldemorella.org\/ca\/wp-json\/wp\/v2\/categories?post=7436"},{"taxonomy":"post_tag","embeddable":true,"href":"https:\/\/portelldemorella.org\/ca\/wp-json\/wp\/v2\/tags?post=7436"}],"curies":[{"name":"wp","href":"https:\/\/api.w.org\/{rel}","templated":true}]}}