{"id":7451,"date":"2022-07-12T10:22:32","date_gmt":"2022-07-12T10:22:32","guid":{"rendered":"https:\/\/portelldemorella.org\/portell-finaliza-la-instalacion-de-la-red-de-autoconsumo-compartido-del-polifuncional\/"},"modified":"2022-09-29T11:09:55","modified_gmt":"2022-09-29T11:09:55","slug":"portell-finaliza-la-instalacion-de-la-red-de-autoconsumo-compartido-del-polifuncional","status":"publish","type":"post","link":"https:\/\/portelldemorella.org\/ca\/portell-finaliza-la-instalacion-de-la-red-de-autoconsumo-compartido-del-polifuncional\/","title":{"rendered":"Portell finalitza la instal\u00b7laci\u00f3 de la xarxa d&#8217;autoconsum compartit del Polifuncional"},"content":{"rendered":"\n<figure class=\"wp-block-image size-large\"><img fetchpriority=\"high\" decoding=\"async\" width=\"1024\" height=\"384\" src=\"https:\/\/portelldemorella.org\/wp-content\/uploads\/2022\/09\/WEB-DIPU-1-1024x384.jpg\" alt=\"\" class=\"wp-image-7398\" srcset=\"https:\/\/portelldemorella.org\/wp-content\/uploads\/2022\/09\/WEB-DIPU-1-1024x384.jpg 1024w, https:\/\/portelldemorella.org\/wp-content\/uploads\/2022\/09\/WEB-DIPU-1-300x113.jpg 300w, https:\/\/portelldemorella.org\/wp-content\/uploads\/2022\/09\/WEB-DIPU-1-768x288.jpg 768w, https:\/\/portelldemorella.org\/wp-content\/uploads\/2022\/09\/WEB-DIPU-1-600x225.jpg 600w, https:\/\/portelldemorella.org\/wp-content\/uploads\/2022\/09\/WEB-DIPU-1-560x210.jpg 560w, https:\/\/portelldemorella.org\/wp-content\/uploads\/2022\/09\/WEB-DIPU-1.jpg 1200w\" sizes=\"(max-width: 1024px) 100vw, 1024px\" \/><\/figure>\n\n\n\n<p>En els \u00faltims dies, ha finalitzat la col\u00b7locaci\u00f3 de les plaques fotovoltaiques en la teulada de l&#8217;edifici Polifuncional de Portell. Amb elles, la localitat ha posat en marxa una xarxa d&#8217;autoconsum compartit 100% municipal per a donar servei a diferents espais i edificis municipals. &#8220;Es tracta de plaques solars amb una capacitat energ\u00e8tica de 45 quilowatts amb les quals subministrarem energia neta i renovable a l&#8217;ajuntament, el col\u00b7legi, la xarxa de calor o el punt de rec\u00e0rrega el\u00e8ctrica&#8221; indica l&#8217;alcalde de Portell, \u00c1lvaro Ferrer. L&#8217;energia generada es repartir\u00e0 al 60-40% entre la xarxa de calor local; la il\u00b7luminaci\u00f3 i sistemes energ\u00e8tics dels edificis municipals com l&#8217;ajuntament, el centre m\u00e8dic, la zona esportiva o el col\u00b7legi; el punt de rec\u00e0rrega de vehicles el\u00e8ctrics; o la il\u00b7luminaci\u00f3 de la localitat. &#8220;Seguim i continuarem apostant per l&#8217;\u00fas d&#8217;energies renovables i menys contaminants, les quals, a m\u00e9s d&#8217;afavorir a la conservaci\u00f3 del medi ambient i del clima, tamb\u00e9 ens ajuden en la disminuci\u00f3 de la factura energ\u00e8tica de la localitat&#8221; ressalta Ferrer.<\/p>\n","protected":false},"excerpt":{"rendered":"<p>En els \u00faltims dies, ha finalitzat la col\u00b7locaci\u00f3 de les plaques fotovoltaiques en la teulada de l&#8217;edifici Polifuncional de Portell. Amb elles, la localitat ha posat en marxa una xarxa d&#8217;autoconsum compartit 100% municipal per a donar servei a diferents espais i edificis municipals. &#8220;Es tracta de plaques solars amb una capacitat energ\u00e8tica de 45 [&hellip;]<\/p>\n","protected":false},"author":1,"featured_media":7399,"comment_status":"open","ping_status":"open","sticky":false,"template":"","format":"standard","meta":{"footnotes":""},"categories":[97],"tags":[],"class_list":["post-7451","post","type-post","status-publish","format-standard","has-post-thumbnail","hentry","category-ayuntamiento-ca"],"yoast_head":"<!-- This site is optimized with the Yoast SEO plugin v24.4 - https:\/\/yoast.com\/wordpress\/plugins\/seo\/ -->\n<title>Portell finalitza la instal\u00b7laci\u00f3 de la xarxa d&#039;autoconsum compartit del Polifuncional - Portell de Morella<\/title>\n<meta name=\"robots\" content=\"noindex, follow, max-snippet:-1, max-image-preview:large, max-video-preview:-1\" \/>\n<meta property=\"og:locale\" content=\"ca_ES\" \/>\n<meta property=\"og:type\" content=\"article\" \/>\n<meta property=\"og:title\" content=\"Portell finalitza la instal\u00b7laci\u00f3 de la xarxa d&#039;autoconsum compartit del Polifuncional - Portell de Morella\" \/>\n<meta property=\"og:description\" content=\"En els \u00faltims dies, ha finalitzat la col\u00b7locaci\u00f3 de les plaques fotovoltaiques en la teulada de l&#8217;edifici Polifuncional de Portell. Amb elles, la localitat ha posat en marxa una xarxa d&#8217;autoconsum compartit 100% municipal per a donar servei a diferents espais i edificis municipals. &#8220;Es tracta de plaques solars amb una capacitat energ\u00e8tica de 45 [&hellip;]\" \/>\n<meta property=\"og:url\" content=\"https:\/\/portelldemorella.org\/ca\/portell-finaliza-la-instalacion-de-la-red-de-autoconsumo-compartido-del-polifuncional\/\" \/>\n<meta property=\"og:site_name\" content=\"Portell de Morella\" \/>\n<meta property=\"article:published_time\" content=\"2022-07-12T10:22:32+00:00\" \/>\n<meta property=\"article:modified_time\" content=\"2022-09-29T11:09:55+00:00\" \/>\n<meta property=\"og:image\" content=\"https:\/\/portelldemorella.org\/wp-content\/uploads\/2022\/09\/WEB-DIPU-1.jpg\" \/>\n\t<meta property=\"og:image:width\" content=\"1200\" \/>\n\t<meta property=\"og:image:height\" content=\"450\" \/>\n\t<meta property=\"og:image:type\" content=\"image\/jpeg\" \/>\n<meta name=\"author\" content=\"portell\" \/>\n<meta name=\"twitter:card\" content=\"summary_large_image\" \/>\n<meta name=\"twitter:label1\" content=\"Escrit per\" \/>\n\t<meta name=\"twitter:data1\" content=\"portell\" \/>\n\t<meta name=\"twitter:label2\" content=\"Temps estimat de lectura\" \/>\n\t<meta name=\"twitter:data2\" content=\"1 minut\" \/>\n<script type=\"application\/ld+json\" class=\"yoast-schema-graph\">{\"@context\":\"https:\/\/schema.org\",\"@graph\":[{\"@type\":\"Article\",\"@id\":\"https:\/\/portelldemorella.org\/ca\/portell-finaliza-la-instalacion-de-la-red-de-autoconsumo-compartido-del-polifuncional\/#article\",\"isPartOf\":{\"@id\":\"https:\/\/portelldemorella.org\/ca\/portell-finaliza-la-instalacion-de-la-red-de-autoconsumo-compartido-del-polifuncional\/\"},\"author\":{\"name\":\"portell\",\"@id\":\"https:\/\/portelldemorella.org\/#\/schema\/person\/2adde77c454244acd163488ec723a88b\"},\"headline\":\"Portell finalitza la instal\u00b7laci\u00f3 de la xarxa d&#8217;autoconsum compartit del Polifuncional\",\"datePublished\":\"2022-07-12T10:22:32+00:00\",\"dateModified\":\"2022-09-29T11:09:55+00:00\",\"mainEntityOfPage\":{\"@id\":\"https:\/\/portelldemorella.org\/ca\/portell-finaliza-la-instalacion-de-la-red-de-autoconsumo-compartido-del-polifuncional\/\"},\"wordCount\":193,\"commentCount\":0,\"publisher\":{\"@id\":\"https:\/\/portelldemorella.org\/#organization\"},\"image\":{\"@id\":\"https:\/\/portelldemorella.org\/ca\/portell-finaliza-la-instalacion-de-la-red-de-autoconsumo-compartido-del-polifuncional\/#primaryimage\"},\"thumbnailUrl\":\"https:\/\/portelldemorella.org\/wp-content\/uploads\/2022\/09\/WEB-DIPU-1.jpg\",\"articleSection\":[\"Ayuntamiento\"],\"inLanguage\":\"ca\",\"potentialAction\":[{\"@type\":\"CommentAction\",\"name\":\"Comment\",\"target\":[\"https:\/\/portelldemorella.org\/ca\/portell-finaliza-la-instalacion-de-la-red-de-autoconsumo-compartido-del-polifuncional\/#respond\"]}]},{\"@type\":\"WebPage\",\"@id\":\"https:\/\/portelldemorella.org\/ca\/portell-finaliza-la-instalacion-de-la-red-de-autoconsumo-compartido-del-polifuncional\/\",\"url\":\"https:\/\/portelldemorella.org\/ca\/portell-finaliza-la-instalacion-de-la-red-de-autoconsumo-compartido-del-polifuncional\/\",\"name\":\"Portell finalitza la instal\u00b7laci\u00f3 de la xarxa d'autoconsum compartit del Polifuncional - Portell de Morella\",\"isPartOf\":{\"@id\":\"https:\/\/portelldemorella.org\/#website\"},\"primaryImageOfPage\":{\"@id\":\"https:\/\/portelldemorella.org\/ca\/portell-finaliza-la-instalacion-de-la-red-de-autoconsumo-compartido-del-polifuncional\/#primaryimage\"},\"image\":{\"@id\":\"https:\/\/portelldemorella.org\/ca\/portell-finaliza-la-instalacion-de-la-red-de-autoconsumo-compartido-del-polifuncional\/#primaryimage\"},\"thumbnailUrl\":\"https:\/\/portelldemorella.org\/wp-content\/uploads\/2022\/09\/WEB-DIPU-1.jpg\",\"datePublished\":\"2022-07-12T10:22:32+00:00\",\"dateModified\":\"2022-09-29T11:09:55+00:00\",\"breadcrumb\":{\"@id\":\"https:\/\/portelldemorella.org\/ca\/portell-finaliza-la-instalacion-de-la-red-de-autoconsumo-compartido-del-polifuncional\/#breadcrumb\"},\"inLanguage\":\"ca\",\"potentialAction\":[{\"@type\":\"ReadAction\",\"target\":[\"https:\/\/portelldemorella.org\/ca\/portell-finaliza-la-instalacion-de-la-red-de-autoconsumo-compartido-del-polifuncional\/\"]}]},{\"@type\":\"ImageObject\",\"inLanguage\":\"ca\",\"@id\":\"https:\/\/portelldemorella.org\/ca\/portell-finaliza-la-instalacion-de-la-red-de-autoconsumo-compartido-del-polifuncional\/#primaryimage\",\"url\":\"https:\/\/portelldemorella.org\/wp-content\/uploads\/2022\/09\/WEB-DIPU-1.jpg\",\"contentUrl\":\"https:\/\/portelldemorella.org\/wp-content\/uploads\/2022\/09\/WEB-DIPU-1.jpg\",\"width\":1200,\"height\":450},{\"@type\":\"BreadcrumbList\",\"@id\":\"https:\/\/portelldemorella.org\/ca\/portell-finaliza-la-instalacion-de-la-red-de-autoconsumo-compartido-del-polifuncional\/#breadcrumb\",\"itemListElement\":[{\"@type\":\"ListItem\",\"position\":1,\"name\":\"Portada\",\"item\":\"https:\/\/portelldemorella.org\/ca\/\"},{\"@type\":\"ListItem\",\"position\":2,\"name\":\"Portell finalitza la instal\u00b7laci\u00f3 de la xarxa d&#8217;autoconsum compartit del Polifuncional\"}]},{\"@type\":\"WebSite\",\"@id\":\"https:\/\/portelldemorella.org\/#website\",\"url\":\"https:\/\/portelldemorella.org\/\",\"name\":\"Portell de Morella\",\"description\":\"Web del Ayuntamiento de Portell de Morella\",\"publisher\":{\"@id\":\"https:\/\/portelldemorella.org\/#organization\"},\"potentialAction\":[{\"@type\":\"SearchAction\",\"target\":{\"@type\":\"EntryPoint\",\"urlTemplate\":\"https:\/\/portelldemorella.org\/?s={search_term_string}\"},\"query-input\":{\"@type\":\"PropertyValueSpecification\",\"valueRequired\":true,\"valueName\":\"search_term_string\"}}],\"inLanguage\":\"ca\"},{\"@type\":\"Organization\",\"@id\":\"https:\/\/portelldemorella.org\/#organization\",\"name\":\"Portell de Morella\",\"url\":\"https:\/\/portelldemorella.org\/\",\"logo\":{\"@type\":\"ImageObject\",\"inLanguage\":\"ca\",\"@id\":\"https:\/\/portelldemorella.org\/#\/schema\/logo\/image\/\",\"url\":\"https:\/\/portelldemorella.org\/wp-content\/uploads\/2020\/11\/Escudo-Portell-04.jpg\",\"contentUrl\":\"https:\/\/portelldemorella.org\/wp-content\/uploads\/2020\/11\/Escudo-Portell-04.jpg\",\"width\":1001,\"height\":394,\"caption\":\"Portell de Morella\"},\"image\":{\"@id\":\"https:\/\/portelldemorella.org\/#\/schema\/logo\/image\/\"}},{\"@type\":\"Person\",\"@id\":\"https:\/\/portelldemorella.org\/#\/schema\/person\/2adde77c454244acd163488ec723a88b\",\"name\":\"portell\",\"image\":{\"@type\":\"ImageObject\",\"inLanguage\":\"ca\",\"@id\":\"https:\/\/portelldemorella.org\/#\/schema\/person\/image\/\",\"url\":\"https:\/\/secure.gravatar.com\/avatar\/077c6bd89604df620d2fa93a06be2531944cdd6826fd322dbd8b483fd84d6407?s=96&d=mm&r=g\",\"contentUrl\":\"https:\/\/secure.gravatar.com\/avatar\/077c6bd89604df620d2fa93a06be2531944cdd6826fd322dbd8b483fd84d6407?s=96&d=mm&r=g\",\"caption\":\"portell\"},\"sameAs\":[\"https:\/\/portelldemorella.org\"],\"url\":\"https:\/\/portelldemorella.org\/ca\/author\/portell\/\"}]}<\/script>\n<!-- \/ Yoast SEO plugin. -->","yoast_head_json":{"title":"Portell finalitza la instal\u00b7laci\u00f3 de la xarxa d'autoconsum compartit del Polifuncional - Portell de Morella","robots":{"index":"noindex","follow":"follow","max-snippet":"max-snippet:-1","max-image-preview":"max-image-preview:large","max-video-preview":"max-video-preview:-1"},"og_locale":"ca_ES","og_type":"article","og_title":"Portell finalitza la instal\u00b7laci\u00f3 de la xarxa d'autoconsum compartit del Polifuncional - Portell de Morella","og_description":"En els \u00faltims dies, ha finalitzat la col\u00b7locaci\u00f3 de les plaques fotovoltaiques en la teulada de l&#8217;edifici Polifuncional de Portell. Amb elles, la localitat ha posat en marxa una xarxa d&#8217;autoconsum compartit 100% municipal per a donar servei a diferents espais i edificis municipals. &#8220;Es tracta de plaques solars amb una capacitat energ\u00e8tica de 45 [&hellip;]","og_url":"https:\/\/portelldemorella.org\/ca\/portell-finaliza-la-instalacion-de-la-red-de-autoconsumo-compartido-del-polifuncional\/","og_site_name":"Portell de Morella","article_published_time":"2022-07-12T10:22:32+00:00","article_modified_time":"2022-09-29T11:09:55+00:00","og_image":[{"width":1200,"height":450,"url":"https:\/\/portelldemorella.org\/wp-content\/uploads\/2022\/09\/WEB-DIPU-1.jpg","type":"image\/jpeg"}],"author":"portell","twitter_card":"summary_large_image","twitter_misc":{"Escrit per":"portell","Temps estimat de lectura":"1 minut"},"schema":{"@context":"https:\/\/schema.org","@graph":[{"@type":"Article","@id":"https:\/\/portelldemorella.org\/ca\/portell-finaliza-la-instalacion-de-la-red-de-autoconsumo-compartido-del-polifuncional\/#article","isPartOf":{"@id":"https:\/\/portelldemorella.org\/ca\/portell-finaliza-la-instalacion-de-la-red-de-autoconsumo-compartido-del-polifuncional\/"},"author":{"name":"portell","@id":"https:\/\/portelldemorella.org\/#\/schema\/person\/2adde77c454244acd163488ec723a88b"},"headline":"Portell finalitza la instal\u00b7laci\u00f3 de la xarxa d&#8217;autoconsum compartit del Polifuncional","datePublished":"2022-07-12T10:22:32+00:00","dateModified":"2022-09-29T11:09:55+00:00","mainEntityOfPage":{"@id":"https:\/\/portelldemorella.org\/ca\/portell-finaliza-la-instalacion-de-la-red-de-autoconsumo-compartido-del-polifuncional\/"},"wordCount":193,"commentCount":0,"publisher":{"@id":"https:\/\/portelldemorella.org\/#organization"},"image":{"@id":"https:\/\/portelldemorella.org\/ca\/portell-finaliza-la-instalacion-de-la-red-de-autoconsumo-compartido-del-polifuncional\/#primaryimage"},"thumbnailUrl":"https:\/\/portelldemorella.org\/wp-content\/uploads\/2022\/09\/WEB-DIPU-1.jpg","articleSection":["Ayuntamiento"],"inLanguage":"ca","potentialAction":[{"@type":"CommentAction","name":"Comment","target":["https:\/\/portelldemorella.org\/ca\/portell-finaliza-la-instalacion-de-la-red-de-autoconsumo-compartido-del-polifuncional\/#respond"]}]},{"@type":"WebPage","@id":"https:\/\/portelldemorella.org\/ca\/portell-finaliza-la-instalacion-de-la-red-de-autoconsumo-compartido-del-polifuncional\/","url":"https:\/\/portelldemorella.org\/ca\/portell-finaliza-la-instalacion-de-la-red-de-autoconsumo-compartido-del-polifuncional\/","name":"Portell finalitza la instal\u00b7laci\u00f3 de la xarxa d'autoconsum compartit del Polifuncional - Portell de Morella","isPartOf":{"@id":"https:\/\/portelldemorella.org\/#website"},"primaryImageOfPage":{"@id":"https:\/\/portelldemorella.org\/ca\/portell-finaliza-la-instalacion-de-la-red-de-autoconsumo-compartido-del-polifuncional\/#primaryimage"},"image":{"@id":"https:\/\/portelldemorella.org\/ca\/portell-finaliza-la-instalacion-de-la-red-de-autoconsumo-compartido-del-polifuncional\/#primaryimage"},"thumbnailUrl":"https:\/\/portelldemorella.org\/wp-content\/uploads\/2022\/09\/WEB-DIPU-1.jpg","datePublished":"2022-07-12T10:22:32+00:00","dateModified":"2022-09-29T11:09:55+00:00","breadcrumb":{"@id":"https:\/\/portelldemorella.org\/ca\/portell-finaliza-la-instalacion-de-la-red-de-autoconsumo-compartido-del-polifuncional\/#breadcrumb"},"inLanguage":"ca","potentialAction":[{"@type":"ReadAction","target":["https:\/\/portelldemorella.org\/ca\/portell-finaliza-la-instalacion-de-la-red-de-autoconsumo-compartido-del-polifuncional\/"]}]},{"@type":"ImageObject","inLanguage":"ca","@id":"https:\/\/portelldemorella.org\/ca\/portell-finaliza-la-instalacion-de-la-red-de-autoconsumo-compartido-del-polifuncional\/#primaryimage","url":"https:\/\/portelldemorella.org\/wp-content\/uploads\/2022\/09\/WEB-DIPU-1.jpg","contentUrl":"https:\/\/portelldemorella.org\/wp-content\/uploads\/2022\/09\/WEB-DIPU-1.jpg","width":1200,"height":450},{"@type":"BreadcrumbList","@id":"https:\/\/portelldemorella.org\/ca\/portell-finaliza-la-instalacion-de-la-red-de-autoconsumo-compartido-del-polifuncional\/#breadcrumb","itemListElement":[{"@type":"ListItem","position":1,"name":"Portada","item":"https:\/\/portelldemorella.org\/ca\/"},{"@type":"ListItem","position":2,"name":"Portell finalitza la instal\u00b7laci\u00f3 de la xarxa d&#8217;autoconsum compartit del Polifuncional"}]},{"@type":"WebSite","@id":"https:\/\/portelldemorella.org\/#website","url":"https:\/\/portelldemorella.org\/","name":"Portell de Morella","description":"Web del Ayuntamiento de Portell de Morella","publisher":{"@id":"https:\/\/portelldemorella.org\/#organization"},"potentialAction":[{"@type":"SearchAction","target":{"@type":"EntryPoint","urlTemplate":"https:\/\/portelldemorella.org\/?s={search_term_string}"},"query-input":{"@type":"PropertyValueSpecification","valueRequired":true,"valueName":"search_term_string"}}],"inLanguage":"ca"},{"@type":"Organization","@id":"https:\/\/portelldemorella.org\/#organization","name":"Portell de Morella","url":"https:\/\/portelldemorella.org\/","logo":{"@type":"ImageObject","inLanguage":"ca","@id":"https:\/\/portelldemorella.org\/#\/schema\/logo\/image\/","url":"https:\/\/portelldemorella.org\/wp-content\/uploads\/2020\/11\/Escudo-Portell-04.jpg","contentUrl":"https:\/\/portelldemorella.org\/wp-content\/uploads\/2020\/11\/Escudo-Portell-04.jpg","width":1001,"height":394,"caption":"Portell de Morella"},"image":{"@id":"https:\/\/portelldemorella.org\/#\/schema\/logo\/image\/"}},{"@type":"Person","@id":"https:\/\/portelldemorella.org\/#\/schema\/person\/2adde77c454244acd163488ec723a88b","name":"portell","image":{"@type":"ImageObject","inLanguage":"ca","@id":"https:\/\/portelldemorella.org\/#\/schema\/person\/image\/","url":"https:\/\/secure.gravatar.com\/avatar\/077c6bd89604df620d2fa93a06be2531944cdd6826fd322dbd8b483fd84d6407?s=96&d=mm&r=g","contentUrl":"https:\/\/secure.gravatar.com\/avatar\/077c6bd89604df620d2fa93a06be2531944cdd6826fd322dbd8b483fd84d6407?s=96&d=mm&r=g","caption":"portell"},"sameAs":["https:\/\/portelldemorella.org"],"url":"https:\/\/portelldemorella.org\/ca\/author\/portell\/"}]}},"_links":{"self":[{"href":"https:\/\/portelldemorella.org\/ca\/wp-json\/wp\/v2\/posts\/7451","targetHints":{"allow":["GET"]}}],"collection":[{"href":"https:\/\/portelldemorella.org\/ca\/wp-json\/wp\/v2\/posts"}],"about":[{"href":"https:\/\/portelldemorella.org\/ca\/wp-json\/wp\/v2\/types\/post"}],"author":[{"embeddable":true,"href":"https:\/\/portelldemorella.org\/ca\/wp-json\/wp\/v2\/users\/1"}],"replies":[{"embeddable":true,"href":"https:\/\/portelldemorella.org\/ca\/wp-json\/wp\/v2\/comments?post=7451"}],"version-history":[{"count":1,"href":"https:\/\/portelldemorella.org\/ca\/wp-json\/wp\/v2\/posts\/7451\/revisions"}],"predecessor-version":[{"id":7452,"href":"https:\/\/portelldemorella.org\/ca\/wp-json\/wp\/v2\/posts\/7451\/revisions\/7452"}],"wp:featuredmedia":[{"embeddable":true,"href":"https:\/\/portelldemorella.org\/ca\/wp-json\/wp\/v2\/media\/7399"}],"wp:attachment":[{"href":"https:\/\/portelldemorella.org\/ca\/wp-json\/wp\/v2\/media?parent=7451"}],"wp:term":[{"taxonomy":"category","embeddable":true,"href":"https:\/\/portelldemorella.org\/ca\/wp-json\/wp\/v2\/categories?post=7451"},{"taxonomy":"post_tag","embeddable":true,"href":"https:\/\/portelldemorella.org\/ca\/wp-json\/wp\/v2\/tags?post=7451"}],"curies":[{"name":"wp","href":"https:\/\/api.w.org\/{rel}","templated":true}]}}