{"id":7461,"date":"2022-04-13T10:34:06","date_gmt":"2022-04-13T10:34:06","guid":{"rendered":"https:\/\/portelldemorella.org\/la-volta-als-ports-la-il%c2%b7lusio-mou-les-nostres-cames-en-bicicleta-recorrera-els-ports-el-30-de-abril-y-el-1-de-mayo\/"},"modified":"2022-09-29T11:22:08","modified_gmt":"2022-09-29T11:22:08","slug":"la-volta-als-ports-la-il%c2%b7lusio-mou-les-nostres-cames-en-bicicleta-recorrera-els-ports-el-30-de-abril-y-el-1-de-mayo","status":"publish","type":"post","link":"https:\/\/portelldemorella.org\/ca\/la-volta-als-ports-la-il%c2%b7lusio-mou-les-nostres-cames-en-bicicleta-recorrera-els-ports-el-30-de-abril-y-el-1-de-mayo\/","title":{"rendered":"La \u2018Volta als Ports. La il\u00b7lusi\u00f3 mou les nostres cames\u2019 en bicicleta recorrer\u00e1 Els Ports el 30 de abril y el 1 de mayo"},"content":{"rendered":"\n<figure class=\"wp-block-image size-large\"><img fetchpriority=\"high\" decoding=\"async\" width=\"1024\" height=\"384\" src=\"https:\/\/portelldemorella.org\/wp-content\/uploads\/2022\/09\/La-\u2018Volta-als-Ports.-La-il\u00b7lusio-mou-les-nostres-cames-en-bicicleta-recorrera-Els-Ports-el-30-de-abril-y-el-1-de-mayo-2-1024x384.jpeg\" alt=\"\" class=\"wp-image-7419\" srcset=\"https:\/\/portelldemorella.org\/wp-content\/uploads\/2022\/09\/La-\u2018Volta-als-Ports.-La-il\u00b7lusio-mou-les-nostres-cames-en-bicicleta-recorrera-Els-Ports-el-30-de-abril-y-el-1-de-mayo-2-1024x384.jpeg 1024w, https:\/\/portelldemorella.org\/wp-content\/uploads\/2022\/09\/La-\u2018Volta-als-Ports.-La-il\u00b7lusio-mou-les-nostres-cames-en-bicicleta-recorrera-Els-Ports-el-30-de-abril-y-el-1-de-mayo-2-300x113.jpeg 300w, https:\/\/portelldemorella.org\/wp-content\/uploads\/2022\/09\/La-\u2018Volta-als-Ports.-La-il\u00b7lusio-mou-les-nostres-cames-en-bicicleta-recorrera-Els-Ports-el-30-de-abril-y-el-1-de-mayo-2-768x288.jpeg 768w, https:\/\/portelldemorella.org\/wp-content\/uploads\/2022\/09\/La-\u2018Volta-als-Ports.-La-il\u00b7lusio-mou-les-nostres-cames-en-bicicleta-recorrera-Els-Ports-el-30-de-abril-y-el-1-de-mayo-2-600x225.jpeg 600w, https:\/\/portelldemorella.org\/wp-content\/uploads\/2022\/09\/La-\u2018Volta-als-Ports.-La-il\u00b7lusio-mou-les-nostres-cames-en-bicicleta-recorrera-Els-Ports-el-30-de-abril-y-el-1-de-mayo-2-560x210.jpeg 560w, https:\/\/portelldemorella.org\/wp-content\/uploads\/2022\/09\/La-\u2018Volta-als-Ports.-La-il\u00b7lusio-mou-les-nostres-cames-en-bicicleta-recorrera-Els-Ports-el-30-de-abril-y-el-1-de-mayo-2.jpeg 1200w\" sizes=\"(max-width: 1024px) 100vw, 1024px\" \/><\/figure>\n\n\n\n<p>&#8211; L&#8217;activitat forma part del projecte \u2018Muntanyes d\u2019Il\u00b7lusions\u2019 de Pam Collado<\/p>\n\n\n\n<p>Pam Collado cont\u00ednua amb el seu projecte, ara convertit en associaci\u00f3, per a ajudar a repoblar l&#8217;interior de la prov\u00edncia de Castell\u00f3. Aquest curs acad\u00e8mic, la primera acci\u00f3 pensada \u00e9s rec\u00f3rrer durant un cap de setmana, el del 30 d&#8217;abril i l&#8217;1 de maig, la comarca dels Ports \u00edntegrament amb bicicleta amb la \u2018Volta als Ports. La il\u00b7lusi\u00f3 mou les nostres cames\u2019. \u201cCom sempre, aquest repte el far\u00e9 acompanyada de la meua parella, Ram\u00f3n, i recorrerem en dos dies 293 quil\u00f2metres amb 5780 metres de desnivell positiu\u201d afirma la professora.<\/p>\n\n\n\n<p>La primera part del recorregut passar\u00e0 per Vilafranca, Castellfort, Ares, Vallibona, Pobla de Benifass\u00e0, Castell de Cabres i Herbers fent nit a casa Pepo. El diumenge, es partir\u00e0 d&#8217;Herbers i la ruta discorrer\u00e0 per Morella, Villores, Palanques, Sorita, Forcall, Todolella, Olocau del Rei, La Mata, Portell i Vilafranca.<\/p>\n\n\n\n<p>\u201cDes de fa unes setmanes som associaci\u00f3, l&#8217;Associaci\u00f3 Muntanyes d\u2019Il\u00b7lusions, de la qual jo soc la presidenta i en la qual comptem amb la indispensable ajuda de Montse Sorribes, directora del CRA i membre de l&#8217;Associaci\u00f3\u201d afirma Pam Collado.<\/p>\n\n\n\n<p><\/p>\n","protected":false},"excerpt":{"rendered":"<p>&#8211; L&#8217;activitat forma part del projecte \u2018Muntanyes d\u2019Il\u00b7lusions\u2019 de Pam Collado Pam Collado cont\u00ednua amb el seu projecte, ara convertit en associaci\u00f3, per a ajudar a repoblar l&#8217;interior de la prov\u00edncia de Castell\u00f3. Aquest curs acad\u00e8mic, la primera acci\u00f3 pensada \u00e9s rec\u00f3rrer durant un cap de setmana, el del 30 d&#8217;abril i l&#8217;1 de maig, [&hellip;]<\/p>\n","protected":false},"author":1,"featured_media":7420,"comment_status":"open","ping_status":"open","sticky":false,"template":"","format":"standard","meta":{"footnotes":""},"categories":[97],"tags":[],"class_list":["post-7461","post","type-post","status-publish","format-standard","has-post-thumbnail","hentry","category-ayuntamiento-ca"],"yoast_head":"<!-- This site is optimized with the Yoast SEO plugin v24.4 - https:\/\/yoast.com\/wordpress\/plugins\/seo\/ -->\n<title>La \u2018Volta als Ports. La il\u00b7lusi\u00f3 mou les nostres cames\u2019 en bicicleta recorrer\u00e1 Els Ports el 30 de abril y el 1 de mayo - Portell de Morella<\/title>\n<meta name=\"robots\" content=\"noindex, follow, max-snippet:-1, max-image-preview:large, max-video-preview:-1\" \/>\n<meta property=\"og:locale\" content=\"ca_ES\" \/>\n<meta property=\"og:type\" content=\"article\" \/>\n<meta property=\"og:title\" content=\"La \u2018Volta als Ports. La il\u00b7lusi\u00f3 mou les nostres cames\u2019 en bicicleta recorrer\u00e1 Els Ports el 30 de abril y el 1 de mayo - Portell de Morella\" \/>\n<meta property=\"og:description\" content=\"&#8211; L&#8217;activitat forma part del projecte \u2018Muntanyes d\u2019Il\u00b7lusions\u2019 de Pam Collado Pam Collado cont\u00ednua amb el seu projecte, ara convertit en associaci\u00f3, per a ajudar a repoblar l&#8217;interior de la prov\u00edncia de Castell\u00f3. Aquest curs acad\u00e8mic, la primera acci\u00f3 pensada \u00e9s rec\u00f3rrer durant un cap de setmana, el del 30 d&#8217;abril i l&#8217;1 de maig, [&hellip;]\" \/>\n<meta property=\"og:url\" content=\"https:\/\/portelldemorella.org\/ca\/la-volta-als-ports-la-il\u00b7lusio-mou-les-nostres-cames-en-bicicleta-recorrera-els-ports-el-30-de-abril-y-el-1-de-mayo\/\" \/>\n<meta property=\"og:site_name\" content=\"Portell de Morella\" \/>\n<meta property=\"article:published_time\" content=\"2022-04-13T10:34:06+00:00\" \/>\n<meta property=\"article:modified_time\" content=\"2022-09-29T11:22:08+00:00\" \/>\n<meta property=\"og:image\" content=\"https:\/\/portelldemorella.org\/wp-content\/uploads\/2022\/09\/La-\u2018Volta-als-Ports.-La-il\u00b7lusio-mou-les-nostres-cames-en-bicicleta-recorrera-Els-Ports-el-30-de-abril-y-el-1-de-mayo-2.jpeg\" \/>\n\t<meta property=\"og:image:width\" content=\"1200\" \/>\n\t<meta property=\"og:image:height\" content=\"450\" \/>\n\t<meta property=\"og:image:type\" content=\"image\/jpeg\" \/>\n<meta name=\"author\" content=\"portell\" \/>\n<meta name=\"twitter:card\" content=\"summary_large_image\" \/>\n<meta name=\"twitter:label1\" content=\"Escrit per\" \/>\n\t<meta name=\"twitter:data1\" content=\"portell\" \/>\n\t<meta name=\"twitter:label2\" content=\"Temps estimat de lectura\" \/>\n\t<meta name=\"twitter:data2\" content=\"2 minuts\" \/>\n<script type=\"application\/ld+json\" class=\"yoast-schema-graph\">{\"@context\":\"https:\/\/schema.org\",\"@graph\":[{\"@type\":\"Article\",\"@id\":\"https:\/\/portelldemorella.org\/ca\/la-volta-als-ports-la-il%c2%b7lusio-mou-les-nostres-cames-en-bicicleta-recorrera-els-ports-el-30-de-abril-y-el-1-de-mayo\/#article\",\"isPartOf\":{\"@id\":\"https:\/\/portelldemorella.org\/ca\/la-volta-als-ports-la-il%c2%b7lusio-mou-les-nostres-cames-en-bicicleta-recorrera-els-ports-el-30-de-abril-y-el-1-de-mayo\/\"},\"author\":{\"name\":\"portell\",\"@id\":\"https:\/\/portelldemorella.org\/#\/schema\/person\/2adde77c454244acd163488ec723a88b\"},\"headline\":\"La \u2018Volta als Ports. La il\u00b7lusi\u00f3 mou les nostres cames\u2019 en bicicleta recorrer\u00e1 Els Ports el 30 de abril y el 1 de mayo\",\"datePublished\":\"2022-04-13T10:34:06+00:00\",\"dateModified\":\"2022-09-29T11:22:08+00:00\",\"mainEntityOfPage\":{\"@id\":\"https:\/\/portelldemorella.org\/ca\/la-volta-als-ports-la-il%c2%b7lusio-mou-les-nostres-cames-en-bicicleta-recorrera-els-ports-el-30-de-abril-y-el-1-de-mayo\/\"},\"wordCount\":219,\"commentCount\":0,\"publisher\":{\"@id\":\"https:\/\/portelldemorella.org\/#organization\"},\"image\":{\"@id\":\"https:\/\/portelldemorella.org\/ca\/la-volta-als-ports-la-il%c2%b7lusio-mou-les-nostres-cames-en-bicicleta-recorrera-els-ports-el-30-de-abril-y-el-1-de-mayo\/#primaryimage\"},\"thumbnailUrl\":\"https:\/\/portelldemorella.org\/wp-content\/uploads\/2022\/09\/La-\u2018Volta-als-Ports.-La-il\u00b7lusio-mou-les-nostres-cames-en-bicicleta-recorrera-Els-Ports-el-30-de-abril-y-el-1-de-mayo-2.jpeg\",\"articleSection\":[\"Ayuntamiento\"],\"inLanguage\":\"ca\",\"potentialAction\":[{\"@type\":\"CommentAction\",\"name\":\"Comment\",\"target\":[\"https:\/\/portelldemorella.org\/ca\/la-volta-als-ports-la-il%c2%b7lusio-mou-les-nostres-cames-en-bicicleta-recorrera-els-ports-el-30-de-abril-y-el-1-de-mayo\/#respond\"]}]},{\"@type\":\"WebPage\",\"@id\":\"https:\/\/portelldemorella.org\/ca\/la-volta-als-ports-la-il%c2%b7lusio-mou-les-nostres-cames-en-bicicleta-recorrera-els-ports-el-30-de-abril-y-el-1-de-mayo\/\",\"url\":\"https:\/\/portelldemorella.org\/ca\/la-volta-als-ports-la-il%c2%b7lusio-mou-les-nostres-cames-en-bicicleta-recorrera-els-ports-el-30-de-abril-y-el-1-de-mayo\/\",\"name\":\"La \u2018Volta als Ports. La il\u00b7lusi\u00f3 mou les nostres cames\u2019 en bicicleta recorrer\u00e1 Els Ports el 30 de abril y el 1 de mayo - Portell de Morella\",\"isPartOf\":{\"@id\":\"https:\/\/portelldemorella.org\/#website\"},\"primaryImageOfPage\":{\"@id\":\"https:\/\/portelldemorella.org\/ca\/la-volta-als-ports-la-il%c2%b7lusio-mou-les-nostres-cames-en-bicicleta-recorrera-els-ports-el-30-de-abril-y-el-1-de-mayo\/#primaryimage\"},\"image\":{\"@id\":\"https:\/\/portelldemorella.org\/ca\/la-volta-als-ports-la-il%c2%b7lusio-mou-les-nostres-cames-en-bicicleta-recorrera-els-ports-el-30-de-abril-y-el-1-de-mayo\/#primaryimage\"},\"thumbnailUrl\":\"https:\/\/portelldemorella.org\/wp-content\/uploads\/2022\/09\/La-\u2018Volta-als-Ports.-La-il\u00b7lusio-mou-les-nostres-cames-en-bicicleta-recorrera-Els-Ports-el-30-de-abril-y-el-1-de-mayo-2.jpeg\",\"datePublished\":\"2022-04-13T10:34:06+00:00\",\"dateModified\":\"2022-09-29T11:22:08+00:00\",\"breadcrumb\":{\"@id\":\"https:\/\/portelldemorella.org\/ca\/la-volta-als-ports-la-il%c2%b7lusio-mou-les-nostres-cames-en-bicicleta-recorrera-els-ports-el-30-de-abril-y-el-1-de-mayo\/#breadcrumb\"},\"inLanguage\":\"ca\",\"potentialAction\":[{\"@type\":\"ReadAction\",\"target\":[\"https:\/\/portelldemorella.org\/ca\/la-volta-als-ports-la-il%c2%b7lusio-mou-les-nostres-cames-en-bicicleta-recorrera-els-ports-el-30-de-abril-y-el-1-de-mayo\/\"]}]},{\"@type\":\"ImageObject\",\"inLanguage\":\"ca\",\"@id\":\"https:\/\/portelldemorella.org\/ca\/la-volta-als-ports-la-il%c2%b7lusio-mou-les-nostres-cames-en-bicicleta-recorrera-els-ports-el-30-de-abril-y-el-1-de-mayo\/#primaryimage\",\"url\":\"https:\/\/portelldemorella.org\/wp-content\/uploads\/2022\/09\/La-\u2018Volta-als-Ports.-La-il\u00b7lusio-mou-les-nostres-cames-en-bicicleta-recorrera-Els-Ports-el-30-de-abril-y-el-1-de-mayo-2.jpeg\",\"contentUrl\":\"https:\/\/portelldemorella.org\/wp-content\/uploads\/2022\/09\/La-\u2018Volta-als-Ports.-La-il\u00b7lusio-mou-les-nostres-cames-en-bicicleta-recorrera-Els-Ports-el-30-de-abril-y-el-1-de-mayo-2.jpeg\",\"width\":1200,\"height\":450},{\"@type\":\"BreadcrumbList\",\"@id\":\"https:\/\/portelldemorella.org\/ca\/la-volta-als-ports-la-il%c2%b7lusio-mou-les-nostres-cames-en-bicicleta-recorrera-els-ports-el-30-de-abril-y-el-1-de-mayo\/#breadcrumb\",\"itemListElement\":[{\"@type\":\"ListItem\",\"position\":1,\"name\":\"Portada\",\"item\":\"https:\/\/portelldemorella.org\/ca\/\"},{\"@type\":\"ListItem\",\"position\":2,\"name\":\"La \u2018Volta als Ports. La il\u00b7lusi\u00f3 mou les nostres cames\u2019 en bicicleta recorrer\u00e1 Els Ports el 30 de abril y el 1 de mayo\"}]},{\"@type\":\"WebSite\",\"@id\":\"https:\/\/portelldemorella.org\/#website\",\"url\":\"https:\/\/portelldemorella.org\/\",\"name\":\"Portell de Morella\",\"description\":\"Web del Ayuntamiento de Portell de Morella\",\"publisher\":{\"@id\":\"https:\/\/portelldemorella.org\/#organization\"},\"potentialAction\":[{\"@type\":\"SearchAction\",\"target\":{\"@type\":\"EntryPoint\",\"urlTemplate\":\"https:\/\/portelldemorella.org\/?s={search_term_string}\"},\"query-input\":{\"@type\":\"PropertyValueSpecification\",\"valueRequired\":true,\"valueName\":\"search_term_string\"}}],\"inLanguage\":\"ca\"},{\"@type\":\"Organization\",\"@id\":\"https:\/\/portelldemorella.org\/#organization\",\"name\":\"Portell de Morella\",\"url\":\"https:\/\/portelldemorella.org\/\",\"logo\":{\"@type\":\"ImageObject\",\"inLanguage\":\"ca\",\"@id\":\"https:\/\/portelldemorella.org\/#\/schema\/logo\/image\/\",\"url\":\"https:\/\/portelldemorella.org\/wp-content\/uploads\/2020\/11\/Escudo-Portell-04.jpg\",\"contentUrl\":\"https:\/\/portelldemorella.org\/wp-content\/uploads\/2020\/11\/Escudo-Portell-04.jpg\",\"width\":1001,\"height\":394,\"caption\":\"Portell de Morella\"},\"image\":{\"@id\":\"https:\/\/portelldemorella.org\/#\/schema\/logo\/image\/\"}},{\"@type\":\"Person\",\"@id\":\"https:\/\/portelldemorella.org\/#\/schema\/person\/2adde77c454244acd163488ec723a88b\",\"name\":\"portell\",\"image\":{\"@type\":\"ImageObject\",\"inLanguage\":\"ca\",\"@id\":\"https:\/\/portelldemorella.org\/#\/schema\/person\/image\/\",\"url\":\"https:\/\/secure.gravatar.com\/avatar\/077c6bd89604df620d2fa93a06be2531944cdd6826fd322dbd8b483fd84d6407?s=96&d=mm&r=g\",\"contentUrl\":\"https:\/\/secure.gravatar.com\/avatar\/077c6bd89604df620d2fa93a06be2531944cdd6826fd322dbd8b483fd84d6407?s=96&d=mm&r=g\",\"caption\":\"portell\"},\"sameAs\":[\"https:\/\/portelldemorella.org\"],\"url\":\"https:\/\/portelldemorella.org\/ca\/author\/portell\/\"}]}<\/script>\n<!-- \/ Yoast SEO plugin. -->","yoast_head_json":{"title":"La \u2018Volta als Ports. La il\u00b7lusi\u00f3 mou les nostres cames\u2019 en bicicleta recorrer\u00e1 Els Ports el 30 de abril y el 1 de mayo - Portell de Morella","robots":{"index":"noindex","follow":"follow","max-snippet":"max-snippet:-1","max-image-preview":"max-image-preview:large","max-video-preview":"max-video-preview:-1"},"og_locale":"ca_ES","og_type":"article","og_title":"La \u2018Volta als Ports. La il\u00b7lusi\u00f3 mou les nostres cames\u2019 en bicicleta recorrer\u00e1 Els Ports el 30 de abril y el 1 de mayo - Portell de Morella","og_description":"&#8211; L&#8217;activitat forma part del projecte \u2018Muntanyes d\u2019Il\u00b7lusions\u2019 de Pam Collado Pam Collado cont\u00ednua amb el seu projecte, ara convertit en associaci\u00f3, per a ajudar a repoblar l&#8217;interior de la prov\u00edncia de Castell\u00f3. Aquest curs acad\u00e8mic, la primera acci\u00f3 pensada \u00e9s rec\u00f3rrer durant un cap de setmana, el del 30 d&#8217;abril i l&#8217;1 de maig, [&hellip;]","og_url":"https:\/\/portelldemorella.org\/ca\/la-volta-als-ports-la-il\u00b7lusio-mou-les-nostres-cames-en-bicicleta-recorrera-els-ports-el-30-de-abril-y-el-1-de-mayo\/","og_site_name":"Portell de Morella","article_published_time":"2022-04-13T10:34:06+00:00","article_modified_time":"2022-09-29T11:22:08+00:00","og_image":[{"width":1200,"height":450,"url":"https:\/\/portelldemorella.org\/wp-content\/uploads\/2022\/09\/La-\u2018Volta-als-Ports.-La-il\u00b7lusio-mou-les-nostres-cames-en-bicicleta-recorrera-Els-Ports-el-30-de-abril-y-el-1-de-mayo-2.jpeg","type":"image\/jpeg"}],"author":"portell","twitter_card":"summary_large_image","twitter_misc":{"Escrit per":"portell","Temps estimat de lectura":"2 minuts"},"schema":{"@context":"https:\/\/schema.org","@graph":[{"@type":"Article","@id":"https:\/\/portelldemorella.org\/ca\/la-volta-als-ports-la-il%c2%b7lusio-mou-les-nostres-cames-en-bicicleta-recorrera-els-ports-el-30-de-abril-y-el-1-de-mayo\/#article","isPartOf":{"@id":"https:\/\/portelldemorella.org\/ca\/la-volta-als-ports-la-il%c2%b7lusio-mou-les-nostres-cames-en-bicicleta-recorrera-els-ports-el-30-de-abril-y-el-1-de-mayo\/"},"author":{"name":"portell","@id":"https:\/\/portelldemorella.org\/#\/schema\/person\/2adde77c454244acd163488ec723a88b"},"headline":"La \u2018Volta als Ports. La il\u00b7lusi\u00f3 mou les nostres cames\u2019 en bicicleta recorrer\u00e1 Els Ports el 30 de abril y el 1 de mayo","datePublished":"2022-04-13T10:34:06+00:00","dateModified":"2022-09-29T11:22:08+00:00","mainEntityOfPage":{"@id":"https:\/\/portelldemorella.org\/ca\/la-volta-als-ports-la-il%c2%b7lusio-mou-les-nostres-cames-en-bicicleta-recorrera-els-ports-el-30-de-abril-y-el-1-de-mayo\/"},"wordCount":219,"commentCount":0,"publisher":{"@id":"https:\/\/portelldemorella.org\/#organization"},"image":{"@id":"https:\/\/portelldemorella.org\/ca\/la-volta-als-ports-la-il%c2%b7lusio-mou-les-nostres-cames-en-bicicleta-recorrera-els-ports-el-30-de-abril-y-el-1-de-mayo\/#primaryimage"},"thumbnailUrl":"https:\/\/portelldemorella.org\/wp-content\/uploads\/2022\/09\/La-\u2018Volta-als-Ports.-La-il\u00b7lusio-mou-les-nostres-cames-en-bicicleta-recorrera-Els-Ports-el-30-de-abril-y-el-1-de-mayo-2.jpeg","articleSection":["Ayuntamiento"],"inLanguage":"ca","potentialAction":[{"@type":"CommentAction","name":"Comment","target":["https:\/\/portelldemorella.org\/ca\/la-volta-als-ports-la-il%c2%b7lusio-mou-les-nostres-cames-en-bicicleta-recorrera-els-ports-el-30-de-abril-y-el-1-de-mayo\/#respond"]}]},{"@type":"WebPage","@id":"https:\/\/portelldemorella.org\/ca\/la-volta-als-ports-la-il%c2%b7lusio-mou-les-nostres-cames-en-bicicleta-recorrera-els-ports-el-30-de-abril-y-el-1-de-mayo\/","url":"https:\/\/portelldemorella.org\/ca\/la-volta-als-ports-la-il%c2%b7lusio-mou-les-nostres-cames-en-bicicleta-recorrera-els-ports-el-30-de-abril-y-el-1-de-mayo\/","name":"La \u2018Volta als Ports. La il\u00b7lusi\u00f3 mou les nostres cames\u2019 en bicicleta recorrer\u00e1 Els Ports el 30 de abril y el 1 de mayo - Portell de Morella","isPartOf":{"@id":"https:\/\/portelldemorella.org\/#website"},"primaryImageOfPage":{"@id":"https:\/\/portelldemorella.org\/ca\/la-volta-als-ports-la-il%c2%b7lusio-mou-les-nostres-cames-en-bicicleta-recorrera-els-ports-el-30-de-abril-y-el-1-de-mayo\/#primaryimage"},"image":{"@id":"https:\/\/portelldemorella.org\/ca\/la-volta-als-ports-la-il%c2%b7lusio-mou-les-nostres-cames-en-bicicleta-recorrera-els-ports-el-30-de-abril-y-el-1-de-mayo\/#primaryimage"},"thumbnailUrl":"https:\/\/portelldemorella.org\/wp-content\/uploads\/2022\/09\/La-\u2018Volta-als-Ports.-La-il\u00b7lusio-mou-les-nostres-cames-en-bicicleta-recorrera-Els-Ports-el-30-de-abril-y-el-1-de-mayo-2.jpeg","datePublished":"2022-04-13T10:34:06+00:00","dateModified":"2022-09-29T11:22:08+00:00","breadcrumb":{"@id":"https:\/\/portelldemorella.org\/ca\/la-volta-als-ports-la-il%c2%b7lusio-mou-les-nostres-cames-en-bicicleta-recorrera-els-ports-el-30-de-abril-y-el-1-de-mayo\/#breadcrumb"},"inLanguage":"ca","potentialAction":[{"@type":"ReadAction","target":["https:\/\/portelldemorella.org\/ca\/la-volta-als-ports-la-il%c2%b7lusio-mou-les-nostres-cames-en-bicicleta-recorrera-els-ports-el-30-de-abril-y-el-1-de-mayo\/"]}]},{"@type":"ImageObject","inLanguage":"ca","@id":"https:\/\/portelldemorella.org\/ca\/la-volta-als-ports-la-il%c2%b7lusio-mou-les-nostres-cames-en-bicicleta-recorrera-els-ports-el-30-de-abril-y-el-1-de-mayo\/#primaryimage","url":"https:\/\/portelldemorella.org\/wp-content\/uploads\/2022\/09\/La-\u2018Volta-als-Ports.-La-il\u00b7lusio-mou-les-nostres-cames-en-bicicleta-recorrera-Els-Ports-el-30-de-abril-y-el-1-de-mayo-2.jpeg","contentUrl":"https:\/\/portelldemorella.org\/wp-content\/uploads\/2022\/09\/La-\u2018Volta-als-Ports.-La-il\u00b7lusio-mou-les-nostres-cames-en-bicicleta-recorrera-Els-Ports-el-30-de-abril-y-el-1-de-mayo-2.jpeg","width":1200,"height":450},{"@type":"BreadcrumbList","@id":"https:\/\/portelldemorella.org\/ca\/la-volta-als-ports-la-il%c2%b7lusio-mou-les-nostres-cames-en-bicicleta-recorrera-els-ports-el-30-de-abril-y-el-1-de-mayo\/#breadcrumb","itemListElement":[{"@type":"ListItem","position":1,"name":"Portada","item":"https:\/\/portelldemorella.org\/ca\/"},{"@type":"ListItem","position":2,"name":"La \u2018Volta als Ports. La il\u00b7lusi\u00f3 mou les nostres cames\u2019 en bicicleta recorrer\u00e1 Els Ports el 30 de abril y el 1 de mayo"}]},{"@type":"WebSite","@id":"https:\/\/portelldemorella.org\/#website","url":"https:\/\/portelldemorella.org\/","name":"Portell de Morella","description":"Web del Ayuntamiento de Portell de Morella","publisher":{"@id":"https:\/\/portelldemorella.org\/#organization"},"potentialAction":[{"@type":"SearchAction","target":{"@type":"EntryPoint","urlTemplate":"https:\/\/portelldemorella.org\/?s={search_term_string}"},"query-input":{"@type":"PropertyValueSpecification","valueRequired":true,"valueName":"search_term_string"}}],"inLanguage":"ca"},{"@type":"Organization","@id":"https:\/\/portelldemorella.org\/#organization","name":"Portell de Morella","url":"https:\/\/portelldemorella.org\/","logo":{"@type":"ImageObject","inLanguage":"ca","@id":"https:\/\/portelldemorella.org\/#\/schema\/logo\/image\/","url":"https:\/\/portelldemorella.org\/wp-content\/uploads\/2020\/11\/Escudo-Portell-04.jpg","contentUrl":"https:\/\/portelldemorella.org\/wp-content\/uploads\/2020\/11\/Escudo-Portell-04.jpg","width":1001,"height":394,"caption":"Portell de Morella"},"image":{"@id":"https:\/\/portelldemorella.org\/#\/schema\/logo\/image\/"}},{"@type":"Person","@id":"https:\/\/portelldemorella.org\/#\/schema\/person\/2adde77c454244acd163488ec723a88b","name":"portell","image":{"@type":"ImageObject","inLanguage":"ca","@id":"https:\/\/portelldemorella.org\/#\/schema\/person\/image\/","url":"https:\/\/secure.gravatar.com\/avatar\/077c6bd89604df620d2fa93a06be2531944cdd6826fd322dbd8b483fd84d6407?s=96&d=mm&r=g","contentUrl":"https:\/\/secure.gravatar.com\/avatar\/077c6bd89604df620d2fa93a06be2531944cdd6826fd322dbd8b483fd84d6407?s=96&d=mm&r=g","caption":"portell"},"sameAs":["https:\/\/portelldemorella.org"],"url":"https:\/\/portelldemorella.org\/ca\/author\/portell\/"}]}},"_links":{"self":[{"href":"https:\/\/portelldemorella.org\/ca\/wp-json\/wp\/v2\/posts\/7461","targetHints":{"allow":["GET"]}}],"collection":[{"href":"https:\/\/portelldemorella.org\/ca\/wp-json\/wp\/v2\/posts"}],"about":[{"href":"https:\/\/portelldemorella.org\/ca\/wp-json\/wp\/v2\/types\/post"}],"author":[{"embeddable":true,"href":"https:\/\/portelldemorella.org\/ca\/wp-json\/wp\/v2\/users\/1"}],"replies":[{"embeddable":true,"href":"https:\/\/portelldemorella.org\/ca\/wp-json\/wp\/v2\/comments?post=7461"}],"version-history":[{"count":1,"href":"https:\/\/portelldemorella.org\/ca\/wp-json\/wp\/v2\/posts\/7461\/revisions"}],"predecessor-version":[{"id":7463,"href":"https:\/\/portelldemorella.org\/ca\/wp-json\/wp\/v2\/posts\/7461\/revisions\/7463"}],"wp:featuredmedia":[{"embeddable":true,"href":"https:\/\/portelldemorella.org\/ca\/wp-json\/wp\/v2\/media\/7420"}],"wp:attachment":[{"href":"https:\/\/portelldemorella.org\/ca\/wp-json\/wp\/v2\/media?parent=7461"}],"wp:term":[{"taxonomy":"category","embeddable":true,"href":"https:\/\/portelldemorella.org\/ca\/wp-json\/wp\/v2\/categories?post=7461"},{"taxonomy":"post_tag","embeddable":true,"href":"https:\/\/portelldemorella.org\/ca\/wp-json\/wp\/v2\/tags?post=7461"}],"curies":[{"name":"wp","href":"https:\/\/api.w.org\/{rel}","templated":true}]}}