{"id":7464,"date":"2022-03-31T10:35:43","date_gmt":"2022-03-31T10:35:43","guid":{"rendered":"https:\/\/portelldemorella.org\/portell-se-ilumina-para-concienciar-sobre-la-endometriosis\/"},"modified":"2022-09-29T11:23:52","modified_gmt":"2022-09-29T11:23:52","slug":"portell-se-ilumina-para-concienciar-sobre-la-endometriosis","status":"publish","type":"post","link":"https:\/\/portelldemorella.org\/ca\/portell-se-ilumina-para-concienciar-sobre-la-endometriosis\/","title":{"rendered":"Portell s&#8217;il\u00b7lumina per a conscienciar sobre l&#8217;Endometriosi"},"content":{"rendered":"\n<figure class=\"wp-block-image size-large\"><img fetchpriority=\"high\" decoding=\"async\" width=\"1024\" height=\"384\" src=\"https:\/\/portelldemorella.org\/wp-content\/uploads\/2022\/09\/WEB-PORTELL-1024x384.jpg\" alt=\"\" class=\"wp-image-7423\" srcset=\"https:\/\/portelldemorella.org\/wp-content\/uploads\/2022\/09\/WEB-PORTELL-1024x384.jpg 1024w, https:\/\/portelldemorella.org\/wp-content\/uploads\/2022\/09\/WEB-PORTELL-300x113.jpg 300w, https:\/\/portelldemorella.org\/wp-content\/uploads\/2022\/09\/WEB-PORTELL-768x288.jpg 768w, https:\/\/portelldemorella.org\/wp-content\/uploads\/2022\/09\/WEB-PORTELL-600x225.jpg 600w, https:\/\/portelldemorella.org\/wp-content\/uploads\/2022\/09\/WEB-PORTELL-560x210.jpg 560w, https:\/\/portelldemorella.org\/wp-content\/uploads\/2022\/09\/WEB-PORTELL.jpg 1200w\" sizes=\"(max-width: 1024px) 100vw, 1024px\" \/><\/figure>\n\n\n\n<p>La fa\u00e7ana de l&#8217;Ajuntament de Portell es va il\u00b7luminar el passat cap de setmana per a recolzar a totes les persones que pateixen Endometriosi i als seus familiars i amics. Indicar que el Dia Mundial de l&#8217;Endometriosi se celebra el 14 de mar\u00e7. Aquesta malaltia, patida per les dones, \u00e9s en moltes ocasions desconeguda i oblidada, per\u00f2 altera la qualitat de vida d&#8217;aquelles que la pateixen i pot produir problemes de fertilitat. &#8220;\u00c9s un xicotet gest per\u00f2 que, esperem, servir\u00e0 d&#8217;impuls a moltes dones que busquen una llum d&#8217;esperan\u00e7a davant la malaltia&#8221; afirma l&#8217;alcalde de Portell, \u00c1lvaro Ferrer.\u00a0<\/p>\n","protected":false},"excerpt":{"rendered":"<p>La fa\u00e7ana de l&#8217;Ajuntament de Portell es va il\u00b7luminar el passat cap de setmana per a recolzar a totes les persones que pateixen Endometriosi i als seus familiars i amics. Indicar que el Dia Mundial de l&#8217;Endometriosi se celebra el 14 de mar\u00e7. Aquesta malaltia, patida per les dones, \u00e9s en moltes ocasions desconeguda i [&hellip;]<\/p>\n","protected":false},"author":1,"featured_media":7424,"comment_status":"open","ping_status":"open","sticky":false,"template":"","format":"standard","meta":{"footnotes":""},"categories":[97],"tags":[],"class_list":["post-7464","post","type-post","status-publish","format-standard","has-post-thumbnail","hentry","category-ayuntamiento-ca"],"yoast_head":"<!-- This site is optimized with the Yoast SEO plugin v24.4 - https:\/\/yoast.com\/wordpress\/plugins\/seo\/ -->\n<title>Portell s&#039;il\u00b7lumina per a conscienciar sobre l&#039;Endometriosi - Portell de Morella<\/title>\n<meta name=\"robots\" content=\"noindex, follow, max-snippet:-1, max-image-preview:large, max-video-preview:-1\" \/>\n<meta property=\"og:locale\" content=\"ca_ES\" \/>\n<meta property=\"og:type\" content=\"article\" \/>\n<meta property=\"og:title\" content=\"Portell s&#039;il\u00b7lumina per a conscienciar sobre l&#039;Endometriosi - Portell de Morella\" \/>\n<meta property=\"og:description\" content=\"La fa\u00e7ana de l&#8217;Ajuntament de Portell es va il\u00b7luminar el passat cap de setmana per a recolzar a totes les persones que pateixen Endometriosi i als seus familiars i amics. Indicar que el Dia Mundial de l&#8217;Endometriosi se celebra el 14 de mar\u00e7. Aquesta malaltia, patida per les dones, \u00e9s en moltes ocasions desconeguda i [&hellip;]\" \/>\n<meta property=\"og:url\" content=\"https:\/\/portelldemorella.org\/ca\/portell-se-ilumina-para-concienciar-sobre-la-endometriosis\/\" \/>\n<meta property=\"og:site_name\" content=\"Portell de Morella\" \/>\n<meta property=\"article:published_time\" content=\"2022-03-31T10:35:43+00:00\" \/>\n<meta property=\"article:modified_time\" content=\"2022-09-29T11:23:52+00:00\" \/>\n<meta property=\"og:image\" content=\"https:\/\/portelldemorella.org\/wp-content\/uploads\/2022\/09\/WEB-PORTELL.jpg\" \/>\n\t<meta property=\"og:image:width\" content=\"1200\" \/>\n\t<meta property=\"og:image:height\" content=\"450\" \/>\n\t<meta property=\"og:image:type\" content=\"image\/jpeg\" \/>\n<meta name=\"author\" content=\"portell\" \/>\n<meta name=\"twitter:card\" content=\"summary_large_image\" \/>\n<meta name=\"twitter:label1\" content=\"Escrit per\" \/>\n\t<meta name=\"twitter:data1\" content=\"portell\" \/>\n\t<meta name=\"twitter:label2\" content=\"Temps estimat de lectura\" \/>\n\t<meta name=\"twitter:data2\" content=\"1 minut\" \/>\n<script type=\"application\/ld+json\" class=\"yoast-schema-graph\">{\"@context\":\"https:\/\/schema.org\",\"@graph\":[{\"@type\":\"Article\",\"@id\":\"https:\/\/portelldemorella.org\/ca\/portell-se-ilumina-para-concienciar-sobre-la-endometriosis\/#article\",\"isPartOf\":{\"@id\":\"https:\/\/portelldemorella.org\/ca\/portell-se-ilumina-para-concienciar-sobre-la-endometriosis\/\"},\"author\":{\"name\":\"portell\",\"@id\":\"https:\/\/portelldemorella.org\/#\/schema\/person\/2adde77c454244acd163488ec723a88b\"},\"headline\":\"Portell s&#8217;il\u00b7lumina per a conscienciar sobre l&#8217;Endometriosi\",\"datePublished\":\"2022-03-31T10:35:43+00:00\",\"dateModified\":\"2022-09-29T11:23:52+00:00\",\"mainEntityOfPage\":{\"@id\":\"https:\/\/portelldemorella.org\/ca\/portell-se-ilumina-para-concienciar-sobre-la-endometriosis\/\"},\"wordCount\":108,\"commentCount\":0,\"publisher\":{\"@id\":\"https:\/\/portelldemorella.org\/#organization\"},\"image\":{\"@id\":\"https:\/\/portelldemorella.org\/ca\/portell-se-ilumina-para-concienciar-sobre-la-endometriosis\/#primaryimage\"},\"thumbnailUrl\":\"https:\/\/portelldemorella.org\/wp-content\/uploads\/2022\/09\/WEB-PORTELL.jpg\",\"articleSection\":[\"Ayuntamiento\"],\"inLanguage\":\"ca\",\"potentialAction\":[{\"@type\":\"CommentAction\",\"name\":\"Comment\",\"target\":[\"https:\/\/portelldemorella.org\/ca\/portell-se-ilumina-para-concienciar-sobre-la-endometriosis\/#respond\"]}]},{\"@type\":\"WebPage\",\"@id\":\"https:\/\/portelldemorella.org\/ca\/portell-se-ilumina-para-concienciar-sobre-la-endometriosis\/\",\"url\":\"https:\/\/portelldemorella.org\/ca\/portell-se-ilumina-para-concienciar-sobre-la-endometriosis\/\",\"name\":\"Portell s'il\u00b7lumina per a conscienciar sobre l'Endometriosi - Portell de Morella\",\"isPartOf\":{\"@id\":\"https:\/\/portelldemorella.org\/#website\"},\"primaryImageOfPage\":{\"@id\":\"https:\/\/portelldemorella.org\/ca\/portell-se-ilumina-para-concienciar-sobre-la-endometriosis\/#primaryimage\"},\"image\":{\"@id\":\"https:\/\/portelldemorella.org\/ca\/portell-se-ilumina-para-concienciar-sobre-la-endometriosis\/#primaryimage\"},\"thumbnailUrl\":\"https:\/\/portelldemorella.org\/wp-content\/uploads\/2022\/09\/WEB-PORTELL.jpg\",\"datePublished\":\"2022-03-31T10:35:43+00:00\",\"dateModified\":\"2022-09-29T11:23:52+00:00\",\"breadcrumb\":{\"@id\":\"https:\/\/portelldemorella.org\/ca\/portell-se-ilumina-para-concienciar-sobre-la-endometriosis\/#breadcrumb\"},\"inLanguage\":\"ca\",\"potentialAction\":[{\"@type\":\"ReadAction\",\"target\":[\"https:\/\/portelldemorella.org\/ca\/portell-se-ilumina-para-concienciar-sobre-la-endometriosis\/\"]}]},{\"@type\":\"ImageObject\",\"inLanguage\":\"ca\",\"@id\":\"https:\/\/portelldemorella.org\/ca\/portell-se-ilumina-para-concienciar-sobre-la-endometriosis\/#primaryimage\",\"url\":\"https:\/\/portelldemorella.org\/wp-content\/uploads\/2022\/09\/WEB-PORTELL.jpg\",\"contentUrl\":\"https:\/\/portelldemorella.org\/wp-content\/uploads\/2022\/09\/WEB-PORTELL.jpg\",\"width\":1200,\"height\":450},{\"@type\":\"BreadcrumbList\",\"@id\":\"https:\/\/portelldemorella.org\/ca\/portell-se-ilumina-para-concienciar-sobre-la-endometriosis\/#breadcrumb\",\"itemListElement\":[{\"@type\":\"ListItem\",\"position\":1,\"name\":\"Portada\",\"item\":\"https:\/\/portelldemorella.org\/ca\/\"},{\"@type\":\"ListItem\",\"position\":2,\"name\":\"Portell s&#8217;il\u00b7lumina per a conscienciar sobre l&#8217;Endometriosi\"}]},{\"@type\":\"WebSite\",\"@id\":\"https:\/\/portelldemorella.org\/#website\",\"url\":\"https:\/\/portelldemorella.org\/\",\"name\":\"Portell de Morella\",\"description\":\"Web del Ayuntamiento de Portell de Morella\",\"publisher\":{\"@id\":\"https:\/\/portelldemorella.org\/#organization\"},\"potentialAction\":[{\"@type\":\"SearchAction\",\"target\":{\"@type\":\"EntryPoint\",\"urlTemplate\":\"https:\/\/portelldemorella.org\/?s={search_term_string}\"},\"query-input\":{\"@type\":\"PropertyValueSpecification\",\"valueRequired\":true,\"valueName\":\"search_term_string\"}}],\"inLanguage\":\"ca\"},{\"@type\":\"Organization\",\"@id\":\"https:\/\/portelldemorella.org\/#organization\",\"name\":\"Portell de Morella\",\"url\":\"https:\/\/portelldemorella.org\/\",\"logo\":{\"@type\":\"ImageObject\",\"inLanguage\":\"ca\",\"@id\":\"https:\/\/portelldemorella.org\/#\/schema\/logo\/image\/\",\"url\":\"https:\/\/portelldemorella.org\/wp-content\/uploads\/2020\/11\/Escudo-Portell-04.jpg\",\"contentUrl\":\"https:\/\/portelldemorella.org\/wp-content\/uploads\/2020\/11\/Escudo-Portell-04.jpg\",\"width\":1001,\"height\":394,\"caption\":\"Portell de Morella\"},\"image\":{\"@id\":\"https:\/\/portelldemorella.org\/#\/schema\/logo\/image\/\"}},{\"@type\":\"Person\",\"@id\":\"https:\/\/portelldemorella.org\/#\/schema\/person\/2adde77c454244acd163488ec723a88b\",\"name\":\"portell\",\"image\":{\"@type\":\"ImageObject\",\"inLanguage\":\"ca\",\"@id\":\"https:\/\/portelldemorella.org\/#\/schema\/person\/image\/\",\"url\":\"https:\/\/secure.gravatar.com\/avatar\/077c6bd89604df620d2fa93a06be2531944cdd6826fd322dbd8b483fd84d6407?s=96&d=mm&r=g\",\"contentUrl\":\"https:\/\/secure.gravatar.com\/avatar\/077c6bd89604df620d2fa93a06be2531944cdd6826fd322dbd8b483fd84d6407?s=96&d=mm&r=g\",\"caption\":\"portell\"},\"sameAs\":[\"https:\/\/portelldemorella.org\"],\"url\":\"https:\/\/portelldemorella.org\/ca\/author\/portell\/\"}]}<\/script>\n<!-- \/ Yoast SEO plugin. -->","yoast_head_json":{"title":"Portell s'il\u00b7lumina per a conscienciar sobre l'Endometriosi - Portell de Morella","robots":{"index":"noindex","follow":"follow","max-snippet":"max-snippet:-1","max-image-preview":"max-image-preview:large","max-video-preview":"max-video-preview:-1"},"og_locale":"ca_ES","og_type":"article","og_title":"Portell s'il\u00b7lumina per a conscienciar sobre l'Endometriosi - Portell de Morella","og_description":"La fa\u00e7ana de l&#8217;Ajuntament de Portell es va il\u00b7luminar el passat cap de setmana per a recolzar a totes les persones que pateixen Endometriosi i als seus familiars i amics. Indicar que el Dia Mundial de l&#8217;Endometriosi se celebra el 14 de mar\u00e7. Aquesta malaltia, patida per les dones, \u00e9s en moltes ocasions desconeguda i [&hellip;]","og_url":"https:\/\/portelldemorella.org\/ca\/portell-se-ilumina-para-concienciar-sobre-la-endometriosis\/","og_site_name":"Portell de Morella","article_published_time":"2022-03-31T10:35:43+00:00","article_modified_time":"2022-09-29T11:23:52+00:00","og_image":[{"width":1200,"height":450,"url":"https:\/\/portelldemorella.org\/wp-content\/uploads\/2022\/09\/WEB-PORTELL.jpg","type":"image\/jpeg"}],"author":"portell","twitter_card":"summary_large_image","twitter_misc":{"Escrit per":"portell","Temps estimat de lectura":"1 minut"},"schema":{"@context":"https:\/\/schema.org","@graph":[{"@type":"Article","@id":"https:\/\/portelldemorella.org\/ca\/portell-se-ilumina-para-concienciar-sobre-la-endometriosis\/#article","isPartOf":{"@id":"https:\/\/portelldemorella.org\/ca\/portell-se-ilumina-para-concienciar-sobre-la-endometriosis\/"},"author":{"name":"portell","@id":"https:\/\/portelldemorella.org\/#\/schema\/person\/2adde77c454244acd163488ec723a88b"},"headline":"Portell s&#8217;il\u00b7lumina per a conscienciar sobre l&#8217;Endometriosi","datePublished":"2022-03-31T10:35:43+00:00","dateModified":"2022-09-29T11:23:52+00:00","mainEntityOfPage":{"@id":"https:\/\/portelldemorella.org\/ca\/portell-se-ilumina-para-concienciar-sobre-la-endometriosis\/"},"wordCount":108,"commentCount":0,"publisher":{"@id":"https:\/\/portelldemorella.org\/#organization"},"image":{"@id":"https:\/\/portelldemorella.org\/ca\/portell-se-ilumina-para-concienciar-sobre-la-endometriosis\/#primaryimage"},"thumbnailUrl":"https:\/\/portelldemorella.org\/wp-content\/uploads\/2022\/09\/WEB-PORTELL.jpg","articleSection":["Ayuntamiento"],"inLanguage":"ca","potentialAction":[{"@type":"CommentAction","name":"Comment","target":["https:\/\/portelldemorella.org\/ca\/portell-se-ilumina-para-concienciar-sobre-la-endometriosis\/#respond"]}]},{"@type":"WebPage","@id":"https:\/\/portelldemorella.org\/ca\/portell-se-ilumina-para-concienciar-sobre-la-endometriosis\/","url":"https:\/\/portelldemorella.org\/ca\/portell-se-ilumina-para-concienciar-sobre-la-endometriosis\/","name":"Portell s'il\u00b7lumina per a conscienciar sobre l'Endometriosi - Portell de Morella","isPartOf":{"@id":"https:\/\/portelldemorella.org\/#website"},"primaryImageOfPage":{"@id":"https:\/\/portelldemorella.org\/ca\/portell-se-ilumina-para-concienciar-sobre-la-endometriosis\/#primaryimage"},"image":{"@id":"https:\/\/portelldemorella.org\/ca\/portell-se-ilumina-para-concienciar-sobre-la-endometriosis\/#primaryimage"},"thumbnailUrl":"https:\/\/portelldemorella.org\/wp-content\/uploads\/2022\/09\/WEB-PORTELL.jpg","datePublished":"2022-03-31T10:35:43+00:00","dateModified":"2022-09-29T11:23:52+00:00","breadcrumb":{"@id":"https:\/\/portelldemorella.org\/ca\/portell-se-ilumina-para-concienciar-sobre-la-endometriosis\/#breadcrumb"},"inLanguage":"ca","potentialAction":[{"@type":"ReadAction","target":["https:\/\/portelldemorella.org\/ca\/portell-se-ilumina-para-concienciar-sobre-la-endometriosis\/"]}]},{"@type":"ImageObject","inLanguage":"ca","@id":"https:\/\/portelldemorella.org\/ca\/portell-se-ilumina-para-concienciar-sobre-la-endometriosis\/#primaryimage","url":"https:\/\/portelldemorella.org\/wp-content\/uploads\/2022\/09\/WEB-PORTELL.jpg","contentUrl":"https:\/\/portelldemorella.org\/wp-content\/uploads\/2022\/09\/WEB-PORTELL.jpg","width":1200,"height":450},{"@type":"BreadcrumbList","@id":"https:\/\/portelldemorella.org\/ca\/portell-se-ilumina-para-concienciar-sobre-la-endometriosis\/#breadcrumb","itemListElement":[{"@type":"ListItem","position":1,"name":"Portada","item":"https:\/\/portelldemorella.org\/ca\/"},{"@type":"ListItem","position":2,"name":"Portell s&#8217;il\u00b7lumina per a conscienciar sobre l&#8217;Endometriosi"}]},{"@type":"WebSite","@id":"https:\/\/portelldemorella.org\/#website","url":"https:\/\/portelldemorella.org\/","name":"Portell de Morella","description":"Web del Ayuntamiento de Portell de Morella","publisher":{"@id":"https:\/\/portelldemorella.org\/#organization"},"potentialAction":[{"@type":"SearchAction","target":{"@type":"EntryPoint","urlTemplate":"https:\/\/portelldemorella.org\/?s={search_term_string}"},"query-input":{"@type":"PropertyValueSpecification","valueRequired":true,"valueName":"search_term_string"}}],"inLanguage":"ca"},{"@type":"Organization","@id":"https:\/\/portelldemorella.org\/#organization","name":"Portell de Morella","url":"https:\/\/portelldemorella.org\/","logo":{"@type":"ImageObject","inLanguage":"ca","@id":"https:\/\/portelldemorella.org\/#\/schema\/logo\/image\/","url":"https:\/\/portelldemorella.org\/wp-content\/uploads\/2020\/11\/Escudo-Portell-04.jpg","contentUrl":"https:\/\/portelldemorella.org\/wp-content\/uploads\/2020\/11\/Escudo-Portell-04.jpg","width":1001,"height":394,"caption":"Portell de Morella"},"image":{"@id":"https:\/\/portelldemorella.org\/#\/schema\/logo\/image\/"}},{"@type":"Person","@id":"https:\/\/portelldemorella.org\/#\/schema\/person\/2adde77c454244acd163488ec723a88b","name":"portell","image":{"@type":"ImageObject","inLanguage":"ca","@id":"https:\/\/portelldemorella.org\/#\/schema\/person\/image\/","url":"https:\/\/secure.gravatar.com\/avatar\/077c6bd89604df620d2fa93a06be2531944cdd6826fd322dbd8b483fd84d6407?s=96&d=mm&r=g","contentUrl":"https:\/\/secure.gravatar.com\/avatar\/077c6bd89604df620d2fa93a06be2531944cdd6826fd322dbd8b483fd84d6407?s=96&d=mm&r=g","caption":"portell"},"sameAs":["https:\/\/portelldemorella.org"],"url":"https:\/\/portelldemorella.org\/ca\/author\/portell\/"}]}},"_links":{"self":[{"href":"https:\/\/portelldemorella.org\/ca\/wp-json\/wp\/v2\/posts\/7464","targetHints":{"allow":["GET"]}}],"collection":[{"href":"https:\/\/portelldemorella.org\/ca\/wp-json\/wp\/v2\/posts"}],"about":[{"href":"https:\/\/portelldemorella.org\/ca\/wp-json\/wp\/v2\/types\/post"}],"author":[{"embeddable":true,"href":"https:\/\/portelldemorella.org\/ca\/wp-json\/wp\/v2\/users\/1"}],"replies":[{"embeddable":true,"href":"https:\/\/portelldemorella.org\/ca\/wp-json\/wp\/v2\/comments?post=7464"}],"version-history":[{"count":1,"href":"https:\/\/portelldemorella.org\/ca\/wp-json\/wp\/v2\/posts\/7464\/revisions"}],"predecessor-version":[{"id":7465,"href":"https:\/\/portelldemorella.org\/ca\/wp-json\/wp\/v2\/posts\/7464\/revisions\/7465"}],"wp:featuredmedia":[{"embeddable":true,"href":"https:\/\/portelldemorella.org\/ca\/wp-json\/wp\/v2\/media\/7424"}],"wp:attachment":[{"href":"https:\/\/portelldemorella.org\/ca\/wp-json\/wp\/v2\/media?parent=7464"}],"wp:term":[{"taxonomy":"category","embeddable":true,"href":"https:\/\/portelldemorella.org\/ca\/wp-json\/wp\/v2\/categories?post=7464"},{"taxonomy":"post_tag","embeddable":true,"href":"https:\/\/portelldemorella.org\/ca\/wp-json\/wp\/v2\/tags?post=7464"}],"curies":[{"name":"wp","href":"https:\/\/api.w.org\/{rel}","templated":true}]}}