{"id":7492,"date":"2022-11-17T10:57:00","date_gmt":"2022-11-17T10:57:00","guid":{"rendered":"https:\/\/portelldemorella.org\/?p=7492"},"modified":"2023-06-09T09:29:54","modified_gmt":"2023-06-09T09:29:54","slug":"portell-recibe-un-premio-por-mejorar-las-cifras-de-vidrio-reciclado","status":"publish","type":"post","link":"https:\/\/portelldemorella.org\/ca\/portell-recibe-un-premio-por-mejorar-las-cifras-de-vidrio-reciclado\/","title":{"rendered":"Portell rep un premi per millorar les xifres de vidre reciclat"},"content":{"rendered":"\n<!--more-->\n\n\n\n<figure class=\"wp-block-image size-full\"><img fetchpriority=\"high\" decoding=\"async\" width=\"590\" height=\"731\" src=\"https:\/\/portelldemorella.org\/wp-content\/uploads\/2023\/01\/ECOVIDRIO.jpg\" alt=\"\" class=\"wp-image-7494\" srcset=\"https:\/\/portelldemorella.org\/wp-content\/uploads\/2023\/01\/ECOVIDRIO.jpg 590w, https:\/\/portelldemorella.org\/wp-content\/uploads\/2023\/01\/ECOVIDRIO-242x300.jpg 242w, https:\/\/portelldemorella.org\/wp-content\/uploads\/2023\/01\/ECOVIDRIO-484x600.jpg 484w, https:\/\/portelldemorella.org\/wp-content\/uploads\/2023\/01\/ECOVIDRIO-452x560.jpg 452w\" sizes=\"(max-width: 590px) 100vw, 590px\" \/><\/figure>\n\n\n\n<p>Els ve\u00efns i les ve\u00efnes de Portell han sigut guardonats per ser una de les poblacions que m\u00e9s envasos de vidre ha reciclat en el marc de la campanya Repte Mapamundi llan\u00e7ada per la Diputaci\u00f3 de Castell\u00f3 en col\u00b7laboraci\u00f3 amb Ecovidrio, l&#8217;entitat encarregada de la gesti\u00f3 del reciclatge de residus d&#8217;envasos de vidre. Portell s&#8217;ha afermat com una de les localitats que m\u00e9s va reciclar entre l&#8217;1 de juny i el 31 de juliol, quan va funcionar la iniciativa.<\/p>\n\n\n\n<p>L&#8217;objectiu que s&#8217;havia d&#8217;aconseguir era augmentar els quilos de vidre recollits respecte a l&#8217;any anterior en el mateix per\u00edode de temps. Per a aix\u00f2, l&#8217;organitzaci\u00f3 de la campanya va instal\u00b7lar un contenidor igl\u00fa decorat i personalitzat per a cada poblaci\u00f3 amb l&#8217;afany de promoure i fomentar el reciclatge. Una altra de les consideracions que es tenia en compte per a puntuar era la difusi\u00f3, per part de l&#8217;Ajuntament, del kit gr\u00e0fic facilitat per l&#8217;organitzaci\u00f3 aix\u00ed com les activitats i iniciatives promogudes per a donar a con\u00e9ixer la campanya i el repte.<\/p>\n\n\n\n<p>Portell ha triomfat en la categoria C, relativa a pobles amb menys de 2000 habitants. L&#8217;augment significatiu de les xifres d&#8217;envasos reciclats t\u00e9 recompensa: dos igl\u00fas contenidors decorats per a continuar fomentant aquestes pr\u00e0ctiques i assegurar en Portell aquesta actitud beneficiosa per al medi ambient.<\/p>\n","protected":false},"excerpt":{"rendered":"","protected":false},"author":1,"featured_media":7493,"comment_status":"open","ping_status":"open","sticky":false,"template":"","format":"standard","meta":{"footnotes":""},"categories":[96,97],"tags":[],"class_list":["post-7492","post","type-post","status-publish","format-standard","has-post-thumbnail","hentry","category-ayuntamiento","category-ayuntamiento-ca"],"yoast_head":"<!-- This site is optimized with the Yoast SEO plugin v24.4 - https:\/\/yoast.com\/wordpress\/plugins\/seo\/ -->\n<title>Portell rep un premi per millorar les xifres de vidre reciclat - Portell de Morella<\/title>\n<meta name=\"robots\" content=\"noindex, follow, max-snippet:-1, max-image-preview:large, max-video-preview:-1\" \/>\n<meta property=\"og:locale\" content=\"ca_ES\" \/>\n<meta property=\"og:type\" content=\"article\" \/>\n<meta property=\"og:title\" content=\"Portell rep un premi per millorar les xifres de vidre reciclat - Portell de Morella\" \/>\n<meta property=\"og:url\" content=\"https:\/\/portelldemorella.org\/ca\/portell-recibe-un-premio-por-mejorar-las-cifras-de-vidrio-reciclado\/\" \/>\n<meta property=\"og:site_name\" content=\"Portell de Morella\" \/>\n<meta property=\"article:published_time\" content=\"2022-11-17T10:57:00+00:00\" \/>\n<meta property=\"article:modified_time\" content=\"2023-06-09T09:29:54+00:00\" \/>\n<meta property=\"og:image\" content=\"https:\/\/portelldemorella.org\/wp-content\/uploads\/2023\/01\/ECOVIDRIO.jpg\" \/>\n\t<meta property=\"og:image:width\" content=\"590\" \/>\n\t<meta property=\"og:image:height\" content=\"731\" \/>\n\t<meta property=\"og:image:type\" content=\"image\/jpeg\" \/>\n<meta name=\"author\" content=\"portell\" \/>\n<meta name=\"twitter:card\" content=\"summary_large_image\" \/>\n<meta name=\"twitter:label1\" content=\"Escrit per\" \/>\n\t<meta name=\"twitter:data1\" content=\"portell\" \/>\n\t<meta name=\"twitter:label2\" content=\"Temps estimat de lectura\" \/>\n\t<meta name=\"twitter:data2\" content=\"2 minuts\" \/>\n<script type=\"application\/ld+json\" class=\"yoast-schema-graph\">{\"@context\":\"https:\/\/schema.org\",\"@graph\":[{\"@type\":\"Article\",\"@id\":\"https:\/\/portelldemorella.org\/ca\/portell-recibe-un-premio-por-mejorar-las-cifras-de-vidrio-reciclado\/#article\",\"isPartOf\":{\"@id\":\"https:\/\/portelldemorella.org\/ca\/portell-recibe-un-premio-por-mejorar-las-cifras-de-vidrio-reciclado\/\"},\"author\":{\"name\":\"portell\",\"@id\":\"https:\/\/portelldemorella.org\/#\/schema\/person\/2adde77c454244acd163488ec723a88b\"},\"headline\":\"Portell rep un premi per millorar les xifres de vidre reciclat\",\"datePublished\":\"2022-11-17T10:57:00+00:00\",\"dateModified\":\"2023-06-09T09:29:54+00:00\",\"mainEntityOfPage\":{\"@id\":\"https:\/\/portelldemorella.org\/ca\/portell-recibe-un-premio-por-mejorar-las-cifras-de-vidrio-reciclado\/\"},\"wordCount\":236,\"commentCount\":0,\"publisher\":{\"@id\":\"https:\/\/portelldemorella.org\/#organization\"},\"image\":{\"@id\":\"https:\/\/portelldemorella.org\/ca\/portell-recibe-un-premio-por-mejorar-las-cifras-de-vidrio-reciclado\/#primaryimage\"},\"thumbnailUrl\":\"https:\/\/portelldemorella.org\/wp-content\/uploads\/2023\/01\/ECOVIDRIO.jpg\",\"articleSection\":[\"Ayuntamiento\",\"Ayuntamiento\"],\"inLanguage\":\"ca\",\"potentialAction\":[{\"@type\":\"CommentAction\",\"name\":\"Comment\",\"target\":[\"https:\/\/portelldemorella.org\/ca\/portell-recibe-un-premio-por-mejorar-las-cifras-de-vidrio-reciclado\/#respond\"]}]},{\"@type\":\"WebPage\",\"@id\":\"https:\/\/portelldemorella.org\/ca\/portell-recibe-un-premio-por-mejorar-las-cifras-de-vidrio-reciclado\/\",\"url\":\"https:\/\/portelldemorella.org\/ca\/portell-recibe-un-premio-por-mejorar-las-cifras-de-vidrio-reciclado\/\",\"name\":\"Portell rep un premi per millorar les xifres de vidre reciclat - Portell de Morella\",\"isPartOf\":{\"@id\":\"https:\/\/portelldemorella.org\/#website\"},\"primaryImageOfPage\":{\"@id\":\"https:\/\/portelldemorella.org\/ca\/portell-recibe-un-premio-por-mejorar-las-cifras-de-vidrio-reciclado\/#primaryimage\"},\"image\":{\"@id\":\"https:\/\/portelldemorella.org\/ca\/portell-recibe-un-premio-por-mejorar-las-cifras-de-vidrio-reciclado\/#primaryimage\"},\"thumbnailUrl\":\"https:\/\/portelldemorella.org\/wp-content\/uploads\/2023\/01\/ECOVIDRIO.jpg\",\"datePublished\":\"2022-11-17T10:57:00+00:00\",\"dateModified\":\"2023-06-09T09:29:54+00:00\",\"breadcrumb\":{\"@id\":\"https:\/\/portelldemorella.org\/ca\/portell-recibe-un-premio-por-mejorar-las-cifras-de-vidrio-reciclado\/#breadcrumb\"},\"inLanguage\":\"ca\",\"potentialAction\":[{\"@type\":\"ReadAction\",\"target\":[\"https:\/\/portelldemorella.org\/ca\/portell-recibe-un-premio-por-mejorar-las-cifras-de-vidrio-reciclado\/\"]}]},{\"@type\":\"ImageObject\",\"inLanguage\":\"ca\",\"@id\":\"https:\/\/portelldemorella.org\/ca\/portell-recibe-un-premio-por-mejorar-las-cifras-de-vidrio-reciclado\/#primaryimage\",\"url\":\"https:\/\/portelldemorella.org\/wp-content\/uploads\/2023\/01\/ECOVIDRIO.jpg\",\"contentUrl\":\"https:\/\/portelldemorella.org\/wp-content\/uploads\/2023\/01\/ECOVIDRIO.jpg\",\"width\":590,\"height\":731},{\"@type\":\"BreadcrumbList\",\"@id\":\"https:\/\/portelldemorella.org\/ca\/portell-recibe-un-premio-por-mejorar-las-cifras-de-vidrio-reciclado\/#breadcrumb\",\"itemListElement\":[{\"@type\":\"ListItem\",\"position\":1,\"name\":\"Portada\",\"item\":\"https:\/\/portelldemorella.org\/ca\/\"},{\"@type\":\"ListItem\",\"position\":2,\"name\":\"Portell rep un premi per millorar les xifres de vidre reciclat\"}]},{\"@type\":\"WebSite\",\"@id\":\"https:\/\/portelldemorella.org\/#website\",\"url\":\"https:\/\/portelldemorella.org\/\",\"name\":\"Portell de Morella\",\"description\":\"Web del Ayuntamiento de Portell de Morella\",\"publisher\":{\"@id\":\"https:\/\/portelldemorella.org\/#organization\"},\"potentialAction\":[{\"@type\":\"SearchAction\",\"target\":{\"@type\":\"EntryPoint\",\"urlTemplate\":\"https:\/\/portelldemorella.org\/?s={search_term_string}\"},\"query-input\":{\"@type\":\"PropertyValueSpecification\",\"valueRequired\":true,\"valueName\":\"search_term_string\"}}],\"inLanguage\":\"ca\"},{\"@type\":\"Organization\",\"@id\":\"https:\/\/portelldemorella.org\/#organization\",\"name\":\"Portell de Morella\",\"url\":\"https:\/\/portelldemorella.org\/\",\"logo\":{\"@type\":\"ImageObject\",\"inLanguage\":\"ca\",\"@id\":\"https:\/\/portelldemorella.org\/#\/schema\/logo\/image\/\",\"url\":\"https:\/\/portelldemorella.org\/wp-content\/uploads\/2020\/11\/Escudo-Portell-04.jpg\",\"contentUrl\":\"https:\/\/portelldemorella.org\/wp-content\/uploads\/2020\/11\/Escudo-Portell-04.jpg\",\"width\":1001,\"height\":394,\"caption\":\"Portell de Morella\"},\"image\":{\"@id\":\"https:\/\/portelldemorella.org\/#\/schema\/logo\/image\/\"}},{\"@type\":\"Person\",\"@id\":\"https:\/\/portelldemorella.org\/#\/schema\/person\/2adde77c454244acd163488ec723a88b\",\"name\":\"portell\",\"image\":{\"@type\":\"ImageObject\",\"inLanguage\":\"ca\",\"@id\":\"https:\/\/portelldemorella.org\/#\/schema\/person\/image\/\",\"url\":\"https:\/\/secure.gravatar.com\/avatar\/077c6bd89604df620d2fa93a06be2531944cdd6826fd322dbd8b483fd84d6407?s=96&d=mm&r=g\",\"contentUrl\":\"https:\/\/secure.gravatar.com\/avatar\/077c6bd89604df620d2fa93a06be2531944cdd6826fd322dbd8b483fd84d6407?s=96&d=mm&r=g\",\"caption\":\"portell\"},\"sameAs\":[\"https:\/\/portelldemorella.org\"],\"url\":\"https:\/\/portelldemorella.org\/ca\/author\/portell\/\"}]}<\/script>\n<!-- \/ Yoast SEO plugin. -->","yoast_head_json":{"title":"Portell rep un premi per millorar les xifres de vidre reciclat - Portell de Morella","robots":{"index":"noindex","follow":"follow","max-snippet":"max-snippet:-1","max-image-preview":"max-image-preview:large","max-video-preview":"max-video-preview:-1"},"og_locale":"ca_ES","og_type":"article","og_title":"Portell rep un premi per millorar les xifres de vidre reciclat - Portell de Morella","og_url":"https:\/\/portelldemorella.org\/ca\/portell-recibe-un-premio-por-mejorar-las-cifras-de-vidrio-reciclado\/","og_site_name":"Portell de Morella","article_published_time":"2022-11-17T10:57:00+00:00","article_modified_time":"2023-06-09T09:29:54+00:00","og_image":[{"width":590,"height":731,"url":"https:\/\/portelldemorella.org\/wp-content\/uploads\/2023\/01\/ECOVIDRIO.jpg","type":"image\/jpeg"}],"author":"portell","twitter_card":"summary_large_image","twitter_misc":{"Escrit per":"portell","Temps estimat de lectura":"2 minuts"},"schema":{"@context":"https:\/\/schema.org","@graph":[{"@type":"Article","@id":"https:\/\/portelldemorella.org\/ca\/portell-recibe-un-premio-por-mejorar-las-cifras-de-vidrio-reciclado\/#article","isPartOf":{"@id":"https:\/\/portelldemorella.org\/ca\/portell-recibe-un-premio-por-mejorar-las-cifras-de-vidrio-reciclado\/"},"author":{"name":"portell","@id":"https:\/\/portelldemorella.org\/#\/schema\/person\/2adde77c454244acd163488ec723a88b"},"headline":"Portell rep un premi per millorar les xifres de vidre reciclat","datePublished":"2022-11-17T10:57:00+00:00","dateModified":"2023-06-09T09:29:54+00:00","mainEntityOfPage":{"@id":"https:\/\/portelldemorella.org\/ca\/portell-recibe-un-premio-por-mejorar-las-cifras-de-vidrio-reciclado\/"},"wordCount":236,"commentCount":0,"publisher":{"@id":"https:\/\/portelldemorella.org\/#organization"},"image":{"@id":"https:\/\/portelldemorella.org\/ca\/portell-recibe-un-premio-por-mejorar-las-cifras-de-vidrio-reciclado\/#primaryimage"},"thumbnailUrl":"https:\/\/portelldemorella.org\/wp-content\/uploads\/2023\/01\/ECOVIDRIO.jpg","articleSection":["Ayuntamiento","Ayuntamiento"],"inLanguage":"ca","potentialAction":[{"@type":"CommentAction","name":"Comment","target":["https:\/\/portelldemorella.org\/ca\/portell-recibe-un-premio-por-mejorar-las-cifras-de-vidrio-reciclado\/#respond"]}]},{"@type":"WebPage","@id":"https:\/\/portelldemorella.org\/ca\/portell-recibe-un-premio-por-mejorar-las-cifras-de-vidrio-reciclado\/","url":"https:\/\/portelldemorella.org\/ca\/portell-recibe-un-premio-por-mejorar-las-cifras-de-vidrio-reciclado\/","name":"Portell rep un premi per millorar les xifres de vidre reciclat - Portell de Morella","isPartOf":{"@id":"https:\/\/portelldemorella.org\/#website"},"primaryImageOfPage":{"@id":"https:\/\/portelldemorella.org\/ca\/portell-recibe-un-premio-por-mejorar-las-cifras-de-vidrio-reciclado\/#primaryimage"},"image":{"@id":"https:\/\/portelldemorella.org\/ca\/portell-recibe-un-premio-por-mejorar-las-cifras-de-vidrio-reciclado\/#primaryimage"},"thumbnailUrl":"https:\/\/portelldemorella.org\/wp-content\/uploads\/2023\/01\/ECOVIDRIO.jpg","datePublished":"2022-11-17T10:57:00+00:00","dateModified":"2023-06-09T09:29:54+00:00","breadcrumb":{"@id":"https:\/\/portelldemorella.org\/ca\/portell-recibe-un-premio-por-mejorar-las-cifras-de-vidrio-reciclado\/#breadcrumb"},"inLanguage":"ca","potentialAction":[{"@type":"ReadAction","target":["https:\/\/portelldemorella.org\/ca\/portell-recibe-un-premio-por-mejorar-las-cifras-de-vidrio-reciclado\/"]}]},{"@type":"ImageObject","inLanguage":"ca","@id":"https:\/\/portelldemorella.org\/ca\/portell-recibe-un-premio-por-mejorar-las-cifras-de-vidrio-reciclado\/#primaryimage","url":"https:\/\/portelldemorella.org\/wp-content\/uploads\/2023\/01\/ECOVIDRIO.jpg","contentUrl":"https:\/\/portelldemorella.org\/wp-content\/uploads\/2023\/01\/ECOVIDRIO.jpg","width":590,"height":731},{"@type":"BreadcrumbList","@id":"https:\/\/portelldemorella.org\/ca\/portell-recibe-un-premio-por-mejorar-las-cifras-de-vidrio-reciclado\/#breadcrumb","itemListElement":[{"@type":"ListItem","position":1,"name":"Portada","item":"https:\/\/portelldemorella.org\/ca\/"},{"@type":"ListItem","position":2,"name":"Portell rep un premi per millorar les xifres de vidre reciclat"}]},{"@type":"WebSite","@id":"https:\/\/portelldemorella.org\/#website","url":"https:\/\/portelldemorella.org\/","name":"Portell de Morella","description":"Web del Ayuntamiento de Portell de Morella","publisher":{"@id":"https:\/\/portelldemorella.org\/#organization"},"potentialAction":[{"@type":"SearchAction","target":{"@type":"EntryPoint","urlTemplate":"https:\/\/portelldemorella.org\/?s={search_term_string}"},"query-input":{"@type":"PropertyValueSpecification","valueRequired":true,"valueName":"search_term_string"}}],"inLanguage":"ca"},{"@type":"Organization","@id":"https:\/\/portelldemorella.org\/#organization","name":"Portell de Morella","url":"https:\/\/portelldemorella.org\/","logo":{"@type":"ImageObject","inLanguage":"ca","@id":"https:\/\/portelldemorella.org\/#\/schema\/logo\/image\/","url":"https:\/\/portelldemorella.org\/wp-content\/uploads\/2020\/11\/Escudo-Portell-04.jpg","contentUrl":"https:\/\/portelldemorella.org\/wp-content\/uploads\/2020\/11\/Escudo-Portell-04.jpg","width":1001,"height":394,"caption":"Portell de Morella"},"image":{"@id":"https:\/\/portelldemorella.org\/#\/schema\/logo\/image\/"}},{"@type":"Person","@id":"https:\/\/portelldemorella.org\/#\/schema\/person\/2adde77c454244acd163488ec723a88b","name":"portell","image":{"@type":"ImageObject","inLanguage":"ca","@id":"https:\/\/portelldemorella.org\/#\/schema\/person\/image\/","url":"https:\/\/secure.gravatar.com\/avatar\/077c6bd89604df620d2fa93a06be2531944cdd6826fd322dbd8b483fd84d6407?s=96&d=mm&r=g","contentUrl":"https:\/\/secure.gravatar.com\/avatar\/077c6bd89604df620d2fa93a06be2531944cdd6826fd322dbd8b483fd84d6407?s=96&d=mm&r=g","caption":"portell"},"sameAs":["https:\/\/portelldemorella.org"],"url":"https:\/\/portelldemorella.org\/ca\/author\/portell\/"}]}},"_links":{"self":[{"href":"https:\/\/portelldemorella.org\/ca\/wp-json\/wp\/v2\/posts\/7492","targetHints":{"allow":["GET"]}}],"collection":[{"href":"https:\/\/portelldemorella.org\/ca\/wp-json\/wp\/v2\/posts"}],"about":[{"href":"https:\/\/portelldemorella.org\/ca\/wp-json\/wp\/v2\/types\/post"}],"author":[{"embeddable":true,"href":"https:\/\/portelldemorella.org\/ca\/wp-json\/wp\/v2\/users\/1"}],"replies":[{"embeddable":true,"href":"https:\/\/portelldemorella.org\/ca\/wp-json\/wp\/v2\/comments?post=7492"}],"version-history":[{"count":3,"href":"https:\/\/portelldemorella.org\/ca\/wp-json\/wp\/v2\/posts\/7492\/revisions"}],"predecessor-version":[{"id":7698,"href":"https:\/\/portelldemorella.org\/ca\/wp-json\/wp\/v2\/posts\/7492\/revisions\/7698"}],"wp:featuredmedia":[{"embeddable":true,"href":"https:\/\/portelldemorella.org\/ca\/wp-json\/wp\/v2\/media\/7493"}],"wp:attachment":[{"href":"https:\/\/portelldemorella.org\/ca\/wp-json\/wp\/v2\/media?parent=7492"}],"wp:term":[{"taxonomy":"category","embeddable":true,"href":"https:\/\/portelldemorella.org\/ca\/wp-json\/wp\/v2\/categories?post=7492"},{"taxonomy":"post_tag","embeddable":true,"href":"https:\/\/portelldemorella.org\/ca\/wp-json\/wp\/v2\/tags?post=7492"}],"curies":[{"name":"wp","href":"https:\/\/api.w.org\/{rel}","templated":true}]}}