{"id":7517,"date":"2022-12-14T11:51:00","date_gmt":"2022-12-14T11:51:00","guid":{"rendered":"https:\/\/portelldemorella.org\/portell-saca-a-la-luz-una-nueva-torre-de-la-muralla-del-siglo-xiii\/"},"modified":"2023-06-09T09:24:21","modified_gmt":"2023-06-09T09:24:21","slug":"portell-saca-a-la-luz-una-nueva-torre-de-la-muralla-del-siglo-xiii","status":"publish","type":"post","link":"https:\/\/portelldemorella.org\/ca\/portell-saca-a-la-luz-una-nueva-torre-de-la-muralla-del-siglo-xiii\/","title":{"rendered":"Portell trau a la llum una nova Torre de la Muralla del segle XIII"},"content":{"rendered":"\n<!--more-->\n\n\n\n<figure class=\"wp-block-image size-full\"><img fetchpriority=\"high\" decoding=\"async\" width=\"977\" height=\"731\" src=\"https:\/\/portelldemorella.org\/wp-content\/uploads\/2023\/01\/TORRE-2.jpg\" alt=\"\" class=\"wp-image-7515\" srcset=\"https:\/\/portelldemorella.org\/wp-content\/uploads\/2023\/01\/TORRE-2.jpg 977w, https:\/\/portelldemorella.org\/wp-content\/uploads\/2023\/01\/TORRE-2-300x224.jpg 300w, https:\/\/portelldemorella.org\/wp-content\/uploads\/2023\/01\/TORRE-2-768x575.jpg 768w, https:\/\/portelldemorella.org\/wp-content\/uploads\/2023\/01\/TORRE-2-600x449.jpg 600w, https:\/\/portelldemorella.org\/wp-content\/uploads\/2023\/01\/TORRE-2-560x419.jpg 560w\" sizes=\"(max-width: 977px) 100vw, 977px\" \/><\/figure>\n\n\n\n<p>En les \u00faltimes setmanes s&#8217;ha realitzat una nova fase de posada en valor del Castell i la Muralla de Portell, datats en el segle XIII i declarats B\u00e9 d&#8217;Inter\u00e8s Cultural (BIC). La present actuaci\u00f3 ha consistit en l&#8217;excavaci\u00f3 per part d&#8217;un grup d&#8217;arque\u00f2legs de la coneguda com Torre 2 i el seu per\u00edmetre, aix\u00ed com a efectuar treballs de consolidaci\u00f3 del recinte emmurallat.<\/p>\n\n\n\n<p>Tal com explica Joan Palmer, arque\u00f2leg del projecte, &#8220;la Torre 2 estava ocupada per corrals de l&#8217;\u00e8poca contempor\u00e0nia, per la qual cosa s&#8217;han desmuntat tots els estrats m\u00e9s recents fins a arribar al punt d&#8217;ensulsiada de la Torre, situats ja en el segle XIII, per\u00f2 no hem arribat encara al nivell original&#8221;. Durant els treballs s&#8217;ha trobat material que permet situar les diferents \u00e8poques d&#8217;ocupaci\u00f3 del recinte, entre els segles XIII i XIX, com per exemple c\u00e0ntirs i plats del XIV, o olles m\u00e9s recents dels segles XVII al XIX.<\/p>\n\n\n\n<p>Despr\u00e9s de finalitzar aquesta fase de treballs, efectuada amb una ajuda de la Conselleria de Cultura per a la conservaci\u00f3 i rehabilitaci\u00f3 de BIC de 36.162,18 euros IVA incl\u00f2s, &#8220;es continuar\u00e0 intervenint en la part alta, coneguda com el Corro&#8221; afirma l&#8217;alcalde, \u00c1lvaro Ferrer. Per a aix\u00f2 s&#8217;ha sol\u00b7licitat una nova ajuda per a conservaci\u00f3 de patrimoni, ja aprovada de manera provisional, &#8220;amb la qual esperem acabar l&#8217;excavaci\u00f3 de la Torre 2 i condicionar la zona del Corro com un teatre a l&#8217;aire lliure que conservi l&#8217;estructura original del segle XIII&#8221; afegeix Ferrer.<\/p>\n\n\n\n<ul class=\"wp-block-list\">\n<li>Antecedents<\/li>\n<\/ul>\n\n\n\n<p>El recinte emmurallat de Portell compta amb sis torres de planta quadrada, que dividien el barri antic en dos recintes: el superior i m\u00e9s oficial on es trobaven el representant del rei, l&#8217;Esgl\u00e9sia i el cementiri; i l&#8217;inferior on estava el poble pla.<\/p>\n\n\n\n<p>La primera intervenci\u00f3 de recuperaci\u00f3 es va realitzar en 2018 en l&#8217;anomenada Torre 6. Els treballs realitzats van permetre datar la construcci\u00f3 emmurallada de Portell i, posteriorment, rehabilitar l&#8217;espai i crear l&#8217;actual Casa Abadia. A continuaci\u00f3, en 2019 i 2020, es va treballar a les Torres 4 i 5 de la zona del Corro.<\/p>\n\n\n\n<p>Des d&#8217;aquella etapa, les tasques de recuperaci\u00f3 s&#8217;han centrat en la Torre 2. &#8220;En 2021 es va adquirir una parcel\u00b7la que tenia una construcci\u00f3 recolzada sobre les restes de la Torre per a convertir-la en un xicotet espai d&#8217;oci i esbarjo&#8221; indica l&#8217;arquitecte del projecte, Jos\u00e9 Antonio Ruiz. Aix\u00f2 va ser possible gr\u00e0cies al Pla Conviure 2021 i la l\u00ednia de treball de l&#8217;Ajuntament de Portell dins de l&#8217;estrat\u00e8gia de rehabilitaci\u00f3 urbana del municipi.<\/p>\n\n\n\n<p>Despr\u00e9s d&#8217;aix\u00f2, &#8220;amb l&#8217;ajuda actual per a la conservaci\u00f3 de BIC, s&#8217;ha pogut eliminar la construcci\u00f3 impr\u00f2pia de la zona, excavar una nova fase de la Muralla per a documentar-la i conservar-la i, a partir d&#8217;ac\u00ed, podrem crear aquest espai d&#8217;oci per a ve\u00efns, ve\u00efnes i visitants&#8221; ressalta l&#8217;alcalde.<\/p>\n","protected":false},"excerpt":{"rendered":"","protected":false},"author":1,"featured_media":7515,"comment_status":"open","ping_status":"open","sticky":false,"template":"","format":"standard","meta":{"footnotes":""},"categories":[97],"tags":[105,106,107,108],"class_list":["post-7517","post","type-post","status-publish","format-standard","has-post-thumbnail","hentry","category-ayuntamiento-ca","tag-castillo-ca","tag-muralla-ca","tag-portell-ca","tag-torre-2-ca"],"yoast_head":"<!-- This site is optimized with the Yoast SEO plugin v24.4 - https:\/\/yoast.com\/wordpress\/plugins\/seo\/ -->\n<title>Portell trau a la llum una nova Torre de la Muralla del segle XIII - Portell de Morella<\/title>\n<meta name=\"robots\" content=\"noindex, follow, max-snippet:-1, max-image-preview:large, max-video-preview:-1\" \/>\n<meta property=\"og:locale\" content=\"ca_ES\" \/>\n<meta property=\"og:type\" content=\"article\" \/>\n<meta property=\"og:title\" content=\"Portell trau a la llum una nova Torre de la Muralla del segle XIII - Portell de Morella\" \/>\n<meta property=\"og:url\" content=\"https:\/\/portelldemorella.org\/ca\/portell-saca-a-la-luz-una-nueva-torre-de-la-muralla-del-siglo-xiii\/\" \/>\n<meta property=\"og:site_name\" content=\"Portell de Morella\" \/>\n<meta property=\"article:published_time\" content=\"2022-12-14T11:51:00+00:00\" \/>\n<meta property=\"article:modified_time\" content=\"2023-06-09T09:24:21+00:00\" \/>\n<meta property=\"og:image\" content=\"https:\/\/portelldemorella.org\/wp-content\/uploads\/2023\/01\/TORRE-2.jpg\" \/>\n\t<meta property=\"og:image:width\" content=\"977\" \/>\n\t<meta property=\"og:image:height\" content=\"731\" \/>\n\t<meta property=\"og:image:type\" content=\"image\/jpeg\" \/>\n<meta name=\"author\" content=\"portell\" \/>\n<meta name=\"twitter:card\" content=\"summary_large_image\" \/>\n<meta name=\"twitter:label1\" content=\"Escrit per\" \/>\n\t<meta name=\"twitter:data1\" content=\"portell\" \/>\n\t<meta name=\"twitter:label2\" content=\"Temps estimat de lectura\" \/>\n\t<meta name=\"twitter:data2\" content=\"3 minuts\" \/>\n<script type=\"application\/ld+json\" class=\"yoast-schema-graph\">{\"@context\":\"https:\/\/schema.org\",\"@graph\":[{\"@type\":\"Article\",\"@id\":\"https:\/\/portelldemorella.org\/ca\/portell-saca-a-la-luz-una-nueva-torre-de-la-muralla-del-siglo-xiii\/#article\",\"isPartOf\":{\"@id\":\"https:\/\/portelldemorella.org\/ca\/portell-saca-a-la-luz-una-nueva-torre-de-la-muralla-del-siglo-xiii\/\"},\"author\":{\"name\":\"portell\",\"@id\":\"https:\/\/portelldemorella.org\/#\/schema\/person\/2adde77c454244acd163488ec723a88b\"},\"headline\":\"Portell trau a la llum una nova Torre de la Muralla del segle XIII\",\"datePublished\":\"2022-12-14T11:51:00+00:00\",\"dateModified\":\"2023-06-09T09:24:21+00:00\",\"mainEntityOfPage\":{\"@id\":\"https:\/\/portelldemorella.org\/ca\/portell-saca-a-la-luz-una-nueva-torre-de-la-muralla-del-siglo-xiii\/\"},\"wordCount\":490,\"commentCount\":0,\"publisher\":{\"@id\":\"https:\/\/portelldemorella.org\/#organization\"},\"image\":{\"@id\":\"https:\/\/portelldemorella.org\/ca\/portell-saca-a-la-luz-una-nueva-torre-de-la-muralla-del-siglo-xiii\/#primaryimage\"},\"thumbnailUrl\":\"https:\/\/portelldemorella.org\/wp-content\/uploads\/2023\/01\/TORRE-2.jpg\",\"keywords\":[\"castillo\",\"muralla\",\"portell\",\"torre 2\"],\"articleSection\":[\"Ayuntamiento\"],\"inLanguage\":\"ca\",\"potentialAction\":[{\"@type\":\"CommentAction\",\"name\":\"Comment\",\"target\":[\"https:\/\/portelldemorella.org\/ca\/portell-saca-a-la-luz-una-nueva-torre-de-la-muralla-del-siglo-xiii\/#respond\"]}]},{\"@type\":\"WebPage\",\"@id\":\"https:\/\/portelldemorella.org\/ca\/portell-saca-a-la-luz-una-nueva-torre-de-la-muralla-del-siglo-xiii\/\",\"url\":\"https:\/\/portelldemorella.org\/ca\/portell-saca-a-la-luz-una-nueva-torre-de-la-muralla-del-siglo-xiii\/\",\"name\":\"Portell trau a la llum una nova Torre de la Muralla del segle XIII - Portell de Morella\",\"isPartOf\":{\"@id\":\"https:\/\/portelldemorella.org\/#website\"},\"primaryImageOfPage\":{\"@id\":\"https:\/\/portelldemorella.org\/ca\/portell-saca-a-la-luz-una-nueva-torre-de-la-muralla-del-siglo-xiii\/#primaryimage\"},\"image\":{\"@id\":\"https:\/\/portelldemorella.org\/ca\/portell-saca-a-la-luz-una-nueva-torre-de-la-muralla-del-siglo-xiii\/#primaryimage\"},\"thumbnailUrl\":\"https:\/\/portelldemorella.org\/wp-content\/uploads\/2023\/01\/TORRE-2.jpg\",\"datePublished\":\"2022-12-14T11:51:00+00:00\",\"dateModified\":\"2023-06-09T09:24:21+00:00\",\"breadcrumb\":{\"@id\":\"https:\/\/portelldemorella.org\/ca\/portell-saca-a-la-luz-una-nueva-torre-de-la-muralla-del-siglo-xiii\/#breadcrumb\"},\"inLanguage\":\"ca\",\"potentialAction\":[{\"@type\":\"ReadAction\",\"target\":[\"https:\/\/portelldemorella.org\/ca\/portell-saca-a-la-luz-una-nueva-torre-de-la-muralla-del-siglo-xiii\/\"]}]},{\"@type\":\"ImageObject\",\"inLanguage\":\"ca\",\"@id\":\"https:\/\/portelldemorella.org\/ca\/portell-saca-a-la-luz-una-nueva-torre-de-la-muralla-del-siglo-xiii\/#primaryimage\",\"url\":\"https:\/\/portelldemorella.org\/wp-content\/uploads\/2023\/01\/TORRE-2.jpg\",\"contentUrl\":\"https:\/\/portelldemorella.org\/wp-content\/uploads\/2023\/01\/TORRE-2.jpg\",\"width\":977,\"height\":731},{\"@type\":\"BreadcrumbList\",\"@id\":\"https:\/\/portelldemorella.org\/ca\/portell-saca-a-la-luz-una-nueva-torre-de-la-muralla-del-siglo-xiii\/#breadcrumb\",\"itemListElement\":[{\"@type\":\"ListItem\",\"position\":1,\"name\":\"Portada\",\"item\":\"https:\/\/portelldemorella.org\/ca\/\"},{\"@type\":\"ListItem\",\"position\":2,\"name\":\"Portell trau a la llum una nova Torre de la Muralla del segle XIII\"}]},{\"@type\":\"WebSite\",\"@id\":\"https:\/\/portelldemorella.org\/#website\",\"url\":\"https:\/\/portelldemorella.org\/\",\"name\":\"Portell de Morella\",\"description\":\"Web del Ayuntamiento de Portell de Morella\",\"publisher\":{\"@id\":\"https:\/\/portelldemorella.org\/#organization\"},\"potentialAction\":[{\"@type\":\"SearchAction\",\"target\":{\"@type\":\"EntryPoint\",\"urlTemplate\":\"https:\/\/portelldemorella.org\/?s={search_term_string}\"},\"query-input\":{\"@type\":\"PropertyValueSpecification\",\"valueRequired\":true,\"valueName\":\"search_term_string\"}}],\"inLanguage\":\"ca\"},{\"@type\":\"Organization\",\"@id\":\"https:\/\/portelldemorella.org\/#organization\",\"name\":\"Portell de Morella\",\"url\":\"https:\/\/portelldemorella.org\/\",\"logo\":{\"@type\":\"ImageObject\",\"inLanguage\":\"ca\",\"@id\":\"https:\/\/portelldemorella.org\/#\/schema\/logo\/image\/\",\"url\":\"https:\/\/portelldemorella.org\/wp-content\/uploads\/2020\/11\/Escudo-Portell-04.jpg\",\"contentUrl\":\"https:\/\/portelldemorella.org\/wp-content\/uploads\/2020\/11\/Escudo-Portell-04.jpg\",\"width\":1001,\"height\":394,\"caption\":\"Portell de Morella\"},\"image\":{\"@id\":\"https:\/\/portelldemorella.org\/#\/schema\/logo\/image\/\"}},{\"@type\":\"Person\",\"@id\":\"https:\/\/portelldemorella.org\/#\/schema\/person\/2adde77c454244acd163488ec723a88b\",\"name\":\"portell\",\"image\":{\"@type\":\"ImageObject\",\"inLanguage\":\"ca\",\"@id\":\"https:\/\/portelldemorella.org\/#\/schema\/person\/image\/\",\"url\":\"https:\/\/secure.gravatar.com\/avatar\/077c6bd89604df620d2fa93a06be2531944cdd6826fd322dbd8b483fd84d6407?s=96&d=mm&r=g\",\"contentUrl\":\"https:\/\/secure.gravatar.com\/avatar\/077c6bd89604df620d2fa93a06be2531944cdd6826fd322dbd8b483fd84d6407?s=96&d=mm&r=g\",\"caption\":\"portell\"},\"sameAs\":[\"https:\/\/portelldemorella.org\"],\"url\":\"https:\/\/portelldemorella.org\/ca\/author\/portell\/\"}]}<\/script>\n<!-- \/ Yoast SEO plugin. -->","yoast_head_json":{"title":"Portell trau a la llum una nova Torre de la Muralla del segle XIII - Portell de Morella","robots":{"index":"noindex","follow":"follow","max-snippet":"max-snippet:-1","max-image-preview":"max-image-preview:large","max-video-preview":"max-video-preview:-1"},"og_locale":"ca_ES","og_type":"article","og_title":"Portell trau a la llum una nova Torre de la Muralla del segle XIII - Portell de Morella","og_url":"https:\/\/portelldemorella.org\/ca\/portell-saca-a-la-luz-una-nueva-torre-de-la-muralla-del-siglo-xiii\/","og_site_name":"Portell de Morella","article_published_time":"2022-12-14T11:51:00+00:00","article_modified_time":"2023-06-09T09:24:21+00:00","og_image":[{"width":977,"height":731,"url":"https:\/\/portelldemorella.org\/wp-content\/uploads\/2023\/01\/TORRE-2.jpg","type":"image\/jpeg"}],"author":"portell","twitter_card":"summary_large_image","twitter_misc":{"Escrit per":"portell","Temps estimat de lectura":"3 minuts"},"schema":{"@context":"https:\/\/schema.org","@graph":[{"@type":"Article","@id":"https:\/\/portelldemorella.org\/ca\/portell-saca-a-la-luz-una-nueva-torre-de-la-muralla-del-siglo-xiii\/#article","isPartOf":{"@id":"https:\/\/portelldemorella.org\/ca\/portell-saca-a-la-luz-una-nueva-torre-de-la-muralla-del-siglo-xiii\/"},"author":{"name":"portell","@id":"https:\/\/portelldemorella.org\/#\/schema\/person\/2adde77c454244acd163488ec723a88b"},"headline":"Portell trau a la llum una nova Torre de la Muralla del segle XIII","datePublished":"2022-12-14T11:51:00+00:00","dateModified":"2023-06-09T09:24:21+00:00","mainEntityOfPage":{"@id":"https:\/\/portelldemorella.org\/ca\/portell-saca-a-la-luz-una-nueva-torre-de-la-muralla-del-siglo-xiii\/"},"wordCount":490,"commentCount":0,"publisher":{"@id":"https:\/\/portelldemorella.org\/#organization"},"image":{"@id":"https:\/\/portelldemorella.org\/ca\/portell-saca-a-la-luz-una-nueva-torre-de-la-muralla-del-siglo-xiii\/#primaryimage"},"thumbnailUrl":"https:\/\/portelldemorella.org\/wp-content\/uploads\/2023\/01\/TORRE-2.jpg","keywords":["castillo","muralla","portell","torre 2"],"articleSection":["Ayuntamiento"],"inLanguage":"ca","potentialAction":[{"@type":"CommentAction","name":"Comment","target":["https:\/\/portelldemorella.org\/ca\/portell-saca-a-la-luz-una-nueva-torre-de-la-muralla-del-siglo-xiii\/#respond"]}]},{"@type":"WebPage","@id":"https:\/\/portelldemorella.org\/ca\/portell-saca-a-la-luz-una-nueva-torre-de-la-muralla-del-siglo-xiii\/","url":"https:\/\/portelldemorella.org\/ca\/portell-saca-a-la-luz-una-nueva-torre-de-la-muralla-del-siglo-xiii\/","name":"Portell trau a la llum una nova Torre de la Muralla del segle XIII - Portell de Morella","isPartOf":{"@id":"https:\/\/portelldemorella.org\/#website"},"primaryImageOfPage":{"@id":"https:\/\/portelldemorella.org\/ca\/portell-saca-a-la-luz-una-nueva-torre-de-la-muralla-del-siglo-xiii\/#primaryimage"},"image":{"@id":"https:\/\/portelldemorella.org\/ca\/portell-saca-a-la-luz-una-nueva-torre-de-la-muralla-del-siglo-xiii\/#primaryimage"},"thumbnailUrl":"https:\/\/portelldemorella.org\/wp-content\/uploads\/2023\/01\/TORRE-2.jpg","datePublished":"2022-12-14T11:51:00+00:00","dateModified":"2023-06-09T09:24:21+00:00","breadcrumb":{"@id":"https:\/\/portelldemorella.org\/ca\/portell-saca-a-la-luz-una-nueva-torre-de-la-muralla-del-siglo-xiii\/#breadcrumb"},"inLanguage":"ca","potentialAction":[{"@type":"ReadAction","target":["https:\/\/portelldemorella.org\/ca\/portell-saca-a-la-luz-una-nueva-torre-de-la-muralla-del-siglo-xiii\/"]}]},{"@type":"ImageObject","inLanguage":"ca","@id":"https:\/\/portelldemorella.org\/ca\/portell-saca-a-la-luz-una-nueva-torre-de-la-muralla-del-siglo-xiii\/#primaryimage","url":"https:\/\/portelldemorella.org\/wp-content\/uploads\/2023\/01\/TORRE-2.jpg","contentUrl":"https:\/\/portelldemorella.org\/wp-content\/uploads\/2023\/01\/TORRE-2.jpg","width":977,"height":731},{"@type":"BreadcrumbList","@id":"https:\/\/portelldemorella.org\/ca\/portell-saca-a-la-luz-una-nueva-torre-de-la-muralla-del-siglo-xiii\/#breadcrumb","itemListElement":[{"@type":"ListItem","position":1,"name":"Portada","item":"https:\/\/portelldemorella.org\/ca\/"},{"@type":"ListItem","position":2,"name":"Portell trau a la llum una nova Torre de la Muralla del segle XIII"}]},{"@type":"WebSite","@id":"https:\/\/portelldemorella.org\/#website","url":"https:\/\/portelldemorella.org\/","name":"Portell de Morella","description":"Web del Ayuntamiento de Portell de Morella","publisher":{"@id":"https:\/\/portelldemorella.org\/#organization"},"potentialAction":[{"@type":"SearchAction","target":{"@type":"EntryPoint","urlTemplate":"https:\/\/portelldemorella.org\/?s={search_term_string}"},"query-input":{"@type":"PropertyValueSpecification","valueRequired":true,"valueName":"search_term_string"}}],"inLanguage":"ca"},{"@type":"Organization","@id":"https:\/\/portelldemorella.org\/#organization","name":"Portell de Morella","url":"https:\/\/portelldemorella.org\/","logo":{"@type":"ImageObject","inLanguage":"ca","@id":"https:\/\/portelldemorella.org\/#\/schema\/logo\/image\/","url":"https:\/\/portelldemorella.org\/wp-content\/uploads\/2020\/11\/Escudo-Portell-04.jpg","contentUrl":"https:\/\/portelldemorella.org\/wp-content\/uploads\/2020\/11\/Escudo-Portell-04.jpg","width":1001,"height":394,"caption":"Portell de Morella"},"image":{"@id":"https:\/\/portelldemorella.org\/#\/schema\/logo\/image\/"}},{"@type":"Person","@id":"https:\/\/portelldemorella.org\/#\/schema\/person\/2adde77c454244acd163488ec723a88b","name":"portell","image":{"@type":"ImageObject","inLanguage":"ca","@id":"https:\/\/portelldemorella.org\/#\/schema\/person\/image\/","url":"https:\/\/secure.gravatar.com\/avatar\/077c6bd89604df620d2fa93a06be2531944cdd6826fd322dbd8b483fd84d6407?s=96&d=mm&r=g","contentUrl":"https:\/\/secure.gravatar.com\/avatar\/077c6bd89604df620d2fa93a06be2531944cdd6826fd322dbd8b483fd84d6407?s=96&d=mm&r=g","caption":"portell"},"sameAs":["https:\/\/portelldemorella.org"],"url":"https:\/\/portelldemorella.org\/ca\/author\/portell\/"}]}},"_links":{"self":[{"href":"https:\/\/portelldemorella.org\/ca\/wp-json\/wp\/v2\/posts\/7517","targetHints":{"allow":["GET"]}}],"collection":[{"href":"https:\/\/portelldemorella.org\/ca\/wp-json\/wp\/v2\/posts"}],"about":[{"href":"https:\/\/portelldemorella.org\/ca\/wp-json\/wp\/v2\/types\/post"}],"author":[{"embeddable":true,"href":"https:\/\/portelldemorella.org\/ca\/wp-json\/wp\/v2\/users\/1"}],"replies":[{"embeddable":true,"href":"https:\/\/portelldemorella.org\/ca\/wp-json\/wp\/v2\/comments?post=7517"}],"version-history":[{"count":2,"href":"https:\/\/portelldemorella.org\/ca\/wp-json\/wp\/v2\/posts\/7517\/revisions"}],"predecessor-version":[{"id":7694,"href":"https:\/\/portelldemorella.org\/ca\/wp-json\/wp\/v2\/posts\/7517\/revisions\/7694"}],"wp:featuredmedia":[{"embeddable":true,"href":"https:\/\/portelldemorella.org\/ca\/wp-json\/wp\/v2\/media\/7515"}],"wp:attachment":[{"href":"https:\/\/portelldemorella.org\/ca\/wp-json\/wp\/v2\/media?parent=7517"}],"wp:term":[{"taxonomy":"category","embeddable":true,"href":"https:\/\/portelldemorella.org\/ca\/wp-json\/wp\/v2\/categories?post=7517"},{"taxonomy":"post_tag","embeddable":true,"href":"https:\/\/portelldemorella.org\/ca\/wp-json\/wp\/v2\/tags?post=7517"}],"curies":[{"name":"wp","href":"https:\/\/api.w.org\/{rel}","templated":true}]}}