{"id":7519,"date":"2022-12-27T12:16:00","date_gmt":"2022-12-27T12:16:00","guid":{"rendered":"https:\/\/portelldemorella.org\/?p=7519"},"modified":"2023-06-07T11:18:55","modified_gmt":"2023-06-07T11:18:55","slug":"los-ninos-y-ninas-de-portell-participan-en-un-mercado-solidario","status":"publish","type":"post","link":"https:\/\/portelldemorella.org\/ca\/los-ninos-y-ninas-de-portell-participan-en-un-mercado-solidario\/","title":{"rendered":"Els xiquets i xiquetes de Portell participen en un mercat solidari"},"content":{"rendered":"\n<!--more-->\n\n\n\n<figure class=\"wp-block-image size-large\"><img fetchpriority=\"high\" decoding=\"async\" width=\"1024\" height=\"576\" src=\"https:\/\/portelldemorella.org\/wp-content\/uploads\/2023\/01\/MERCAT-NADAL-1024x576.jpg\" alt=\"\" class=\"wp-image-7520\" srcset=\"https:\/\/portelldemorella.org\/wp-content\/uploads\/2023\/01\/MERCAT-NADAL-1024x576.jpg 1024w, https:\/\/portelldemorella.org\/wp-content\/uploads\/2023\/01\/MERCAT-NADAL-300x169.jpg 300w, https:\/\/portelldemorella.org\/wp-content\/uploads\/2023\/01\/MERCAT-NADAL-768x432.jpg 768w, https:\/\/portelldemorella.org\/wp-content\/uploads\/2023\/01\/MERCAT-NADAL-600x338.jpg 600w, https:\/\/portelldemorella.org\/wp-content\/uploads\/2023\/01\/MERCAT-NADAL-560x315.jpg 560w, https:\/\/portelldemorella.org\/wp-content\/uploads\/2023\/01\/MERCAT-NADAL.jpg 1297w\" sizes=\"(max-width: 1024px) 100vw, 1024px\" \/><\/figure>\n\n\n\n<p>L&#8217;alumnat de l&#8217;aulari de Portell pertanyent al Col\u00b7legi Rural Agrupat Celumbres ha participat en un mercat solidari que han organitzat des del centre escolar amb el qual es donaran tots els diners recaptats per a la Creu Roja. En la iniciativa tamb\u00e9 ha participat el projecte &#8216;Muntanyes d&#8217;il\u00b7lusions&#8217;. Aix\u00ed, els xiquets i xiquetes han venut al ve\u00efnat productes de gastronomia que ells mateixos han fabricat com melmelades, galetes i m\u00e9s tipus de dol\u00e7os.<\/p>\n\n\n\n<p>El Mercat Solidari s&#8217;ha celebrat a la pla\u00e7a major de Portell amb una elevada pres\u00e8ncia de ve\u00efnat. Des de l&#8217;organitzaci\u00f3 tamb\u00e9 es demanava la donaci\u00f3 de productes i menjar no perible per augmentar la donaci\u00f3 per a les fam\u00edlies que m\u00e9s ho necessiten. El mercat tracta d&#8217;estimular la vessant m\u00e9s solid\u00e0ria dels xiquets i xiquetes aix\u00ed com de treballar l&#8217;empatia per les persones amb menys recursos.<\/p>\n","protected":false},"excerpt":{"rendered":"","protected":false},"author":1,"featured_media":7520,"comment_status":"open","ping_status":"open","sticky":false,"template":"","format":"standard","meta":{"footnotes":""},"categories":[97],"tags":[112,113,109,111,110,100],"class_list":["post-7519","post","type-post","status-publish","format-standard","has-post-thumbnail","hentry","category-ayuntamiento-ca","tag-colegio","tag-educacion","tag-mercado-navidad","tag-nadal","tag-navidad","tag-portell-2"],"yoast_head":"<!-- This site is optimized with the Yoast SEO plugin v24.4 - https:\/\/yoast.com\/wordpress\/plugins\/seo\/ -->\n<title>Els xiquets i xiquetes de Portell participen en un mercat solidari - Portell de Morella<\/title>\n<meta name=\"robots\" content=\"noindex, follow, max-snippet:-1, max-image-preview:large, max-video-preview:-1\" \/>\n<meta property=\"og:locale\" content=\"ca_ES\" \/>\n<meta property=\"og:type\" content=\"article\" \/>\n<meta property=\"og:title\" content=\"Els xiquets i xiquetes de Portell participen en un mercat solidari - Portell de Morella\" \/>\n<meta property=\"og:url\" content=\"https:\/\/portelldemorella.org\/ca\/los-ninos-y-ninas-de-portell-participan-en-un-mercado-solidario\/\" \/>\n<meta property=\"og:site_name\" content=\"Portell de Morella\" \/>\n<meta property=\"article:published_time\" content=\"2022-12-27T12:16:00+00:00\" \/>\n<meta property=\"article:modified_time\" content=\"2023-06-07T11:18:55+00:00\" \/>\n<meta property=\"og:image\" content=\"https:\/\/portelldemorella.org\/wp-content\/uploads\/2023\/01\/MERCAT-NADAL.jpg\" \/>\n\t<meta property=\"og:image:width\" content=\"1297\" \/>\n\t<meta property=\"og:image:height\" content=\"730\" \/>\n\t<meta property=\"og:image:type\" content=\"image\/jpeg\" \/>\n<meta name=\"author\" content=\"portell\" \/>\n<meta name=\"twitter:card\" content=\"summary_large_image\" \/>\n<meta name=\"twitter:label1\" content=\"Escrit per\" \/>\n\t<meta name=\"twitter:data1\" content=\"portell\" \/>\n\t<meta name=\"twitter:label2\" content=\"Temps estimat de lectura\" \/>\n\t<meta name=\"twitter:data2\" content=\"1 minut\" \/>\n<script type=\"application\/ld+json\" class=\"yoast-schema-graph\">{\"@context\":\"https:\/\/schema.org\",\"@graph\":[{\"@type\":\"Article\",\"@id\":\"https:\/\/portelldemorella.org\/ca\/los-ninos-y-ninas-de-portell-participan-en-un-mercado-solidario\/#article\",\"isPartOf\":{\"@id\":\"https:\/\/portelldemorella.org\/ca\/los-ninos-y-ninas-de-portell-participan-en-un-mercado-solidario\/\"},\"author\":{\"name\":\"portell\",\"@id\":\"https:\/\/portelldemorella.org\/#\/schema\/person\/2adde77c454244acd163488ec723a88b\"},\"headline\":\"Els xiquets i xiquetes de Portell participen en un mercat solidari\",\"datePublished\":\"2022-12-27T12:16:00+00:00\",\"dateModified\":\"2023-06-07T11:18:55+00:00\",\"mainEntityOfPage\":{\"@id\":\"https:\/\/portelldemorella.org\/ca\/los-ninos-y-ninas-de-portell-participan-en-un-mercado-solidario\/\"},\"wordCount\":162,\"commentCount\":0,\"publisher\":{\"@id\":\"https:\/\/portelldemorella.org\/#organization\"},\"image\":{\"@id\":\"https:\/\/portelldemorella.org\/ca\/los-ninos-y-ninas-de-portell-participan-en-un-mercado-solidario\/#primaryimage\"},\"thumbnailUrl\":\"https:\/\/portelldemorella.org\/wp-content\/uploads\/2023\/01\/MERCAT-NADAL.jpg\",\"keywords\":[\"colegio\",\"educaci\u00f3n\",\"mercado navidad\",\"nadal\",\"navidad\",\"portell\"],\"articleSection\":[\"Ayuntamiento\"],\"inLanguage\":\"ca\",\"potentialAction\":[{\"@type\":\"CommentAction\",\"name\":\"Comment\",\"target\":[\"https:\/\/portelldemorella.org\/ca\/los-ninos-y-ninas-de-portell-participan-en-un-mercado-solidario\/#respond\"]}]},{\"@type\":\"WebPage\",\"@id\":\"https:\/\/portelldemorella.org\/ca\/los-ninos-y-ninas-de-portell-participan-en-un-mercado-solidario\/\",\"url\":\"https:\/\/portelldemorella.org\/ca\/los-ninos-y-ninas-de-portell-participan-en-un-mercado-solidario\/\",\"name\":\"Els xiquets i xiquetes de Portell participen en un mercat solidari - Portell de Morella\",\"isPartOf\":{\"@id\":\"https:\/\/portelldemorella.org\/#website\"},\"primaryImageOfPage\":{\"@id\":\"https:\/\/portelldemorella.org\/ca\/los-ninos-y-ninas-de-portell-participan-en-un-mercado-solidario\/#primaryimage\"},\"image\":{\"@id\":\"https:\/\/portelldemorella.org\/ca\/los-ninos-y-ninas-de-portell-participan-en-un-mercado-solidario\/#primaryimage\"},\"thumbnailUrl\":\"https:\/\/portelldemorella.org\/wp-content\/uploads\/2023\/01\/MERCAT-NADAL.jpg\",\"datePublished\":\"2022-12-27T12:16:00+00:00\",\"dateModified\":\"2023-06-07T11:18:55+00:00\",\"breadcrumb\":{\"@id\":\"https:\/\/portelldemorella.org\/ca\/los-ninos-y-ninas-de-portell-participan-en-un-mercado-solidario\/#breadcrumb\"},\"inLanguage\":\"ca\",\"potentialAction\":[{\"@type\":\"ReadAction\",\"target\":[\"https:\/\/portelldemorella.org\/ca\/los-ninos-y-ninas-de-portell-participan-en-un-mercado-solidario\/\"]}]},{\"@type\":\"ImageObject\",\"inLanguage\":\"ca\",\"@id\":\"https:\/\/portelldemorella.org\/ca\/los-ninos-y-ninas-de-portell-participan-en-un-mercado-solidario\/#primaryimage\",\"url\":\"https:\/\/portelldemorella.org\/wp-content\/uploads\/2023\/01\/MERCAT-NADAL.jpg\",\"contentUrl\":\"https:\/\/portelldemorella.org\/wp-content\/uploads\/2023\/01\/MERCAT-NADAL.jpg\",\"width\":1297,\"height\":730},{\"@type\":\"BreadcrumbList\",\"@id\":\"https:\/\/portelldemorella.org\/ca\/los-ninos-y-ninas-de-portell-participan-en-un-mercado-solidario\/#breadcrumb\",\"itemListElement\":[{\"@type\":\"ListItem\",\"position\":1,\"name\":\"Portada\",\"item\":\"https:\/\/portelldemorella.org\/ca\/\"},{\"@type\":\"ListItem\",\"position\":2,\"name\":\"Els xiquets i xiquetes de Portell participen en un mercat solidari\"}]},{\"@type\":\"WebSite\",\"@id\":\"https:\/\/portelldemorella.org\/#website\",\"url\":\"https:\/\/portelldemorella.org\/\",\"name\":\"Portell de Morella\",\"description\":\"Web del Ayuntamiento de Portell de Morella\",\"publisher\":{\"@id\":\"https:\/\/portelldemorella.org\/#organization\"},\"potentialAction\":[{\"@type\":\"SearchAction\",\"target\":{\"@type\":\"EntryPoint\",\"urlTemplate\":\"https:\/\/portelldemorella.org\/?s={search_term_string}\"},\"query-input\":{\"@type\":\"PropertyValueSpecification\",\"valueRequired\":true,\"valueName\":\"search_term_string\"}}],\"inLanguage\":\"ca\"},{\"@type\":\"Organization\",\"@id\":\"https:\/\/portelldemorella.org\/#organization\",\"name\":\"Portell de Morella\",\"url\":\"https:\/\/portelldemorella.org\/\",\"logo\":{\"@type\":\"ImageObject\",\"inLanguage\":\"ca\",\"@id\":\"https:\/\/portelldemorella.org\/#\/schema\/logo\/image\/\",\"url\":\"https:\/\/portelldemorella.org\/wp-content\/uploads\/2020\/11\/Escudo-Portell-04.jpg\",\"contentUrl\":\"https:\/\/portelldemorella.org\/wp-content\/uploads\/2020\/11\/Escudo-Portell-04.jpg\",\"width\":1001,\"height\":394,\"caption\":\"Portell de Morella\"},\"image\":{\"@id\":\"https:\/\/portelldemorella.org\/#\/schema\/logo\/image\/\"}},{\"@type\":\"Person\",\"@id\":\"https:\/\/portelldemorella.org\/#\/schema\/person\/2adde77c454244acd163488ec723a88b\",\"name\":\"portell\",\"image\":{\"@type\":\"ImageObject\",\"inLanguage\":\"ca\",\"@id\":\"https:\/\/portelldemorella.org\/#\/schema\/person\/image\/\",\"url\":\"https:\/\/secure.gravatar.com\/avatar\/077c6bd89604df620d2fa93a06be2531944cdd6826fd322dbd8b483fd84d6407?s=96&d=mm&r=g\",\"contentUrl\":\"https:\/\/secure.gravatar.com\/avatar\/077c6bd89604df620d2fa93a06be2531944cdd6826fd322dbd8b483fd84d6407?s=96&d=mm&r=g\",\"caption\":\"portell\"},\"sameAs\":[\"https:\/\/portelldemorella.org\"],\"url\":\"https:\/\/portelldemorella.org\/ca\/author\/portell\/\"}]}<\/script>\n<!-- \/ Yoast SEO plugin. -->","yoast_head_json":{"title":"Els xiquets i xiquetes de Portell participen en un mercat solidari - Portell de Morella","robots":{"index":"noindex","follow":"follow","max-snippet":"max-snippet:-1","max-image-preview":"max-image-preview:large","max-video-preview":"max-video-preview:-1"},"og_locale":"ca_ES","og_type":"article","og_title":"Els xiquets i xiquetes de Portell participen en un mercat solidari - Portell de Morella","og_url":"https:\/\/portelldemorella.org\/ca\/los-ninos-y-ninas-de-portell-participan-en-un-mercado-solidario\/","og_site_name":"Portell de Morella","article_published_time":"2022-12-27T12:16:00+00:00","article_modified_time":"2023-06-07T11:18:55+00:00","og_image":[{"width":1297,"height":730,"url":"https:\/\/portelldemorella.org\/wp-content\/uploads\/2023\/01\/MERCAT-NADAL.jpg","type":"image\/jpeg"}],"author":"portell","twitter_card":"summary_large_image","twitter_misc":{"Escrit per":"portell","Temps estimat de lectura":"1 minut"},"schema":{"@context":"https:\/\/schema.org","@graph":[{"@type":"Article","@id":"https:\/\/portelldemorella.org\/ca\/los-ninos-y-ninas-de-portell-participan-en-un-mercado-solidario\/#article","isPartOf":{"@id":"https:\/\/portelldemorella.org\/ca\/los-ninos-y-ninas-de-portell-participan-en-un-mercado-solidario\/"},"author":{"name":"portell","@id":"https:\/\/portelldemorella.org\/#\/schema\/person\/2adde77c454244acd163488ec723a88b"},"headline":"Els xiquets i xiquetes de Portell participen en un mercat solidari","datePublished":"2022-12-27T12:16:00+00:00","dateModified":"2023-06-07T11:18:55+00:00","mainEntityOfPage":{"@id":"https:\/\/portelldemorella.org\/ca\/los-ninos-y-ninas-de-portell-participan-en-un-mercado-solidario\/"},"wordCount":162,"commentCount":0,"publisher":{"@id":"https:\/\/portelldemorella.org\/#organization"},"image":{"@id":"https:\/\/portelldemorella.org\/ca\/los-ninos-y-ninas-de-portell-participan-en-un-mercado-solidario\/#primaryimage"},"thumbnailUrl":"https:\/\/portelldemorella.org\/wp-content\/uploads\/2023\/01\/MERCAT-NADAL.jpg","keywords":["colegio","educaci\u00f3n","mercado navidad","nadal","navidad","portell"],"articleSection":["Ayuntamiento"],"inLanguage":"ca","potentialAction":[{"@type":"CommentAction","name":"Comment","target":["https:\/\/portelldemorella.org\/ca\/los-ninos-y-ninas-de-portell-participan-en-un-mercado-solidario\/#respond"]}]},{"@type":"WebPage","@id":"https:\/\/portelldemorella.org\/ca\/los-ninos-y-ninas-de-portell-participan-en-un-mercado-solidario\/","url":"https:\/\/portelldemorella.org\/ca\/los-ninos-y-ninas-de-portell-participan-en-un-mercado-solidario\/","name":"Els xiquets i xiquetes de Portell participen en un mercat solidari - Portell de Morella","isPartOf":{"@id":"https:\/\/portelldemorella.org\/#website"},"primaryImageOfPage":{"@id":"https:\/\/portelldemorella.org\/ca\/los-ninos-y-ninas-de-portell-participan-en-un-mercado-solidario\/#primaryimage"},"image":{"@id":"https:\/\/portelldemorella.org\/ca\/los-ninos-y-ninas-de-portell-participan-en-un-mercado-solidario\/#primaryimage"},"thumbnailUrl":"https:\/\/portelldemorella.org\/wp-content\/uploads\/2023\/01\/MERCAT-NADAL.jpg","datePublished":"2022-12-27T12:16:00+00:00","dateModified":"2023-06-07T11:18:55+00:00","breadcrumb":{"@id":"https:\/\/portelldemorella.org\/ca\/los-ninos-y-ninas-de-portell-participan-en-un-mercado-solidario\/#breadcrumb"},"inLanguage":"ca","potentialAction":[{"@type":"ReadAction","target":["https:\/\/portelldemorella.org\/ca\/los-ninos-y-ninas-de-portell-participan-en-un-mercado-solidario\/"]}]},{"@type":"ImageObject","inLanguage":"ca","@id":"https:\/\/portelldemorella.org\/ca\/los-ninos-y-ninas-de-portell-participan-en-un-mercado-solidario\/#primaryimage","url":"https:\/\/portelldemorella.org\/wp-content\/uploads\/2023\/01\/MERCAT-NADAL.jpg","contentUrl":"https:\/\/portelldemorella.org\/wp-content\/uploads\/2023\/01\/MERCAT-NADAL.jpg","width":1297,"height":730},{"@type":"BreadcrumbList","@id":"https:\/\/portelldemorella.org\/ca\/los-ninos-y-ninas-de-portell-participan-en-un-mercado-solidario\/#breadcrumb","itemListElement":[{"@type":"ListItem","position":1,"name":"Portada","item":"https:\/\/portelldemorella.org\/ca\/"},{"@type":"ListItem","position":2,"name":"Els xiquets i xiquetes de Portell participen en un mercat solidari"}]},{"@type":"WebSite","@id":"https:\/\/portelldemorella.org\/#website","url":"https:\/\/portelldemorella.org\/","name":"Portell de Morella","description":"Web del Ayuntamiento de Portell de Morella","publisher":{"@id":"https:\/\/portelldemorella.org\/#organization"},"potentialAction":[{"@type":"SearchAction","target":{"@type":"EntryPoint","urlTemplate":"https:\/\/portelldemorella.org\/?s={search_term_string}"},"query-input":{"@type":"PropertyValueSpecification","valueRequired":true,"valueName":"search_term_string"}}],"inLanguage":"ca"},{"@type":"Organization","@id":"https:\/\/portelldemorella.org\/#organization","name":"Portell de Morella","url":"https:\/\/portelldemorella.org\/","logo":{"@type":"ImageObject","inLanguage":"ca","@id":"https:\/\/portelldemorella.org\/#\/schema\/logo\/image\/","url":"https:\/\/portelldemorella.org\/wp-content\/uploads\/2020\/11\/Escudo-Portell-04.jpg","contentUrl":"https:\/\/portelldemorella.org\/wp-content\/uploads\/2020\/11\/Escudo-Portell-04.jpg","width":1001,"height":394,"caption":"Portell de Morella"},"image":{"@id":"https:\/\/portelldemorella.org\/#\/schema\/logo\/image\/"}},{"@type":"Person","@id":"https:\/\/portelldemorella.org\/#\/schema\/person\/2adde77c454244acd163488ec723a88b","name":"portell","image":{"@type":"ImageObject","inLanguage":"ca","@id":"https:\/\/portelldemorella.org\/#\/schema\/person\/image\/","url":"https:\/\/secure.gravatar.com\/avatar\/077c6bd89604df620d2fa93a06be2531944cdd6826fd322dbd8b483fd84d6407?s=96&d=mm&r=g","contentUrl":"https:\/\/secure.gravatar.com\/avatar\/077c6bd89604df620d2fa93a06be2531944cdd6826fd322dbd8b483fd84d6407?s=96&d=mm&r=g","caption":"portell"},"sameAs":["https:\/\/portelldemorella.org"],"url":"https:\/\/portelldemorella.org\/ca\/author\/portell\/"}]}},"_links":{"self":[{"href":"https:\/\/portelldemorella.org\/ca\/wp-json\/wp\/v2\/posts\/7519","targetHints":{"allow":["GET"]}}],"collection":[{"href":"https:\/\/portelldemorella.org\/ca\/wp-json\/wp\/v2\/posts"}],"about":[{"href":"https:\/\/portelldemorella.org\/ca\/wp-json\/wp\/v2\/types\/post"}],"author":[{"embeddable":true,"href":"https:\/\/portelldemorella.org\/ca\/wp-json\/wp\/v2\/users\/1"}],"replies":[{"embeddable":true,"href":"https:\/\/portelldemorella.org\/ca\/wp-json\/wp\/v2\/comments?post=7519"}],"version-history":[{"count":3,"href":"https:\/\/portelldemorella.org\/ca\/wp-json\/wp\/v2\/posts\/7519\/revisions"}],"predecessor-version":[{"id":7687,"href":"https:\/\/portelldemorella.org\/ca\/wp-json\/wp\/v2\/posts\/7519\/revisions\/7687"}],"wp:featuredmedia":[{"embeddable":true,"href":"https:\/\/portelldemorella.org\/ca\/wp-json\/wp\/v2\/media\/7520"}],"wp:attachment":[{"href":"https:\/\/portelldemorella.org\/ca\/wp-json\/wp\/v2\/media?parent=7519"}],"wp:term":[{"taxonomy":"category","embeddable":true,"href":"https:\/\/portelldemorella.org\/ca\/wp-json\/wp\/v2\/categories?post=7519"},{"taxonomy":"post_tag","embeddable":true,"href":"https:\/\/portelldemorella.org\/ca\/wp-json\/wp\/v2\/tags?post=7519"}],"curies":[{"name":"wp","href":"https:\/\/api.w.org\/{rel}","templated":true}]}}