{"id":7571,"date":"2023-02-10T09:17:46","date_gmt":"2023-02-10T09:17:46","guid":{"rendered":"https:\/\/portelldemorella.org\/todo-listo-para-sant-antoni-en-portell\/"},"modified":"2023-06-07T11:06:37","modified_gmt":"2023-06-07T11:06:37","slug":"todo-listo-para-sant-antoni-en-portell","status":"publish","type":"post","link":"https:\/\/portelldemorella.org\/ca\/todo-listo-para-sant-antoni-en-portell\/","title":{"rendered":"Tot preparat per a Sant Antoni a Portell"},"content":{"rendered":"\n<figure class=\"wp-block-image size-large\"><img fetchpriority=\"high\" decoding=\"async\" width=\"1024\" height=\"576\" src=\"https:\/\/portelldemorella.org\/wp-content\/uploads\/2023\/02\/Tot-preparat-per-a-Sant-Antoni-en-Portell-1-1024x576.jpeg\" alt=\"\" class=\"wp-image-7569\" srcset=\"https:\/\/portelldemorella.org\/wp-content\/uploads\/2023\/02\/Tot-preparat-per-a-Sant-Antoni-en-Portell-1-1024x576.jpeg 1024w, https:\/\/portelldemorella.org\/wp-content\/uploads\/2023\/02\/Tot-preparat-per-a-Sant-Antoni-en-Portell-1-300x169.jpeg 300w, https:\/\/portelldemorella.org\/wp-content\/uploads\/2023\/02\/Tot-preparat-per-a-Sant-Antoni-en-Portell-1-768x432.jpeg 768w, https:\/\/portelldemorella.org\/wp-content\/uploads\/2023\/02\/Tot-preparat-per-a-Sant-Antoni-en-Portell-1-1536x864.jpeg 1536w, https:\/\/portelldemorella.org\/wp-content\/uploads\/2023\/02\/Tot-preparat-per-a-Sant-Antoni-en-Portell-1-600x338.jpeg 600w, https:\/\/portelldemorella.org\/wp-content\/uploads\/2023\/02\/Tot-preparat-per-a-Sant-Antoni-en-Portell-1-560x315.jpeg 560w, https:\/\/portelldemorella.org\/wp-content\/uploads\/2023\/02\/Tot-preparat-per-a-Sant-Antoni-en-Portell-1.jpeg 1600w\" sizes=\"(max-width: 1024px) 100vw, 1024px\" \/><\/figure>\n\n\n\n<p>Amb el &#8216;maio&#8217; ja plantat, els pastissos cuits i la llenya i la &#8216;malea&#8217; preparades, Portell comen\u00e7ar\u00e0 dem\u00e0 els festejos del foc en honor al patr\u00f3 dels animals, Sant Antoni.<\/p>\n\n\n\n<p>Aix\u00ed, a les 8h es muntar\u00e0 la barraca. Despr\u00e9s d&#8217;una parada per a esmorzar, les cavalleries seran les encarregades de portar les carrasques fins al municipi i donar forma a les fogueres. Una vegada enceses i amb el foc ja present al poble, se celebrar\u00e0 en el Poliesportiu un dinar de germanor, la rifa dels majorals i la tradicional \u2018transa\u2019 (subhasta).<\/p>\n\n\n\n<p>A la vesprada, a les 17.45h, comen\u00e7ar\u00e0 la process\u00f3 amb els animals. Des de l&#8217;esgl\u00e9sia partir\u00e0 la comitiva en cam\u00ed a l&#8217;ermita on s&#8217;escoltar\u00e0 la primera relaci\u00f3, cantada per Eva Adell. D&#8217;all\u00ed s&#8217;anir\u00e0 a la pla\u00e7a, on Mireia Cama\u00f1es entonar\u00e0 la segona relaci\u00f3. En acabar, s&#8217;anir\u00e0 fins a l&#8217;esgl\u00e9sia per a beneir als animals i en Les Basses es recolliran els pastissos de Sant Antoni. A les 19.30h ser\u00e0 el torn del ball i la m\u00fasica amb el Ball Pla; a les 20.15h arribar\u00e0 l&#8217;esperada crem\u00e0 de la foguera i a les 21.30h comen\u00e7ar\u00e0 el sopar de saquet en el Poliesportiu amenitzat per l&#8217;orquestra Triband i la discom\u00f2bil DML.<\/p>\n\n\n\n<p>El diumenge 12 acabaran els festejos amb una missa i process\u00f3 en honor a Sant Antoni.<\/p>\n","protected":false},"excerpt":{"rendered":"<p>Amb el &#8216;maio&#8217; ja plantat, els pastissos cuits i la llenya i la &#8216;malea&#8217; preparades, Portell comen\u00e7ar\u00e0 dem\u00e0 els festejos del foc en honor al patr\u00f3 dels animals, Sant Antoni. Aix\u00ed, a les 8h es muntar\u00e0 la barraca. Despr\u00e9s d&#8217;una parada per a esmorzar, les cavalleries seran les encarregades de portar les carrasques fins al [&hellip;]<\/p>\n","protected":false},"author":1,"featured_media":7569,"comment_status":"open","ping_status":"open","sticky":false,"template":"","format":"standard","meta":{"footnotes":""},"categories":[97],"tags":[107,124],"class_list":["post-7571","post","type-post","status-publish","format-standard","has-post-thumbnail","hentry","category-ayuntamiento-ca","tag-portell-ca","tag-sant-antoni-ca"],"yoast_head":"<!-- This site is optimized with the Yoast SEO plugin v24.4 - https:\/\/yoast.com\/wordpress\/plugins\/seo\/ -->\n<title>Tot preparat per a Sant Antoni a Portell - Portell de Morella<\/title>\n<meta name=\"robots\" content=\"noindex, follow, max-snippet:-1, max-image-preview:large, max-video-preview:-1\" \/>\n<meta property=\"og:locale\" content=\"ca_ES\" \/>\n<meta property=\"og:type\" content=\"article\" \/>\n<meta property=\"og:title\" content=\"Tot preparat per a Sant Antoni a Portell - Portell de Morella\" \/>\n<meta property=\"og:description\" content=\"Amb el &#8216;maio&#8217; ja plantat, els pastissos cuits i la llenya i la &#8216;malea&#8217; preparades, Portell comen\u00e7ar\u00e0 dem\u00e0 els festejos del foc en honor al patr\u00f3 dels animals, Sant Antoni. Aix\u00ed, a les 8h es muntar\u00e0 la barraca. Despr\u00e9s d&#8217;una parada per a esmorzar, les cavalleries seran les encarregades de portar les carrasques fins al [&hellip;]\" \/>\n<meta property=\"og:url\" content=\"https:\/\/portelldemorella.org\/ca\/todo-listo-para-sant-antoni-en-portell\/\" \/>\n<meta property=\"og:site_name\" content=\"Portell de Morella\" \/>\n<meta property=\"article:published_time\" content=\"2023-02-10T09:17:46+00:00\" \/>\n<meta property=\"article:modified_time\" content=\"2023-06-07T11:06:37+00:00\" \/>\n<meta property=\"og:image\" content=\"https:\/\/portelldemorella.org\/wp-content\/uploads\/2023\/02\/Tot-preparat-per-a-Sant-Antoni-en-Portell-1.jpeg\" \/>\n\t<meta property=\"og:image:width\" content=\"1600\" \/>\n\t<meta property=\"og:image:height\" content=\"900\" \/>\n\t<meta property=\"og:image:type\" content=\"image\/jpeg\" \/>\n<meta name=\"author\" content=\"portell\" \/>\n<meta name=\"twitter:card\" content=\"summary_large_image\" \/>\n<meta name=\"twitter:label1\" content=\"Escrit per\" \/>\n\t<meta name=\"twitter:data1\" content=\"portell\" \/>\n\t<meta name=\"twitter:label2\" content=\"Temps estimat de lectura\" \/>\n\t<meta name=\"twitter:data2\" content=\"2 minuts\" \/>\n<script type=\"application\/ld+json\" class=\"yoast-schema-graph\">{\"@context\":\"https:\/\/schema.org\",\"@graph\":[{\"@type\":\"Article\",\"@id\":\"https:\/\/portelldemorella.org\/ca\/todo-listo-para-sant-antoni-en-portell\/#article\",\"isPartOf\":{\"@id\":\"https:\/\/portelldemorella.org\/ca\/todo-listo-para-sant-antoni-en-portell\/\"},\"author\":{\"name\":\"portell\",\"@id\":\"https:\/\/portelldemorella.org\/#\/schema\/person\/2adde77c454244acd163488ec723a88b\"},\"headline\":\"Tot preparat per a Sant Antoni a Portell\",\"datePublished\":\"2023-02-10T09:17:46+00:00\",\"dateModified\":\"2023-06-07T11:06:37+00:00\",\"mainEntityOfPage\":{\"@id\":\"https:\/\/portelldemorella.org\/ca\/todo-listo-para-sant-antoni-en-portell\/\"},\"wordCount\":233,\"commentCount\":0,\"publisher\":{\"@id\":\"https:\/\/portelldemorella.org\/#organization\"},\"image\":{\"@id\":\"https:\/\/portelldemorella.org\/ca\/todo-listo-para-sant-antoni-en-portell\/#primaryimage\"},\"thumbnailUrl\":\"https:\/\/portelldemorella.org\/wp-content\/uploads\/2023\/02\/Tot-preparat-per-a-Sant-Antoni-en-Portell-1.jpeg\",\"keywords\":[\"portell\",\"sant antoni\"],\"articleSection\":[\"Ayuntamiento\"],\"inLanguage\":\"ca\",\"potentialAction\":[{\"@type\":\"CommentAction\",\"name\":\"Comment\",\"target\":[\"https:\/\/portelldemorella.org\/ca\/todo-listo-para-sant-antoni-en-portell\/#respond\"]}]},{\"@type\":\"WebPage\",\"@id\":\"https:\/\/portelldemorella.org\/ca\/todo-listo-para-sant-antoni-en-portell\/\",\"url\":\"https:\/\/portelldemorella.org\/ca\/todo-listo-para-sant-antoni-en-portell\/\",\"name\":\"Tot preparat per a Sant Antoni a Portell - Portell de Morella\",\"isPartOf\":{\"@id\":\"https:\/\/portelldemorella.org\/#website\"},\"primaryImageOfPage\":{\"@id\":\"https:\/\/portelldemorella.org\/ca\/todo-listo-para-sant-antoni-en-portell\/#primaryimage\"},\"image\":{\"@id\":\"https:\/\/portelldemorella.org\/ca\/todo-listo-para-sant-antoni-en-portell\/#primaryimage\"},\"thumbnailUrl\":\"https:\/\/portelldemorella.org\/wp-content\/uploads\/2023\/02\/Tot-preparat-per-a-Sant-Antoni-en-Portell-1.jpeg\",\"datePublished\":\"2023-02-10T09:17:46+00:00\",\"dateModified\":\"2023-06-07T11:06:37+00:00\",\"breadcrumb\":{\"@id\":\"https:\/\/portelldemorella.org\/ca\/todo-listo-para-sant-antoni-en-portell\/#breadcrumb\"},\"inLanguage\":\"ca\",\"potentialAction\":[{\"@type\":\"ReadAction\",\"target\":[\"https:\/\/portelldemorella.org\/ca\/todo-listo-para-sant-antoni-en-portell\/\"]}]},{\"@type\":\"ImageObject\",\"inLanguage\":\"ca\",\"@id\":\"https:\/\/portelldemorella.org\/ca\/todo-listo-para-sant-antoni-en-portell\/#primaryimage\",\"url\":\"https:\/\/portelldemorella.org\/wp-content\/uploads\/2023\/02\/Tot-preparat-per-a-Sant-Antoni-en-Portell-1.jpeg\",\"contentUrl\":\"https:\/\/portelldemorella.org\/wp-content\/uploads\/2023\/02\/Tot-preparat-per-a-Sant-Antoni-en-Portell-1.jpeg\",\"width\":1600,\"height\":900},{\"@type\":\"BreadcrumbList\",\"@id\":\"https:\/\/portelldemorella.org\/ca\/todo-listo-para-sant-antoni-en-portell\/#breadcrumb\",\"itemListElement\":[{\"@type\":\"ListItem\",\"position\":1,\"name\":\"Portada\",\"item\":\"https:\/\/portelldemorella.org\/ca\/\"},{\"@type\":\"ListItem\",\"position\":2,\"name\":\"Tot preparat per a Sant Antoni a Portell\"}]},{\"@type\":\"WebSite\",\"@id\":\"https:\/\/portelldemorella.org\/#website\",\"url\":\"https:\/\/portelldemorella.org\/\",\"name\":\"Portell de Morella\",\"description\":\"Web del Ayuntamiento de Portell de Morella\",\"publisher\":{\"@id\":\"https:\/\/portelldemorella.org\/#organization\"},\"potentialAction\":[{\"@type\":\"SearchAction\",\"target\":{\"@type\":\"EntryPoint\",\"urlTemplate\":\"https:\/\/portelldemorella.org\/?s={search_term_string}\"},\"query-input\":{\"@type\":\"PropertyValueSpecification\",\"valueRequired\":true,\"valueName\":\"search_term_string\"}}],\"inLanguage\":\"ca\"},{\"@type\":\"Organization\",\"@id\":\"https:\/\/portelldemorella.org\/#organization\",\"name\":\"Portell de Morella\",\"url\":\"https:\/\/portelldemorella.org\/\",\"logo\":{\"@type\":\"ImageObject\",\"inLanguage\":\"ca\",\"@id\":\"https:\/\/portelldemorella.org\/#\/schema\/logo\/image\/\",\"url\":\"https:\/\/portelldemorella.org\/wp-content\/uploads\/2020\/11\/Escudo-Portell-04.jpg\",\"contentUrl\":\"https:\/\/portelldemorella.org\/wp-content\/uploads\/2020\/11\/Escudo-Portell-04.jpg\",\"width\":1001,\"height\":394,\"caption\":\"Portell de Morella\"},\"image\":{\"@id\":\"https:\/\/portelldemorella.org\/#\/schema\/logo\/image\/\"}},{\"@type\":\"Person\",\"@id\":\"https:\/\/portelldemorella.org\/#\/schema\/person\/2adde77c454244acd163488ec723a88b\",\"name\":\"portell\",\"image\":{\"@type\":\"ImageObject\",\"inLanguage\":\"ca\",\"@id\":\"https:\/\/portelldemorella.org\/#\/schema\/person\/image\/\",\"url\":\"https:\/\/secure.gravatar.com\/avatar\/077c6bd89604df620d2fa93a06be2531944cdd6826fd322dbd8b483fd84d6407?s=96&d=mm&r=g\",\"contentUrl\":\"https:\/\/secure.gravatar.com\/avatar\/077c6bd89604df620d2fa93a06be2531944cdd6826fd322dbd8b483fd84d6407?s=96&d=mm&r=g\",\"caption\":\"portell\"},\"sameAs\":[\"https:\/\/portelldemorella.org\"],\"url\":\"https:\/\/portelldemorella.org\/ca\/author\/portell\/\"}]}<\/script>\n<!-- \/ Yoast SEO plugin. -->","yoast_head_json":{"title":"Tot preparat per a Sant Antoni a Portell - Portell de Morella","robots":{"index":"noindex","follow":"follow","max-snippet":"max-snippet:-1","max-image-preview":"max-image-preview:large","max-video-preview":"max-video-preview:-1"},"og_locale":"ca_ES","og_type":"article","og_title":"Tot preparat per a Sant Antoni a Portell - Portell de Morella","og_description":"Amb el &#8216;maio&#8217; ja plantat, els pastissos cuits i la llenya i la &#8216;malea&#8217; preparades, Portell comen\u00e7ar\u00e0 dem\u00e0 els festejos del foc en honor al patr\u00f3 dels animals, Sant Antoni. Aix\u00ed, a les 8h es muntar\u00e0 la barraca. Despr\u00e9s d&#8217;una parada per a esmorzar, les cavalleries seran les encarregades de portar les carrasques fins al [&hellip;]","og_url":"https:\/\/portelldemorella.org\/ca\/todo-listo-para-sant-antoni-en-portell\/","og_site_name":"Portell de Morella","article_published_time":"2023-02-10T09:17:46+00:00","article_modified_time":"2023-06-07T11:06:37+00:00","og_image":[{"width":1600,"height":900,"url":"https:\/\/portelldemorella.org\/wp-content\/uploads\/2023\/02\/Tot-preparat-per-a-Sant-Antoni-en-Portell-1.jpeg","type":"image\/jpeg"}],"author":"portell","twitter_card":"summary_large_image","twitter_misc":{"Escrit per":"portell","Temps estimat de lectura":"2 minuts"},"schema":{"@context":"https:\/\/schema.org","@graph":[{"@type":"Article","@id":"https:\/\/portelldemorella.org\/ca\/todo-listo-para-sant-antoni-en-portell\/#article","isPartOf":{"@id":"https:\/\/portelldemorella.org\/ca\/todo-listo-para-sant-antoni-en-portell\/"},"author":{"name":"portell","@id":"https:\/\/portelldemorella.org\/#\/schema\/person\/2adde77c454244acd163488ec723a88b"},"headline":"Tot preparat per a Sant Antoni a Portell","datePublished":"2023-02-10T09:17:46+00:00","dateModified":"2023-06-07T11:06:37+00:00","mainEntityOfPage":{"@id":"https:\/\/portelldemorella.org\/ca\/todo-listo-para-sant-antoni-en-portell\/"},"wordCount":233,"commentCount":0,"publisher":{"@id":"https:\/\/portelldemorella.org\/#organization"},"image":{"@id":"https:\/\/portelldemorella.org\/ca\/todo-listo-para-sant-antoni-en-portell\/#primaryimage"},"thumbnailUrl":"https:\/\/portelldemorella.org\/wp-content\/uploads\/2023\/02\/Tot-preparat-per-a-Sant-Antoni-en-Portell-1.jpeg","keywords":["portell","sant antoni"],"articleSection":["Ayuntamiento"],"inLanguage":"ca","potentialAction":[{"@type":"CommentAction","name":"Comment","target":["https:\/\/portelldemorella.org\/ca\/todo-listo-para-sant-antoni-en-portell\/#respond"]}]},{"@type":"WebPage","@id":"https:\/\/portelldemorella.org\/ca\/todo-listo-para-sant-antoni-en-portell\/","url":"https:\/\/portelldemorella.org\/ca\/todo-listo-para-sant-antoni-en-portell\/","name":"Tot preparat per a Sant Antoni a Portell - Portell de Morella","isPartOf":{"@id":"https:\/\/portelldemorella.org\/#website"},"primaryImageOfPage":{"@id":"https:\/\/portelldemorella.org\/ca\/todo-listo-para-sant-antoni-en-portell\/#primaryimage"},"image":{"@id":"https:\/\/portelldemorella.org\/ca\/todo-listo-para-sant-antoni-en-portell\/#primaryimage"},"thumbnailUrl":"https:\/\/portelldemorella.org\/wp-content\/uploads\/2023\/02\/Tot-preparat-per-a-Sant-Antoni-en-Portell-1.jpeg","datePublished":"2023-02-10T09:17:46+00:00","dateModified":"2023-06-07T11:06:37+00:00","breadcrumb":{"@id":"https:\/\/portelldemorella.org\/ca\/todo-listo-para-sant-antoni-en-portell\/#breadcrumb"},"inLanguage":"ca","potentialAction":[{"@type":"ReadAction","target":["https:\/\/portelldemorella.org\/ca\/todo-listo-para-sant-antoni-en-portell\/"]}]},{"@type":"ImageObject","inLanguage":"ca","@id":"https:\/\/portelldemorella.org\/ca\/todo-listo-para-sant-antoni-en-portell\/#primaryimage","url":"https:\/\/portelldemorella.org\/wp-content\/uploads\/2023\/02\/Tot-preparat-per-a-Sant-Antoni-en-Portell-1.jpeg","contentUrl":"https:\/\/portelldemorella.org\/wp-content\/uploads\/2023\/02\/Tot-preparat-per-a-Sant-Antoni-en-Portell-1.jpeg","width":1600,"height":900},{"@type":"BreadcrumbList","@id":"https:\/\/portelldemorella.org\/ca\/todo-listo-para-sant-antoni-en-portell\/#breadcrumb","itemListElement":[{"@type":"ListItem","position":1,"name":"Portada","item":"https:\/\/portelldemorella.org\/ca\/"},{"@type":"ListItem","position":2,"name":"Tot preparat per a Sant Antoni a Portell"}]},{"@type":"WebSite","@id":"https:\/\/portelldemorella.org\/#website","url":"https:\/\/portelldemorella.org\/","name":"Portell de Morella","description":"Web del Ayuntamiento de Portell de Morella","publisher":{"@id":"https:\/\/portelldemorella.org\/#organization"},"potentialAction":[{"@type":"SearchAction","target":{"@type":"EntryPoint","urlTemplate":"https:\/\/portelldemorella.org\/?s={search_term_string}"},"query-input":{"@type":"PropertyValueSpecification","valueRequired":true,"valueName":"search_term_string"}}],"inLanguage":"ca"},{"@type":"Organization","@id":"https:\/\/portelldemorella.org\/#organization","name":"Portell de Morella","url":"https:\/\/portelldemorella.org\/","logo":{"@type":"ImageObject","inLanguage":"ca","@id":"https:\/\/portelldemorella.org\/#\/schema\/logo\/image\/","url":"https:\/\/portelldemorella.org\/wp-content\/uploads\/2020\/11\/Escudo-Portell-04.jpg","contentUrl":"https:\/\/portelldemorella.org\/wp-content\/uploads\/2020\/11\/Escudo-Portell-04.jpg","width":1001,"height":394,"caption":"Portell de Morella"},"image":{"@id":"https:\/\/portelldemorella.org\/#\/schema\/logo\/image\/"}},{"@type":"Person","@id":"https:\/\/portelldemorella.org\/#\/schema\/person\/2adde77c454244acd163488ec723a88b","name":"portell","image":{"@type":"ImageObject","inLanguage":"ca","@id":"https:\/\/portelldemorella.org\/#\/schema\/person\/image\/","url":"https:\/\/secure.gravatar.com\/avatar\/077c6bd89604df620d2fa93a06be2531944cdd6826fd322dbd8b483fd84d6407?s=96&d=mm&r=g","contentUrl":"https:\/\/secure.gravatar.com\/avatar\/077c6bd89604df620d2fa93a06be2531944cdd6826fd322dbd8b483fd84d6407?s=96&d=mm&r=g","caption":"portell"},"sameAs":["https:\/\/portelldemorella.org"],"url":"https:\/\/portelldemorella.org\/ca\/author\/portell\/"}]}},"_links":{"self":[{"href":"https:\/\/portelldemorella.org\/ca\/wp-json\/wp\/v2\/posts\/7571","targetHints":{"allow":["GET"]}}],"collection":[{"href":"https:\/\/portelldemorella.org\/ca\/wp-json\/wp\/v2\/posts"}],"about":[{"href":"https:\/\/portelldemorella.org\/ca\/wp-json\/wp\/v2\/types\/post"}],"author":[{"embeddable":true,"href":"https:\/\/portelldemorella.org\/ca\/wp-json\/wp\/v2\/users\/1"}],"replies":[{"embeddable":true,"href":"https:\/\/portelldemorella.org\/ca\/wp-json\/wp\/v2\/comments?post=7571"}],"version-history":[{"count":2,"href":"https:\/\/portelldemorella.org\/ca\/wp-json\/wp\/v2\/posts\/7571\/revisions"}],"predecessor-version":[{"id":7681,"href":"https:\/\/portelldemorella.org\/ca\/wp-json\/wp\/v2\/posts\/7571\/revisions\/7681"}],"wp:featuredmedia":[{"embeddable":true,"href":"https:\/\/portelldemorella.org\/ca\/wp-json\/wp\/v2\/media\/7569"}],"wp:attachment":[{"href":"https:\/\/portelldemorella.org\/ca\/wp-json\/wp\/v2\/media?parent=7571"}],"wp:term":[{"taxonomy":"category","embeddable":true,"href":"https:\/\/portelldemorella.org\/ca\/wp-json\/wp\/v2\/categories?post=7571"},{"taxonomy":"post_tag","embeddable":true,"href":"https:\/\/portelldemorella.org\/ca\/wp-json\/wp\/v2\/tags?post=7571"}],"curies":[{"name":"wp","href":"https:\/\/api.w.org\/{rel}","templated":true}]}}