{"id":7577,"date":"2023-02-14T14:47:36","date_gmt":"2023-02-14T14:47:36","guid":{"rendered":"https:\/\/portelldemorella.org\/el-ball-pla-los-pasteles-y-la-hoguera-protagonizan-sant-antoni-en-portell\/"},"modified":"2023-06-07T10:58:01","modified_gmt":"2023-06-07T10:58:01","slug":"el-ball-pla-los-pasteles-y-la-hoguera-protagonizan-sant-antoni-en-portell","status":"publish","type":"post","link":"https:\/\/portelldemorella.org\/ca\/el-ball-pla-los-pasteles-y-la-hoguera-protagonizan-sant-antoni-en-portell\/","title":{"rendered":"El Ball Pla, els pastissos i la foguera protagonitzen Sant Antoni a Portell"},"content":{"rendered":"\n<!--more-->\n\n\n\n<figure class=\"wp-block-image size-large\"><img fetchpriority=\"high\" decoding=\"async\" width=\"1024\" height=\"682\" src=\"https:\/\/portelldemorella.org\/wp-content\/uploads\/2023\/02\/El-Ball-Pla-els-pastissos-i-la-foguera-protagonitzen-Sant-Antoni-a-Portell-3-1024x682.jpeg\" alt=\"\" class=\"wp-image-7575\" srcset=\"https:\/\/portelldemorella.org\/wp-content\/uploads\/2023\/02\/El-Ball-Pla-els-pastissos-i-la-foguera-protagonitzen-Sant-Antoni-a-Portell-3-1024x682.jpeg 1024w, https:\/\/portelldemorella.org\/wp-content\/uploads\/2023\/02\/El-Ball-Pla-els-pastissos-i-la-foguera-protagonitzen-Sant-Antoni-a-Portell-3-300x200.jpeg 300w, https:\/\/portelldemorella.org\/wp-content\/uploads\/2023\/02\/El-Ball-Pla-els-pastissos-i-la-foguera-protagonitzen-Sant-Antoni-a-Portell-3-768x512.jpeg 768w, https:\/\/portelldemorella.org\/wp-content\/uploads\/2023\/02\/El-Ball-Pla-els-pastissos-i-la-foguera-protagonitzen-Sant-Antoni-a-Portell-3-1536x1023.jpeg 1536w, https:\/\/portelldemorella.org\/wp-content\/uploads\/2023\/02\/El-Ball-Pla-els-pastissos-i-la-foguera-protagonitzen-Sant-Antoni-a-Portell-3-600x400.jpeg 600w, https:\/\/portelldemorella.org\/wp-content\/uploads\/2023\/02\/El-Ball-Pla-els-pastissos-i-la-foguera-protagonitzen-Sant-Antoni-a-Portell-3-560x373.jpeg 560w, https:\/\/portelldemorella.org\/wp-content\/uploads\/2023\/02\/El-Ball-Pla-els-pastissos-i-la-foguera-protagonitzen-Sant-Antoni-a-Portell-3.jpeg 1600w\" sizes=\"(max-width: 1024px) 100vw, 1024px\" \/><\/figure>\n\n\n\n<p>El cap de setmana de l&#8217;11 i 12 de febrer Portell ha celebrat els festejos de Sant Antoni, en els quals el foc i els animals s\u00f3n els principals protagonistes.<\/p>\n\n\n\n<p>La primera jornada va comen\u00e7ar a les 8h quan la temperatura encara marcava sota zero. Un fet que no va impedir a l&#8217;organitzaci\u00f3 iniciar el muntatge de la barraca. A mesura que avan\u00e7ava el mat\u00ed, les temperatures es van suavitzar i despr\u00e9s de l&#8217;esmorzar, les cavalleries es van encarregar de portar les carrasques fins al municipi per a conformar les fogueres.<\/p>\n\n\n\n<p>L&#8217;encesa de les fogueres va ser, com sempre, especial per a tots els assistents. Amb el foc ja present al poble, el poliesportiu va acollir un dinar popular, la rifa dels majorals i la tradicional &#8216;transa&#8217; (subhasta), en les quals tant l&#8217;assist\u00e8ncia com la col\u00b7laboraci\u00f3 dels comer\u00e7os amb els productes a subhastar i dels puixants van ser molt elevades.<\/p>\n\n\n\n<p>A continuaci\u00f3, va arribar la volta pel poble i la process\u00f3 amb els animals. Tampoc van faltar les relacions, cantades en aquesta ocasi\u00f3 per Eva Adell i Mireia Cama\u00f1es. En acabar la benedicci\u00f3 dels animals va arribar el repartiment dels pastissos de Sant Antoni i de la m\u00fasica amb el Ball Pla. A boca de nit va ser el torn de la crem\u00e0 de la foguera, en la qual no va faltar la representaci\u00f3 de la diablera, Sant Antoni i &#8216;l&#8217;ag\u00fceleta&#8217;, el sopar de pa i porta i la festa i el ball amb l&#8217;orquestra Triband i la discom\u00f2bil DML. El diumenge, despr\u00e9s d&#8217;unes hores de descans, es van donar per acabats els festejos de Sant Antoni 2023 amb una missa i una process\u00f3.<\/p>\n\n\n\n<p>Cal indicar que la festivitat ha estat organitzada per l&#8217;Ajuntament de Portell, en col\u00b7laboraci\u00f3 amb l&#8217;organitzaci\u00f3 del 43 Aplec dels Ports i la Colla el Rac\u00f3. &#8220;No podem m\u00e9s que agrair la seua participaci\u00f3 a totes les persones que s&#8217;han acostat aquest cap de setmana al poble per a ajudar-nos i per a celebrar Sant Antoni amb nosaltres&#8221; afirmen des de l&#8217;organitzaci\u00f3.<\/p>\n","protected":false},"excerpt":{"rendered":"","protected":false},"author":1,"featured_media":7575,"comment_status":"open","ping_status":"open","sticky":false,"template":"","format":"standard","meta":{"footnotes":""},"categories":[97],"tags":[107,124],"class_list":["post-7577","post","type-post","status-publish","format-standard","has-post-thumbnail","hentry","category-ayuntamiento-ca","tag-portell-ca","tag-sant-antoni-ca"],"yoast_head":"<!-- This site is optimized with the Yoast SEO plugin v24.4 - https:\/\/yoast.com\/wordpress\/plugins\/seo\/ -->\n<title>El Ball Pla, els pastissos i la foguera protagonitzen Sant Antoni a Portell - Portell de Morella<\/title>\n<meta name=\"robots\" content=\"noindex, follow, max-snippet:-1, max-image-preview:large, max-video-preview:-1\" \/>\n<meta property=\"og:locale\" content=\"ca_ES\" \/>\n<meta property=\"og:type\" content=\"article\" \/>\n<meta property=\"og:title\" content=\"El Ball Pla, els pastissos i la foguera protagonitzen Sant Antoni a Portell - Portell de Morella\" \/>\n<meta property=\"og:url\" content=\"https:\/\/portelldemorella.org\/ca\/el-ball-pla-los-pasteles-y-la-hoguera-protagonizan-sant-antoni-en-portell\/\" \/>\n<meta property=\"og:site_name\" content=\"Portell de Morella\" \/>\n<meta property=\"article:published_time\" content=\"2023-02-14T14:47:36+00:00\" \/>\n<meta property=\"article:modified_time\" content=\"2023-06-07T10:58:01+00:00\" \/>\n<meta property=\"og:image\" content=\"https:\/\/portelldemorella.org\/wp-content\/uploads\/2023\/02\/El-Ball-Pla-els-pastissos-i-la-foguera-protagonitzen-Sant-Antoni-a-Portell-3.jpeg\" \/>\n\t<meta property=\"og:image:width\" content=\"1600\" \/>\n\t<meta property=\"og:image:height\" content=\"1066\" \/>\n\t<meta property=\"og:image:type\" content=\"image\/jpeg\" \/>\n<meta name=\"author\" content=\"portell\" \/>\n<meta name=\"twitter:card\" content=\"summary_large_image\" \/>\n<meta name=\"twitter:label1\" content=\"Escrit per\" \/>\n\t<meta name=\"twitter:data1\" content=\"portell\" \/>\n\t<meta name=\"twitter:label2\" content=\"Temps estimat de lectura\" \/>\n\t<meta name=\"twitter:data2\" content=\"2 minuts\" \/>\n<script type=\"application\/ld+json\" class=\"yoast-schema-graph\">{\"@context\":\"https:\/\/schema.org\",\"@graph\":[{\"@type\":\"Article\",\"@id\":\"https:\/\/portelldemorella.org\/ca\/el-ball-pla-los-pasteles-y-la-hoguera-protagonizan-sant-antoni-en-portell\/#article\",\"isPartOf\":{\"@id\":\"https:\/\/portelldemorella.org\/ca\/el-ball-pla-los-pasteles-y-la-hoguera-protagonizan-sant-antoni-en-portell\/\"},\"author\":{\"name\":\"portell\",\"@id\":\"https:\/\/portelldemorella.org\/#\/schema\/person\/2adde77c454244acd163488ec723a88b\"},\"headline\":\"El Ball Pla, els pastissos i la foguera protagonitzen Sant Antoni a Portell\",\"datePublished\":\"2023-02-14T14:47:36+00:00\",\"dateModified\":\"2023-06-07T10:58:01+00:00\",\"mainEntityOfPage\":{\"@id\":\"https:\/\/portelldemorella.org\/ca\/el-ball-pla-los-pasteles-y-la-hoguera-protagonizan-sant-antoni-en-portell\/\"},\"wordCount\":360,\"commentCount\":0,\"publisher\":{\"@id\":\"https:\/\/portelldemorella.org\/#organization\"},\"image\":{\"@id\":\"https:\/\/portelldemorella.org\/ca\/el-ball-pla-los-pasteles-y-la-hoguera-protagonizan-sant-antoni-en-portell\/#primaryimage\"},\"thumbnailUrl\":\"https:\/\/portelldemorella.org\/wp-content\/uploads\/2023\/02\/El-Ball-Pla-els-pastissos-i-la-foguera-protagonitzen-Sant-Antoni-a-Portell-3.jpeg\",\"keywords\":[\"portell\",\"sant antoni\"],\"articleSection\":[\"Ayuntamiento\"],\"inLanguage\":\"ca\",\"potentialAction\":[{\"@type\":\"CommentAction\",\"name\":\"Comment\",\"target\":[\"https:\/\/portelldemorella.org\/ca\/el-ball-pla-los-pasteles-y-la-hoguera-protagonizan-sant-antoni-en-portell\/#respond\"]}]},{\"@type\":\"WebPage\",\"@id\":\"https:\/\/portelldemorella.org\/ca\/el-ball-pla-los-pasteles-y-la-hoguera-protagonizan-sant-antoni-en-portell\/\",\"url\":\"https:\/\/portelldemorella.org\/ca\/el-ball-pla-los-pasteles-y-la-hoguera-protagonizan-sant-antoni-en-portell\/\",\"name\":\"El Ball Pla, els pastissos i la foguera protagonitzen Sant Antoni a Portell - Portell de Morella\",\"isPartOf\":{\"@id\":\"https:\/\/portelldemorella.org\/#website\"},\"primaryImageOfPage\":{\"@id\":\"https:\/\/portelldemorella.org\/ca\/el-ball-pla-los-pasteles-y-la-hoguera-protagonizan-sant-antoni-en-portell\/#primaryimage\"},\"image\":{\"@id\":\"https:\/\/portelldemorella.org\/ca\/el-ball-pla-los-pasteles-y-la-hoguera-protagonizan-sant-antoni-en-portell\/#primaryimage\"},\"thumbnailUrl\":\"https:\/\/portelldemorella.org\/wp-content\/uploads\/2023\/02\/El-Ball-Pla-els-pastissos-i-la-foguera-protagonitzen-Sant-Antoni-a-Portell-3.jpeg\",\"datePublished\":\"2023-02-14T14:47:36+00:00\",\"dateModified\":\"2023-06-07T10:58:01+00:00\",\"breadcrumb\":{\"@id\":\"https:\/\/portelldemorella.org\/ca\/el-ball-pla-los-pasteles-y-la-hoguera-protagonizan-sant-antoni-en-portell\/#breadcrumb\"},\"inLanguage\":\"ca\",\"potentialAction\":[{\"@type\":\"ReadAction\",\"target\":[\"https:\/\/portelldemorella.org\/ca\/el-ball-pla-los-pasteles-y-la-hoguera-protagonizan-sant-antoni-en-portell\/\"]}]},{\"@type\":\"ImageObject\",\"inLanguage\":\"ca\",\"@id\":\"https:\/\/portelldemorella.org\/ca\/el-ball-pla-los-pasteles-y-la-hoguera-protagonizan-sant-antoni-en-portell\/#primaryimage\",\"url\":\"https:\/\/portelldemorella.org\/wp-content\/uploads\/2023\/02\/El-Ball-Pla-els-pastissos-i-la-foguera-protagonitzen-Sant-Antoni-a-Portell-3.jpeg\",\"contentUrl\":\"https:\/\/portelldemorella.org\/wp-content\/uploads\/2023\/02\/El-Ball-Pla-els-pastissos-i-la-foguera-protagonitzen-Sant-Antoni-a-Portell-3.jpeg\",\"width\":1600,\"height\":1066},{\"@type\":\"BreadcrumbList\",\"@id\":\"https:\/\/portelldemorella.org\/ca\/el-ball-pla-los-pasteles-y-la-hoguera-protagonizan-sant-antoni-en-portell\/#breadcrumb\",\"itemListElement\":[{\"@type\":\"ListItem\",\"position\":1,\"name\":\"Portada\",\"item\":\"https:\/\/portelldemorella.org\/ca\/\"},{\"@type\":\"ListItem\",\"position\":2,\"name\":\"El Ball Pla, els pastissos i la foguera protagonitzen Sant Antoni a Portell\"}]},{\"@type\":\"WebSite\",\"@id\":\"https:\/\/portelldemorella.org\/#website\",\"url\":\"https:\/\/portelldemorella.org\/\",\"name\":\"Portell de Morella\",\"description\":\"Web del Ayuntamiento de Portell de Morella\",\"publisher\":{\"@id\":\"https:\/\/portelldemorella.org\/#organization\"},\"potentialAction\":[{\"@type\":\"SearchAction\",\"target\":{\"@type\":\"EntryPoint\",\"urlTemplate\":\"https:\/\/portelldemorella.org\/?s={search_term_string}\"},\"query-input\":{\"@type\":\"PropertyValueSpecification\",\"valueRequired\":true,\"valueName\":\"search_term_string\"}}],\"inLanguage\":\"ca\"},{\"@type\":\"Organization\",\"@id\":\"https:\/\/portelldemorella.org\/#organization\",\"name\":\"Portell de Morella\",\"url\":\"https:\/\/portelldemorella.org\/\",\"logo\":{\"@type\":\"ImageObject\",\"inLanguage\":\"ca\",\"@id\":\"https:\/\/portelldemorella.org\/#\/schema\/logo\/image\/\",\"url\":\"https:\/\/portelldemorella.org\/wp-content\/uploads\/2020\/11\/Escudo-Portell-04.jpg\",\"contentUrl\":\"https:\/\/portelldemorella.org\/wp-content\/uploads\/2020\/11\/Escudo-Portell-04.jpg\",\"width\":1001,\"height\":394,\"caption\":\"Portell de Morella\"},\"image\":{\"@id\":\"https:\/\/portelldemorella.org\/#\/schema\/logo\/image\/\"}},{\"@type\":\"Person\",\"@id\":\"https:\/\/portelldemorella.org\/#\/schema\/person\/2adde77c454244acd163488ec723a88b\",\"name\":\"portell\",\"image\":{\"@type\":\"ImageObject\",\"inLanguage\":\"ca\",\"@id\":\"https:\/\/portelldemorella.org\/#\/schema\/person\/image\/\",\"url\":\"https:\/\/secure.gravatar.com\/avatar\/077c6bd89604df620d2fa93a06be2531944cdd6826fd322dbd8b483fd84d6407?s=96&d=mm&r=g\",\"contentUrl\":\"https:\/\/secure.gravatar.com\/avatar\/077c6bd89604df620d2fa93a06be2531944cdd6826fd322dbd8b483fd84d6407?s=96&d=mm&r=g\",\"caption\":\"portell\"},\"sameAs\":[\"https:\/\/portelldemorella.org\"],\"url\":\"https:\/\/portelldemorella.org\/ca\/author\/portell\/\"}]}<\/script>\n<!-- \/ Yoast SEO plugin. -->","yoast_head_json":{"title":"El Ball Pla, els pastissos i la foguera protagonitzen Sant Antoni a Portell - Portell de Morella","robots":{"index":"noindex","follow":"follow","max-snippet":"max-snippet:-1","max-image-preview":"max-image-preview:large","max-video-preview":"max-video-preview:-1"},"og_locale":"ca_ES","og_type":"article","og_title":"El Ball Pla, els pastissos i la foguera protagonitzen Sant Antoni a Portell - Portell de Morella","og_url":"https:\/\/portelldemorella.org\/ca\/el-ball-pla-los-pasteles-y-la-hoguera-protagonizan-sant-antoni-en-portell\/","og_site_name":"Portell de Morella","article_published_time":"2023-02-14T14:47:36+00:00","article_modified_time":"2023-06-07T10:58:01+00:00","og_image":[{"width":1600,"height":1066,"url":"https:\/\/portelldemorella.org\/wp-content\/uploads\/2023\/02\/El-Ball-Pla-els-pastissos-i-la-foguera-protagonitzen-Sant-Antoni-a-Portell-3.jpeg","type":"image\/jpeg"}],"author":"portell","twitter_card":"summary_large_image","twitter_misc":{"Escrit per":"portell","Temps estimat de lectura":"2 minuts"},"schema":{"@context":"https:\/\/schema.org","@graph":[{"@type":"Article","@id":"https:\/\/portelldemorella.org\/ca\/el-ball-pla-los-pasteles-y-la-hoguera-protagonizan-sant-antoni-en-portell\/#article","isPartOf":{"@id":"https:\/\/portelldemorella.org\/ca\/el-ball-pla-los-pasteles-y-la-hoguera-protagonizan-sant-antoni-en-portell\/"},"author":{"name":"portell","@id":"https:\/\/portelldemorella.org\/#\/schema\/person\/2adde77c454244acd163488ec723a88b"},"headline":"El Ball Pla, els pastissos i la foguera protagonitzen Sant Antoni a Portell","datePublished":"2023-02-14T14:47:36+00:00","dateModified":"2023-06-07T10:58:01+00:00","mainEntityOfPage":{"@id":"https:\/\/portelldemorella.org\/ca\/el-ball-pla-los-pasteles-y-la-hoguera-protagonizan-sant-antoni-en-portell\/"},"wordCount":360,"commentCount":0,"publisher":{"@id":"https:\/\/portelldemorella.org\/#organization"},"image":{"@id":"https:\/\/portelldemorella.org\/ca\/el-ball-pla-los-pasteles-y-la-hoguera-protagonizan-sant-antoni-en-portell\/#primaryimage"},"thumbnailUrl":"https:\/\/portelldemorella.org\/wp-content\/uploads\/2023\/02\/El-Ball-Pla-els-pastissos-i-la-foguera-protagonitzen-Sant-Antoni-a-Portell-3.jpeg","keywords":["portell","sant antoni"],"articleSection":["Ayuntamiento"],"inLanguage":"ca","potentialAction":[{"@type":"CommentAction","name":"Comment","target":["https:\/\/portelldemorella.org\/ca\/el-ball-pla-los-pasteles-y-la-hoguera-protagonizan-sant-antoni-en-portell\/#respond"]}]},{"@type":"WebPage","@id":"https:\/\/portelldemorella.org\/ca\/el-ball-pla-los-pasteles-y-la-hoguera-protagonizan-sant-antoni-en-portell\/","url":"https:\/\/portelldemorella.org\/ca\/el-ball-pla-los-pasteles-y-la-hoguera-protagonizan-sant-antoni-en-portell\/","name":"El Ball Pla, els pastissos i la foguera protagonitzen Sant Antoni a Portell - Portell de Morella","isPartOf":{"@id":"https:\/\/portelldemorella.org\/#website"},"primaryImageOfPage":{"@id":"https:\/\/portelldemorella.org\/ca\/el-ball-pla-los-pasteles-y-la-hoguera-protagonizan-sant-antoni-en-portell\/#primaryimage"},"image":{"@id":"https:\/\/portelldemorella.org\/ca\/el-ball-pla-los-pasteles-y-la-hoguera-protagonizan-sant-antoni-en-portell\/#primaryimage"},"thumbnailUrl":"https:\/\/portelldemorella.org\/wp-content\/uploads\/2023\/02\/El-Ball-Pla-els-pastissos-i-la-foguera-protagonitzen-Sant-Antoni-a-Portell-3.jpeg","datePublished":"2023-02-14T14:47:36+00:00","dateModified":"2023-06-07T10:58:01+00:00","breadcrumb":{"@id":"https:\/\/portelldemorella.org\/ca\/el-ball-pla-los-pasteles-y-la-hoguera-protagonizan-sant-antoni-en-portell\/#breadcrumb"},"inLanguage":"ca","potentialAction":[{"@type":"ReadAction","target":["https:\/\/portelldemorella.org\/ca\/el-ball-pla-los-pasteles-y-la-hoguera-protagonizan-sant-antoni-en-portell\/"]}]},{"@type":"ImageObject","inLanguage":"ca","@id":"https:\/\/portelldemorella.org\/ca\/el-ball-pla-los-pasteles-y-la-hoguera-protagonizan-sant-antoni-en-portell\/#primaryimage","url":"https:\/\/portelldemorella.org\/wp-content\/uploads\/2023\/02\/El-Ball-Pla-els-pastissos-i-la-foguera-protagonitzen-Sant-Antoni-a-Portell-3.jpeg","contentUrl":"https:\/\/portelldemorella.org\/wp-content\/uploads\/2023\/02\/El-Ball-Pla-els-pastissos-i-la-foguera-protagonitzen-Sant-Antoni-a-Portell-3.jpeg","width":1600,"height":1066},{"@type":"BreadcrumbList","@id":"https:\/\/portelldemorella.org\/ca\/el-ball-pla-los-pasteles-y-la-hoguera-protagonizan-sant-antoni-en-portell\/#breadcrumb","itemListElement":[{"@type":"ListItem","position":1,"name":"Portada","item":"https:\/\/portelldemorella.org\/ca\/"},{"@type":"ListItem","position":2,"name":"El Ball Pla, els pastissos i la foguera protagonitzen Sant Antoni a Portell"}]},{"@type":"WebSite","@id":"https:\/\/portelldemorella.org\/#website","url":"https:\/\/portelldemorella.org\/","name":"Portell de Morella","description":"Web del Ayuntamiento de Portell de Morella","publisher":{"@id":"https:\/\/portelldemorella.org\/#organization"},"potentialAction":[{"@type":"SearchAction","target":{"@type":"EntryPoint","urlTemplate":"https:\/\/portelldemorella.org\/?s={search_term_string}"},"query-input":{"@type":"PropertyValueSpecification","valueRequired":true,"valueName":"search_term_string"}}],"inLanguage":"ca"},{"@type":"Organization","@id":"https:\/\/portelldemorella.org\/#organization","name":"Portell de Morella","url":"https:\/\/portelldemorella.org\/","logo":{"@type":"ImageObject","inLanguage":"ca","@id":"https:\/\/portelldemorella.org\/#\/schema\/logo\/image\/","url":"https:\/\/portelldemorella.org\/wp-content\/uploads\/2020\/11\/Escudo-Portell-04.jpg","contentUrl":"https:\/\/portelldemorella.org\/wp-content\/uploads\/2020\/11\/Escudo-Portell-04.jpg","width":1001,"height":394,"caption":"Portell de Morella"},"image":{"@id":"https:\/\/portelldemorella.org\/#\/schema\/logo\/image\/"}},{"@type":"Person","@id":"https:\/\/portelldemorella.org\/#\/schema\/person\/2adde77c454244acd163488ec723a88b","name":"portell","image":{"@type":"ImageObject","inLanguage":"ca","@id":"https:\/\/portelldemorella.org\/#\/schema\/person\/image\/","url":"https:\/\/secure.gravatar.com\/avatar\/077c6bd89604df620d2fa93a06be2531944cdd6826fd322dbd8b483fd84d6407?s=96&d=mm&r=g","contentUrl":"https:\/\/secure.gravatar.com\/avatar\/077c6bd89604df620d2fa93a06be2531944cdd6826fd322dbd8b483fd84d6407?s=96&d=mm&r=g","caption":"portell"},"sameAs":["https:\/\/portelldemorella.org"],"url":"https:\/\/portelldemorella.org\/ca\/author\/portell\/"}]}},"_links":{"self":[{"href":"https:\/\/portelldemorella.org\/ca\/wp-json\/wp\/v2\/posts\/7577","targetHints":{"allow":["GET"]}}],"collection":[{"href":"https:\/\/portelldemorella.org\/ca\/wp-json\/wp\/v2\/posts"}],"about":[{"href":"https:\/\/portelldemorella.org\/ca\/wp-json\/wp\/v2\/types\/post"}],"author":[{"embeddable":true,"href":"https:\/\/portelldemorella.org\/ca\/wp-json\/wp\/v2\/users\/1"}],"replies":[{"embeddable":true,"href":"https:\/\/portelldemorella.org\/ca\/wp-json\/wp\/v2\/comments?post=7577"}],"version-history":[{"count":2,"href":"https:\/\/portelldemorella.org\/ca\/wp-json\/wp\/v2\/posts\/7577\/revisions"}],"predecessor-version":[{"id":7678,"href":"https:\/\/portelldemorella.org\/ca\/wp-json\/wp\/v2\/posts\/7577\/revisions\/7678"}],"wp:featuredmedia":[{"embeddable":true,"href":"https:\/\/portelldemorella.org\/ca\/wp-json\/wp\/v2\/media\/7575"}],"wp:attachment":[{"href":"https:\/\/portelldemorella.org\/ca\/wp-json\/wp\/v2\/media?parent=7577"}],"wp:term":[{"taxonomy":"category","embeddable":true,"href":"https:\/\/portelldemorella.org\/ca\/wp-json\/wp\/v2\/categories?post=7577"},{"taxonomy":"post_tag","embeddable":true,"href":"https:\/\/portelldemorella.org\/ca\/wp-json\/wp\/v2\/tags?post=7577"}],"curies":[{"name":"wp","href":"https:\/\/api.w.org\/{rel}","templated":true}]}}