{"id":7599,"date":"2023-02-20T13:16:14","date_gmt":"2023-02-20T13:16:14","guid":{"rendered":"https:\/\/portelldemorella.org\/?p=7599"},"modified":"2023-06-07T10:48:26","modified_gmt":"2023-06-07T10:48:26","slug":"la-portellana-irene-dalmau-marin-compleix-100-anys","status":"publish","type":"post","link":"https:\/\/portelldemorella.org\/ca\/la-portellana-irene-dalmau-marin-compleix-100-anys\/","title":{"rendered":"La portellana Irene Dalmau Marin compleix 100 anys"},"content":{"rendered":"\n<!--more-->\n\n\n<div class=\"wp-block-image\">\n<figure class=\"aligncenter size-full is-resized\"><img fetchpriority=\"high\" decoding=\"async\" src=\"https:\/\/portelldemorella.org\/wp-content\/uploads\/2023\/02\/IRENE-DALMAU.jpeg\" alt=\"\" class=\"wp-image-7600\" width=\"329\" height=\"439\" srcset=\"https:\/\/portelldemorella.org\/wp-content\/uploads\/2023\/02\/IRENE-DALMAU.jpeg 768w, https:\/\/portelldemorella.org\/wp-content\/uploads\/2023\/02\/IRENE-DALMAU-225x300.jpeg 225w, https:\/\/portelldemorella.org\/wp-content\/uploads\/2023\/02\/IRENE-DALMAU-450x600.jpeg 450w, https:\/\/portelldemorella.org\/wp-content\/uploads\/2023\/02\/IRENE-DALMAU-420x560.jpeg 420w\" sizes=\"(max-width: 329px) 100vw, 329px\" \/><\/figure>\n<\/div>\n\n\n<p>Hui, 20 de febrer de 2023, es compleixen 100 anys del naixement d&#8217;Irene Dalmau Marin en Portell. Irene va viure en Portell durant la seua inf\u00e0ncia i joventut, all\u00ed es va casar i va tindre als seus dos fills, Rosa Mari i Juan Antonio. A m\u00e9s, va regentar durant anys la perruqueria del poble. Actualment, encara que la fam\u00edlia segueix molt arrelada al seu poble, viu a Castell\u00f3, on Irene \u00e9s molt coneguda pel seu treball com a perruquera, una passi\u00f3 que va passar als seus fills. &#8220;No podem m\u00e9s que felicitar a Irene en aquest dia tan especial i li desitgem molts m\u00e9s anys al costat de la seua fam\u00edlia i els seus amics&#8221; afirma l&#8217;alcalde, \u00c1lvaro Ferrer.<\/p>\n\n\n\n<p>Irene Dalmau Marin \u00e9s la segona portellana a superar la barrera dels 100 anys de vida, sent la primera a aconseguir-ho Josefina Troncho.<\/p>\n","protected":false},"excerpt":{"rendered":"","protected":false},"author":1,"featured_media":7600,"comment_status":"open","ping_status":"open","sticky":false,"template":"","format":"standard","meta":{"footnotes":""},"categories":[97],"tags":[133,135,131],"class_list":["post-7599","post","type-post","status-publish","format-standard","has-post-thumbnail","hentry","category-ayuntamiento-ca","tag-aniversari","tag-els-ports","tag-irene-dalmau"],"yoast_head":"<!-- This site is optimized with the Yoast SEO plugin v24.4 - https:\/\/yoast.com\/wordpress\/plugins\/seo\/ -->\n<title>La portellana Irene Dalmau Marin compleix 100 anys - Portell de Morella<\/title>\n<meta name=\"robots\" content=\"noindex, follow, max-snippet:-1, max-image-preview:large, max-video-preview:-1\" \/>\n<meta property=\"og:locale\" content=\"ca_ES\" \/>\n<meta property=\"og:type\" content=\"article\" \/>\n<meta property=\"og:title\" content=\"La portellana Irene Dalmau Marin compleix 100 anys - Portell de Morella\" \/>\n<meta property=\"og:url\" content=\"https:\/\/portelldemorella.org\/ca\/la-portellana-irene-dalmau-marin-compleix-100-anys\/\" \/>\n<meta property=\"og:site_name\" content=\"Portell de Morella\" \/>\n<meta property=\"article:published_time\" content=\"2023-02-20T13:16:14+00:00\" \/>\n<meta property=\"article:modified_time\" content=\"2023-06-07T10:48:26+00:00\" \/>\n<meta property=\"og:image\" content=\"https:\/\/portelldemorella.org\/wp-content\/uploads\/2023\/02\/IRENE-DALMAU.jpeg\" \/>\n\t<meta property=\"og:image:width\" content=\"768\" \/>\n\t<meta property=\"og:image:height\" content=\"1024\" \/>\n\t<meta property=\"og:image:type\" content=\"image\/jpeg\" \/>\n<meta name=\"author\" content=\"portell\" \/>\n<meta name=\"twitter:card\" content=\"summary_large_image\" \/>\n<meta name=\"twitter:label1\" content=\"Escrit per\" \/>\n\t<meta name=\"twitter:data1\" content=\"portell\" \/>\n\t<meta name=\"twitter:label2\" content=\"Temps estimat de lectura\" \/>\n\t<meta name=\"twitter:data2\" content=\"1 minut\" \/>\n<script type=\"application\/ld+json\" class=\"yoast-schema-graph\">{\"@context\":\"https:\/\/schema.org\",\"@graph\":[{\"@type\":\"Article\",\"@id\":\"https:\/\/portelldemorella.org\/ca\/la-portellana-irene-dalmau-marin-compleix-100-anys\/#article\",\"isPartOf\":{\"@id\":\"https:\/\/portelldemorella.org\/ca\/la-portellana-irene-dalmau-marin-compleix-100-anys\/\"},\"author\":{\"name\":\"portell\",\"@id\":\"https:\/\/portelldemorella.org\/#\/schema\/person\/2adde77c454244acd163488ec723a88b\"},\"headline\":\"La portellana Irene Dalmau Marin compleix 100 anys\",\"datePublished\":\"2023-02-20T13:16:14+00:00\",\"dateModified\":\"2023-06-07T10:48:26+00:00\",\"mainEntityOfPage\":{\"@id\":\"https:\/\/portelldemorella.org\/ca\/la-portellana-irene-dalmau-marin-compleix-100-anys\/\"},\"wordCount\":151,\"commentCount\":0,\"publisher\":{\"@id\":\"https:\/\/portelldemorella.org\/#organization\"},\"image\":{\"@id\":\"https:\/\/portelldemorella.org\/ca\/la-portellana-irene-dalmau-marin-compleix-100-anys\/#primaryimage\"},\"thumbnailUrl\":\"https:\/\/portelldemorella.org\/wp-content\/uploads\/2023\/02\/IRENE-DALMAU.jpeg\",\"keywords\":[\"aniversari\",\"els ports\",\"irene dalmau\"],\"articleSection\":[\"Ayuntamiento\"],\"inLanguage\":\"ca\",\"potentialAction\":[{\"@type\":\"CommentAction\",\"name\":\"Comment\",\"target\":[\"https:\/\/portelldemorella.org\/ca\/la-portellana-irene-dalmau-marin-compleix-100-anys\/#respond\"]}]},{\"@type\":\"WebPage\",\"@id\":\"https:\/\/portelldemorella.org\/ca\/la-portellana-irene-dalmau-marin-compleix-100-anys\/\",\"url\":\"https:\/\/portelldemorella.org\/ca\/la-portellana-irene-dalmau-marin-compleix-100-anys\/\",\"name\":\"La portellana Irene Dalmau Marin compleix 100 anys - Portell de Morella\",\"isPartOf\":{\"@id\":\"https:\/\/portelldemorella.org\/#website\"},\"primaryImageOfPage\":{\"@id\":\"https:\/\/portelldemorella.org\/ca\/la-portellana-irene-dalmau-marin-compleix-100-anys\/#primaryimage\"},\"image\":{\"@id\":\"https:\/\/portelldemorella.org\/ca\/la-portellana-irene-dalmau-marin-compleix-100-anys\/#primaryimage\"},\"thumbnailUrl\":\"https:\/\/portelldemorella.org\/wp-content\/uploads\/2023\/02\/IRENE-DALMAU.jpeg\",\"datePublished\":\"2023-02-20T13:16:14+00:00\",\"dateModified\":\"2023-06-07T10:48:26+00:00\",\"breadcrumb\":{\"@id\":\"https:\/\/portelldemorella.org\/ca\/la-portellana-irene-dalmau-marin-compleix-100-anys\/#breadcrumb\"},\"inLanguage\":\"ca\",\"potentialAction\":[{\"@type\":\"ReadAction\",\"target\":[\"https:\/\/portelldemorella.org\/ca\/la-portellana-irene-dalmau-marin-compleix-100-anys\/\"]}]},{\"@type\":\"ImageObject\",\"inLanguage\":\"ca\",\"@id\":\"https:\/\/portelldemorella.org\/ca\/la-portellana-irene-dalmau-marin-compleix-100-anys\/#primaryimage\",\"url\":\"https:\/\/portelldemorella.org\/wp-content\/uploads\/2023\/02\/IRENE-DALMAU.jpeg\",\"contentUrl\":\"https:\/\/portelldemorella.org\/wp-content\/uploads\/2023\/02\/IRENE-DALMAU.jpeg\",\"width\":768,\"height\":1024},{\"@type\":\"BreadcrumbList\",\"@id\":\"https:\/\/portelldemorella.org\/ca\/la-portellana-irene-dalmau-marin-compleix-100-anys\/#breadcrumb\",\"itemListElement\":[{\"@type\":\"ListItem\",\"position\":1,\"name\":\"Portada\",\"item\":\"https:\/\/portelldemorella.org\/ca\/\"},{\"@type\":\"ListItem\",\"position\":2,\"name\":\"La portellana Irene Dalmau Marin compleix 100 anys\"}]},{\"@type\":\"WebSite\",\"@id\":\"https:\/\/portelldemorella.org\/#website\",\"url\":\"https:\/\/portelldemorella.org\/\",\"name\":\"Portell de Morella\",\"description\":\"Web del Ayuntamiento de Portell de Morella\",\"publisher\":{\"@id\":\"https:\/\/portelldemorella.org\/#organization\"},\"potentialAction\":[{\"@type\":\"SearchAction\",\"target\":{\"@type\":\"EntryPoint\",\"urlTemplate\":\"https:\/\/portelldemorella.org\/?s={search_term_string}\"},\"query-input\":{\"@type\":\"PropertyValueSpecification\",\"valueRequired\":true,\"valueName\":\"search_term_string\"}}],\"inLanguage\":\"ca\"},{\"@type\":\"Organization\",\"@id\":\"https:\/\/portelldemorella.org\/#organization\",\"name\":\"Portell de Morella\",\"url\":\"https:\/\/portelldemorella.org\/\",\"logo\":{\"@type\":\"ImageObject\",\"inLanguage\":\"ca\",\"@id\":\"https:\/\/portelldemorella.org\/#\/schema\/logo\/image\/\",\"url\":\"https:\/\/portelldemorella.org\/wp-content\/uploads\/2020\/11\/Escudo-Portell-04.jpg\",\"contentUrl\":\"https:\/\/portelldemorella.org\/wp-content\/uploads\/2020\/11\/Escudo-Portell-04.jpg\",\"width\":1001,\"height\":394,\"caption\":\"Portell de Morella\"},\"image\":{\"@id\":\"https:\/\/portelldemorella.org\/#\/schema\/logo\/image\/\"}},{\"@type\":\"Person\",\"@id\":\"https:\/\/portelldemorella.org\/#\/schema\/person\/2adde77c454244acd163488ec723a88b\",\"name\":\"portell\",\"image\":{\"@type\":\"ImageObject\",\"inLanguage\":\"ca\",\"@id\":\"https:\/\/portelldemorella.org\/#\/schema\/person\/image\/\",\"url\":\"https:\/\/secure.gravatar.com\/avatar\/077c6bd89604df620d2fa93a06be2531944cdd6826fd322dbd8b483fd84d6407?s=96&d=mm&r=g\",\"contentUrl\":\"https:\/\/secure.gravatar.com\/avatar\/077c6bd89604df620d2fa93a06be2531944cdd6826fd322dbd8b483fd84d6407?s=96&d=mm&r=g\",\"caption\":\"portell\"},\"sameAs\":[\"https:\/\/portelldemorella.org\"],\"url\":\"https:\/\/portelldemorella.org\/ca\/author\/portell\/\"}]}<\/script>\n<!-- \/ Yoast SEO plugin. -->","yoast_head_json":{"title":"La portellana Irene Dalmau Marin compleix 100 anys - Portell de Morella","robots":{"index":"noindex","follow":"follow","max-snippet":"max-snippet:-1","max-image-preview":"max-image-preview:large","max-video-preview":"max-video-preview:-1"},"og_locale":"ca_ES","og_type":"article","og_title":"La portellana Irene Dalmau Marin compleix 100 anys - Portell de Morella","og_url":"https:\/\/portelldemorella.org\/ca\/la-portellana-irene-dalmau-marin-compleix-100-anys\/","og_site_name":"Portell de Morella","article_published_time":"2023-02-20T13:16:14+00:00","article_modified_time":"2023-06-07T10:48:26+00:00","og_image":[{"width":768,"height":1024,"url":"https:\/\/portelldemorella.org\/wp-content\/uploads\/2023\/02\/IRENE-DALMAU.jpeg","type":"image\/jpeg"}],"author":"portell","twitter_card":"summary_large_image","twitter_misc":{"Escrit per":"portell","Temps estimat de lectura":"1 minut"},"schema":{"@context":"https:\/\/schema.org","@graph":[{"@type":"Article","@id":"https:\/\/portelldemorella.org\/ca\/la-portellana-irene-dalmau-marin-compleix-100-anys\/#article","isPartOf":{"@id":"https:\/\/portelldemorella.org\/ca\/la-portellana-irene-dalmau-marin-compleix-100-anys\/"},"author":{"name":"portell","@id":"https:\/\/portelldemorella.org\/#\/schema\/person\/2adde77c454244acd163488ec723a88b"},"headline":"La portellana Irene Dalmau Marin compleix 100 anys","datePublished":"2023-02-20T13:16:14+00:00","dateModified":"2023-06-07T10:48:26+00:00","mainEntityOfPage":{"@id":"https:\/\/portelldemorella.org\/ca\/la-portellana-irene-dalmau-marin-compleix-100-anys\/"},"wordCount":151,"commentCount":0,"publisher":{"@id":"https:\/\/portelldemorella.org\/#organization"},"image":{"@id":"https:\/\/portelldemorella.org\/ca\/la-portellana-irene-dalmau-marin-compleix-100-anys\/#primaryimage"},"thumbnailUrl":"https:\/\/portelldemorella.org\/wp-content\/uploads\/2023\/02\/IRENE-DALMAU.jpeg","keywords":["aniversari","els ports","irene dalmau"],"articleSection":["Ayuntamiento"],"inLanguage":"ca","potentialAction":[{"@type":"CommentAction","name":"Comment","target":["https:\/\/portelldemorella.org\/ca\/la-portellana-irene-dalmau-marin-compleix-100-anys\/#respond"]}]},{"@type":"WebPage","@id":"https:\/\/portelldemorella.org\/ca\/la-portellana-irene-dalmau-marin-compleix-100-anys\/","url":"https:\/\/portelldemorella.org\/ca\/la-portellana-irene-dalmau-marin-compleix-100-anys\/","name":"La portellana Irene Dalmau Marin compleix 100 anys - Portell de Morella","isPartOf":{"@id":"https:\/\/portelldemorella.org\/#website"},"primaryImageOfPage":{"@id":"https:\/\/portelldemorella.org\/ca\/la-portellana-irene-dalmau-marin-compleix-100-anys\/#primaryimage"},"image":{"@id":"https:\/\/portelldemorella.org\/ca\/la-portellana-irene-dalmau-marin-compleix-100-anys\/#primaryimage"},"thumbnailUrl":"https:\/\/portelldemorella.org\/wp-content\/uploads\/2023\/02\/IRENE-DALMAU.jpeg","datePublished":"2023-02-20T13:16:14+00:00","dateModified":"2023-06-07T10:48:26+00:00","breadcrumb":{"@id":"https:\/\/portelldemorella.org\/ca\/la-portellana-irene-dalmau-marin-compleix-100-anys\/#breadcrumb"},"inLanguage":"ca","potentialAction":[{"@type":"ReadAction","target":["https:\/\/portelldemorella.org\/ca\/la-portellana-irene-dalmau-marin-compleix-100-anys\/"]}]},{"@type":"ImageObject","inLanguage":"ca","@id":"https:\/\/portelldemorella.org\/ca\/la-portellana-irene-dalmau-marin-compleix-100-anys\/#primaryimage","url":"https:\/\/portelldemorella.org\/wp-content\/uploads\/2023\/02\/IRENE-DALMAU.jpeg","contentUrl":"https:\/\/portelldemorella.org\/wp-content\/uploads\/2023\/02\/IRENE-DALMAU.jpeg","width":768,"height":1024},{"@type":"BreadcrumbList","@id":"https:\/\/portelldemorella.org\/ca\/la-portellana-irene-dalmau-marin-compleix-100-anys\/#breadcrumb","itemListElement":[{"@type":"ListItem","position":1,"name":"Portada","item":"https:\/\/portelldemorella.org\/ca\/"},{"@type":"ListItem","position":2,"name":"La portellana Irene Dalmau Marin compleix 100 anys"}]},{"@type":"WebSite","@id":"https:\/\/portelldemorella.org\/#website","url":"https:\/\/portelldemorella.org\/","name":"Portell de Morella","description":"Web del Ayuntamiento de Portell de Morella","publisher":{"@id":"https:\/\/portelldemorella.org\/#organization"},"potentialAction":[{"@type":"SearchAction","target":{"@type":"EntryPoint","urlTemplate":"https:\/\/portelldemorella.org\/?s={search_term_string}"},"query-input":{"@type":"PropertyValueSpecification","valueRequired":true,"valueName":"search_term_string"}}],"inLanguage":"ca"},{"@type":"Organization","@id":"https:\/\/portelldemorella.org\/#organization","name":"Portell de Morella","url":"https:\/\/portelldemorella.org\/","logo":{"@type":"ImageObject","inLanguage":"ca","@id":"https:\/\/portelldemorella.org\/#\/schema\/logo\/image\/","url":"https:\/\/portelldemorella.org\/wp-content\/uploads\/2020\/11\/Escudo-Portell-04.jpg","contentUrl":"https:\/\/portelldemorella.org\/wp-content\/uploads\/2020\/11\/Escudo-Portell-04.jpg","width":1001,"height":394,"caption":"Portell de Morella"},"image":{"@id":"https:\/\/portelldemorella.org\/#\/schema\/logo\/image\/"}},{"@type":"Person","@id":"https:\/\/portelldemorella.org\/#\/schema\/person\/2adde77c454244acd163488ec723a88b","name":"portell","image":{"@type":"ImageObject","inLanguage":"ca","@id":"https:\/\/portelldemorella.org\/#\/schema\/person\/image\/","url":"https:\/\/secure.gravatar.com\/avatar\/077c6bd89604df620d2fa93a06be2531944cdd6826fd322dbd8b483fd84d6407?s=96&d=mm&r=g","contentUrl":"https:\/\/secure.gravatar.com\/avatar\/077c6bd89604df620d2fa93a06be2531944cdd6826fd322dbd8b483fd84d6407?s=96&d=mm&r=g","caption":"portell"},"sameAs":["https:\/\/portelldemorella.org"],"url":"https:\/\/portelldemorella.org\/ca\/author\/portell\/"}]}},"_links":{"self":[{"href":"https:\/\/portelldemorella.org\/ca\/wp-json\/wp\/v2\/posts\/7599","targetHints":{"allow":["GET"]}}],"collection":[{"href":"https:\/\/portelldemorella.org\/ca\/wp-json\/wp\/v2\/posts"}],"about":[{"href":"https:\/\/portelldemorella.org\/ca\/wp-json\/wp\/v2\/types\/post"}],"author":[{"embeddable":true,"href":"https:\/\/portelldemorella.org\/ca\/wp-json\/wp\/v2\/users\/1"}],"replies":[{"embeddable":true,"href":"https:\/\/portelldemorella.org\/ca\/wp-json\/wp\/v2\/comments?post=7599"}],"version-history":[{"count":1,"href":"https:\/\/portelldemorella.org\/ca\/wp-json\/wp\/v2\/posts\/7599\/revisions"}],"predecessor-version":[{"id":7602,"href":"https:\/\/portelldemorella.org\/ca\/wp-json\/wp\/v2\/posts\/7599\/revisions\/7602"}],"wp:featuredmedia":[{"embeddable":true,"href":"https:\/\/portelldemorella.org\/ca\/wp-json\/wp\/v2\/media\/7600"}],"wp:attachment":[{"href":"https:\/\/portelldemorella.org\/ca\/wp-json\/wp\/v2\/media?parent=7599"}],"wp:term":[{"taxonomy":"category","embeddable":true,"href":"https:\/\/portelldemorella.org\/ca\/wp-json\/wp\/v2\/categories?post=7599"},{"taxonomy":"post_tag","embeddable":true,"href":"https:\/\/portelldemorella.org\/ca\/wp-json\/wp\/v2\/tags?post=7599"}],"curies":[{"name":"wp","href":"https:\/\/api.w.org\/{rel}","templated":true}]}}