{"id":7609,"date":"2023-02-24T06:21:27","date_gmt":"2023-02-24T06:21:27","guid":{"rendered":"https:\/\/portelldemorella.org\/portell-destinara-58-700-euros-a-la-mejora-de-calles-y-red-de-agua-potable\/"},"modified":"2023-06-07T10:46:37","modified_gmt":"2023-06-07T10:46:37","slug":"portell-destinara-58-700-euros-a-la-mejora-de-calles-y-red-de-agua-potable","status":"publish","type":"post","link":"https:\/\/portelldemorella.org\/ca\/portell-destinara-58-700-euros-a-la-mejora-de-calles-y-red-de-agua-potable\/","title":{"rendered":"Portell destinar\u00e0 58.700 euros a la millora de carrers i xarxa d&#8217;aigua potable"},"content":{"rendered":"\n<!--more-->\n\n\n\n<figure class=\"wp-block-image size-large\"><img fetchpriority=\"high\" decoding=\"async\" width=\"1024\" height=\"1024\" src=\"https:\/\/portelldemorella.org\/wp-content\/uploads\/2023\/02\/Portell-destinara-58.700-euros-a-la-millora-de-carrers-i-xarxa-daigua-potable-1024x1024.jpeg\" alt=\"\" class=\"wp-image-7607\" srcset=\"https:\/\/portelldemorella.org\/wp-content\/uploads\/2023\/02\/Portell-destinara-58.700-euros-a-la-millora-de-carrers-i-xarxa-daigua-potable-1024x1024.jpeg 1024w, https:\/\/portelldemorella.org\/wp-content\/uploads\/2023\/02\/Portell-destinara-58.700-euros-a-la-millora-de-carrers-i-xarxa-daigua-potable-300x300.jpeg 300w, https:\/\/portelldemorella.org\/wp-content\/uploads\/2023\/02\/Portell-destinara-58.700-euros-a-la-millora-de-carrers-i-xarxa-daigua-potable-150x150.jpeg 150w, https:\/\/portelldemorella.org\/wp-content\/uploads\/2023\/02\/Portell-destinara-58.700-euros-a-la-millora-de-carrers-i-xarxa-daigua-potable-768x768.jpeg 768w, https:\/\/portelldemorella.org\/wp-content\/uploads\/2023\/02\/Portell-destinara-58.700-euros-a-la-millora-de-carrers-i-xarxa-daigua-potable-600x600.jpeg 600w, https:\/\/portelldemorella.org\/wp-content\/uploads\/2023\/02\/Portell-destinara-58.700-euros-a-la-millora-de-carrers-i-xarxa-daigua-potable-560x560.jpeg 560w, https:\/\/portelldemorella.org\/wp-content\/uploads\/2023\/02\/Portell-destinara-58.700-euros-a-la-millora-de-carrers-i-xarxa-daigua-potable.jpeg 1512w\" sizes=\"(max-width: 1024px) 100vw, 1024px\" \/><\/figure>\n\n\n\n<p>L&#8217;Ajuntament de Portell millorar\u00e0 diverses infraestructures municipals amb una ajuda de 58.698,54 euros del Fons de Compensaci\u00f3 del Pla E\u00f2lic de la Comunitat Valenciana. Els treballs consistiran, principalment, en la renovaci\u00f3 de paviment i de part de la xarxa d&#8217;aigua potable en el tram situat entre el Carrer Placeta i el Carrer Morer, aix\u00ed com en el Cam\u00ed Font del Pilar.<\/p>\n","protected":false},"excerpt":{"rendered":"","protected":false},"author":1,"featured_media":7607,"comment_status":"open","ping_status":"open","sticky":false,"template":"","format":"standard","meta":{"footnotes":""},"categories":[97],"tags":[135,143,144,145,146,107],"class_list":["post-7609","post","type-post","status-publish","format-standard","has-post-thumbnail","hentry","category-ayuntamiento-ca","tag-els-ports","tag-mejoras-ca","tag-millores-ca","tag-obras-ca","tag-obres-ca","tag-portell-ca"],"yoast_head":"<!-- This site is optimized with the Yoast SEO plugin v24.4 - https:\/\/yoast.com\/wordpress\/plugins\/seo\/ -->\n<title>Portell destinar\u00e0 58.700 euros a la millora de carrers i xarxa d&#039;aigua potable - Portell de Morella<\/title>\n<meta name=\"robots\" content=\"noindex, follow, max-snippet:-1, max-image-preview:large, max-video-preview:-1\" \/>\n<meta property=\"og:locale\" content=\"ca_ES\" \/>\n<meta property=\"og:type\" content=\"article\" \/>\n<meta property=\"og:title\" content=\"Portell destinar\u00e0 58.700 euros a la millora de carrers i xarxa d&#039;aigua potable - Portell de Morella\" \/>\n<meta property=\"og:url\" content=\"https:\/\/portelldemorella.org\/ca\/portell-destinara-58-700-euros-a-la-mejora-de-calles-y-red-de-agua-potable\/\" \/>\n<meta property=\"og:site_name\" content=\"Portell de Morella\" \/>\n<meta property=\"article:published_time\" content=\"2023-02-24T06:21:27+00:00\" \/>\n<meta property=\"article:modified_time\" content=\"2023-06-07T10:46:37+00:00\" \/>\n<meta property=\"og:image\" content=\"https:\/\/portelldemorella.org\/wp-content\/uploads\/2023\/02\/Portell-destinara-58.700-euros-a-la-millora-de-carrers-i-xarxa-daigua-potable.jpeg\" \/>\n\t<meta property=\"og:image:width\" content=\"1512\" \/>\n\t<meta property=\"og:image:height\" content=\"1512\" \/>\n\t<meta property=\"og:image:type\" content=\"image\/jpeg\" \/>\n<meta name=\"author\" content=\"portell\" \/>\n<meta name=\"twitter:card\" content=\"summary_large_image\" \/>\n<meta name=\"twitter:label1\" content=\"Escrit per\" \/>\n\t<meta name=\"twitter:data1\" content=\"portell\" \/>\n\t<meta name=\"twitter:label2\" content=\"Temps estimat de lectura\" \/>\n\t<meta name=\"twitter:data2\" content=\"1 minut\" \/>\n<script type=\"application\/ld+json\" class=\"yoast-schema-graph\">{\"@context\":\"https:\/\/schema.org\",\"@graph\":[{\"@type\":\"Article\",\"@id\":\"https:\/\/portelldemorella.org\/ca\/portell-destinara-58-700-euros-a-la-mejora-de-calles-y-red-de-agua-potable\/#article\",\"isPartOf\":{\"@id\":\"https:\/\/portelldemorella.org\/ca\/portell-destinara-58-700-euros-a-la-mejora-de-calles-y-red-de-agua-potable\/\"},\"author\":{\"name\":\"portell\",\"@id\":\"https:\/\/portelldemorella.org\/#\/schema\/person\/2adde77c454244acd163488ec723a88b\"},\"headline\":\"Portell destinar\u00e0 58.700 euros a la millora de carrers i xarxa d&#8217;aigua potable\",\"datePublished\":\"2023-02-24T06:21:27+00:00\",\"dateModified\":\"2023-06-07T10:46:37+00:00\",\"mainEntityOfPage\":{\"@id\":\"https:\/\/portelldemorella.org\/ca\/portell-destinara-58-700-euros-a-la-mejora-de-calles-y-red-de-agua-potable\/\"},\"wordCount\":73,\"commentCount\":0,\"publisher\":{\"@id\":\"https:\/\/portelldemorella.org\/#organization\"},\"image\":{\"@id\":\"https:\/\/portelldemorella.org\/ca\/portell-destinara-58-700-euros-a-la-mejora-de-calles-y-red-de-agua-potable\/#primaryimage\"},\"thumbnailUrl\":\"https:\/\/portelldemorella.org\/wp-content\/uploads\/2023\/02\/Portell-destinara-58.700-euros-a-la-millora-de-carrers-i-xarxa-daigua-potable.jpeg\",\"keywords\":[\"els ports\",\"mejoras\",\"millores\",\"obras\",\"obres\",\"portell\"],\"articleSection\":[\"Ayuntamiento\"],\"inLanguage\":\"ca\",\"potentialAction\":[{\"@type\":\"CommentAction\",\"name\":\"Comment\",\"target\":[\"https:\/\/portelldemorella.org\/ca\/portell-destinara-58-700-euros-a-la-mejora-de-calles-y-red-de-agua-potable\/#respond\"]}]},{\"@type\":\"WebPage\",\"@id\":\"https:\/\/portelldemorella.org\/ca\/portell-destinara-58-700-euros-a-la-mejora-de-calles-y-red-de-agua-potable\/\",\"url\":\"https:\/\/portelldemorella.org\/ca\/portell-destinara-58-700-euros-a-la-mejora-de-calles-y-red-de-agua-potable\/\",\"name\":\"Portell destinar\u00e0 58.700 euros a la millora de carrers i xarxa d'aigua potable - Portell de Morella\",\"isPartOf\":{\"@id\":\"https:\/\/portelldemorella.org\/#website\"},\"primaryImageOfPage\":{\"@id\":\"https:\/\/portelldemorella.org\/ca\/portell-destinara-58-700-euros-a-la-mejora-de-calles-y-red-de-agua-potable\/#primaryimage\"},\"image\":{\"@id\":\"https:\/\/portelldemorella.org\/ca\/portell-destinara-58-700-euros-a-la-mejora-de-calles-y-red-de-agua-potable\/#primaryimage\"},\"thumbnailUrl\":\"https:\/\/portelldemorella.org\/wp-content\/uploads\/2023\/02\/Portell-destinara-58.700-euros-a-la-millora-de-carrers-i-xarxa-daigua-potable.jpeg\",\"datePublished\":\"2023-02-24T06:21:27+00:00\",\"dateModified\":\"2023-06-07T10:46:37+00:00\",\"breadcrumb\":{\"@id\":\"https:\/\/portelldemorella.org\/ca\/portell-destinara-58-700-euros-a-la-mejora-de-calles-y-red-de-agua-potable\/#breadcrumb\"},\"inLanguage\":\"ca\",\"potentialAction\":[{\"@type\":\"ReadAction\",\"target\":[\"https:\/\/portelldemorella.org\/ca\/portell-destinara-58-700-euros-a-la-mejora-de-calles-y-red-de-agua-potable\/\"]}]},{\"@type\":\"ImageObject\",\"inLanguage\":\"ca\",\"@id\":\"https:\/\/portelldemorella.org\/ca\/portell-destinara-58-700-euros-a-la-mejora-de-calles-y-red-de-agua-potable\/#primaryimage\",\"url\":\"https:\/\/portelldemorella.org\/wp-content\/uploads\/2023\/02\/Portell-destinara-58.700-euros-a-la-millora-de-carrers-i-xarxa-daigua-potable.jpeg\",\"contentUrl\":\"https:\/\/portelldemorella.org\/wp-content\/uploads\/2023\/02\/Portell-destinara-58.700-euros-a-la-millora-de-carrers-i-xarxa-daigua-potable.jpeg\",\"width\":1512,\"height\":1512},{\"@type\":\"BreadcrumbList\",\"@id\":\"https:\/\/portelldemorella.org\/ca\/portell-destinara-58-700-euros-a-la-mejora-de-calles-y-red-de-agua-potable\/#breadcrumb\",\"itemListElement\":[{\"@type\":\"ListItem\",\"position\":1,\"name\":\"Portada\",\"item\":\"https:\/\/portelldemorella.org\/ca\/\"},{\"@type\":\"ListItem\",\"position\":2,\"name\":\"Portell destinar\u00e0 58.700 euros a la millora de carrers i xarxa d&#8217;aigua potable\"}]},{\"@type\":\"WebSite\",\"@id\":\"https:\/\/portelldemorella.org\/#website\",\"url\":\"https:\/\/portelldemorella.org\/\",\"name\":\"Portell de Morella\",\"description\":\"Web del Ayuntamiento de Portell de Morella\",\"publisher\":{\"@id\":\"https:\/\/portelldemorella.org\/#organization\"},\"potentialAction\":[{\"@type\":\"SearchAction\",\"target\":{\"@type\":\"EntryPoint\",\"urlTemplate\":\"https:\/\/portelldemorella.org\/?s={search_term_string}\"},\"query-input\":{\"@type\":\"PropertyValueSpecification\",\"valueRequired\":true,\"valueName\":\"search_term_string\"}}],\"inLanguage\":\"ca\"},{\"@type\":\"Organization\",\"@id\":\"https:\/\/portelldemorella.org\/#organization\",\"name\":\"Portell de Morella\",\"url\":\"https:\/\/portelldemorella.org\/\",\"logo\":{\"@type\":\"ImageObject\",\"inLanguage\":\"ca\",\"@id\":\"https:\/\/portelldemorella.org\/#\/schema\/logo\/image\/\",\"url\":\"https:\/\/portelldemorella.org\/wp-content\/uploads\/2020\/11\/Escudo-Portell-04.jpg\",\"contentUrl\":\"https:\/\/portelldemorella.org\/wp-content\/uploads\/2020\/11\/Escudo-Portell-04.jpg\",\"width\":1001,\"height\":394,\"caption\":\"Portell de Morella\"},\"image\":{\"@id\":\"https:\/\/portelldemorella.org\/#\/schema\/logo\/image\/\"}},{\"@type\":\"Person\",\"@id\":\"https:\/\/portelldemorella.org\/#\/schema\/person\/2adde77c454244acd163488ec723a88b\",\"name\":\"portell\",\"image\":{\"@type\":\"ImageObject\",\"inLanguage\":\"ca\",\"@id\":\"https:\/\/portelldemorella.org\/#\/schema\/person\/image\/\",\"url\":\"https:\/\/secure.gravatar.com\/avatar\/077c6bd89604df620d2fa93a06be2531944cdd6826fd322dbd8b483fd84d6407?s=96&d=mm&r=g\",\"contentUrl\":\"https:\/\/secure.gravatar.com\/avatar\/077c6bd89604df620d2fa93a06be2531944cdd6826fd322dbd8b483fd84d6407?s=96&d=mm&r=g\",\"caption\":\"portell\"},\"sameAs\":[\"https:\/\/portelldemorella.org\"],\"url\":\"https:\/\/portelldemorella.org\/ca\/author\/portell\/\"}]}<\/script>\n<!-- \/ Yoast SEO plugin. -->","yoast_head_json":{"title":"Portell destinar\u00e0 58.700 euros a la millora de carrers i xarxa d'aigua potable - Portell de Morella","robots":{"index":"noindex","follow":"follow","max-snippet":"max-snippet:-1","max-image-preview":"max-image-preview:large","max-video-preview":"max-video-preview:-1"},"og_locale":"ca_ES","og_type":"article","og_title":"Portell destinar\u00e0 58.700 euros a la millora de carrers i xarxa d'aigua potable - Portell de Morella","og_url":"https:\/\/portelldemorella.org\/ca\/portell-destinara-58-700-euros-a-la-mejora-de-calles-y-red-de-agua-potable\/","og_site_name":"Portell de Morella","article_published_time":"2023-02-24T06:21:27+00:00","article_modified_time":"2023-06-07T10:46:37+00:00","og_image":[{"width":1512,"height":1512,"url":"https:\/\/portelldemorella.org\/wp-content\/uploads\/2023\/02\/Portell-destinara-58.700-euros-a-la-millora-de-carrers-i-xarxa-daigua-potable.jpeg","type":"image\/jpeg"}],"author":"portell","twitter_card":"summary_large_image","twitter_misc":{"Escrit per":"portell","Temps estimat de lectura":"1 minut"},"schema":{"@context":"https:\/\/schema.org","@graph":[{"@type":"Article","@id":"https:\/\/portelldemorella.org\/ca\/portell-destinara-58-700-euros-a-la-mejora-de-calles-y-red-de-agua-potable\/#article","isPartOf":{"@id":"https:\/\/portelldemorella.org\/ca\/portell-destinara-58-700-euros-a-la-mejora-de-calles-y-red-de-agua-potable\/"},"author":{"name":"portell","@id":"https:\/\/portelldemorella.org\/#\/schema\/person\/2adde77c454244acd163488ec723a88b"},"headline":"Portell destinar\u00e0 58.700 euros a la millora de carrers i xarxa d&#8217;aigua potable","datePublished":"2023-02-24T06:21:27+00:00","dateModified":"2023-06-07T10:46:37+00:00","mainEntityOfPage":{"@id":"https:\/\/portelldemorella.org\/ca\/portell-destinara-58-700-euros-a-la-mejora-de-calles-y-red-de-agua-potable\/"},"wordCount":73,"commentCount":0,"publisher":{"@id":"https:\/\/portelldemorella.org\/#organization"},"image":{"@id":"https:\/\/portelldemorella.org\/ca\/portell-destinara-58-700-euros-a-la-mejora-de-calles-y-red-de-agua-potable\/#primaryimage"},"thumbnailUrl":"https:\/\/portelldemorella.org\/wp-content\/uploads\/2023\/02\/Portell-destinara-58.700-euros-a-la-millora-de-carrers-i-xarxa-daigua-potable.jpeg","keywords":["els ports","mejoras","millores","obras","obres","portell"],"articleSection":["Ayuntamiento"],"inLanguage":"ca","potentialAction":[{"@type":"CommentAction","name":"Comment","target":["https:\/\/portelldemorella.org\/ca\/portell-destinara-58-700-euros-a-la-mejora-de-calles-y-red-de-agua-potable\/#respond"]}]},{"@type":"WebPage","@id":"https:\/\/portelldemorella.org\/ca\/portell-destinara-58-700-euros-a-la-mejora-de-calles-y-red-de-agua-potable\/","url":"https:\/\/portelldemorella.org\/ca\/portell-destinara-58-700-euros-a-la-mejora-de-calles-y-red-de-agua-potable\/","name":"Portell destinar\u00e0 58.700 euros a la millora de carrers i xarxa d'aigua potable - Portell de Morella","isPartOf":{"@id":"https:\/\/portelldemorella.org\/#website"},"primaryImageOfPage":{"@id":"https:\/\/portelldemorella.org\/ca\/portell-destinara-58-700-euros-a-la-mejora-de-calles-y-red-de-agua-potable\/#primaryimage"},"image":{"@id":"https:\/\/portelldemorella.org\/ca\/portell-destinara-58-700-euros-a-la-mejora-de-calles-y-red-de-agua-potable\/#primaryimage"},"thumbnailUrl":"https:\/\/portelldemorella.org\/wp-content\/uploads\/2023\/02\/Portell-destinara-58.700-euros-a-la-millora-de-carrers-i-xarxa-daigua-potable.jpeg","datePublished":"2023-02-24T06:21:27+00:00","dateModified":"2023-06-07T10:46:37+00:00","breadcrumb":{"@id":"https:\/\/portelldemorella.org\/ca\/portell-destinara-58-700-euros-a-la-mejora-de-calles-y-red-de-agua-potable\/#breadcrumb"},"inLanguage":"ca","potentialAction":[{"@type":"ReadAction","target":["https:\/\/portelldemorella.org\/ca\/portell-destinara-58-700-euros-a-la-mejora-de-calles-y-red-de-agua-potable\/"]}]},{"@type":"ImageObject","inLanguage":"ca","@id":"https:\/\/portelldemorella.org\/ca\/portell-destinara-58-700-euros-a-la-mejora-de-calles-y-red-de-agua-potable\/#primaryimage","url":"https:\/\/portelldemorella.org\/wp-content\/uploads\/2023\/02\/Portell-destinara-58.700-euros-a-la-millora-de-carrers-i-xarxa-daigua-potable.jpeg","contentUrl":"https:\/\/portelldemorella.org\/wp-content\/uploads\/2023\/02\/Portell-destinara-58.700-euros-a-la-millora-de-carrers-i-xarxa-daigua-potable.jpeg","width":1512,"height":1512},{"@type":"BreadcrumbList","@id":"https:\/\/portelldemorella.org\/ca\/portell-destinara-58-700-euros-a-la-mejora-de-calles-y-red-de-agua-potable\/#breadcrumb","itemListElement":[{"@type":"ListItem","position":1,"name":"Portada","item":"https:\/\/portelldemorella.org\/ca\/"},{"@type":"ListItem","position":2,"name":"Portell destinar\u00e0 58.700 euros a la millora de carrers i xarxa d&#8217;aigua potable"}]},{"@type":"WebSite","@id":"https:\/\/portelldemorella.org\/#website","url":"https:\/\/portelldemorella.org\/","name":"Portell de Morella","description":"Web del Ayuntamiento de Portell de Morella","publisher":{"@id":"https:\/\/portelldemorella.org\/#organization"},"potentialAction":[{"@type":"SearchAction","target":{"@type":"EntryPoint","urlTemplate":"https:\/\/portelldemorella.org\/?s={search_term_string}"},"query-input":{"@type":"PropertyValueSpecification","valueRequired":true,"valueName":"search_term_string"}}],"inLanguage":"ca"},{"@type":"Organization","@id":"https:\/\/portelldemorella.org\/#organization","name":"Portell de Morella","url":"https:\/\/portelldemorella.org\/","logo":{"@type":"ImageObject","inLanguage":"ca","@id":"https:\/\/portelldemorella.org\/#\/schema\/logo\/image\/","url":"https:\/\/portelldemorella.org\/wp-content\/uploads\/2020\/11\/Escudo-Portell-04.jpg","contentUrl":"https:\/\/portelldemorella.org\/wp-content\/uploads\/2020\/11\/Escudo-Portell-04.jpg","width":1001,"height":394,"caption":"Portell de Morella"},"image":{"@id":"https:\/\/portelldemorella.org\/#\/schema\/logo\/image\/"}},{"@type":"Person","@id":"https:\/\/portelldemorella.org\/#\/schema\/person\/2adde77c454244acd163488ec723a88b","name":"portell","image":{"@type":"ImageObject","inLanguage":"ca","@id":"https:\/\/portelldemorella.org\/#\/schema\/person\/image\/","url":"https:\/\/secure.gravatar.com\/avatar\/077c6bd89604df620d2fa93a06be2531944cdd6826fd322dbd8b483fd84d6407?s=96&d=mm&r=g","contentUrl":"https:\/\/secure.gravatar.com\/avatar\/077c6bd89604df620d2fa93a06be2531944cdd6826fd322dbd8b483fd84d6407?s=96&d=mm&r=g","caption":"portell"},"sameAs":["https:\/\/portelldemorella.org"],"url":"https:\/\/portelldemorella.org\/ca\/author\/portell\/"}]}},"_links":{"self":[{"href":"https:\/\/portelldemorella.org\/ca\/wp-json\/wp\/v2\/posts\/7609","targetHints":{"allow":["GET"]}}],"collection":[{"href":"https:\/\/portelldemorella.org\/ca\/wp-json\/wp\/v2\/posts"}],"about":[{"href":"https:\/\/portelldemorella.org\/ca\/wp-json\/wp\/v2\/types\/post"}],"author":[{"embeddable":true,"href":"https:\/\/portelldemorella.org\/ca\/wp-json\/wp\/v2\/users\/1"}],"replies":[{"embeddable":true,"href":"https:\/\/portelldemorella.org\/ca\/wp-json\/wp\/v2\/comments?post=7609"}],"version-history":[{"count":2,"href":"https:\/\/portelldemorella.org\/ca\/wp-json\/wp\/v2\/posts\/7609\/revisions"}],"predecessor-version":[{"id":7677,"href":"https:\/\/portelldemorella.org\/ca\/wp-json\/wp\/v2\/posts\/7609\/revisions\/7677"}],"wp:featuredmedia":[{"embeddable":true,"href":"https:\/\/portelldemorella.org\/ca\/wp-json\/wp\/v2\/media\/7607"}],"wp:attachment":[{"href":"https:\/\/portelldemorella.org\/ca\/wp-json\/wp\/v2\/media?parent=7609"}],"wp:term":[{"taxonomy":"category","embeddable":true,"href":"https:\/\/portelldemorella.org\/ca\/wp-json\/wp\/v2\/categories?post=7609"},{"taxonomy":"post_tag","embeddable":true,"href":"https:\/\/portelldemorella.org\/ca\/wp-json\/wp\/v2\/tags?post=7609"}],"curies":[{"name":"wp","href":"https:\/\/api.w.org\/{rel}","templated":true}]}}