{"id":7759,"date":"2023-06-15T11:19:44","date_gmt":"2023-06-15T11:19:44","guid":{"rendered":"https:\/\/portelldemorella.org\/?p=7759"},"modified":"2023-06-15T11:21:42","modified_gmt":"2023-06-15T11:21:42","slug":"portell-sinforma-per-fer-front-a-la-linia-mat","status":"publish","type":"post","link":"https:\/\/portelldemorella.org\/ca\/portell-sinforma-per-fer-front-a-la-linia-mat\/","title":{"rendered":"Portell s&#8217;informa per fer front a la l\u00ednia MAT"},"content":{"rendered":"\n<figure class=\"wp-block-image size-large\"><img fetchpriority=\"high\" decoding=\"async\" width=\"609\" height=\"1024\" src=\"https:\/\/portelldemorella.org\/wp-content\/uploads\/2023\/06\/Reunio-a-Portell-609x1024.jpg\" alt=\"\" class=\"wp-image-7757\" srcset=\"https:\/\/portelldemorella.org\/wp-content\/uploads\/2023\/06\/Reunio-a-Portell-609x1024.jpg 609w, https:\/\/portelldemorella.org\/wp-content\/uploads\/2023\/06\/Reunio-a-Portell-178x300.jpg 178w, https:\/\/portelldemorella.org\/wp-content\/uploads\/2023\/06\/Reunio-a-Portell-357x600.jpg 357w, https:\/\/portelldemorella.org\/wp-content\/uploads\/2023\/06\/Reunio-a-Portell-333x560.jpg 333w, https:\/\/portelldemorella.org\/wp-content\/uploads\/2023\/06\/Reunio-a-Portell.jpg 720w\" sizes=\"(max-width: 609px) 100vw, 609px\" \/><\/figure>\n\n\n\n<p>Al Corro de Portell es van reunir ahir per la vesprada ve\u00efns i ve\u00efnes de la localitat i de la comarca dels Ports per informar-se sobre els macroprojectes d&#8217;energies renovables que es volen construir als termes municipals de Portell, Cinctorres i Morella. La xerrada va servir per aclarir la dimensi\u00f3 de les instal\u00b7lacions que es preveuen, amb la construcci\u00f3 de l\u00ednies de molt alta tensi\u00f3 i torres el\u00e8ctriques molt prop de les localitats, les quals estaran treballant conjuntament amb els aerogeneradors que l&#8217;empresa Forestalia t\u00e9 previst construir al Maestrazgo de Terol.<\/p>\n\n\n\n<p>La visi\u00f3 negativa que s&#8217;al\u00b7lega des dels municipis dels Ports es justifica en els irreparables danys que provocar\u00e0 al paisatge local, aix\u00ed com a la fauna i flora i el patrimoni cultural i mediambiental \u00fanic en la zona. A m\u00e9s, Portell i els altres municipis afectats estan inclosos en una zona declarada massificada de l\u00ednies el\u00e8ctriques, que suposa de per s\u00ed una frenada al desenvolupament econ\u00f2mic i social dels pobles. Durant la reuni\u00f3 tamb\u00e9 es va parlar de les opcions de lluita que t\u00e9 el ve\u00efnat i el consistori per fer front a l&#8217;especulaci\u00f3 econ\u00f2mica que es vol realitzar emprant les energies renovables netes i el territori dels Ports.<\/p>\n","protected":false},"excerpt":{"rendered":"<p>Al Corro de Portell es van reunir ahir per la vesprada ve\u00efns i ve\u00efnes de la localitat i de la comarca dels Ports per informar-se sobre els macroprojectes d&#8217;energies renovables que es volen construir als termes municipals de Portell, Cinctorres i Morella. La xerrada va servir per aclarir la dimensi\u00f3 de les instal\u00b7lacions que es [&hellip;]<\/p>\n","protected":false},"author":1,"featured_media":7757,"comment_status":"open","ping_status":"open","sticky":false,"template":"","format":"standard","meta":{"footnotes":""},"categories":[97],"tags":[135,100],"class_list":["post-7759","post","type-post","status-publish","format-standard","has-post-thumbnail","hentry","category-ayuntamiento-ca","tag-els-ports","tag-portell-2"],"yoast_head":"<!-- This site is optimized with the Yoast SEO plugin v24.4 - https:\/\/yoast.com\/wordpress\/plugins\/seo\/ -->\n<title>Portell s&#039;informa per fer front a la l\u00ednia MAT - Portell de Morella<\/title>\n<meta name=\"robots\" content=\"noindex, follow, max-snippet:-1, max-image-preview:large, max-video-preview:-1\" \/>\n<meta property=\"og:locale\" content=\"ca_ES\" \/>\n<meta property=\"og:type\" content=\"article\" \/>\n<meta property=\"og:title\" content=\"Portell s&#039;informa per fer front a la l\u00ednia MAT - Portell de Morella\" \/>\n<meta property=\"og:description\" content=\"Al Corro de Portell es van reunir ahir per la vesprada ve\u00efns i ve\u00efnes de la localitat i de la comarca dels Ports per informar-se sobre els macroprojectes d&#8217;energies renovables que es volen construir als termes municipals de Portell, Cinctorres i Morella. La xerrada va servir per aclarir la dimensi\u00f3 de les instal\u00b7lacions que es [&hellip;]\" \/>\n<meta property=\"og:url\" content=\"https:\/\/portelldemorella.org\/ca\/portell-sinforma-per-fer-front-a-la-linia-mat\/\" \/>\n<meta property=\"og:site_name\" content=\"Portell de Morella\" \/>\n<meta property=\"article:published_time\" content=\"2023-06-15T11:19:44+00:00\" \/>\n<meta property=\"article:modified_time\" content=\"2023-06-15T11:21:42+00:00\" \/>\n<meta property=\"og:image\" content=\"https:\/\/portelldemorella.org\/wp-content\/uploads\/2023\/06\/Reunio-a-Portell.jpg\" \/>\n\t<meta property=\"og:image:width\" content=\"720\" \/>\n\t<meta property=\"og:image:height\" content=\"1211\" \/>\n\t<meta property=\"og:image:type\" content=\"image\/jpeg\" \/>\n<meta name=\"author\" content=\"portell\" \/>\n<meta name=\"twitter:card\" content=\"summary_large_image\" \/>\n<meta name=\"twitter:label1\" content=\"Escrit per\" \/>\n\t<meta name=\"twitter:data1\" content=\"portell\" \/>\n\t<meta name=\"twitter:label2\" content=\"Temps estimat de lectura\" \/>\n\t<meta name=\"twitter:data2\" content=\"2 minuts\" \/>\n<script type=\"application\/ld+json\" class=\"yoast-schema-graph\">{\"@context\":\"https:\/\/schema.org\",\"@graph\":[{\"@type\":\"Article\",\"@id\":\"https:\/\/portelldemorella.org\/ca\/portell-sinforma-per-fer-front-a-la-linia-mat\/#article\",\"isPartOf\":{\"@id\":\"https:\/\/portelldemorella.org\/ca\/portell-sinforma-per-fer-front-a-la-linia-mat\/\"},\"author\":{\"name\":\"portell\",\"@id\":\"https:\/\/portelldemorella.org\/#\/schema\/person\/2adde77c454244acd163488ec723a88b\"},\"headline\":\"Portell s&#8217;informa per fer front a la l\u00ednia MAT\",\"datePublished\":\"2023-06-15T11:19:44+00:00\",\"dateModified\":\"2023-06-15T11:21:42+00:00\",\"mainEntityOfPage\":{\"@id\":\"https:\/\/portelldemorella.org\/ca\/portell-sinforma-per-fer-front-a-la-linia-mat\/\"},\"wordCount\":222,\"commentCount\":0,\"publisher\":{\"@id\":\"https:\/\/portelldemorella.org\/#organization\"},\"image\":{\"@id\":\"https:\/\/portelldemorella.org\/ca\/portell-sinforma-per-fer-front-a-la-linia-mat\/#primaryimage\"},\"thumbnailUrl\":\"https:\/\/portelldemorella.org\/wp-content\/uploads\/2023\/06\/Reunio-a-Portell.jpg\",\"keywords\":[\"els ports\",\"portell\"],\"articleSection\":[\"Ayuntamiento\"],\"inLanguage\":\"ca\",\"potentialAction\":[{\"@type\":\"CommentAction\",\"name\":\"Comment\",\"target\":[\"https:\/\/portelldemorella.org\/ca\/portell-sinforma-per-fer-front-a-la-linia-mat\/#respond\"]}]},{\"@type\":\"WebPage\",\"@id\":\"https:\/\/portelldemorella.org\/ca\/portell-sinforma-per-fer-front-a-la-linia-mat\/\",\"url\":\"https:\/\/portelldemorella.org\/ca\/portell-sinforma-per-fer-front-a-la-linia-mat\/\",\"name\":\"Portell s'informa per fer front a la l\u00ednia MAT - Portell de Morella\",\"isPartOf\":{\"@id\":\"https:\/\/portelldemorella.org\/#website\"},\"primaryImageOfPage\":{\"@id\":\"https:\/\/portelldemorella.org\/ca\/portell-sinforma-per-fer-front-a-la-linia-mat\/#primaryimage\"},\"image\":{\"@id\":\"https:\/\/portelldemorella.org\/ca\/portell-sinforma-per-fer-front-a-la-linia-mat\/#primaryimage\"},\"thumbnailUrl\":\"https:\/\/portelldemorella.org\/wp-content\/uploads\/2023\/06\/Reunio-a-Portell.jpg\",\"datePublished\":\"2023-06-15T11:19:44+00:00\",\"dateModified\":\"2023-06-15T11:21:42+00:00\",\"breadcrumb\":{\"@id\":\"https:\/\/portelldemorella.org\/ca\/portell-sinforma-per-fer-front-a-la-linia-mat\/#breadcrumb\"},\"inLanguage\":\"ca\",\"potentialAction\":[{\"@type\":\"ReadAction\",\"target\":[\"https:\/\/portelldemorella.org\/ca\/portell-sinforma-per-fer-front-a-la-linia-mat\/\"]}]},{\"@type\":\"ImageObject\",\"inLanguage\":\"ca\",\"@id\":\"https:\/\/portelldemorella.org\/ca\/portell-sinforma-per-fer-front-a-la-linia-mat\/#primaryimage\",\"url\":\"https:\/\/portelldemorella.org\/wp-content\/uploads\/2023\/06\/Reunio-a-Portell.jpg\",\"contentUrl\":\"https:\/\/portelldemorella.org\/wp-content\/uploads\/2023\/06\/Reunio-a-Portell.jpg\",\"width\":720,\"height\":1211},{\"@type\":\"BreadcrumbList\",\"@id\":\"https:\/\/portelldemorella.org\/ca\/portell-sinforma-per-fer-front-a-la-linia-mat\/#breadcrumb\",\"itemListElement\":[{\"@type\":\"ListItem\",\"position\":1,\"name\":\"Portada\",\"item\":\"https:\/\/portelldemorella.org\/ca\/\"},{\"@type\":\"ListItem\",\"position\":2,\"name\":\"Portell s&#8217;informa per fer front a la l\u00ednia MAT\"}]},{\"@type\":\"WebSite\",\"@id\":\"https:\/\/portelldemorella.org\/#website\",\"url\":\"https:\/\/portelldemorella.org\/\",\"name\":\"Portell de Morella\",\"description\":\"Web del Ayuntamiento de Portell de Morella\",\"publisher\":{\"@id\":\"https:\/\/portelldemorella.org\/#organization\"},\"potentialAction\":[{\"@type\":\"SearchAction\",\"target\":{\"@type\":\"EntryPoint\",\"urlTemplate\":\"https:\/\/portelldemorella.org\/?s={search_term_string}\"},\"query-input\":{\"@type\":\"PropertyValueSpecification\",\"valueRequired\":true,\"valueName\":\"search_term_string\"}}],\"inLanguage\":\"ca\"},{\"@type\":\"Organization\",\"@id\":\"https:\/\/portelldemorella.org\/#organization\",\"name\":\"Portell de Morella\",\"url\":\"https:\/\/portelldemorella.org\/\",\"logo\":{\"@type\":\"ImageObject\",\"inLanguage\":\"ca\",\"@id\":\"https:\/\/portelldemorella.org\/#\/schema\/logo\/image\/\",\"url\":\"https:\/\/portelldemorella.org\/wp-content\/uploads\/2020\/11\/Escudo-Portell-04.jpg\",\"contentUrl\":\"https:\/\/portelldemorella.org\/wp-content\/uploads\/2020\/11\/Escudo-Portell-04.jpg\",\"width\":1001,\"height\":394,\"caption\":\"Portell de Morella\"},\"image\":{\"@id\":\"https:\/\/portelldemorella.org\/#\/schema\/logo\/image\/\"}},{\"@type\":\"Person\",\"@id\":\"https:\/\/portelldemorella.org\/#\/schema\/person\/2adde77c454244acd163488ec723a88b\",\"name\":\"portell\",\"image\":{\"@type\":\"ImageObject\",\"inLanguage\":\"ca\",\"@id\":\"https:\/\/portelldemorella.org\/#\/schema\/person\/image\/\",\"url\":\"https:\/\/secure.gravatar.com\/avatar\/077c6bd89604df620d2fa93a06be2531944cdd6826fd322dbd8b483fd84d6407?s=96&d=mm&r=g\",\"contentUrl\":\"https:\/\/secure.gravatar.com\/avatar\/077c6bd89604df620d2fa93a06be2531944cdd6826fd322dbd8b483fd84d6407?s=96&d=mm&r=g\",\"caption\":\"portell\"},\"sameAs\":[\"https:\/\/portelldemorella.org\"],\"url\":\"https:\/\/portelldemorella.org\/ca\/author\/portell\/\"}]}<\/script>\n<!-- \/ Yoast SEO plugin. -->","yoast_head_json":{"title":"Portell s'informa per fer front a la l\u00ednia MAT - Portell de Morella","robots":{"index":"noindex","follow":"follow","max-snippet":"max-snippet:-1","max-image-preview":"max-image-preview:large","max-video-preview":"max-video-preview:-1"},"og_locale":"ca_ES","og_type":"article","og_title":"Portell s'informa per fer front a la l\u00ednia MAT - Portell de Morella","og_description":"Al Corro de Portell es van reunir ahir per la vesprada ve\u00efns i ve\u00efnes de la localitat i de la comarca dels Ports per informar-se sobre els macroprojectes d&#8217;energies renovables que es volen construir als termes municipals de Portell, Cinctorres i Morella. La xerrada va servir per aclarir la dimensi\u00f3 de les instal\u00b7lacions que es [&hellip;]","og_url":"https:\/\/portelldemorella.org\/ca\/portell-sinforma-per-fer-front-a-la-linia-mat\/","og_site_name":"Portell de Morella","article_published_time":"2023-06-15T11:19:44+00:00","article_modified_time":"2023-06-15T11:21:42+00:00","og_image":[{"width":720,"height":1211,"url":"https:\/\/portelldemorella.org\/wp-content\/uploads\/2023\/06\/Reunio-a-Portell.jpg","type":"image\/jpeg"}],"author":"portell","twitter_card":"summary_large_image","twitter_misc":{"Escrit per":"portell","Temps estimat de lectura":"2 minuts"},"schema":{"@context":"https:\/\/schema.org","@graph":[{"@type":"Article","@id":"https:\/\/portelldemorella.org\/ca\/portell-sinforma-per-fer-front-a-la-linia-mat\/#article","isPartOf":{"@id":"https:\/\/portelldemorella.org\/ca\/portell-sinforma-per-fer-front-a-la-linia-mat\/"},"author":{"name":"portell","@id":"https:\/\/portelldemorella.org\/#\/schema\/person\/2adde77c454244acd163488ec723a88b"},"headline":"Portell s&#8217;informa per fer front a la l\u00ednia MAT","datePublished":"2023-06-15T11:19:44+00:00","dateModified":"2023-06-15T11:21:42+00:00","mainEntityOfPage":{"@id":"https:\/\/portelldemorella.org\/ca\/portell-sinforma-per-fer-front-a-la-linia-mat\/"},"wordCount":222,"commentCount":0,"publisher":{"@id":"https:\/\/portelldemorella.org\/#organization"},"image":{"@id":"https:\/\/portelldemorella.org\/ca\/portell-sinforma-per-fer-front-a-la-linia-mat\/#primaryimage"},"thumbnailUrl":"https:\/\/portelldemorella.org\/wp-content\/uploads\/2023\/06\/Reunio-a-Portell.jpg","keywords":["els ports","portell"],"articleSection":["Ayuntamiento"],"inLanguage":"ca","potentialAction":[{"@type":"CommentAction","name":"Comment","target":["https:\/\/portelldemorella.org\/ca\/portell-sinforma-per-fer-front-a-la-linia-mat\/#respond"]}]},{"@type":"WebPage","@id":"https:\/\/portelldemorella.org\/ca\/portell-sinforma-per-fer-front-a-la-linia-mat\/","url":"https:\/\/portelldemorella.org\/ca\/portell-sinforma-per-fer-front-a-la-linia-mat\/","name":"Portell s'informa per fer front a la l\u00ednia MAT - Portell de Morella","isPartOf":{"@id":"https:\/\/portelldemorella.org\/#website"},"primaryImageOfPage":{"@id":"https:\/\/portelldemorella.org\/ca\/portell-sinforma-per-fer-front-a-la-linia-mat\/#primaryimage"},"image":{"@id":"https:\/\/portelldemorella.org\/ca\/portell-sinforma-per-fer-front-a-la-linia-mat\/#primaryimage"},"thumbnailUrl":"https:\/\/portelldemorella.org\/wp-content\/uploads\/2023\/06\/Reunio-a-Portell.jpg","datePublished":"2023-06-15T11:19:44+00:00","dateModified":"2023-06-15T11:21:42+00:00","breadcrumb":{"@id":"https:\/\/portelldemorella.org\/ca\/portell-sinforma-per-fer-front-a-la-linia-mat\/#breadcrumb"},"inLanguage":"ca","potentialAction":[{"@type":"ReadAction","target":["https:\/\/portelldemorella.org\/ca\/portell-sinforma-per-fer-front-a-la-linia-mat\/"]}]},{"@type":"ImageObject","inLanguage":"ca","@id":"https:\/\/portelldemorella.org\/ca\/portell-sinforma-per-fer-front-a-la-linia-mat\/#primaryimage","url":"https:\/\/portelldemorella.org\/wp-content\/uploads\/2023\/06\/Reunio-a-Portell.jpg","contentUrl":"https:\/\/portelldemorella.org\/wp-content\/uploads\/2023\/06\/Reunio-a-Portell.jpg","width":720,"height":1211},{"@type":"BreadcrumbList","@id":"https:\/\/portelldemorella.org\/ca\/portell-sinforma-per-fer-front-a-la-linia-mat\/#breadcrumb","itemListElement":[{"@type":"ListItem","position":1,"name":"Portada","item":"https:\/\/portelldemorella.org\/ca\/"},{"@type":"ListItem","position":2,"name":"Portell s&#8217;informa per fer front a la l\u00ednia MAT"}]},{"@type":"WebSite","@id":"https:\/\/portelldemorella.org\/#website","url":"https:\/\/portelldemorella.org\/","name":"Portell de Morella","description":"Web del Ayuntamiento de Portell de Morella","publisher":{"@id":"https:\/\/portelldemorella.org\/#organization"},"potentialAction":[{"@type":"SearchAction","target":{"@type":"EntryPoint","urlTemplate":"https:\/\/portelldemorella.org\/?s={search_term_string}"},"query-input":{"@type":"PropertyValueSpecification","valueRequired":true,"valueName":"search_term_string"}}],"inLanguage":"ca"},{"@type":"Organization","@id":"https:\/\/portelldemorella.org\/#organization","name":"Portell de Morella","url":"https:\/\/portelldemorella.org\/","logo":{"@type":"ImageObject","inLanguage":"ca","@id":"https:\/\/portelldemorella.org\/#\/schema\/logo\/image\/","url":"https:\/\/portelldemorella.org\/wp-content\/uploads\/2020\/11\/Escudo-Portell-04.jpg","contentUrl":"https:\/\/portelldemorella.org\/wp-content\/uploads\/2020\/11\/Escudo-Portell-04.jpg","width":1001,"height":394,"caption":"Portell de Morella"},"image":{"@id":"https:\/\/portelldemorella.org\/#\/schema\/logo\/image\/"}},{"@type":"Person","@id":"https:\/\/portelldemorella.org\/#\/schema\/person\/2adde77c454244acd163488ec723a88b","name":"portell","image":{"@type":"ImageObject","inLanguage":"ca","@id":"https:\/\/portelldemorella.org\/#\/schema\/person\/image\/","url":"https:\/\/secure.gravatar.com\/avatar\/077c6bd89604df620d2fa93a06be2531944cdd6826fd322dbd8b483fd84d6407?s=96&d=mm&r=g","contentUrl":"https:\/\/secure.gravatar.com\/avatar\/077c6bd89604df620d2fa93a06be2531944cdd6826fd322dbd8b483fd84d6407?s=96&d=mm&r=g","caption":"portell"},"sameAs":["https:\/\/portelldemorella.org"],"url":"https:\/\/portelldemorella.org\/ca\/author\/portell\/"}]}},"_links":{"self":[{"href":"https:\/\/portelldemorella.org\/ca\/wp-json\/wp\/v2\/posts\/7759","targetHints":{"allow":["GET"]}}],"collection":[{"href":"https:\/\/portelldemorella.org\/ca\/wp-json\/wp\/v2\/posts"}],"about":[{"href":"https:\/\/portelldemorella.org\/ca\/wp-json\/wp\/v2\/types\/post"}],"author":[{"embeddable":true,"href":"https:\/\/portelldemorella.org\/ca\/wp-json\/wp\/v2\/users\/1"}],"replies":[{"embeddable":true,"href":"https:\/\/portelldemorella.org\/ca\/wp-json\/wp\/v2\/comments?post=7759"}],"version-history":[{"count":3,"href":"https:\/\/portelldemorella.org\/ca\/wp-json\/wp\/v2\/posts\/7759\/revisions"}],"predecessor-version":[{"id":7764,"href":"https:\/\/portelldemorella.org\/ca\/wp-json\/wp\/v2\/posts\/7759\/revisions\/7764"}],"wp:featuredmedia":[{"embeddable":true,"href":"https:\/\/portelldemorella.org\/ca\/wp-json\/wp\/v2\/media\/7757"}],"wp:attachment":[{"href":"https:\/\/portelldemorella.org\/ca\/wp-json\/wp\/v2\/media?parent=7759"}],"wp:term":[{"taxonomy":"category","embeddable":true,"href":"https:\/\/portelldemorella.org\/ca\/wp-json\/wp\/v2\/categories?post=7759"},{"taxonomy":"post_tag","embeddable":true,"href":"https:\/\/portelldemorella.org\/ca\/wp-json\/wp\/v2\/tags?post=7759"}],"curies":[{"name":"wp","href":"https:\/\/api.w.org\/{rel}","templated":true}]}}