{"id":7776,"date":"2023-07-05T14:55:51","date_gmt":"2023-07-05T14:55:51","guid":{"rendered":"https:\/\/portelldemorella.org\/?p=7776"},"modified":"2023-07-05T14:55:59","modified_gmt":"2023-07-05T14:55:59","slug":"portell-comenca-lescola-destiu","status":"publish","type":"post","link":"https:\/\/portelldemorella.org\/ca\/portell-comenca-lescola-destiu\/","title":{"rendered":"Portell comen\u00e7a l&#8217;Escola d&#8217;Estiu"},"content":{"rendered":"\n<figure class=\"wp-block-image size-large\"><img fetchpriority=\"high\" decoding=\"async\" width=\"724\" height=\"1024\" src=\"https:\/\/portelldemorella.org\/wp-content\/uploads\/2023\/07\/Escola-destiu-de-Portell-724x1024.jpg\" alt=\"\" class=\"wp-image-7774\" srcset=\"https:\/\/portelldemorella.org\/wp-content\/uploads\/2023\/07\/Escola-destiu-de-Portell-724x1024.jpg 724w, https:\/\/portelldemorella.org\/wp-content\/uploads\/2023\/07\/Escola-destiu-de-Portell-212x300.jpg 212w, https:\/\/portelldemorella.org\/wp-content\/uploads\/2023\/07\/Escola-destiu-de-Portell-768x1086.jpg 768w, https:\/\/portelldemorella.org\/wp-content\/uploads\/2023\/07\/Escola-destiu-de-Portell-1086x1536.jpg 1086w, https:\/\/portelldemorella.org\/wp-content\/uploads\/2023\/07\/Escola-destiu-de-Portell-424x600.jpg 424w, https:\/\/portelldemorella.org\/wp-content\/uploads\/2023\/07\/Escola-destiu-de-Portell-396x560.jpg 396w, https:\/\/portelldemorella.org\/wp-content\/uploads\/2023\/07\/Escola-destiu-de-Portell.jpg 1131w\" sizes=\"(max-width: 724px) 100vw, 724px\" \/><\/figure>\n\n\n\n<p>Aquesta setmana ha comen\u00e7at l&#8217;Escola d&#8217;Estiu a Portell. De dilluns a divendres durant tot el mes de juliol funcionar\u00e0 aquest servei amb un horari de 9.30h a 13.30h. A l&#8217;escola municipal es donen les lli\u00e7ons i les activitats d&#8217;oci i esportives. El servei reprendr\u00e0 l&#8217;activitat del 21 al 31 d&#8217;agost per acabar la temporada estival i preparar la tornada a les aules del curs 23\/24. Aix\u00ed doncs, les fam\u00edlies de Portell podran conciliar m\u00e9s f\u00e0cilment el treball i la fam\u00edlia amb aquesta opci\u00f3 per a xiquets i xiquetes majors de 2 anys. Les inscripcions segueixen obertes i es poden formalitzar telefonant a l&#8217;Ajuntament de Portell o a partir d&#8217;aquest enlla\u00e7:\u00a0<a href=\"https:\/\/docs.google.com\/forms\/d\/e\/1FAIpQLScbfEql6BK-4-5j1OBywvv_Al8-Q2SiTRKrbm7ITC1eReDwwQ\/viewform?pli=1\" target=\"_blank\" rel=\"noreferrer noopener\">https:\/\/docs.google.com\/forms\/d\/e\/1FAIpQLScbfEql6BK-4-5j1OBywvv_Al8-Q2SiTRKrbm7ITC1eReDwwQ\/viewform?pli=1<\/a><\/p>\n","protected":false},"excerpt":{"rendered":"<p>Aquesta setmana ha comen\u00e7at l&#8217;Escola d&#8217;Estiu a Portell. De dilluns a divendres durant tot el mes de juliol funcionar\u00e0 aquest servei amb un horari de 9.30h a 13.30h. A l&#8217;escola municipal es donen les lli\u00e7ons i les activitats d&#8217;oci i esportives. El servei reprendr\u00e0 l&#8217;activitat del 21 al 31 d&#8217;agost per acabar la temporada estival [&hellip;]<\/p>\n","protected":false},"author":1,"featured_media":7774,"comment_status":"open","ping_status":"open","sticky":false,"template":"","format":"standard","meta":{"footnotes":""},"categories":[97],"tags":[169,168,100],"class_list":["post-7776","post","type-post","status-publish","format-standard","has-post-thumbnail","hentry","category-ayuntamiento-ca","tag-conciliacio-familiar-2","tag-infantil-2","tag-portell-2"],"yoast_head":"<!-- This site is optimized with the Yoast SEO plugin v24.4 - https:\/\/yoast.com\/wordpress\/plugins\/seo\/ -->\n<title>Portell comen\u00e7a l&#039;Escola d&#039;Estiu - Portell de Morella<\/title>\n<meta name=\"robots\" content=\"noindex, follow, max-snippet:-1, max-image-preview:large, max-video-preview:-1\" \/>\n<meta property=\"og:locale\" content=\"ca_ES\" \/>\n<meta property=\"og:type\" content=\"article\" \/>\n<meta property=\"og:title\" content=\"Portell comen\u00e7a l&#039;Escola d&#039;Estiu - Portell de Morella\" \/>\n<meta property=\"og:description\" content=\"Aquesta setmana ha comen\u00e7at l&#8217;Escola d&#8217;Estiu a Portell. De dilluns a divendres durant tot el mes de juliol funcionar\u00e0 aquest servei amb un horari de 9.30h a 13.30h. A l&#8217;escola municipal es donen les lli\u00e7ons i les activitats d&#8217;oci i esportives. El servei reprendr\u00e0 l&#8217;activitat del 21 al 31 d&#8217;agost per acabar la temporada estival [&hellip;]\" \/>\n<meta property=\"og:url\" content=\"https:\/\/portelldemorella.org\/ca\/portell-comenca-lescola-destiu\/\" \/>\n<meta property=\"og:site_name\" content=\"Portell de Morella\" \/>\n<meta property=\"article:published_time\" content=\"2023-07-05T14:55:51+00:00\" \/>\n<meta property=\"article:modified_time\" content=\"2023-07-05T14:55:59+00:00\" \/>\n<meta property=\"og:image\" content=\"https:\/\/portelldemorella.org\/wp-content\/uploads\/2023\/07\/Escola-destiu-de-Portell.jpg\" \/>\n\t<meta property=\"og:image:width\" content=\"1131\" \/>\n\t<meta property=\"og:image:height\" content=\"1600\" \/>\n\t<meta property=\"og:image:type\" content=\"image\/jpeg\" \/>\n<meta name=\"author\" content=\"portell\" \/>\n<meta name=\"twitter:card\" content=\"summary_large_image\" \/>\n<meta name=\"twitter:label1\" content=\"Escrit per\" \/>\n\t<meta name=\"twitter:data1\" content=\"portell\" \/>\n\t<meta name=\"twitter:label2\" content=\"Temps estimat de lectura\" \/>\n\t<meta name=\"twitter:data2\" content=\"1 minut\" \/>\n<script type=\"application\/ld+json\" class=\"yoast-schema-graph\">{\"@context\":\"https:\/\/schema.org\",\"@graph\":[{\"@type\":\"Article\",\"@id\":\"https:\/\/portelldemorella.org\/ca\/portell-comenca-lescola-destiu\/#article\",\"isPartOf\":{\"@id\":\"https:\/\/portelldemorella.org\/ca\/portell-comenca-lescola-destiu\/\"},\"author\":{\"name\":\"portell\",\"@id\":\"https:\/\/portelldemorella.org\/#\/schema\/person\/2adde77c454244acd163488ec723a88b\"},\"headline\":\"Portell comen\u00e7a l&#8217;Escola d&#8217;Estiu\",\"datePublished\":\"2023-07-05T14:55:51+00:00\",\"dateModified\":\"2023-07-05T14:55:59+00:00\",\"mainEntityOfPage\":{\"@id\":\"https:\/\/portelldemorella.org\/ca\/portell-comenca-lescola-destiu\/\"},\"wordCount\":136,\"commentCount\":0,\"publisher\":{\"@id\":\"https:\/\/portelldemorella.org\/#organization\"},\"image\":{\"@id\":\"https:\/\/portelldemorella.org\/ca\/portell-comenca-lescola-destiu\/#primaryimage\"},\"thumbnailUrl\":\"https:\/\/portelldemorella.org\/wp-content\/uploads\/2023\/07\/Escola-destiu-de-Portell.jpg\",\"keywords\":[\"Conciliaci\u00f3 familiar\",\"Infantil\",\"portell\"],\"articleSection\":[\"Ayuntamiento\"],\"inLanguage\":\"ca\",\"potentialAction\":[{\"@type\":\"CommentAction\",\"name\":\"Comment\",\"target\":[\"https:\/\/portelldemorella.org\/ca\/portell-comenca-lescola-destiu\/#respond\"]}]},{\"@type\":\"WebPage\",\"@id\":\"https:\/\/portelldemorella.org\/ca\/portell-comenca-lescola-destiu\/\",\"url\":\"https:\/\/portelldemorella.org\/ca\/portell-comenca-lescola-destiu\/\",\"name\":\"Portell comen\u00e7a l'Escola d'Estiu - Portell de Morella\",\"isPartOf\":{\"@id\":\"https:\/\/portelldemorella.org\/#website\"},\"primaryImageOfPage\":{\"@id\":\"https:\/\/portelldemorella.org\/ca\/portell-comenca-lescola-destiu\/#primaryimage\"},\"image\":{\"@id\":\"https:\/\/portelldemorella.org\/ca\/portell-comenca-lescola-destiu\/#primaryimage\"},\"thumbnailUrl\":\"https:\/\/portelldemorella.org\/wp-content\/uploads\/2023\/07\/Escola-destiu-de-Portell.jpg\",\"datePublished\":\"2023-07-05T14:55:51+00:00\",\"dateModified\":\"2023-07-05T14:55:59+00:00\",\"breadcrumb\":{\"@id\":\"https:\/\/portelldemorella.org\/ca\/portell-comenca-lescola-destiu\/#breadcrumb\"},\"inLanguage\":\"ca\",\"potentialAction\":[{\"@type\":\"ReadAction\",\"target\":[\"https:\/\/portelldemorella.org\/ca\/portell-comenca-lescola-destiu\/\"]}]},{\"@type\":\"ImageObject\",\"inLanguage\":\"ca\",\"@id\":\"https:\/\/portelldemorella.org\/ca\/portell-comenca-lescola-destiu\/#primaryimage\",\"url\":\"https:\/\/portelldemorella.org\/wp-content\/uploads\/2023\/07\/Escola-destiu-de-Portell.jpg\",\"contentUrl\":\"https:\/\/portelldemorella.org\/wp-content\/uploads\/2023\/07\/Escola-destiu-de-Portell.jpg\",\"width\":1131,\"height\":1600},{\"@type\":\"BreadcrumbList\",\"@id\":\"https:\/\/portelldemorella.org\/ca\/portell-comenca-lescola-destiu\/#breadcrumb\",\"itemListElement\":[{\"@type\":\"ListItem\",\"position\":1,\"name\":\"Portada\",\"item\":\"https:\/\/portelldemorella.org\/ca\/\"},{\"@type\":\"ListItem\",\"position\":2,\"name\":\"Portell comen\u00e7a l&#8217;Escola d&#8217;Estiu\"}]},{\"@type\":\"WebSite\",\"@id\":\"https:\/\/portelldemorella.org\/#website\",\"url\":\"https:\/\/portelldemorella.org\/\",\"name\":\"Portell de Morella\",\"description\":\"Web del Ayuntamiento de Portell de Morella\",\"publisher\":{\"@id\":\"https:\/\/portelldemorella.org\/#organization\"},\"potentialAction\":[{\"@type\":\"SearchAction\",\"target\":{\"@type\":\"EntryPoint\",\"urlTemplate\":\"https:\/\/portelldemorella.org\/?s={search_term_string}\"},\"query-input\":{\"@type\":\"PropertyValueSpecification\",\"valueRequired\":true,\"valueName\":\"search_term_string\"}}],\"inLanguage\":\"ca\"},{\"@type\":\"Organization\",\"@id\":\"https:\/\/portelldemorella.org\/#organization\",\"name\":\"Portell de Morella\",\"url\":\"https:\/\/portelldemorella.org\/\",\"logo\":{\"@type\":\"ImageObject\",\"inLanguage\":\"ca\",\"@id\":\"https:\/\/portelldemorella.org\/#\/schema\/logo\/image\/\",\"url\":\"https:\/\/portelldemorella.org\/wp-content\/uploads\/2020\/11\/Escudo-Portell-04.jpg\",\"contentUrl\":\"https:\/\/portelldemorella.org\/wp-content\/uploads\/2020\/11\/Escudo-Portell-04.jpg\",\"width\":1001,\"height\":394,\"caption\":\"Portell de Morella\"},\"image\":{\"@id\":\"https:\/\/portelldemorella.org\/#\/schema\/logo\/image\/\"}},{\"@type\":\"Person\",\"@id\":\"https:\/\/portelldemorella.org\/#\/schema\/person\/2adde77c454244acd163488ec723a88b\",\"name\":\"portell\",\"image\":{\"@type\":\"ImageObject\",\"inLanguage\":\"ca\",\"@id\":\"https:\/\/portelldemorella.org\/#\/schema\/person\/image\/\",\"url\":\"https:\/\/secure.gravatar.com\/avatar\/077c6bd89604df620d2fa93a06be2531944cdd6826fd322dbd8b483fd84d6407?s=96&d=mm&r=g\",\"contentUrl\":\"https:\/\/secure.gravatar.com\/avatar\/077c6bd89604df620d2fa93a06be2531944cdd6826fd322dbd8b483fd84d6407?s=96&d=mm&r=g\",\"caption\":\"portell\"},\"sameAs\":[\"https:\/\/portelldemorella.org\"],\"url\":\"https:\/\/portelldemorella.org\/ca\/author\/portell\/\"}]}<\/script>\n<!-- \/ Yoast SEO plugin. -->","yoast_head_json":{"title":"Portell comen\u00e7a l'Escola d'Estiu - Portell de Morella","robots":{"index":"noindex","follow":"follow","max-snippet":"max-snippet:-1","max-image-preview":"max-image-preview:large","max-video-preview":"max-video-preview:-1"},"og_locale":"ca_ES","og_type":"article","og_title":"Portell comen\u00e7a l'Escola d'Estiu - Portell de Morella","og_description":"Aquesta setmana ha comen\u00e7at l&#8217;Escola d&#8217;Estiu a Portell. De dilluns a divendres durant tot el mes de juliol funcionar\u00e0 aquest servei amb un horari de 9.30h a 13.30h. A l&#8217;escola municipal es donen les lli\u00e7ons i les activitats d&#8217;oci i esportives. El servei reprendr\u00e0 l&#8217;activitat del 21 al 31 d&#8217;agost per acabar la temporada estival [&hellip;]","og_url":"https:\/\/portelldemorella.org\/ca\/portell-comenca-lescola-destiu\/","og_site_name":"Portell de Morella","article_published_time":"2023-07-05T14:55:51+00:00","article_modified_time":"2023-07-05T14:55:59+00:00","og_image":[{"width":1131,"height":1600,"url":"https:\/\/portelldemorella.org\/wp-content\/uploads\/2023\/07\/Escola-destiu-de-Portell.jpg","type":"image\/jpeg"}],"author":"portell","twitter_card":"summary_large_image","twitter_misc":{"Escrit per":"portell","Temps estimat de lectura":"1 minut"},"schema":{"@context":"https:\/\/schema.org","@graph":[{"@type":"Article","@id":"https:\/\/portelldemorella.org\/ca\/portell-comenca-lescola-destiu\/#article","isPartOf":{"@id":"https:\/\/portelldemorella.org\/ca\/portell-comenca-lescola-destiu\/"},"author":{"name":"portell","@id":"https:\/\/portelldemorella.org\/#\/schema\/person\/2adde77c454244acd163488ec723a88b"},"headline":"Portell comen\u00e7a l&#8217;Escola d&#8217;Estiu","datePublished":"2023-07-05T14:55:51+00:00","dateModified":"2023-07-05T14:55:59+00:00","mainEntityOfPage":{"@id":"https:\/\/portelldemorella.org\/ca\/portell-comenca-lescola-destiu\/"},"wordCount":136,"commentCount":0,"publisher":{"@id":"https:\/\/portelldemorella.org\/#organization"},"image":{"@id":"https:\/\/portelldemorella.org\/ca\/portell-comenca-lescola-destiu\/#primaryimage"},"thumbnailUrl":"https:\/\/portelldemorella.org\/wp-content\/uploads\/2023\/07\/Escola-destiu-de-Portell.jpg","keywords":["Conciliaci\u00f3 familiar","Infantil","portell"],"articleSection":["Ayuntamiento"],"inLanguage":"ca","potentialAction":[{"@type":"CommentAction","name":"Comment","target":["https:\/\/portelldemorella.org\/ca\/portell-comenca-lescola-destiu\/#respond"]}]},{"@type":"WebPage","@id":"https:\/\/portelldemorella.org\/ca\/portell-comenca-lescola-destiu\/","url":"https:\/\/portelldemorella.org\/ca\/portell-comenca-lescola-destiu\/","name":"Portell comen\u00e7a l'Escola d'Estiu - Portell de Morella","isPartOf":{"@id":"https:\/\/portelldemorella.org\/#website"},"primaryImageOfPage":{"@id":"https:\/\/portelldemorella.org\/ca\/portell-comenca-lescola-destiu\/#primaryimage"},"image":{"@id":"https:\/\/portelldemorella.org\/ca\/portell-comenca-lescola-destiu\/#primaryimage"},"thumbnailUrl":"https:\/\/portelldemorella.org\/wp-content\/uploads\/2023\/07\/Escola-destiu-de-Portell.jpg","datePublished":"2023-07-05T14:55:51+00:00","dateModified":"2023-07-05T14:55:59+00:00","breadcrumb":{"@id":"https:\/\/portelldemorella.org\/ca\/portell-comenca-lescola-destiu\/#breadcrumb"},"inLanguage":"ca","potentialAction":[{"@type":"ReadAction","target":["https:\/\/portelldemorella.org\/ca\/portell-comenca-lescola-destiu\/"]}]},{"@type":"ImageObject","inLanguage":"ca","@id":"https:\/\/portelldemorella.org\/ca\/portell-comenca-lescola-destiu\/#primaryimage","url":"https:\/\/portelldemorella.org\/wp-content\/uploads\/2023\/07\/Escola-destiu-de-Portell.jpg","contentUrl":"https:\/\/portelldemorella.org\/wp-content\/uploads\/2023\/07\/Escola-destiu-de-Portell.jpg","width":1131,"height":1600},{"@type":"BreadcrumbList","@id":"https:\/\/portelldemorella.org\/ca\/portell-comenca-lescola-destiu\/#breadcrumb","itemListElement":[{"@type":"ListItem","position":1,"name":"Portada","item":"https:\/\/portelldemorella.org\/ca\/"},{"@type":"ListItem","position":2,"name":"Portell comen\u00e7a l&#8217;Escola d&#8217;Estiu"}]},{"@type":"WebSite","@id":"https:\/\/portelldemorella.org\/#website","url":"https:\/\/portelldemorella.org\/","name":"Portell de Morella","description":"Web del Ayuntamiento de Portell de Morella","publisher":{"@id":"https:\/\/portelldemorella.org\/#organization"},"potentialAction":[{"@type":"SearchAction","target":{"@type":"EntryPoint","urlTemplate":"https:\/\/portelldemorella.org\/?s={search_term_string}"},"query-input":{"@type":"PropertyValueSpecification","valueRequired":true,"valueName":"search_term_string"}}],"inLanguage":"ca"},{"@type":"Organization","@id":"https:\/\/portelldemorella.org\/#organization","name":"Portell de Morella","url":"https:\/\/portelldemorella.org\/","logo":{"@type":"ImageObject","inLanguage":"ca","@id":"https:\/\/portelldemorella.org\/#\/schema\/logo\/image\/","url":"https:\/\/portelldemorella.org\/wp-content\/uploads\/2020\/11\/Escudo-Portell-04.jpg","contentUrl":"https:\/\/portelldemorella.org\/wp-content\/uploads\/2020\/11\/Escudo-Portell-04.jpg","width":1001,"height":394,"caption":"Portell de Morella"},"image":{"@id":"https:\/\/portelldemorella.org\/#\/schema\/logo\/image\/"}},{"@type":"Person","@id":"https:\/\/portelldemorella.org\/#\/schema\/person\/2adde77c454244acd163488ec723a88b","name":"portell","image":{"@type":"ImageObject","inLanguage":"ca","@id":"https:\/\/portelldemorella.org\/#\/schema\/person\/image\/","url":"https:\/\/secure.gravatar.com\/avatar\/077c6bd89604df620d2fa93a06be2531944cdd6826fd322dbd8b483fd84d6407?s=96&d=mm&r=g","contentUrl":"https:\/\/secure.gravatar.com\/avatar\/077c6bd89604df620d2fa93a06be2531944cdd6826fd322dbd8b483fd84d6407?s=96&d=mm&r=g","caption":"portell"},"sameAs":["https:\/\/portelldemorella.org"],"url":"https:\/\/portelldemorella.org\/ca\/author\/portell\/"}]}},"_links":{"self":[{"href":"https:\/\/portelldemorella.org\/ca\/wp-json\/wp\/v2\/posts\/7776","targetHints":{"allow":["GET"]}}],"collection":[{"href":"https:\/\/portelldemorella.org\/ca\/wp-json\/wp\/v2\/posts"}],"about":[{"href":"https:\/\/portelldemorella.org\/ca\/wp-json\/wp\/v2\/types\/post"}],"author":[{"embeddable":true,"href":"https:\/\/portelldemorella.org\/ca\/wp-json\/wp\/v2\/users\/1"}],"replies":[{"embeddable":true,"href":"https:\/\/portelldemorella.org\/ca\/wp-json\/wp\/v2\/comments?post=7776"}],"version-history":[{"count":1,"href":"https:\/\/portelldemorella.org\/ca\/wp-json\/wp\/v2\/posts\/7776\/revisions"}],"predecessor-version":[{"id":7777,"href":"https:\/\/portelldemorella.org\/ca\/wp-json\/wp\/v2\/posts\/7776\/revisions\/7777"}],"wp:featuredmedia":[{"embeddable":true,"href":"https:\/\/portelldemorella.org\/ca\/wp-json\/wp\/v2\/media\/7774"}],"wp:attachment":[{"href":"https:\/\/portelldemorella.org\/ca\/wp-json\/wp\/v2\/media?parent=7776"}],"wp:term":[{"taxonomy":"category","embeddable":true,"href":"https:\/\/portelldemorella.org\/ca\/wp-json\/wp\/v2\/categories?post=7776"},{"taxonomy":"post_tag","embeddable":true,"href":"https:\/\/portelldemorella.org\/ca\/wp-json\/wp\/v2\/tags?post=7776"}],"curies":[{"name":"wp","href":"https:\/\/api.w.org\/{rel}","templated":true}]}}