{"id":7783,"date":"2023-07-14T10:27:27","date_gmt":"2023-07-14T10:27:27","guid":{"rendered":"https:\/\/portelldemorella.org\/?p=7783"},"modified":"2023-07-14T10:27:28","modified_gmt":"2023-07-14T10:27:28","slug":"portellans-i-portellanes-es-refresquen-a-la-piscina","status":"publish","type":"post","link":"https:\/\/portelldemorella.org\/ca\/portellans-i-portellanes-es-refresquen-a-la-piscina\/","title":{"rendered":"Portellans i portellanes es refresquen a la piscina"},"content":{"rendered":"\n<p>El passat dissabte, 8 de juliol, la piscina municipal de Portell va obrir les seues portes per a facilitar l&#8217;estiu als portellans i portellanes. Aquesta romandr\u00e0 oberta fins al 10 de setembre, de dilluns a dissabte de 12 h a 19.30 h, i els diumenges de 15 h a 19.30 h.<\/p>\n\n\n\n<p>A m\u00e9s, s&#8217;han ficat a disposici\u00f3 dels ve\u00efns i ve\u00efnes uns abonaments amb diferents tarifes. Aix\u00ed doncs, ve\u00efns i ve\u00efnes de Portell podran refrescar-se i gaudir de banys durant l&#8217;estiu a la piscina municipal.<\/p>\n","protected":false},"excerpt":{"rendered":"<p>El passat dissabte, 8 de juliol, la piscina municipal de Portell va obrir les seues portes per a facilitar l&#8217;estiu als portellans i portellanes. Aquesta romandr\u00e0 oberta fins al 10 de setembre, de dilluns a dissabte de 12 h a 19.30 h, i els diumenges de 15 h a 19.30 h. A m\u00e9s, s&#8217;han ficat [&hellip;]<\/p>\n","protected":false},"author":1,"featured_media":7781,"comment_status":"open","ping_status":"open","sticky":false,"template":"","format":"standard","meta":{"footnotes":""},"categories":[97],"tags":[135,107],"class_list":["post-7783","post","type-post","status-publish","format-standard","has-post-thumbnail","hentry","category-ayuntamiento-ca","tag-els-ports","tag-portell-ca"],"yoast_head":"<!-- This site is optimized with the Yoast SEO plugin v24.4 - https:\/\/yoast.com\/wordpress\/plugins\/seo\/ -->\n<title>Portellans i portellanes es refresquen a la piscina - Portell de Morella<\/title>\n<meta name=\"robots\" content=\"noindex, follow, max-snippet:-1, max-image-preview:large, max-video-preview:-1\" \/>\n<meta property=\"og:locale\" content=\"ca_ES\" \/>\n<meta property=\"og:type\" content=\"article\" \/>\n<meta property=\"og:title\" content=\"Portellans i portellanes es refresquen a la piscina - Portell de Morella\" \/>\n<meta property=\"og:description\" content=\"El passat dissabte, 8 de juliol, la piscina municipal de Portell va obrir les seues portes per a facilitar l&#8217;estiu als portellans i portellanes. Aquesta romandr\u00e0 oberta fins al 10 de setembre, de dilluns a dissabte de 12 h a 19.30 h, i els diumenges de 15 h a 19.30 h. A m\u00e9s, s&#8217;han ficat [&hellip;]\" \/>\n<meta property=\"og:url\" content=\"https:\/\/portelldemorella.org\/ca\/portellans-i-portellanes-es-refresquen-a-la-piscina\/\" \/>\n<meta property=\"og:site_name\" content=\"Portell de Morella\" \/>\n<meta property=\"article:published_time\" content=\"2023-07-14T10:27:27+00:00\" \/>\n<meta property=\"article:modified_time\" content=\"2023-07-14T10:27:28+00:00\" \/>\n<meta property=\"og:image\" content=\"https:\/\/portelldemorella.org\/wp-content\/uploads\/2023\/07\/Piscina-Portell.jpeg\" \/>\n\t<meta property=\"og:image:width\" content=\"1600\" \/>\n\t<meta property=\"og:image:height\" content=\"720\" \/>\n\t<meta property=\"og:image:type\" content=\"image\/jpeg\" \/>\n<meta name=\"author\" content=\"portell\" \/>\n<meta name=\"twitter:card\" content=\"summary_large_image\" \/>\n<meta name=\"twitter:label1\" content=\"Escrit per\" \/>\n\t<meta name=\"twitter:data1\" content=\"portell\" \/>\n\t<meta name=\"twitter:label2\" content=\"Temps estimat de lectura\" \/>\n\t<meta name=\"twitter:data2\" content=\"1 minut\" \/>\n<script type=\"application\/ld+json\" class=\"yoast-schema-graph\">{\"@context\":\"https:\/\/schema.org\",\"@graph\":[{\"@type\":\"Article\",\"@id\":\"https:\/\/portelldemorella.org\/ca\/portellans-i-portellanes-es-refresquen-a-la-piscina\/#article\",\"isPartOf\":{\"@id\":\"https:\/\/portelldemorella.org\/ca\/portellans-i-portellanes-es-refresquen-a-la-piscina\/\"},\"author\":{\"name\":\"portell\",\"@id\":\"https:\/\/portelldemorella.org\/#\/schema\/person\/2adde77c454244acd163488ec723a88b\"},\"headline\":\"Portellans i portellanes es refresquen a la piscina\",\"datePublished\":\"2023-07-14T10:27:27+00:00\",\"dateModified\":\"2023-07-14T10:27:28+00:00\",\"mainEntityOfPage\":{\"@id\":\"https:\/\/portelldemorella.org\/ca\/portellans-i-portellanes-es-refresquen-a-la-piscina\/\"},\"wordCount\":92,\"commentCount\":0,\"publisher\":{\"@id\":\"https:\/\/portelldemorella.org\/#organization\"},\"image\":{\"@id\":\"https:\/\/portelldemorella.org\/ca\/portellans-i-portellanes-es-refresquen-a-la-piscina\/#primaryimage\"},\"thumbnailUrl\":\"https:\/\/portelldemorella.org\/wp-content\/uploads\/2023\/07\/Piscina-Portell.jpeg\",\"keywords\":[\"els ports\",\"portell\"],\"articleSection\":[\"Ayuntamiento\"],\"inLanguage\":\"ca\",\"potentialAction\":[{\"@type\":\"CommentAction\",\"name\":\"Comment\",\"target\":[\"https:\/\/portelldemorella.org\/ca\/portellans-i-portellanes-es-refresquen-a-la-piscina\/#respond\"]}]},{\"@type\":\"WebPage\",\"@id\":\"https:\/\/portelldemorella.org\/ca\/portellans-i-portellanes-es-refresquen-a-la-piscina\/\",\"url\":\"https:\/\/portelldemorella.org\/ca\/portellans-i-portellanes-es-refresquen-a-la-piscina\/\",\"name\":\"Portellans i portellanes es refresquen a la piscina - Portell de Morella\",\"isPartOf\":{\"@id\":\"https:\/\/portelldemorella.org\/#website\"},\"primaryImageOfPage\":{\"@id\":\"https:\/\/portelldemorella.org\/ca\/portellans-i-portellanes-es-refresquen-a-la-piscina\/#primaryimage\"},\"image\":{\"@id\":\"https:\/\/portelldemorella.org\/ca\/portellans-i-portellanes-es-refresquen-a-la-piscina\/#primaryimage\"},\"thumbnailUrl\":\"https:\/\/portelldemorella.org\/wp-content\/uploads\/2023\/07\/Piscina-Portell.jpeg\",\"datePublished\":\"2023-07-14T10:27:27+00:00\",\"dateModified\":\"2023-07-14T10:27:28+00:00\",\"breadcrumb\":{\"@id\":\"https:\/\/portelldemorella.org\/ca\/portellans-i-portellanes-es-refresquen-a-la-piscina\/#breadcrumb\"},\"inLanguage\":\"ca\",\"potentialAction\":[{\"@type\":\"ReadAction\",\"target\":[\"https:\/\/portelldemorella.org\/ca\/portellans-i-portellanes-es-refresquen-a-la-piscina\/\"]}]},{\"@type\":\"ImageObject\",\"inLanguage\":\"ca\",\"@id\":\"https:\/\/portelldemorella.org\/ca\/portellans-i-portellanes-es-refresquen-a-la-piscina\/#primaryimage\",\"url\":\"https:\/\/portelldemorella.org\/wp-content\/uploads\/2023\/07\/Piscina-Portell.jpeg\",\"contentUrl\":\"https:\/\/portelldemorella.org\/wp-content\/uploads\/2023\/07\/Piscina-Portell.jpeg\",\"width\":1600,\"height\":720},{\"@type\":\"BreadcrumbList\",\"@id\":\"https:\/\/portelldemorella.org\/ca\/portellans-i-portellanes-es-refresquen-a-la-piscina\/#breadcrumb\",\"itemListElement\":[{\"@type\":\"ListItem\",\"position\":1,\"name\":\"Portada\",\"item\":\"https:\/\/portelldemorella.org\/ca\/\"},{\"@type\":\"ListItem\",\"position\":2,\"name\":\"Portellans i portellanes es refresquen a la piscina\"}]},{\"@type\":\"WebSite\",\"@id\":\"https:\/\/portelldemorella.org\/#website\",\"url\":\"https:\/\/portelldemorella.org\/\",\"name\":\"Portell de Morella\",\"description\":\"Web del Ayuntamiento de Portell de Morella\",\"publisher\":{\"@id\":\"https:\/\/portelldemorella.org\/#organization\"},\"potentialAction\":[{\"@type\":\"SearchAction\",\"target\":{\"@type\":\"EntryPoint\",\"urlTemplate\":\"https:\/\/portelldemorella.org\/?s={search_term_string}\"},\"query-input\":{\"@type\":\"PropertyValueSpecification\",\"valueRequired\":true,\"valueName\":\"search_term_string\"}}],\"inLanguage\":\"ca\"},{\"@type\":\"Organization\",\"@id\":\"https:\/\/portelldemorella.org\/#organization\",\"name\":\"Portell de Morella\",\"url\":\"https:\/\/portelldemorella.org\/\",\"logo\":{\"@type\":\"ImageObject\",\"inLanguage\":\"ca\",\"@id\":\"https:\/\/portelldemorella.org\/#\/schema\/logo\/image\/\",\"url\":\"https:\/\/portelldemorella.org\/wp-content\/uploads\/2020\/11\/Escudo-Portell-04.jpg\",\"contentUrl\":\"https:\/\/portelldemorella.org\/wp-content\/uploads\/2020\/11\/Escudo-Portell-04.jpg\",\"width\":1001,\"height\":394,\"caption\":\"Portell de Morella\"},\"image\":{\"@id\":\"https:\/\/portelldemorella.org\/#\/schema\/logo\/image\/\"}},{\"@type\":\"Person\",\"@id\":\"https:\/\/portelldemorella.org\/#\/schema\/person\/2adde77c454244acd163488ec723a88b\",\"name\":\"portell\",\"image\":{\"@type\":\"ImageObject\",\"inLanguage\":\"ca\",\"@id\":\"https:\/\/portelldemorella.org\/#\/schema\/person\/image\/\",\"url\":\"https:\/\/secure.gravatar.com\/avatar\/077c6bd89604df620d2fa93a06be2531944cdd6826fd322dbd8b483fd84d6407?s=96&d=mm&r=g\",\"contentUrl\":\"https:\/\/secure.gravatar.com\/avatar\/077c6bd89604df620d2fa93a06be2531944cdd6826fd322dbd8b483fd84d6407?s=96&d=mm&r=g\",\"caption\":\"portell\"},\"sameAs\":[\"https:\/\/portelldemorella.org\"],\"url\":\"https:\/\/portelldemorella.org\/ca\/author\/portell\/\"}]}<\/script>\n<!-- \/ Yoast SEO plugin. -->","yoast_head_json":{"title":"Portellans i portellanes es refresquen a la piscina - Portell de Morella","robots":{"index":"noindex","follow":"follow","max-snippet":"max-snippet:-1","max-image-preview":"max-image-preview:large","max-video-preview":"max-video-preview:-1"},"og_locale":"ca_ES","og_type":"article","og_title":"Portellans i portellanes es refresquen a la piscina - Portell de Morella","og_description":"El passat dissabte, 8 de juliol, la piscina municipal de Portell va obrir les seues portes per a facilitar l&#8217;estiu als portellans i portellanes. Aquesta romandr\u00e0 oberta fins al 10 de setembre, de dilluns a dissabte de 12 h a 19.30 h, i els diumenges de 15 h a 19.30 h. A m\u00e9s, s&#8217;han ficat [&hellip;]","og_url":"https:\/\/portelldemorella.org\/ca\/portellans-i-portellanes-es-refresquen-a-la-piscina\/","og_site_name":"Portell de Morella","article_published_time":"2023-07-14T10:27:27+00:00","article_modified_time":"2023-07-14T10:27:28+00:00","og_image":[{"width":1600,"height":720,"url":"https:\/\/portelldemorella.org\/wp-content\/uploads\/2023\/07\/Piscina-Portell.jpeg","type":"image\/jpeg"}],"author":"portell","twitter_card":"summary_large_image","twitter_misc":{"Escrit per":"portell","Temps estimat de lectura":"1 minut"},"schema":{"@context":"https:\/\/schema.org","@graph":[{"@type":"Article","@id":"https:\/\/portelldemorella.org\/ca\/portellans-i-portellanes-es-refresquen-a-la-piscina\/#article","isPartOf":{"@id":"https:\/\/portelldemorella.org\/ca\/portellans-i-portellanes-es-refresquen-a-la-piscina\/"},"author":{"name":"portell","@id":"https:\/\/portelldemorella.org\/#\/schema\/person\/2adde77c454244acd163488ec723a88b"},"headline":"Portellans i portellanes es refresquen a la piscina","datePublished":"2023-07-14T10:27:27+00:00","dateModified":"2023-07-14T10:27:28+00:00","mainEntityOfPage":{"@id":"https:\/\/portelldemorella.org\/ca\/portellans-i-portellanes-es-refresquen-a-la-piscina\/"},"wordCount":92,"commentCount":0,"publisher":{"@id":"https:\/\/portelldemorella.org\/#organization"},"image":{"@id":"https:\/\/portelldemorella.org\/ca\/portellans-i-portellanes-es-refresquen-a-la-piscina\/#primaryimage"},"thumbnailUrl":"https:\/\/portelldemorella.org\/wp-content\/uploads\/2023\/07\/Piscina-Portell.jpeg","keywords":["els ports","portell"],"articleSection":["Ayuntamiento"],"inLanguage":"ca","potentialAction":[{"@type":"CommentAction","name":"Comment","target":["https:\/\/portelldemorella.org\/ca\/portellans-i-portellanes-es-refresquen-a-la-piscina\/#respond"]}]},{"@type":"WebPage","@id":"https:\/\/portelldemorella.org\/ca\/portellans-i-portellanes-es-refresquen-a-la-piscina\/","url":"https:\/\/portelldemorella.org\/ca\/portellans-i-portellanes-es-refresquen-a-la-piscina\/","name":"Portellans i portellanes es refresquen a la piscina - Portell de Morella","isPartOf":{"@id":"https:\/\/portelldemorella.org\/#website"},"primaryImageOfPage":{"@id":"https:\/\/portelldemorella.org\/ca\/portellans-i-portellanes-es-refresquen-a-la-piscina\/#primaryimage"},"image":{"@id":"https:\/\/portelldemorella.org\/ca\/portellans-i-portellanes-es-refresquen-a-la-piscina\/#primaryimage"},"thumbnailUrl":"https:\/\/portelldemorella.org\/wp-content\/uploads\/2023\/07\/Piscina-Portell.jpeg","datePublished":"2023-07-14T10:27:27+00:00","dateModified":"2023-07-14T10:27:28+00:00","breadcrumb":{"@id":"https:\/\/portelldemorella.org\/ca\/portellans-i-portellanes-es-refresquen-a-la-piscina\/#breadcrumb"},"inLanguage":"ca","potentialAction":[{"@type":"ReadAction","target":["https:\/\/portelldemorella.org\/ca\/portellans-i-portellanes-es-refresquen-a-la-piscina\/"]}]},{"@type":"ImageObject","inLanguage":"ca","@id":"https:\/\/portelldemorella.org\/ca\/portellans-i-portellanes-es-refresquen-a-la-piscina\/#primaryimage","url":"https:\/\/portelldemorella.org\/wp-content\/uploads\/2023\/07\/Piscina-Portell.jpeg","contentUrl":"https:\/\/portelldemorella.org\/wp-content\/uploads\/2023\/07\/Piscina-Portell.jpeg","width":1600,"height":720},{"@type":"BreadcrumbList","@id":"https:\/\/portelldemorella.org\/ca\/portellans-i-portellanes-es-refresquen-a-la-piscina\/#breadcrumb","itemListElement":[{"@type":"ListItem","position":1,"name":"Portada","item":"https:\/\/portelldemorella.org\/ca\/"},{"@type":"ListItem","position":2,"name":"Portellans i portellanes es refresquen a la piscina"}]},{"@type":"WebSite","@id":"https:\/\/portelldemorella.org\/#website","url":"https:\/\/portelldemorella.org\/","name":"Portell de Morella","description":"Web del Ayuntamiento de Portell de Morella","publisher":{"@id":"https:\/\/portelldemorella.org\/#organization"},"potentialAction":[{"@type":"SearchAction","target":{"@type":"EntryPoint","urlTemplate":"https:\/\/portelldemorella.org\/?s={search_term_string}"},"query-input":{"@type":"PropertyValueSpecification","valueRequired":true,"valueName":"search_term_string"}}],"inLanguage":"ca"},{"@type":"Organization","@id":"https:\/\/portelldemorella.org\/#organization","name":"Portell de Morella","url":"https:\/\/portelldemorella.org\/","logo":{"@type":"ImageObject","inLanguage":"ca","@id":"https:\/\/portelldemorella.org\/#\/schema\/logo\/image\/","url":"https:\/\/portelldemorella.org\/wp-content\/uploads\/2020\/11\/Escudo-Portell-04.jpg","contentUrl":"https:\/\/portelldemorella.org\/wp-content\/uploads\/2020\/11\/Escudo-Portell-04.jpg","width":1001,"height":394,"caption":"Portell de Morella"},"image":{"@id":"https:\/\/portelldemorella.org\/#\/schema\/logo\/image\/"}},{"@type":"Person","@id":"https:\/\/portelldemorella.org\/#\/schema\/person\/2adde77c454244acd163488ec723a88b","name":"portell","image":{"@type":"ImageObject","inLanguage":"ca","@id":"https:\/\/portelldemorella.org\/#\/schema\/person\/image\/","url":"https:\/\/secure.gravatar.com\/avatar\/077c6bd89604df620d2fa93a06be2531944cdd6826fd322dbd8b483fd84d6407?s=96&d=mm&r=g","contentUrl":"https:\/\/secure.gravatar.com\/avatar\/077c6bd89604df620d2fa93a06be2531944cdd6826fd322dbd8b483fd84d6407?s=96&d=mm&r=g","caption":"portell"},"sameAs":["https:\/\/portelldemorella.org"],"url":"https:\/\/portelldemorella.org\/ca\/author\/portell\/"}]}},"_links":{"self":[{"href":"https:\/\/portelldemorella.org\/ca\/wp-json\/wp\/v2\/posts\/7783","targetHints":{"allow":["GET"]}}],"collection":[{"href":"https:\/\/portelldemorella.org\/ca\/wp-json\/wp\/v2\/posts"}],"about":[{"href":"https:\/\/portelldemorella.org\/ca\/wp-json\/wp\/v2\/types\/post"}],"author":[{"embeddable":true,"href":"https:\/\/portelldemorella.org\/ca\/wp-json\/wp\/v2\/users\/1"}],"replies":[{"embeddable":true,"href":"https:\/\/portelldemorella.org\/ca\/wp-json\/wp\/v2\/comments?post=7783"}],"version-history":[{"count":1,"href":"https:\/\/portelldemorella.org\/ca\/wp-json\/wp\/v2\/posts\/7783\/revisions"}],"predecessor-version":[{"id":7784,"href":"https:\/\/portelldemorella.org\/ca\/wp-json\/wp\/v2\/posts\/7783\/revisions\/7784"}],"wp:featuredmedia":[{"embeddable":true,"href":"https:\/\/portelldemorella.org\/ca\/wp-json\/wp\/v2\/media\/7781"}],"wp:attachment":[{"href":"https:\/\/portelldemorella.org\/ca\/wp-json\/wp\/v2\/media?parent=7783"}],"wp:term":[{"taxonomy":"category","embeddable":true,"href":"https:\/\/portelldemorella.org\/ca\/wp-json\/wp\/v2\/categories?post=7783"},{"taxonomy":"post_tag","embeddable":true,"href":"https:\/\/portelldemorella.org\/ca\/wp-json\/wp\/v2\/tags?post=7783"}],"curies":[{"name":"wp","href":"https:\/\/api.w.org\/{rel}","templated":true}]}}