{"id":7786,"date":"2023-07-28T08:37:40","date_gmt":"2023-07-28T08:37:40","guid":{"rendered":"https:\/\/portelldemorella.org\/?p=7786"},"modified":"2023-07-28T08:37:58","modified_gmt":"2023-07-28T08:37:58","slug":"portell-millora-la-xarxa-de-proveiment-daigua","status":"publish","type":"post","link":"https:\/\/portelldemorella.org\/ca\/portell-millora-la-xarxa-de-proveiment-daigua\/","title":{"rendered":"Portell millora la xarxa de prove\u00efment d&#8217;aigua"},"content":{"rendered":"\n<p>En les pr\u00f2ximes setmanes finalitzaran les obres d&#8217;instal\u00b7laci\u00f3 de la canalitzaci\u00f3 subterr\u00e0nia de la xarxa de captaci\u00f3 de prove\u00efment d&#8217;aigua des del brollador del Mas Cremat fins al dep\u00f2sit de Covatelles. L&#8217;import dels treballs ha ascendit a 180.000 euros IVA incl\u00f2s, dels quals l&#8217;Ajuntament es deduir\u00e0 l&#8217;IVA i el Pla Avan\u00e7a de la Diputaci\u00f3 de Castell\u00f3 aporta 85.919,13 euros. La difer\u00e8ncia fins al cost total ha sigut aportada de fons propis de l&#8217;Ajuntament. L&#8217;actuaci\u00f3 ha consistit en la creaci\u00f3 d&#8217;una nova conducci\u00f3 des del brollador fins al dep\u00f2sit, amb un recorregut de 2.820 ml, i la substituci\u00f3 de les connexions entre el brollador i el dep\u00f2sit amb la conducci\u00f3.<\/p>\n\n\n\n<p>&#8220;La substituci\u00f3 de la xarxa actual d&#8217;aigua millora la distribuci\u00f3 de la mateixa i evitar\u00e0 problemes de disponibilitat dels recursos h\u00eddrics al poble. A m\u00e9s, ara s&#8217;aportar\u00e0 aigua sense haver d&#8217;utilitzar cap bomba addicional i, per tant, sense cost addicional per al poble, ja que l&#8217;aigua va des de la font del Mas Cremat, situada en la zona de Cabrelles, fins al dep\u00f2sit de distribuci\u00f3 per decantaci\u00f3&#8221; indica l&#8217;alcalde, \u00c1lvaro Ferrer.<\/p>\n","protected":false},"excerpt":{"rendered":"<p>En les pr\u00f2ximes setmanes finalitzaran les obres d&#8217;instal\u00b7laci\u00f3 de la canalitzaci\u00f3 subterr\u00e0nia de la xarxa de captaci\u00f3 de prove\u00efment d&#8217;aigua des del brollador del Mas Cremat fins al dep\u00f2sit de Covatelles. L&#8217;import dels treballs ha ascendit a 180.000 euros IVA incl\u00f2s, dels quals l&#8217;Ajuntament es deduir\u00e0 l&#8217;IVA i el Pla Avan\u00e7a de la Diputaci\u00f3 de [&hellip;]<\/p>\n","protected":false},"author":1,"featured_media":7787,"comment_status":"open","ping_status":"open","sticky":false,"template":"","format":"standard","meta":{"footnotes":""},"categories":[96],"tags":[170,171,142,98],"class_list":["post-7786","post","type-post","status-publish","format-standard","has-post-thumbnail","hentry","category-ayuntamiento","tag-ajuntament-de-portell","tag-diputacio-de-castello","tag-obres","tag-portell"],"yoast_head":"<!-- This site is optimized with the Yoast SEO plugin v24.4 - https:\/\/yoast.com\/wordpress\/plugins\/seo\/ -->\n<title>Portell millora la xarxa de prove\u00efment d&#039;aigua - Portell de Morella<\/title>\n<meta name=\"robots\" content=\"noindex, follow, max-snippet:-1, max-image-preview:large, max-video-preview:-1\" \/>\n<meta property=\"og:locale\" content=\"ca_ES\" \/>\n<meta property=\"og:type\" content=\"article\" \/>\n<meta property=\"og:title\" content=\"Portell millora la xarxa de prove\u00efment d&#039;aigua - Portell de Morella\" \/>\n<meta property=\"og:description\" content=\"En les pr\u00f2ximes setmanes finalitzaran les obres d&#8217;instal\u00b7laci\u00f3 de la canalitzaci\u00f3 subterr\u00e0nia de la xarxa de captaci\u00f3 de prove\u00efment d&#8217;aigua des del brollador del Mas Cremat fins al dep\u00f2sit de Covatelles. L&#8217;import dels treballs ha ascendit a 180.000 euros IVA incl\u00f2s, dels quals l&#8217;Ajuntament es deduir\u00e0 l&#8217;IVA i el Pla Avan\u00e7a de la Diputaci\u00f3 de [&hellip;]\" \/>\n<meta property=\"og:url\" content=\"https:\/\/portelldemorella.org\/ca\/portell-millora-la-xarxa-de-proveiment-daigua\/\" \/>\n<meta property=\"og:site_name\" content=\"Portell de Morella\" \/>\n<meta property=\"article:published_time\" content=\"2023-07-28T08:37:40+00:00\" \/>\n<meta property=\"article:modified_time\" content=\"2023-07-28T08:37:58+00:00\" \/>\n<meta property=\"og:image\" content=\"https:\/\/portelldemorella.org\/wp-content\/uploads\/2023\/07\/Portell-reparaciones-agua-1.jpeg\" \/>\n\t<meta property=\"og:image:width\" content=\"1600\" \/>\n\t<meta property=\"og:image:height\" content=\"1200\" \/>\n\t<meta property=\"og:image:type\" content=\"image\/jpeg\" \/>\n<meta name=\"author\" content=\"portell\" \/>\n<meta name=\"twitter:card\" content=\"summary_large_image\" \/>\n<meta name=\"twitter:label1\" content=\"Escrit per\" \/>\n\t<meta name=\"twitter:data1\" content=\"portell\" \/>\n\t<meta name=\"twitter:label2\" content=\"Temps estimat de lectura\" \/>\n\t<meta name=\"twitter:data2\" content=\"1 minut\" \/>\n<script type=\"application\/ld+json\" class=\"yoast-schema-graph\">{\"@context\":\"https:\/\/schema.org\",\"@graph\":[{\"@type\":\"Article\",\"@id\":\"https:\/\/portelldemorella.org\/ca\/portell-millora-la-xarxa-de-proveiment-daigua\/#article\",\"isPartOf\":{\"@id\":\"https:\/\/portelldemorella.org\/ca\/portell-millora-la-xarxa-de-proveiment-daigua\/\"},\"author\":{\"name\":\"portell\",\"@id\":\"https:\/\/portelldemorella.org\/#\/schema\/person\/2adde77c454244acd163488ec723a88b\"},\"headline\":\"Portell millora la xarxa de prove\u00efment d&#8217;aigua\",\"datePublished\":\"2023-07-28T08:37:40+00:00\",\"dateModified\":\"2023-07-28T08:37:58+00:00\",\"mainEntityOfPage\":{\"@id\":\"https:\/\/portelldemorella.org\/ca\/portell-millora-la-xarxa-de-proveiment-daigua\/\"},\"wordCount\":198,\"commentCount\":0,\"publisher\":{\"@id\":\"https:\/\/portelldemorella.org\/#organization\"},\"image\":{\"@id\":\"https:\/\/portelldemorella.org\/ca\/portell-millora-la-xarxa-de-proveiment-daigua\/#primaryimage\"},\"thumbnailUrl\":\"https:\/\/portelldemorella.org\/wp-content\/uploads\/2023\/07\/Portell-reparaciones-agua-1.jpeg\",\"keywords\":[\"Ajuntament de Portell\",\"Diputaci\u00f3 de Castell\u00f3\",\"obres\",\"portell\"],\"articleSection\":[\"Ayuntamiento\"],\"inLanguage\":\"ca\",\"potentialAction\":[{\"@type\":\"CommentAction\",\"name\":\"Comment\",\"target\":[\"https:\/\/portelldemorella.org\/ca\/portell-millora-la-xarxa-de-proveiment-daigua\/#respond\"]}]},{\"@type\":\"WebPage\",\"@id\":\"https:\/\/portelldemorella.org\/ca\/portell-millora-la-xarxa-de-proveiment-daigua\/\",\"url\":\"https:\/\/portelldemorella.org\/ca\/portell-millora-la-xarxa-de-proveiment-daigua\/\",\"name\":\"Portell millora la xarxa de prove\u00efment d'aigua - Portell de Morella\",\"isPartOf\":{\"@id\":\"https:\/\/portelldemorella.org\/#website\"},\"primaryImageOfPage\":{\"@id\":\"https:\/\/portelldemorella.org\/ca\/portell-millora-la-xarxa-de-proveiment-daigua\/#primaryimage\"},\"image\":{\"@id\":\"https:\/\/portelldemorella.org\/ca\/portell-millora-la-xarxa-de-proveiment-daigua\/#primaryimage\"},\"thumbnailUrl\":\"https:\/\/portelldemorella.org\/wp-content\/uploads\/2023\/07\/Portell-reparaciones-agua-1.jpeg\",\"datePublished\":\"2023-07-28T08:37:40+00:00\",\"dateModified\":\"2023-07-28T08:37:58+00:00\",\"breadcrumb\":{\"@id\":\"https:\/\/portelldemorella.org\/ca\/portell-millora-la-xarxa-de-proveiment-daigua\/#breadcrumb\"},\"inLanguage\":\"ca\",\"potentialAction\":[{\"@type\":\"ReadAction\",\"target\":[\"https:\/\/portelldemorella.org\/ca\/portell-millora-la-xarxa-de-proveiment-daigua\/\"]}]},{\"@type\":\"ImageObject\",\"inLanguage\":\"ca\",\"@id\":\"https:\/\/portelldemorella.org\/ca\/portell-millora-la-xarxa-de-proveiment-daigua\/#primaryimage\",\"url\":\"https:\/\/portelldemorella.org\/wp-content\/uploads\/2023\/07\/Portell-reparaciones-agua-1.jpeg\",\"contentUrl\":\"https:\/\/portelldemorella.org\/wp-content\/uploads\/2023\/07\/Portell-reparaciones-agua-1.jpeg\",\"width\":1600,\"height\":1200},{\"@type\":\"BreadcrumbList\",\"@id\":\"https:\/\/portelldemorella.org\/ca\/portell-millora-la-xarxa-de-proveiment-daigua\/#breadcrumb\",\"itemListElement\":[{\"@type\":\"ListItem\",\"position\":1,\"name\":\"Portada\",\"item\":\"https:\/\/portelldemorella.org\/ca\/\"},{\"@type\":\"ListItem\",\"position\":2,\"name\":\"Portell millora la xarxa de prove\u00efment d&#8217;aigua\"}]},{\"@type\":\"WebSite\",\"@id\":\"https:\/\/portelldemorella.org\/#website\",\"url\":\"https:\/\/portelldemorella.org\/\",\"name\":\"Portell de Morella\",\"description\":\"Web del Ayuntamiento de Portell de Morella\",\"publisher\":{\"@id\":\"https:\/\/portelldemorella.org\/#organization\"},\"potentialAction\":[{\"@type\":\"SearchAction\",\"target\":{\"@type\":\"EntryPoint\",\"urlTemplate\":\"https:\/\/portelldemorella.org\/?s={search_term_string}\"},\"query-input\":{\"@type\":\"PropertyValueSpecification\",\"valueRequired\":true,\"valueName\":\"search_term_string\"}}],\"inLanguage\":\"ca\"},{\"@type\":\"Organization\",\"@id\":\"https:\/\/portelldemorella.org\/#organization\",\"name\":\"Portell de Morella\",\"url\":\"https:\/\/portelldemorella.org\/\",\"logo\":{\"@type\":\"ImageObject\",\"inLanguage\":\"ca\",\"@id\":\"https:\/\/portelldemorella.org\/#\/schema\/logo\/image\/\",\"url\":\"https:\/\/portelldemorella.org\/wp-content\/uploads\/2020\/11\/Escudo-Portell-04.jpg\",\"contentUrl\":\"https:\/\/portelldemorella.org\/wp-content\/uploads\/2020\/11\/Escudo-Portell-04.jpg\",\"width\":1001,\"height\":394,\"caption\":\"Portell de Morella\"},\"image\":{\"@id\":\"https:\/\/portelldemorella.org\/#\/schema\/logo\/image\/\"}},{\"@type\":\"Person\",\"@id\":\"https:\/\/portelldemorella.org\/#\/schema\/person\/2adde77c454244acd163488ec723a88b\",\"name\":\"portell\",\"image\":{\"@type\":\"ImageObject\",\"inLanguage\":\"ca\",\"@id\":\"https:\/\/portelldemorella.org\/#\/schema\/person\/image\/\",\"url\":\"https:\/\/secure.gravatar.com\/avatar\/077c6bd89604df620d2fa93a06be2531944cdd6826fd322dbd8b483fd84d6407?s=96&d=mm&r=g\",\"contentUrl\":\"https:\/\/secure.gravatar.com\/avatar\/077c6bd89604df620d2fa93a06be2531944cdd6826fd322dbd8b483fd84d6407?s=96&d=mm&r=g\",\"caption\":\"portell\"},\"sameAs\":[\"https:\/\/portelldemorella.org\"],\"url\":\"https:\/\/portelldemorella.org\/ca\/author\/portell\/\"}]}<\/script>\n<!-- \/ Yoast SEO plugin. -->","yoast_head_json":{"title":"Portell millora la xarxa de prove\u00efment d'aigua - Portell de Morella","robots":{"index":"noindex","follow":"follow","max-snippet":"max-snippet:-1","max-image-preview":"max-image-preview:large","max-video-preview":"max-video-preview:-1"},"og_locale":"ca_ES","og_type":"article","og_title":"Portell millora la xarxa de prove\u00efment d'aigua - Portell de Morella","og_description":"En les pr\u00f2ximes setmanes finalitzaran les obres d&#8217;instal\u00b7laci\u00f3 de la canalitzaci\u00f3 subterr\u00e0nia de la xarxa de captaci\u00f3 de prove\u00efment d&#8217;aigua des del brollador del Mas Cremat fins al dep\u00f2sit de Covatelles. L&#8217;import dels treballs ha ascendit a 180.000 euros IVA incl\u00f2s, dels quals l&#8217;Ajuntament es deduir\u00e0 l&#8217;IVA i el Pla Avan\u00e7a de la Diputaci\u00f3 de [&hellip;]","og_url":"https:\/\/portelldemorella.org\/ca\/portell-millora-la-xarxa-de-proveiment-daigua\/","og_site_name":"Portell de Morella","article_published_time":"2023-07-28T08:37:40+00:00","article_modified_time":"2023-07-28T08:37:58+00:00","og_image":[{"width":1600,"height":1200,"url":"https:\/\/portelldemorella.org\/wp-content\/uploads\/2023\/07\/Portell-reparaciones-agua-1.jpeg","type":"image\/jpeg"}],"author":"portell","twitter_card":"summary_large_image","twitter_misc":{"Escrit per":"portell","Temps estimat de lectura":"1 minut"},"schema":{"@context":"https:\/\/schema.org","@graph":[{"@type":"Article","@id":"https:\/\/portelldemorella.org\/ca\/portell-millora-la-xarxa-de-proveiment-daigua\/#article","isPartOf":{"@id":"https:\/\/portelldemorella.org\/ca\/portell-millora-la-xarxa-de-proveiment-daigua\/"},"author":{"name":"portell","@id":"https:\/\/portelldemorella.org\/#\/schema\/person\/2adde77c454244acd163488ec723a88b"},"headline":"Portell millora la xarxa de prove\u00efment d&#8217;aigua","datePublished":"2023-07-28T08:37:40+00:00","dateModified":"2023-07-28T08:37:58+00:00","mainEntityOfPage":{"@id":"https:\/\/portelldemorella.org\/ca\/portell-millora-la-xarxa-de-proveiment-daigua\/"},"wordCount":198,"commentCount":0,"publisher":{"@id":"https:\/\/portelldemorella.org\/#organization"},"image":{"@id":"https:\/\/portelldemorella.org\/ca\/portell-millora-la-xarxa-de-proveiment-daigua\/#primaryimage"},"thumbnailUrl":"https:\/\/portelldemorella.org\/wp-content\/uploads\/2023\/07\/Portell-reparaciones-agua-1.jpeg","keywords":["Ajuntament de Portell","Diputaci\u00f3 de Castell\u00f3","obres","portell"],"articleSection":["Ayuntamiento"],"inLanguage":"ca","potentialAction":[{"@type":"CommentAction","name":"Comment","target":["https:\/\/portelldemorella.org\/ca\/portell-millora-la-xarxa-de-proveiment-daigua\/#respond"]}]},{"@type":"WebPage","@id":"https:\/\/portelldemorella.org\/ca\/portell-millora-la-xarxa-de-proveiment-daigua\/","url":"https:\/\/portelldemorella.org\/ca\/portell-millora-la-xarxa-de-proveiment-daigua\/","name":"Portell millora la xarxa de prove\u00efment d'aigua - Portell de Morella","isPartOf":{"@id":"https:\/\/portelldemorella.org\/#website"},"primaryImageOfPage":{"@id":"https:\/\/portelldemorella.org\/ca\/portell-millora-la-xarxa-de-proveiment-daigua\/#primaryimage"},"image":{"@id":"https:\/\/portelldemorella.org\/ca\/portell-millora-la-xarxa-de-proveiment-daigua\/#primaryimage"},"thumbnailUrl":"https:\/\/portelldemorella.org\/wp-content\/uploads\/2023\/07\/Portell-reparaciones-agua-1.jpeg","datePublished":"2023-07-28T08:37:40+00:00","dateModified":"2023-07-28T08:37:58+00:00","breadcrumb":{"@id":"https:\/\/portelldemorella.org\/ca\/portell-millora-la-xarxa-de-proveiment-daigua\/#breadcrumb"},"inLanguage":"ca","potentialAction":[{"@type":"ReadAction","target":["https:\/\/portelldemorella.org\/ca\/portell-millora-la-xarxa-de-proveiment-daigua\/"]}]},{"@type":"ImageObject","inLanguage":"ca","@id":"https:\/\/portelldemorella.org\/ca\/portell-millora-la-xarxa-de-proveiment-daigua\/#primaryimage","url":"https:\/\/portelldemorella.org\/wp-content\/uploads\/2023\/07\/Portell-reparaciones-agua-1.jpeg","contentUrl":"https:\/\/portelldemorella.org\/wp-content\/uploads\/2023\/07\/Portell-reparaciones-agua-1.jpeg","width":1600,"height":1200},{"@type":"BreadcrumbList","@id":"https:\/\/portelldemorella.org\/ca\/portell-millora-la-xarxa-de-proveiment-daigua\/#breadcrumb","itemListElement":[{"@type":"ListItem","position":1,"name":"Portada","item":"https:\/\/portelldemorella.org\/ca\/"},{"@type":"ListItem","position":2,"name":"Portell millora la xarxa de prove\u00efment d&#8217;aigua"}]},{"@type":"WebSite","@id":"https:\/\/portelldemorella.org\/#website","url":"https:\/\/portelldemorella.org\/","name":"Portell de Morella","description":"Web del Ayuntamiento de Portell de Morella","publisher":{"@id":"https:\/\/portelldemorella.org\/#organization"},"potentialAction":[{"@type":"SearchAction","target":{"@type":"EntryPoint","urlTemplate":"https:\/\/portelldemorella.org\/?s={search_term_string}"},"query-input":{"@type":"PropertyValueSpecification","valueRequired":true,"valueName":"search_term_string"}}],"inLanguage":"ca"},{"@type":"Organization","@id":"https:\/\/portelldemorella.org\/#organization","name":"Portell de Morella","url":"https:\/\/portelldemorella.org\/","logo":{"@type":"ImageObject","inLanguage":"ca","@id":"https:\/\/portelldemorella.org\/#\/schema\/logo\/image\/","url":"https:\/\/portelldemorella.org\/wp-content\/uploads\/2020\/11\/Escudo-Portell-04.jpg","contentUrl":"https:\/\/portelldemorella.org\/wp-content\/uploads\/2020\/11\/Escudo-Portell-04.jpg","width":1001,"height":394,"caption":"Portell de Morella"},"image":{"@id":"https:\/\/portelldemorella.org\/#\/schema\/logo\/image\/"}},{"@type":"Person","@id":"https:\/\/portelldemorella.org\/#\/schema\/person\/2adde77c454244acd163488ec723a88b","name":"portell","image":{"@type":"ImageObject","inLanguage":"ca","@id":"https:\/\/portelldemorella.org\/#\/schema\/person\/image\/","url":"https:\/\/secure.gravatar.com\/avatar\/077c6bd89604df620d2fa93a06be2531944cdd6826fd322dbd8b483fd84d6407?s=96&d=mm&r=g","contentUrl":"https:\/\/secure.gravatar.com\/avatar\/077c6bd89604df620d2fa93a06be2531944cdd6826fd322dbd8b483fd84d6407?s=96&d=mm&r=g","caption":"portell"},"sameAs":["https:\/\/portelldemorella.org"],"url":"https:\/\/portelldemorella.org\/ca\/author\/portell\/"}]}},"_links":{"self":[{"href":"https:\/\/portelldemorella.org\/ca\/wp-json\/wp\/v2\/posts\/7786","targetHints":{"allow":["GET"]}}],"collection":[{"href":"https:\/\/portelldemorella.org\/ca\/wp-json\/wp\/v2\/posts"}],"about":[{"href":"https:\/\/portelldemorella.org\/ca\/wp-json\/wp\/v2\/types\/post"}],"author":[{"embeddable":true,"href":"https:\/\/portelldemorella.org\/ca\/wp-json\/wp\/v2\/users\/1"}],"replies":[{"embeddable":true,"href":"https:\/\/portelldemorella.org\/ca\/wp-json\/wp\/v2\/comments?post=7786"}],"version-history":[{"count":1,"href":"https:\/\/portelldemorella.org\/ca\/wp-json\/wp\/v2\/posts\/7786\/revisions"}],"predecessor-version":[{"id":7789,"href":"https:\/\/portelldemorella.org\/ca\/wp-json\/wp\/v2\/posts\/7786\/revisions\/7789"}],"wp:featuredmedia":[{"embeddable":true,"href":"https:\/\/portelldemorella.org\/ca\/wp-json\/wp\/v2\/media\/7787"}],"wp:attachment":[{"href":"https:\/\/portelldemorella.org\/ca\/wp-json\/wp\/v2\/media?parent=7786"}],"wp:term":[{"taxonomy":"category","embeddable":true,"href":"https:\/\/portelldemorella.org\/ca\/wp-json\/wp\/v2\/categories?post=7786"},{"taxonomy":"post_tag","embeddable":true,"href":"https:\/\/portelldemorella.org\/ca\/wp-json\/wp\/v2\/tags?post=7786"}],"curies":[{"name":"wp","href":"https:\/\/api.w.org\/{rel}","templated":true}]}}