{"id":7796,"date":"2023-08-01T11:31:14","date_gmt":"2023-08-01T11:31:14","guid":{"rendered":"https:\/\/portelldemorella.org\/portell-mejora-el-pavimento-y-la-red-de-saneamiento-de-las-calles-iglesia-y-calvario\/"},"modified":"2023-08-01T11:37:18","modified_gmt":"2023-08-01T11:37:18","slug":"portell-mejora-el-pavimento-y-la-red-de-saneamiento-de-las-calles-iglesia-y-calvario","status":"publish","type":"post","link":"https:\/\/portelldemorella.org\/ca\/portell-mejora-el-pavimento-y-la-red-de-saneamiento-de-las-calles-iglesia-y-calvario\/","title":{"rendered":"Portell millora el paviment i la xarxa de sanejament dels carrers Esgl\u00e9sia i Calvari"},"content":{"rendered":"\n<p>En pr\u00f2ximes setmanes comen\u00e7aran les obres de reurbanitzaci\u00f3 del carrer Esgl\u00e9sia i de millora de la xarxa de sanejament dels carrers Esgl\u00e9sia i Calvari. Les obres, que ascendeixen a 201.554,23 euros, consistiran en el canvi i millora del paviment existent i l&#8217;anivellament d&#8217;aquest, la renovaci\u00f3 de la xarxa de sanejament, de l&#8217;enllumenat i d&#8217;aigua potable. Abans d&#8217;escometre les obres de realitzaran les demolicions pertinents, tant de manera manual com amb maquin\u00e0ria espec\u00edfica depenent de les necessitats de l&#8217;actuaci\u00f3.<\/p>\n\n\n\n<p>Quant a la xarxa de sanejament, es modificar\u00e0 el recorregut actual de la xarxa amb la creaci\u00f3 d&#8217;un nou pou de connexi\u00f3 entre el carrer Esgl\u00e9sia i el carrer Calvari i es construir\u00e0 un nou col\u00b7lector fins al pou de l&#8217;avinguda Sant Isidre, de manera que la xarxa projectada ser\u00e0 d&#8217;est-oest, evitant el recorregut actual per tot el nucli urb\u00e0 fins al punt de desgu\u00e0s. Tamb\u00e9 es renovaran alguns elements en l&#8217;extrem amb el carrer Nou i es renovaran les escomeses domicili\u00e0ries afectades.<\/p>\n\n\n\n<p>&#8220;Amb les obres millorarem dos dels nostres carrers principals. La millora del paviment \u00e9s fonamental per a facilitar el pas de vianants i amb el canvi de la xarxa de sanejament augmentarem la seua efici\u00e8ncia&#8221; afirma l&#8217;alcalde, \u00c1lvaro Ferrer.<\/p>\n","protected":false},"excerpt":{"rendered":"<p>En pr\u00f2ximes setmanes comen\u00e7aran les obres de reurbanitzaci\u00f3 del carrer Esgl\u00e9sia i de millora de la xarxa de sanejament dels carrers Esgl\u00e9sia i Calvari. Les obres, que ascendeixen a 201.554,23 euros, consistiran en el canvi i millora del paviment existent i l&#8217;anivellament d&#8217;aquest, la renovaci\u00f3 de la xarxa de sanejament, de l&#8217;enllumenat i d&#8217;aigua potable. [&hellip;]<\/p>\n","protected":false},"author":1,"featured_media":7794,"comment_status":"open","ping_status":"open","sticky":false,"template":"","format":"standard","meta":{"footnotes":""},"categories":[97],"tags":[143,107],"class_list":["post-7796","post","type-post","status-publish","format-standard","has-post-thumbnail","hentry","category-ayuntamiento-ca","tag-mejoras-ca","tag-portell-ca"],"yoast_head":"<!-- This site is optimized with the Yoast SEO plugin v24.4 - https:\/\/yoast.com\/wordpress\/plugins\/seo\/ -->\n<title>Portell millora el paviment i la xarxa de sanejament dels carrers Esgl\u00e9sia i Calvari - Portell de Morella<\/title>\n<meta name=\"robots\" content=\"noindex, follow, max-snippet:-1, max-image-preview:large, max-video-preview:-1\" \/>\n<meta property=\"og:locale\" content=\"ca_ES\" \/>\n<meta property=\"og:type\" content=\"article\" \/>\n<meta property=\"og:title\" content=\"Portell millora el paviment i la xarxa de sanejament dels carrers Esgl\u00e9sia i Calvari - Portell de Morella\" \/>\n<meta property=\"og:description\" content=\"En pr\u00f2ximes setmanes comen\u00e7aran les obres de reurbanitzaci\u00f3 del carrer Esgl\u00e9sia i de millora de la xarxa de sanejament dels carrers Esgl\u00e9sia i Calvari. Les obres, que ascendeixen a 201.554,23 euros, consistiran en el canvi i millora del paviment existent i l&#8217;anivellament d&#8217;aquest, la renovaci\u00f3 de la xarxa de sanejament, de l&#8217;enllumenat i d&#8217;aigua potable. [&hellip;]\" \/>\n<meta property=\"og:url\" content=\"https:\/\/portelldemorella.org\/ca\/portell-mejora-el-pavimento-y-la-red-de-saneamiento-de-las-calles-iglesia-y-calvario\/\" \/>\n<meta property=\"og:site_name\" content=\"Portell de Morella\" \/>\n<meta property=\"article:published_time\" content=\"2023-08-01T11:31:14+00:00\" \/>\n<meta property=\"article:modified_time\" content=\"2023-08-01T11:37:18+00:00\" \/>\n<meta property=\"og:image\" content=\"https:\/\/portelldemorella.org\/wp-content\/uploads\/2023\/08\/Portell-millora-el-paviment-i-la-xarxa-de-sanejament-dels-carrers-Esglesia-i-Calvari-2.jpeg\" \/>\n\t<meta property=\"og:image:width\" content=\"935\" \/>\n\t<meta property=\"og:image:height\" content=\"701\" \/>\n\t<meta property=\"og:image:type\" content=\"image\/jpeg\" \/>\n<meta name=\"author\" content=\"portell\" \/>\n<meta name=\"twitter:card\" content=\"summary_large_image\" \/>\n<meta name=\"twitter:label1\" content=\"Escrit per\" \/>\n\t<meta name=\"twitter:data1\" content=\"portell\" \/>\n\t<meta name=\"twitter:label2\" content=\"Temps estimat de lectura\" \/>\n\t<meta name=\"twitter:data2\" content=\"1 minut\" \/>\n<script type=\"application\/ld+json\" class=\"yoast-schema-graph\">{\"@context\":\"https:\/\/schema.org\",\"@graph\":[{\"@type\":\"Article\",\"@id\":\"https:\/\/portelldemorella.org\/ca\/portell-mejora-el-pavimento-y-la-red-de-saneamiento-de-las-calles-iglesia-y-calvario\/#article\",\"isPartOf\":{\"@id\":\"https:\/\/portelldemorella.org\/ca\/portell-mejora-el-pavimento-y-la-red-de-saneamiento-de-las-calles-iglesia-y-calvario\/\"},\"author\":{\"name\":\"portell\",\"@id\":\"https:\/\/portelldemorella.org\/#\/schema\/person\/2adde77c454244acd163488ec723a88b\"},\"headline\":\"Portell millora el paviment i la xarxa de sanejament dels carrers Esgl\u00e9sia i Calvari\",\"datePublished\":\"2023-08-01T11:31:14+00:00\",\"dateModified\":\"2023-08-01T11:37:18+00:00\",\"mainEntityOfPage\":{\"@id\":\"https:\/\/portelldemorella.org\/ca\/portell-mejora-el-pavimento-y-la-red-de-saneamiento-de-las-calles-iglesia-y-calvario\/\"},\"wordCount\":225,\"commentCount\":0,\"publisher\":{\"@id\":\"https:\/\/portelldemorella.org\/#organization\"},\"image\":{\"@id\":\"https:\/\/portelldemorella.org\/ca\/portell-mejora-el-pavimento-y-la-red-de-saneamiento-de-las-calles-iglesia-y-calvario\/#primaryimage\"},\"thumbnailUrl\":\"https:\/\/portelldemorella.org\/wp-content\/uploads\/2023\/08\/Portell-millora-el-paviment-i-la-xarxa-de-sanejament-dels-carrers-Esglesia-i-Calvari-2.jpeg\",\"keywords\":[\"mejoras\",\"portell\"],\"articleSection\":[\"Ayuntamiento\"],\"inLanguage\":\"ca\",\"potentialAction\":[{\"@type\":\"CommentAction\",\"name\":\"Comment\",\"target\":[\"https:\/\/portelldemorella.org\/ca\/portell-mejora-el-pavimento-y-la-red-de-saneamiento-de-las-calles-iglesia-y-calvario\/#respond\"]}]},{\"@type\":\"WebPage\",\"@id\":\"https:\/\/portelldemorella.org\/ca\/portell-mejora-el-pavimento-y-la-red-de-saneamiento-de-las-calles-iglesia-y-calvario\/\",\"url\":\"https:\/\/portelldemorella.org\/ca\/portell-mejora-el-pavimento-y-la-red-de-saneamiento-de-las-calles-iglesia-y-calvario\/\",\"name\":\"Portell millora el paviment i la xarxa de sanejament dels carrers Esgl\u00e9sia i Calvari - Portell de Morella\",\"isPartOf\":{\"@id\":\"https:\/\/portelldemorella.org\/#website\"},\"primaryImageOfPage\":{\"@id\":\"https:\/\/portelldemorella.org\/ca\/portell-mejora-el-pavimento-y-la-red-de-saneamiento-de-las-calles-iglesia-y-calvario\/#primaryimage\"},\"image\":{\"@id\":\"https:\/\/portelldemorella.org\/ca\/portell-mejora-el-pavimento-y-la-red-de-saneamiento-de-las-calles-iglesia-y-calvario\/#primaryimage\"},\"thumbnailUrl\":\"https:\/\/portelldemorella.org\/wp-content\/uploads\/2023\/08\/Portell-millora-el-paviment-i-la-xarxa-de-sanejament-dels-carrers-Esglesia-i-Calvari-2.jpeg\",\"datePublished\":\"2023-08-01T11:31:14+00:00\",\"dateModified\":\"2023-08-01T11:37:18+00:00\",\"breadcrumb\":{\"@id\":\"https:\/\/portelldemorella.org\/ca\/portell-mejora-el-pavimento-y-la-red-de-saneamiento-de-las-calles-iglesia-y-calvario\/#breadcrumb\"},\"inLanguage\":\"ca\",\"potentialAction\":[{\"@type\":\"ReadAction\",\"target\":[\"https:\/\/portelldemorella.org\/ca\/portell-mejora-el-pavimento-y-la-red-de-saneamiento-de-las-calles-iglesia-y-calvario\/\"]}]},{\"@type\":\"ImageObject\",\"inLanguage\":\"ca\",\"@id\":\"https:\/\/portelldemorella.org\/ca\/portell-mejora-el-pavimento-y-la-red-de-saneamiento-de-las-calles-iglesia-y-calvario\/#primaryimage\",\"url\":\"https:\/\/portelldemorella.org\/wp-content\/uploads\/2023\/08\/Portell-millora-el-paviment-i-la-xarxa-de-sanejament-dels-carrers-Esglesia-i-Calvari-2.jpeg\",\"contentUrl\":\"https:\/\/portelldemorella.org\/wp-content\/uploads\/2023\/08\/Portell-millora-el-paviment-i-la-xarxa-de-sanejament-dels-carrers-Esglesia-i-Calvari-2.jpeg\",\"width\":935,\"height\":701},{\"@type\":\"BreadcrumbList\",\"@id\":\"https:\/\/portelldemorella.org\/ca\/portell-mejora-el-pavimento-y-la-red-de-saneamiento-de-las-calles-iglesia-y-calvario\/#breadcrumb\",\"itemListElement\":[{\"@type\":\"ListItem\",\"position\":1,\"name\":\"Portada\",\"item\":\"https:\/\/portelldemorella.org\/ca\/\"},{\"@type\":\"ListItem\",\"position\":2,\"name\":\"Portell millora el paviment i la xarxa de sanejament dels carrers Esgl\u00e9sia i Calvari\"}]},{\"@type\":\"WebSite\",\"@id\":\"https:\/\/portelldemorella.org\/#website\",\"url\":\"https:\/\/portelldemorella.org\/\",\"name\":\"Portell de Morella\",\"description\":\"Web del Ayuntamiento de Portell de Morella\",\"publisher\":{\"@id\":\"https:\/\/portelldemorella.org\/#organization\"},\"potentialAction\":[{\"@type\":\"SearchAction\",\"target\":{\"@type\":\"EntryPoint\",\"urlTemplate\":\"https:\/\/portelldemorella.org\/?s={search_term_string}\"},\"query-input\":{\"@type\":\"PropertyValueSpecification\",\"valueRequired\":true,\"valueName\":\"search_term_string\"}}],\"inLanguage\":\"ca\"},{\"@type\":\"Organization\",\"@id\":\"https:\/\/portelldemorella.org\/#organization\",\"name\":\"Portell de Morella\",\"url\":\"https:\/\/portelldemorella.org\/\",\"logo\":{\"@type\":\"ImageObject\",\"inLanguage\":\"ca\",\"@id\":\"https:\/\/portelldemorella.org\/#\/schema\/logo\/image\/\",\"url\":\"https:\/\/portelldemorella.org\/wp-content\/uploads\/2020\/11\/Escudo-Portell-04.jpg\",\"contentUrl\":\"https:\/\/portelldemorella.org\/wp-content\/uploads\/2020\/11\/Escudo-Portell-04.jpg\",\"width\":1001,\"height\":394,\"caption\":\"Portell de Morella\"},\"image\":{\"@id\":\"https:\/\/portelldemorella.org\/#\/schema\/logo\/image\/\"}},{\"@type\":\"Person\",\"@id\":\"https:\/\/portelldemorella.org\/#\/schema\/person\/2adde77c454244acd163488ec723a88b\",\"name\":\"portell\",\"image\":{\"@type\":\"ImageObject\",\"inLanguage\":\"ca\",\"@id\":\"https:\/\/portelldemorella.org\/#\/schema\/person\/image\/\",\"url\":\"https:\/\/secure.gravatar.com\/avatar\/077c6bd89604df620d2fa93a06be2531944cdd6826fd322dbd8b483fd84d6407?s=96&d=mm&r=g\",\"contentUrl\":\"https:\/\/secure.gravatar.com\/avatar\/077c6bd89604df620d2fa93a06be2531944cdd6826fd322dbd8b483fd84d6407?s=96&d=mm&r=g\",\"caption\":\"portell\"},\"sameAs\":[\"https:\/\/portelldemorella.org\"],\"url\":\"https:\/\/portelldemorella.org\/ca\/author\/portell\/\"}]}<\/script>\n<!-- \/ Yoast SEO plugin. -->","yoast_head_json":{"title":"Portell millora el paviment i la xarxa de sanejament dels carrers Esgl\u00e9sia i Calvari - Portell de Morella","robots":{"index":"noindex","follow":"follow","max-snippet":"max-snippet:-1","max-image-preview":"max-image-preview:large","max-video-preview":"max-video-preview:-1"},"og_locale":"ca_ES","og_type":"article","og_title":"Portell millora el paviment i la xarxa de sanejament dels carrers Esgl\u00e9sia i Calvari - Portell de Morella","og_description":"En pr\u00f2ximes setmanes comen\u00e7aran les obres de reurbanitzaci\u00f3 del carrer Esgl\u00e9sia i de millora de la xarxa de sanejament dels carrers Esgl\u00e9sia i Calvari. Les obres, que ascendeixen a 201.554,23 euros, consistiran en el canvi i millora del paviment existent i l&#8217;anivellament d&#8217;aquest, la renovaci\u00f3 de la xarxa de sanejament, de l&#8217;enllumenat i d&#8217;aigua potable. [&hellip;]","og_url":"https:\/\/portelldemorella.org\/ca\/portell-mejora-el-pavimento-y-la-red-de-saneamiento-de-las-calles-iglesia-y-calvario\/","og_site_name":"Portell de Morella","article_published_time":"2023-08-01T11:31:14+00:00","article_modified_time":"2023-08-01T11:37:18+00:00","og_image":[{"width":935,"height":701,"url":"https:\/\/portelldemorella.org\/wp-content\/uploads\/2023\/08\/Portell-millora-el-paviment-i-la-xarxa-de-sanejament-dels-carrers-Esglesia-i-Calvari-2.jpeg","type":"image\/jpeg"}],"author":"portell","twitter_card":"summary_large_image","twitter_misc":{"Escrit per":"portell","Temps estimat de lectura":"1 minut"},"schema":{"@context":"https:\/\/schema.org","@graph":[{"@type":"Article","@id":"https:\/\/portelldemorella.org\/ca\/portell-mejora-el-pavimento-y-la-red-de-saneamiento-de-las-calles-iglesia-y-calvario\/#article","isPartOf":{"@id":"https:\/\/portelldemorella.org\/ca\/portell-mejora-el-pavimento-y-la-red-de-saneamiento-de-las-calles-iglesia-y-calvario\/"},"author":{"name":"portell","@id":"https:\/\/portelldemorella.org\/#\/schema\/person\/2adde77c454244acd163488ec723a88b"},"headline":"Portell millora el paviment i la xarxa de sanejament dels carrers Esgl\u00e9sia i Calvari","datePublished":"2023-08-01T11:31:14+00:00","dateModified":"2023-08-01T11:37:18+00:00","mainEntityOfPage":{"@id":"https:\/\/portelldemorella.org\/ca\/portell-mejora-el-pavimento-y-la-red-de-saneamiento-de-las-calles-iglesia-y-calvario\/"},"wordCount":225,"commentCount":0,"publisher":{"@id":"https:\/\/portelldemorella.org\/#organization"},"image":{"@id":"https:\/\/portelldemorella.org\/ca\/portell-mejora-el-pavimento-y-la-red-de-saneamiento-de-las-calles-iglesia-y-calvario\/#primaryimage"},"thumbnailUrl":"https:\/\/portelldemorella.org\/wp-content\/uploads\/2023\/08\/Portell-millora-el-paviment-i-la-xarxa-de-sanejament-dels-carrers-Esglesia-i-Calvari-2.jpeg","keywords":["mejoras","portell"],"articleSection":["Ayuntamiento"],"inLanguage":"ca","potentialAction":[{"@type":"CommentAction","name":"Comment","target":["https:\/\/portelldemorella.org\/ca\/portell-mejora-el-pavimento-y-la-red-de-saneamiento-de-las-calles-iglesia-y-calvario\/#respond"]}]},{"@type":"WebPage","@id":"https:\/\/portelldemorella.org\/ca\/portell-mejora-el-pavimento-y-la-red-de-saneamiento-de-las-calles-iglesia-y-calvario\/","url":"https:\/\/portelldemorella.org\/ca\/portell-mejora-el-pavimento-y-la-red-de-saneamiento-de-las-calles-iglesia-y-calvario\/","name":"Portell millora el paviment i la xarxa de sanejament dels carrers Esgl\u00e9sia i Calvari - Portell de Morella","isPartOf":{"@id":"https:\/\/portelldemorella.org\/#website"},"primaryImageOfPage":{"@id":"https:\/\/portelldemorella.org\/ca\/portell-mejora-el-pavimento-y-la-red-de-saneamiento-de-las-calles-iglesia-y-calvario\/#primaryimage"},"image":{"@id":"https:\/\/portelldemorella.org\/ca\/portell-mejora-el-pavimento-y-la-red-de-saneamiento-de-las-calles-iglesia-y-calvario\/#primaryimage"},"thumbnailUrl":"https:\/\/portelldemorella.org\/wp-content\/uploads\/2023\/08\/Portell-millora-el-paviment-i-la-xarxa-de-sanejament-dels-carrers-Esglesia-i-Calvari-2.jpeg","datePublished":"2023-08-01T11:31:14+00:00","dateModified":"2023-08-01T11:37:18+00:00","breadcrumb":{"@id":"https:\/\/portelldemorella.org\/ca\/portell-mejora-el-pavimento-y-la-red-de-saneamiento-de-las-calles-iglesia-y-calvario\/#breadcrumb"},"inLanguage":"ca","potentialAction":[{"@type":"ReadAction","target":["https:\/\/portelldemorella.org\/ca\/portell-mejora-el-pavimento-y-la-red-de-saneamiento-de-las-calles-iglesia-y-calvario\/"]}]},{"@type":"ImageObject","inLanguage":"ca","@id":"https:\/\/portelldemorella.org\/ca\/portell-mejora-el-pavimento-y-la-red-de-saneamiento-de-las-calles-iglesia-y-calvario\/#primaryimage","url":"https:\/\/portelldemorella.org\/wp-content\/uploads\/2023\/08\/Portell-millora-el-paviment-i-la-xarxa-de-sanejament-dels-carrers-Esglesia-i-Calvari-2.jpeg","contentUrl":"https:\/\/portelldemorella.org\/wp-content\/uploads\/2023\/08\/Portell-millora-el-paviment-i-la-xarxa-de-sanejament-dels-carrers-Esglesia-i-Calvari-2.jpeg","width":935,"height":701},{"@type":"BreadcrumbList","@id":"https:\/\/portelldemorella.org\/ca\/portell-mejora-el-pavimento-y-la-red-de-saneamiento-de-las-calles-iglesia-y-calvario\/#breadcrumb","itemListElement":[{"@type":"ListItem","position":1,"name":"Portada","item":"https:\/\/portelldemorella.org\/ca\/"},{"@type":"ListItem","position":2,"name":"Portell millora el paviment i la xarxa de sanejament dels carrers Esgl\u00e9sia i Calvari"}]},{"@type":"WebSite","@id":"https:\/\/portelldemorella.org\/#website","url":"https:\/\/portelldemorella.org\/","name":"Portell de Morella","description":"Web del Ayuntamiento de Portell de Morella","publisher":{"@id":"https:\/\/portelldemorella.org\/#organization"},"potentialAction":[{"@type":"SearchAction","target":{"@type":"EntryPoint","urlTemplate":"https:\/\/portelldemorella.org\/?s={search_term_string}"},"query-input":{"@type":"PropertyValueSpecification","valueRequired":true,"valueName":"search_term_string"}}],"inLanguage":"ca"},{"@type":"Organization","@id":"https:\/\/portelldemorella.org\/#organization","name":"Portell de Morella","url":"https:\/\/portelldemorella.org\/","logo":{"@type":"ImageObject","inLanguage":"ca","@id":"https:\/\/portelldemorella.org\/#\/schema\/logo\/image\/","url":"https:\/\/portelldemorella.org\/wp-content\/uploads\/2020\/11\/Escudo-Portell-04.jpg","contentUrl":"https:\/\/portelldemorella.org\/wp-content\/uploads\/2020\/11\/Escudo-Portell-04.jpg","width":1001,"height":394,"caption":"Portell de Morella"},"image":{"@id":"https:\/\/portelldemorella.org\/#\/schema\/logo\/image\/"}},{"@type":"Person","@id":"https:\/\/portelldemorella.org\/#\/schema\/person\/2adde77c454244acd163488ec723a88b","name":"portell","image":{"@type":"ImageObject","inLanguage":"ca","@id":"https:\/\/portelldemorella.org\/#\/schema\/person\/image\/","url":"https:\/\/secure.gravatar.com\/avatar\/077c6bd89604df620d2fa93a06be2531944cdd6826fd322dbd8b483fd84d6407?s=96&d=mm&r=g","contentUrl":"https:\/\/secure.gravatar.com\/avatar\/077c6bd89604df620d2fa93a06be2531944cdd6826fd322dbd8b483fd84d6407?s=96&d=mm&r=g","caption":"portell"},"sameAs":["https:\/\/portelldemorella.org"],"url":"https:\/\/portelldemorella.org\/ca\/author\/portell\/"}]}},"_links":{"self":[{"href":"https:\/\/portelldemorella.org\/ca\/wp-json\/wp\/v2\/posts\/7796","targetHints":{"allow":["GET"]}}],"collection":[{"href":"https:\/\/portelldemorella.org\/ca\/wp-json\/wp\/v2\/posts"}],"about":[{"href":"https:\/\/portelldemorella.org\/ca\/wp-json\/wp\/v2\/types\/post"}],"author":[{"embeddable":true,"href":"https:\/\/portelldemorella.org\/ca\/wp-json\/wp\/v2\/users\/1"}],"replies":[{"embeddable":true,"href":"https:\/\/portelldemorella.org\/ca\/wp-json\/wp\/v2\/comments?post=7796"}],"version-history":[{"count":1,"href":"https:\/\/portelldemorella.org\/ca\/wp-json\/wp\/v2\/posts\/7796\/revisions"}],"predecessor-version":[{"id":7798,"href":"https:\/\/portelldemorella.org\/ca\/wp-json\/wp\/v2\/posts\/7796\/revisions\/7798"}],"wp:featuredmedia":[{"embeddable":true,"href":"https:\/\/portelldemorella.org\/ca\/wp-json\/wp\/v2\/media\/7794"}],"wp:attachment":[{"href":"https:\/\/portelldemorella.org\/ca\/wp-json\/wp\/v2\/media?parent=7796"}],"wp:term":[{"taxonomy":"category","embeddable":true,"href":"https:\/\/portelldemorella.org\/ca\/wp-json\/wp\/v2\/categories?post=7796"},{"taxonomy":"post_tag","embeddable":true,"href":"https:\/\/portelldemorella.org\/ca\/wp-json\/wp\/v2\/tags?post=7796"}],"curies":[{"name":"wp","href":"https:\/\/api.w.org\/{rel}","templated":true}]}}