{"id":7801,"date":"2023-08-17T11:26:31","date_gmt":"2023-08-17T11:26:31","guid":{"rendered":"https:\/\/portelldemorella.org\/?p=7801"},"modified":"2023-08-17T11:26:32","modified_gmt":"2023-08-17T11:26:32","slug":"portell-finalitza-amb-exit-les-festes-dagost","status":"publish","type":"post","link":"https:\/\/portelldemorella.org\/ca\/portell-finalitza-amb-exit-les-festes-dagost\/","title":{"rendered":"Portell finalitza amb \u00e8xit les festes d&#8217;agost"},"content":{"rendered":"\n<p>Ve\u00efns, ve\u00efnes i visitants de Portell han gaudit de set jornades festives amb motiu de les festes d&#8217;agost. Despr\u00e9s del tret de sortida amb la presentaci\u00f3 de Carmen Solsona Segura com a Reina i Balma Folch Segura, Abril Adell Mart\u00ed, Mar Cruz i Neus Folch Bono com a Dames, van comen\u00e7ar les activitats l\u00fadiques i culturals. Aix\u00ed, cada jornada ha comptat amb activitats pensades per a grans i petits com a misses, tardeos, menjars o sopars de germanor, actuacions musicals, jocs infantils i tradicionals, i esdeveniments taurins. Des de l&#8217;Ajuntament s&#8217;agraeix la seua participaci\u00f3 i implicaci\u00f3 a totes les persones que han fet possible el bon desenvolupament de les festes 2023, aix\u00ed com es felicita la Comissi\u00f3 de Festes pel gran programa preparat i la gran resposta rebuda i se li desitja tota la sort de cara al pr\u00f2xim any.<\/p>\n","protected":false},"excerpt":{"rendered":"<p>Ve\u00efns, ve\u00efnes i visitants de Portell han gaudit de set jornades festives amb motiu de les festes d&#8217;agost. Despr\u00e9s del tret de sortida amb la presentaci\u00f3 de Carmen Solsona Segura com a Reina i Balma Folch Segura, Abril Adell Mart\u00ed, Mar Cruz i Neus Folch Bono com a Dames, van comen\u00e7ar les activitats l\u00fadiques i [&hellip;]<\/p>\n","protected":false},"author":1,"featured_media":7802,"comment_status":"open","ping_status":"open","sticky":false,"template":"","format":"standard","meta":{"footnotes":""},"categories":[97,1],"tags":[175,107],"class_list":["post-7801","post","type-post","status-publish","format-standard","has-post-thumbnail","hentry","category-ayuntamiento-ca","category-sin-categorizar","tag-festes","tag-portell-ca"],"yoast_head":"<!-- This site is optimized with the Yoast SEO plugin v24.4 - https:\/\/yoast.com\/wordpress\/plugins\/seo\/ -->\n<title>Portell finalitza amb \u00e8xit les festes d&#039;agost - Portell de Morella<\/title>\n<meta name=\"robots\" content=\"noindex, follow, max-snippet:-1, max-image-preview:large, max-video-preview:-1\" \/>\n<meta property=\"og:locale\" content=\"ca_ES\" \/>\n<meta property=\"og:type\" content=\"article\" \/>\n<meta property=\"og:title\" content=\"Portell finalitza amb \u00e8xit les festes d&#039;agost - Portell de Morella\" \/>\n<meta property=\"og:description\" content=\"Ve\u00efns, ve\u00efnes i visitants de Portell han gaudit de set jornades festives amb motiu de les festes d&#8217;agost. Despr\u00e9s del tret de sortida amb la presentaci\u00f3 de Carmen Solsona Segura com a Reina i Balma Folch Segura, Abril Adell Mart\u00ed, Mar Cruz i Neus Folch Bono com a Dames, van comen\u00e7ar les activitats l\u00fadiques i [&hellip;]\" \/>\n<meta property=\"og:url\" content=\"https:\/\/portelldemorella.org\/ca\/portell-finalitza-amb-exit-les-festes-dagost\/\" \/>\n<meta property=\"og:site_name\" content=\"Portell de Morella\" \/>\n<meta property=\"article:published_time\" content=\"2023-08-17T11:26:31+00:00\" \/>\n<meta property=\"article:modified_time\" content=\"2023-08-17T11:26:32+00:00\" \/>\n<meta property=\"og:image\" content=\"https:\/\/portelldemorella.org\/wp-content\/uploads\/2023\/08\/Festes-Portell-2.jpg\" \/>\n\t<meta property=\"og:image:width\" content=\"1600\" \/>\n\t<meta property=\"og:image:height\" content=\"900\" \/>\n\t<meta property=\"og:image:type\" content=\"image\/jpeg\" \/>\n<meta name=\"author\" content=\"portell\" \/>\n<meta name=\"twitter:card\" content=\"summary_large_image\" \/>\n<meta name=\"twitter:label1\" content=\"Escrit per\" \/>\n\t<meta name=\"twitter:data1\" content=\"portell\" \/>\n\t<meta name=\"twitter:label2\" content=\"Temps estimat de lectura\" \/>\n\t<meta name=\"twitter:data2\" content=\"1 minut\" \/>\n<script type=\"application\/ld+json\" class=\"yoast-schema-graph\">{\"@context\":\"https:\/\/schema.org\",\"@graph\":[{\"@type\":\"Article\",\"@id\":\"https:\/\/portelldemorella.org\/ca\/portell-finalitza-amb-exit-les-festes-dagost\/#article\",\"isPartOf\":{\"@id\":\"https:\/\/portelldemorella.org\/ca\/portell-finalitza-amb-exit-les-festes-dagost\/\"},\"author\":{\"name\":\"portell\",\"@id\":\"https:\/\/portelldemorella.org\/#\/schema\/person\/2adde77c454244acd163488ec723a88b\"},\"headline\":\"Portell finalitza amb \u00e8xit les festes d&#8217;agost\",\"datePublished\":\"2023-08-17T11:26:31+00:00\",\"dateModified\":\"2023-08-17T11:26:32+00:00\",\"mainEntityOfPage\":{\"@id\":\"https:\/\/portelldemorella.org\/ca\/portell-finalitza-amb-exit-les-festes-dagost\/\"},\"wordCount\":152,\"commentCount\":0,\"publisher\":{\"@id\":\"https:\/\/portelldemorella.org\/#organization\"},\"image\":{\"@id\":\"https:\/\/portelldemorella.org\/ca\/portell-finalitza-amb-exit-les-festes-dagost\/#primaryimage\"},\"thumbnailUrl\":\"https:\/\/portelldemorella.org\/wp-content\/uploads\/2023\/08\/Festes-Portell-2.jpg\",\"keywords\":[\"festes\",\"portell\"],\"articleSection\":[\"Ayuntamiento\",\"Sin categorizar\"],\"inLanguage\":\"ca\",\"potentialAction\":[{\"@type\":\"CommentAction\",\"name\":\"Comment\",\"target\":[\"https:\/\/portelldemorella.org\/ca\/portell-finalitza-amb-exit-les-festes-dagost\/#respond\"]}]},{\"@type\":\"WebPage\",\"@id\":\"https:\/\/portelldemorella.org\/ca\/portell-finalitza-amb-exit-les-festes-dagost\/\",\"url\":\"https:\/\/portelldemorella.org\/ca\/portell-finalitza-amb-exit-les-festes-dagost\/\",\"name\":\"Portell finalitza amb \u00e8xit les festes d'agost - Portell de Morella\",\"isPartOf\":{\"@id\":\"https:\/\/portelldemorella.org\/#website\"},\"primaryImageOfPage\":{\"@id\":\"https:\/\/portelldemorella.org\/ca\/portell-finalitza-amb-exit-les-festes-dagost\/#primaryimage\"},\"image\":{\"@id\":\"https:\/\/portelldemorella.org\/ca\/portell-finalitza-amb-exit-les-festes-dagost\/#primaryimage\"},\"thumbnailUrl\":\"https:\/\/portelldemorella.org\/wp-content\/uploads\/2023\/08\/Festes-Portell-2.jpg\",\"datePublished\":\"2023-08-17T11:26:31+00:00\",\"dateModified\":\"2023-08-17T11:26:32+00:00\",\"breadcrumb\":{\"@id\":\"https:\/\/portelldemorella.org\/ca\/portell-finalitza-amb-exit-les-festes-dagost\/#breadcrumb\"},\"inLanguage\":\"ca\",\"potentialAction\":[{\"@type\":\"ReadAction\",\"target\":[\"https:\/\/portelldemorella.org\/ca\/portell-finalitza-amb-exit-les-festes-dagost\/\"]}]},{\"@type\":\"ImageObject\",\"inLanguage\":\"ca\",\"@id\":\"https:\/\/portelldemorella.org\/ca\/portell-finalitza-amb-exit-les-festes-dagost\/#primaryimage\",\"url\":\"https:\/\/portelldemorella.org\/wp-content\/uploads\/2023\/08\/Festes-Portell-2.jpg\",\"contentUrl\":\"https:\/\/portelldemorella.org\/wp-content\/uploads\/2023\/08\/Festes-Portell-2.jpg\",\"width\":1600,\"height\":900},{\"@type\":\"BreadcrumbList\",\"@id\":\"https:\/\/portelldemorella.org\/ca\/portell-finalitza-amb-exit-les-festes-dagost\/#breadcrumb\",\"itemListElement\":[{\"@type\":\"ListItem\",\"position\":1,\"name\":\"Portada\",\"item\":\"https:\/\/portelldemorella.org\/ca\/\"},{\"@type\":\"ListItem\",\"position\":2,\"name\":\"Portell finalitza amb \u00e8xit les festes d&#8217;agost\"}]},{\"@type\":\"WebSite\",\"@id\":\"https:\/\/portelldemorella.org\/#website\",\"url\":\"https:\/\/portelldemorella.org\/\",\"name\":\"Portell de Morella\",\"description\":\"Web del Ayuntamiento de Portell de Morella\",\"publisher\":{\"@id\":\"https:\/\/portelldemorella.org\/#organization\"},\"potentialAction\":[{\"@type\":\"SearchAction\",\"target\":{\"@type\":\"EntryPoint\",\"urlTemplate\":\"https:\/\/portelldemorella.org\/?s={search_term_string}\"},\"query-input\":{\"@type\":\"PropertyValueSpecification\",\"valueRequired\":true,\"valueName\":\"search_term_string\"}}],\"inLanguage\":\"ca\"},{\"@type\":\"Organization\",\"@id\":\"https:\/\/portelldemorella.org\/#organization\",\"name\":\"Portell de Morella\",\"url\":\"https:\/\/portelldemorella.org\/\",\"logo\":{\"@type\":\"ImageObject\",\"inLanguage\":\"ca\",\"@id\":\"https:\/\/portelldemorella.org\/#\/schema\/logo\/image\/\",\"url\":\"https:\/\/portelldemorella.org\/wp-content\/uploads\/2020\/11\/Escudo-Portell-04.jpg\",\"contentUrl\":\"https:\/\/portelldemorella.org\/wp-content\/uploads\/2020\/11\/Escudo-Portell-04.jpg\",\"width\":1001,\"height\":394,\"caption\":\"Portell de Morella\"},\"image\":{\"@id\":\"https:\/\/portelldemorella.org\/#\/schema\/logo\/image\/\"}},{\"@type\":\"Person\",\"@id\":\"https:\/\/portelldemorella.org\/#\/schema\/person\/2adde77c454244acd163488ec723a88b\",\"name\":\"portell\",\"image\":{\"@type\":\"ImageObject\",\"inLanguage\":\"ca\",\"@id\":\"https:\/\/portelldemorella.org\/#\/schema\/person\/image\/\",\"url\":\"https:\/\/secure.gravatar.com\/avatar\/077c6bd89604df620d2fa93a06be2531944cdd6826fd322dbd8b483fd84d6407?s=96&d=mm&r=g\",\"contentUrl\":\"https:\/\/secure.gravatar.com\/avatar\/077c6bd89604df620d2fa93a06be2531944cdd6826fd322dbd8b483fd84d6407?s=96&d=mm&r=g\",\"caption\":\"portell\"},\"sameAs\":[\"https:\/\/portelldemorella.org\"],\"url\":\"https:\/\/portelldemorella.org\/ca\/author\/portell\/\"}]}<\/script>\n<!-- \/ Yoast SEO plugin. -->","yoast_head_json":{"title":"Portell finalitza amb \u00e8xit les festes d'agost - Portell de Morella","robots":{"index":"noindex","follow":"follow","max-snippet":"max-snippet:-1","max-image-preview":"max-image-preview:large","max-video-preview":"max-video-preview:-1"},"og_locale":"ca_ES","og_type":"article","og_title":"Portell finalitza amb \u00e8xit les festes d'agost - Portell de Morella","og_description":"Ve\u00efns, ve\u00efnes i visitants de Portell han gaudit de set jornades festives amb motiu de les festes d&#8217;agost. Despr\u00e9s del tret de sortida amb la presentaci\u00f3 de Carmen Solsona Segura com a Reina i Balma Folch Segura, Abril Adell Mart\u00ed, Mar Cruz i Neus Folch Bono com a Dames, van comen\u00e7ar les activitats l\u00fadiques i [&hellip;]","og_url":"https:\/\/portelldemorella.org\/ca\/portell-finalitza-amb-exit-les-festes-dagost\/","og_site_name":"Portell de Morella","article_published_time":"2023-08-17T11:26:31+00:00","article_modified_time":"2023-08-17T11:26:32+00:00","og_image":[{"width":1600,"height":900,"url":"https:\/\/portelldemorella.org\/wp-content\/uploads\/2023\/08\/Festes-Portell-2.jpg","type":"image\/jpeg"}],"author":"portell","twitter_card":"summary_large_image","twitter_misc":{"Escrit per":"portell","Temps estimat de lectura":"1 minut"},"schema":{"@context":"https:\/\/schema.org","@graph":[{"@type":"Article","@id":"https:\/\/portelldemorella.org\/ca\/portell-finalitza-amb-exit-les-festes-dagost\/#article","isPartOf":{"@id":"https:\/\/portelldemorella.org\/ca\/portell-finalitza-amb-exit-les-festes-dagost\/"},"author":{"name":"portell","@id":"https:\/\/portelldemorella.org\/#\/schema\/person\/2adde77c454244acd163488ec723a88b"},"headline":"Portell finalitza amb \u00e8xit les festes d&#8217;agost","datePublished":"2023-08-17T11:26:31+00:00","dateModified":"2023-08-17T11:26:32+00:00","mainEntityOfPage":{"@id":"https:\/\/portelldemorella.org\/ca\/portell-finalitza-amb-exit-les-festes-dagost\/"},"wordCount":152,"commentCount":0,"publisher":{"@id":"https:\/\/portelldemorella.org\/#organization"},"image":{"@id":"https:\/\/portelldemorella.org\/ca\/portell-finalitza-amb-exit-les-festes-dagost\/#primaryimage"},"thumbnailUrl":"https:\/\/portelldemorella.org\/wp-content\/uploads\/2023\/08\/Festes-Portell-2.jpg","keywords":["festes","portell"],"articleSection":["Ayuntamiento","Sin categorizar"],"inLanguage":"ca","potentialAction":[{"@type":"CommentAction","name":"Comment","target":["https:\/\/portelldemorella.org\/ca\/portell-finalitza-amb-exit-les-festes-dagost\/#respond"]}]},{"@type":"WebPage","@id":"https:\/\/portelldemorella.org\/ca\/portell-finalitza-amb-exit-les-festes-dagost\/","url":"https:\/\/portelldemorella.org\/ca\/portell-finalitza-amb-exit-les-festes-dagost\/","name":"Portell finalitza amb \u00e8xit les festes d'agost - Portell de Morella","isPartOf":{"@id":"https:\/\/portelldemorella.org\/#website"},"primaryImageOfPage":{"@id":"https:\/\/portelldemorella.org\/ca\/portell-finalitza-amb-exit-les-festes-dagost\/#primaryimage"},"image":{"@id":"https:\/\/portelldemorella.org\/ca\/portell-finalitza-amb-exit-les-festes-dagost\/#primaryimage"},"thumbnailUrl":"https:\/\/portelldemorella.org\/wp-content\/uploads\/2023\/08\/Festes-Portell-2.jpg","datePublished":"2023-08-17T11:26:31+00:00","dateModified":"2023-08-17T11:26:32+00:00","breadcrumb":{"@id":"https:\/\/portelldemorella.org\/ca\/portell-finalitza-amb-exit-les-festes-dagost\/#breadcrumb"},"inLanguage":"ca","potentialAction":[{"@type":"ReadAction","target":["https:\/\/portelldemorella.org\/ca\/portell-finalitza-amb-exit-les-festes-dagost\/"]}]},{"@type":"ImageObject","inLanguage":"ca","@id":"https:\/\/portelldemorella.org\/ca\/portell-finalitza-amb-exit-les-festes-dagost\/#primaryimage","url":"https:\/\/portelldemorella.org\/wp-content\/uploads\/2023\/08\/Festes-Portell-2.jpg","contentUrl":"https:\/\/portelldemorella.org\/wp-content\/uploads\/2023\/08\/Festes-Portell-2.jpg","width":1600,"height":900},{"@type":"BreadcrumbList","@id":"https:\/\/portelldemorella.org\/ca\/portell-finalitza-amb-exit-les-festes-dagost\/#breadcrumb","itemListElement":[{"@type":"ListItem","position":1,"name":"Portada","item":"https:\/\/portelldemorella.org\/ca\/"},{"@type":"ListItem","position":2,"name":"Portell finalitza amb \u00e8xit les festes d&#8217;agost"}]},{"@type":"WebSite","@id":"https:\/\/portelldemorella.org\/#website","url":"https:\/\/portelldemorella.org\/","name":"Portell de Morella","description":"Web del Ayuntamiento de Portell de Morella","publisher":{"@id":"https:\/\/portelldemorella.org\/#organization"},"potentialAction":[{"@type":"SearchAction","target":{"@type":"EntryPoint","urlTemplate":"https:\/\/portelldemorella.org\/?s={search_term_string}"},"query-input":{"@type":"PropertyValueSpecification","valueRequired":true,"valueName":"search_term_string"}}],"inLanguage":"ca"},{"@type":"Organization","@id":"https:\/\/portelldemorella.org\/#organization","name":"Portell de Morella","url":"https:\/\/portelldemorella.org\/","logo":{"@type":"ImageObject","inLanguage":"ca","@id":"https:\/\/portelldemorella.org\/#\/schema\/logo\/image\/","url":"https:\/\/portelldemorella.org\/wp-content\/uploads\/2020\/11\/Escudo-Portell-04.jpg","contentUrl":"https:\/\/portelldemorella.org\/wp-content\/uploads\/2020\/11\/Escudo-Portell-04.jpg","width":1001,"height":394,"caption":"Portell de Morella"},"image":{"@id":"https:\/\/portelldemorella.org\/#\/schema\/logo\/image\/"}},{"@type":"Person","@id":"https:\/\/portelldemorella.org\/#\/schema\/person\/2adde77c454244acd163488ec723a88b","name":"portell","image":{"@type":"ImageObject","inLanguage":"ca","@id":"https:\/\/portelldemorella.org\/#\/schema\/person\/image\/","url":"https:\/\/secure.gravatar.com\/avatar\/077c6bd89604df620d2fa93a06be2531944cdd6826fd322dbd8b483fd84d6407?s=96&d=mm&r=g","contentUrl":"https:\/\/secure.gravatar.com\/avatar\/077c6bd89604df620d2fa93a06be2531944cdd6826fd322dbd8b483fd84d6407?s=96&d=mm&r=g","caption":"portell"},"sameAs":["https:\/\/portelldemorella.org"],"url":"https:\/\/portelldemorella.org\/ca\/author\/portell\/"}]}},"_links":{"self":[{"href":"https:\/\/portelldemorella.org\/ca\/wp-json\/wp\/v2\/posts\/7801","targetHints":{"allow":["GET"]}}],"collection":[{"href":"https:\/\/portelldemorella.org\/ca\/wp-json\/wp\/v2\/posts"}],"about":[{"href":"https:\/\/portelldemorella.org\/ca\/wp-json\/wp\/v2\/types\/post"}],"author":[{"embeddable":true,"href":"https:\/\/portelldemorella.org\/ca\/wp-json\/wp\/v2\/users\/1"}],"replies":[{"embeddable":true,"href":"https:\/\/portelldemorella.org\/ca\/wp-json\/wp\/v2\/comments?post=7801"}],"version-history":[{"count":1,"href":"https:\/\/portelldemorella.org\/ca\/wp-json\/wp\/v2\/posts\/7801\/revisions"}],"predecessor-version":[{"id":7804,"href":"https:\/\/portelldemorella.org\/ca\/wp-json\/wp\/v2\/posts\/7801\/revisions\/7804"}],"wp:featuredmedia":[{"embeddable":true,"href":"https:\/\/portelldemorella.org\/ca\/wp-json\/wp\/v2\/media\/7802"}],"wp:attachment":[{"href":"https:\/\/portelldemorella.org\/ca\/wp-json\/wp\/v2\/media?parent=7801"}],"wp:term":[{"taxonomy":"category","embeddable":true,"href":"https:\/\/portelldemorella.org\/ca\/wp-json\/wp\/v2\/categories?post=7801"},{"taxonomy":"post_tag","embeddable":true,"href":"https:\/\/portelldemorella.org\/ca\/wp-json\/wp\/v2\/tags?post=7801"}],"curies":[{"name":"wp","href":"https:\/\/api.w.org\/{rel}","templated":true}]}}