{"id":7814,"date":"2023-08-11T05:33:25","date_gmt":"2023-08-11T05:33:25","guid":{"rendered":"https:\/\/portelldemorella.org\/?p=7814"},"modified":"2023-09-27T05:34:51","modified_gmt":"2023-09-27T05:34:51","slug":"los-ayuntamientos-de-portell-castellfort-palanques-la-pobla-de-benifassa-y-sorita-piden-a-la-mancomunitat-els-ports-conocer-los-procesos-de-contratacion","status":"publish","type":"post","link":"https:\/\/portelldemorella.org\/ca\/los-ayuntamientos-de-portell-castellfort-palanques-la-pobla-de-benifassa-y-sorita-piden-a-la-mancomunitat-els-ports-conocer-los-procesos-de-contratacion\/","title":{"rendered":"Els Ajuntaments de Portell, Castellfort, Palanques, la Pobla de Benifass\u00e0 i Sorita demanen a la Mancomunitat Els Ports con\u00e8ixer els processos de contractaci\u00f3"},"content":{"rendered":"\n<p>En el dia d&#8217;ahir, els alcaldes i alcaldesses dels Ajuntaments de Portell, Castellfort, Palanques, la Pobla de Benifass\u00e0 i Sorita, en representaci\u00f3 dels seus municipis i com a vocals de la Mancomunitat Comarcal Els Ports, van sol\u00b7licitar per registre d&#8217;entrada de l&#8217;\u00f2rgan comarcal un resum amb els expedients de contractaci\u00f3 (incloent els contractes menors) en els quals conste qualsevol informaci\u00f3 rellevant (n\u00famero d&#8217;expedient, objecte del contracte, data d&#8217;adjudicaci\u00f3, import d&#8217;adjudicaci\u00f3 i adjudicatari) dels exercicis econ\u00f2mics del 2017 fins a l&#8217;actualitat.<\/p>\n\n\n\n<p>Aquesta petici\u00f3 deriva del comunicat em\u00e8s fa unes setmanes per un ve\u00ed i empresari de la comarca despr\u00e9s de perdre una licitaci\u00f3 contra una empresa de Madrid en la fase de &#8216;desempat&#8217;. Aix\u00ed mateix, els rumors i enraonies entre el ve\u00efnat i empreses de la comarca dels Ports han agafat for\u00e7a arran d&#8217;aquest comunicat. Els alcaldes i alcaldesses, amb aquesta petici\u00f3, volen que tots els fets&nbsp;siguen clars per a vetllar per la transpar\u00e8ncia en les contractacions realitzades i&nbsp;evitar&nbsp;rumors.<\/p>\n","protected":false},"excerpt":{"rendered":"<p>En el dia d&#8217;ahir, els alcaldes i alcaldesses dels Ajuntaments de Portell, Castellfort, Palanques, la Pobla de Benifass\u00e0 i Sorita, en representaci\u00f3 dels seus municipis i com a vocals de la Mancomunitat Comarcal Els Ports, van sol\u00b7licitar per registre d&#8217;entrada de l&#8217;\u00f2rgan comarcal un resum amb els expedients de contractaci\u00f3 (incloent els contractes menors) en [&hellip;]<\/p>\n","protected":false},"author":1,"featured_media":7815,"comment_status":"open","ping_status":"open","sticky":false,"template":"","format":"standard","meta":{"footnotes":""},"categories":[97],"tags":[135,179,100],"class_list":["post-7814","post","type-post","status-publish","format-standard","has-post-thumbnail","hentry","category-ayuntamiento-ca","tag-els-ports","tag-mancomunitat-els-ports","tag-portell-2"],"yoast_head":"<!-- This site is optimized with the Yoast SEO plugin v24.4 - https:\/\/yoast.com\/wordpress\/plugins\/seo\/ -->\n<title>Els Ajuntaments de Portell, Castellfort, Palanques, la Pobla de Benifass\u00e0 i Sorita demanen a la Mancomunitat Els Ports con\u00e8ixer els processos de contractaci\u00f3 - Portell de Morella<\/title>\n<meta name=\"robots\" content=\"noindex, follow, max-snippet:-1, max-image-preview:large, max-video-preview:-1\" \/>\n<meta property=\"og:locale\" content=\"ca_ES\" \/>\n<meta property=\"og:type\" content=\"article\" \/>\n<meta property=\"og:title\" content=\"Els Ajuntaments de Portell, Castellfort, Palanques, la Pobla de Benifass\u00e0 i Sorita demanen a la Mancomunitat Els Ports con\u00e8ixer els processos de contractaci\u00f3 - Portell de Morella\" \/>\n<meta property=\"og:description\" content=\"En el dia d&#8217;ahir, els alcaldes i alcaldesses dels Ajuntaments de Portell, Castellfort, Palanques, la Pobla de Benifass\u00e0 i Sorita, en representaci\u00f3 dels seus municipis i com a vocals de la Mancomunitat Comarcal Els Ports, van sol\u00b7licitar per registre d&#8217;entrada de l&#8217;\u00f2rgan comarcal un resum amb els expedients de contractaci\u00f3 (incloent els contractes menors) en [&hellip;]\" \/>\n<meta property=\"og:url\" content=\"https:\/\/portelldemorella.org\/ca\/los-ayuntamientos-de-portell-castellfort-palanques-la-pobla-de-benifassa-y-sorita-piden-a-la-mancomunitat-els-ports-conocer-los-procesos-de-contratacion\/\" \/>\n<meta property=\"og:site_name\" content=\"Portell de Morella\" \/>\n<meta property=\"article:published_time\" content=\"2023-08-11T05:33:25+00:00\" \/>\n<meta property=\"article:modified_time\" content=\"2023-09-27T05:34:51+00:00\" \/>\n<meta property=\"og:image\" content=\"https:\/\/portelldemorella.org\/wp-content\/uploads\/2023\/09\/Ajuntament-de-Portell.jpg\" \/>\n\t<meta property=\"og:image:width\" content=\"1600\" \/>\n\t<meta property=\"og:image:height\" content=\"1200\" \/>\n\t<meta property=\"og:image:type\" content=\"image\/jpeg\" \/>\n<meta name=\"author\" content=\"portell\" \/>\n<meta name=\"twitter:card\" content=\"summary_large_image\" \/>\n<meta name=\"twitter:label1\" content=\"Escrit per\" \/>\n\t<meta name=\"twitter:data1\" content=\"portell\" \/>\n\t<meta name=\"twitter:label2\" content=\"Temps estimat de lectura\" \/>\n\t<meta name=\"twitter:data2\" content=\"1 minut\" \/>\n<script type=\"application\/ld+json\" class=\"yoast-schema-graph\">{\"@context\":\"https:\/\/schema.org\",\"@graph\":[{\"@type\":\"Article\",\"@id\":\"https:\/\/portelldemorella.org\/ca\/los-ayuntamientos-de-portell-castellfort-palanques-la-pobla-de-benifassa-y-sorita-piden-a-la-mancomunitat-els-ports-conocer-los-procesos-de-contratacion\/#article\",\"isPartOf\":{\"@id\":\"https:\/\/portelldemorella.org\/ca\/los-ayuntamientos-de-portell-castellfort-palanques-la-pobla-de-benifassa-y-sorita-piden-a-la-mancomunitat-els-ports-conocer-los-procesos-de-contratacion\/\"},\"author\":{\"name\":\"portell\",\"@id\":\"https:\/\/portelldemorella.org\/#\/schema\/person\/2adde77c454244acd163488ec723a88b\"},\"headline\":\"Els Ajuntaments de Portell, Castellfort, Palanques, la Pobla de Benifass\u00e0 i Sorita demanen a la Mancomunitat Els Ports con\u00e8ixer els processos de contractaci\u00f3\",\"datePublished\":\"2023-08-11T05:33:25+00:00\",\"dateModified\":\"2023-09-27T05:34:51+00:00\",\"mainEntityOfPage\":{\"@id\":\"https:\/\/portelldemorella.org\/ca\/los-ayuntamientos-de-portell-castellfort-palanques-la-pobla-de-benifassa-y-sorita-piden-a-la-mancomunitat-els-ports-conocer-los-procesos-de-contratacion\/\"},\"wordCount\":196,\"commentCount\":0,\"publisher\":{\"@id\":\"https:\/\/portelldemorella.org\/#organization\"},\"image\":{\"@id\":\"https:\/\/portelldemorella.org\/ca\/los-ayuntamientos-de-portell-castellfort-palanques-la-pobla-de-benifassa-y-sorita-piden-a-la-mancomunitat-els-ports-conocer-los-procesos-de-contratacion\/#primaryimage\"},\"thumbnailUrl\":\"https:\/\/portelldemorella.org\/wp-content\/uploads\/2023\/09\/Ajuntament-de-Portell.jpg\",\"keywords\":[\"els ports\",\"mancomunitat els ports\",\"portell\"],\"articleSection\":[\"Ayuntamiento\"],\"inLanguage\":\"ca\",\"potentialAction\":[{\"@type\":\"CommentAction\",\"name\":\"Comment\",\"target\":[\"https:\/\/portelldemorella.org\/ca\/los-ayuntamientos-de-portell-castellfort-palanques-la-pobla-de-benifassa-y-sorita-piden-a-la-mancomunitat-els-ports-conocer-los-procesos-de-contratacion\/#respond\"]}]},{\"@type\":\"WebPage\",\"@id\":\"https:\/\/portelldemorella.org\/ca\/los-ayuntamientos-de-portell-castellfort-palanques-la-pobla-de-benifassa-y-sorita-piden-a-la-mancomunitat-els-ports-conocer-los-procesos-de-contratacion\/\",\"url\":\"https:\/\/portelldemorella.org\/ca\/los-ayuntamientos-de-portell-castellfort-palanques-la-pobla-de-benifassa-y-sorita-piden-a-la-mancomunitat-els-ports-conocer-los-procesos-de-contratacion\/\",\"name\":\"Els Ajuntaments de Portell, Castellfort, Palanques, la Pobla de Benifass\u00e0 i Sorita demanen a la Mancomunitat Els Ports con\u00e8ixer els processos de contractaci\u00f3 - Portell de Morella\",\"isPartOf\":{\"@id\":\"https:\/\/portelldemorella.org\/#website\"},\"primaryImageOfPage\":{\"@id\":\"https:\/\/portelldemorella.org\/ca\/los-ayuntamientos-de-portell-castellfort-palanques-la-pobla-de-benifassa-y-sorita-piden-a-la-mancomunitat-els-ports-conocer-los-procesos-de-contratacion\/#primaryimage\"},\"image\":{\"@id\":\"https:\/\/portelldemorella.org\/ca\/los-ayuntamientos-de-portell-castellfort-palanques-la-pobla-de-benifassa-y-sorita-piden-a-la-mancomunitat-els-ports-conocer-los-procesos-de-contratacion\/#primaryimage\"},\"thumbnailUrl\":\"https:\/\/portelldemorella.org\/wp-content\/uploads\/2023\/09\/Ajuntament-de-Portell.jpg\",\"datePublished\":\"2023-08-11T05:33:25+00:00\",\"dateModified\":\"2023-09-27T05:34:51+00:00\",\"breadcrumb\":{\"@id\":\"https:\/\/portelldemorella.org\/ca\/los-ayuntamientos-de-portell-castellfort-palanques-la-pobla-de-benifassa-y-sorita-piden-a-la-mancomunitat-els-ports-conocer-los-procesos-de-contratacion\/#breadcrumb\"},\"inLanguage\":\"ca\",\"potentialAction\":[{\"@type\":\"ReadAction\",\"target\":[\"https:\/\/portelldemorella.org\/ca\/los-ayuntamientos-de-portell-castellfort-palanques-la-pobla-de-benifassa-y-sorita-piden-a-la-mancomunitat-els-ports-conocer-los-procesos-de-contratacion\/\"]}]},{\"@type\":\"ImageObject\",\"inLanguage\":\"ca\",\"@id\":\"https:\/\/portelldemorella.org\/ca\/los-ayuntamientos-de-portell-castellfort-palanques-la-pobla-de-benifassa-y-sorita-piden-a-la-mancomunitat-els-ports-conocer-los-procesos-de-contratacion\/#primaryimage\",\"url\":\"https:\/\/portelldemorella.org\/wp-content\/uploads\/2023\/09\/Ajuntament-de-Portell.jpg\",\"contentUrl\":\"https:\/\/portelldemorella.org\/wp-content\/uploads\/2023\/09\/Ajuntament-de-Portell.jpg\",\"width\":1600,\"height\":1200},{\"@type\":\"BreadcrumbList\",\"@id\":\"https:\/\/portelldemorella.org\/ca\/los-ayuntamientos-de-portell-castellfort-palanques-la-pobla-de-benifassa-y-sorita-piden-a-la-mancomunitat-els-ports-conocer-los-procesos-de-contratacion\/#breadcrumb\",\"itemListElement\":[{\"@type\":\"ListItem\",\"position\":1,\"name\":\"Portada\",\"item\":\"https:\/\/portelldemorella.org\/ca\/\"},{\"@type\":\"ListItem\",\"position\":2,\"name\":\"Els Ajuntaments de Portell, Castellfort, Palanques, la Pobla de Benifass\u00e0 i Sorita demanen a la Mancomunitat Els Ports con\u00e8ixer els processos de contractaci\u00f3\"}]},{\"@type\":\"WebSite\",\"@id\":\"https:\/\/portelldemorella.org\/#website\",\"url\":\"https:\/\/portelldemorella.org\/\",\"name\":\"Portell de Morella\",\"description\":\"Web del Ayuntamiento de Portell de Morella\",\"publisher\":{\"@id\":\"https:\/\/portelldemorella.org\/#organization\"},\"potentialAction\":[{\"@type\":\"SearchAction\",\"target\":{\"@type\":\"EntryPoint\",\"urlTemplate\":\"https:\/\/portelldemorella.org\/?s={search_term_string}\"},\"query-input\":{\"@type\":\"PropertyValueSpecification\",\"valueRequired\":true,\"valueName\":\"search_term_string\"}}],\"inLanguage\":\"ca\"},{\"@type\":\"Organization\",\"@id\":\"https:\/\/portelldemorella.org\/#organization\",\"name\":\"Portell de Morella\",\"url\":\"https:\/\/portelldemorella.org\/\",\"logo\":{\"@type\":\"ImageObject\",\"inLanguage\":\"ca\",\"@id\":\"https:\/\/portelldemorella.org\/#\/schema\/logo\/image\/\",\"url\":\"https:\/\/portelldemorella.org\/wp-content\/uploads\/2020\/11\/Escudo-Portell-04.jpg\",\"contentUrl\":\"https:\/\/portelldemorella.org\/wp-content\/uploads\/2020\/11\/Escudo-Portell-04.jpg\",\"width\":1001,\"height\":394,\"caption\":\"Portell de Morella\"},\"image\":{\"@id\":\"https:\/\/portelldemorella.org\/#\/schema\/logo\/image\/\"}},{\"@type\":\"Person\",\"@id\":\"https:\/\/portelldemorella.org\/#\/schema\/person\/2adde77c454244acd163488ec723a88b\",\"name\":\"portell\",\"image\":{\"@type\":\"ImageObject\",\"inLanguage\":\"ca\",\"@id\":\"https:\/\/portelldemorella.org\/#\/schema\/person\/image\/\",\"url\":\"https:\/\/secure.gravatar.com\/avatar\/077c6bd89604df620d2fa93a06be2531944cdd6826fd322dbd8b483fd84d6407?s=96&d=mm&r=g\",\"contentUrl\":\"https:\/\/secure.gravatar.com\/avatar\/077c6bd89604df620d2fa93a06be2531944cdd6826fd322dbd8b483fd84d6407?s=96&d=mm&r=g\",\"caption\":\"portell\"},\"sameAs\":[\"https:\/\/portelldemorella.org\"],\"url\":\"https:\/\/portelldemorella.org\/ca\/author\/portell\/\"}]}<\/script>\n<!-- \/ Yoast SEO plugin. -->","yoast_head_json":{"title":"Els Ajuntaments de Portell, Castellfort, Palanques, la Pobla de Benifass\u00e0 i Sorita demanen a la Mancomunitat Els Ports con\u00e8ixer els processos de contractaci\u00f3 - Portell de Morella","robots":{"index":"noindex","follow":"follow","max-snippet":"max-snippet:-1","max-image-preview":"max-image-preview:large","max-video-preview":"max-video-preview:-1"},"og_locale":"ca_ES","og_type":"article","og_title":"Els Ajuntaments de Portell, Castellfort, Palanques, la Pobla de Benifass\u00e0 i Sorita demanen a la Mancomunitat Els Ports con\u00e8ixer els processos de contractaci\u00f3 - Portell de Morella","og_description":"En el dia d&#8217;ahir, els alcaldes i alcaldesses dels Ajuntaments de Portell, Castellfort, Palanques, la Pobla de Benifass\u00e0 i Sorita, en representaci\u00f3 dels seus municipis i com a vocals de la Mancomunitat Comarcal Els Ports, van sol\u00b7licitar per registre d&#8217;entrada de l&#8217;\u00f2rgan comarcal un resum amb els expedients de contractaci\u00f3 (incloent els contractes menors) en [&hellip;]","og_url":"https:\/\/portelldemorella.org\/ca\/los-ayuntamientos-de-portell-castellfort-palanques-la-pobla-de-benifassa-y-sorita-piden-a-la-mancomunitat-els-ports-conocer-los-procesos-de-contratacion\/","og_site_name":"Portell de Morella","article_published_time":"2023-08-11T05:33:25+00:00","article_modified_time":"2023-09-27T05:34:51+00:00","og_image":[{"width":1600,"height":1200,"url":"https:\/\/portelldemorella.org\/wp-content\/uploads\/2023\/09\/Ajuntament-de-Portell.jpg","type":"image\/jpeg"}],"author":"portell","twitter_card":"summary_large_image","twitter_misc":{"Escrit per":"portell","Temps estimat de lectura":"1 minut"},"schema":{"@context":"https:\/\/schema.org","@graph":[{"@type":"Article","@id":"https:\/\/portelldemorella.org\/ca\/los-ayuntamientos-de-portell-castellfort-palanques-la-pobla-de-benifassa-y-sorita-piden-a-la-mancomunitat-els-ports-conocer-los-procesos-de-contratacion\/#article","isPartOf":{"@id":"https:\/\/portelldemorella.org\/ca\/los-ayuntamientos-de-portell-castellfort-palanques-la-pobla-de-benifassa-y-sorita-piden-a-la-mancomunitat-els-ports-conocer-los-procesos-de-contratacion\/"},"author":{"name":"portell","@id":"https:\/\/portelldemorella.org\/#\/schema\/person\/2adde77c454244acd163488ec723a88b"},"headline":"Els Ajuntaments de Portell, Castellfort, Palanques, la Pobla de Benifass\u00e0 i Sorita demanen a la Mancomunitat Els Ports con\u00e8ixer els processos de contractaci\u00f3","datePublished":"2023-08-11T05:33:25+00:00","dateModified":"2023-09-27T05:34:51+00:00","mainEntityOfPage":{"@id":"https:\/\/portelldemorella.org\/ca\/los-ayuntamientos-de-portell-castellfort-palanques-la-pobla-de-benifassa-y-sorita-piden-a-la-mancomunitat-els-ports-conocer-los-procesos-de-contratacion\/"},"wordCount":196,"commentCount":0,"publisher":{"@id":"https:\/\/portelldemorella.org\/#organization"},"image":{"@id":"https:\/\/portelldemorella.org\/ca\/los-ayuntamientos-de-portell-castellfort-palanques-la-pobla-de-benifassa-y-sorita-piden-a-la-mancomunitat-els-ports-conocer-los-procesos-de-contratacion\/#primaryimage"},"thumbnailUrl":"https:\/\/portelldemorella.org\/wp-content\/uploads\/2023\/09\/Ajuntament-de-Portell.jpg","keywords":["els ports","mancomunitat els ports","portell"],"articleSection":["Ayuntamiento"],"inLanguage":"ca","potentialAction":[{"@type":"CommentAction","name":"Comment","target":["https:\/\/portelldemorella.org\/ca\/los-ayuntamientos-de-portell-castellfort-palanques-la-pobla-de-benifassa-y-sorita-piden-a-la-mancomunitat-els-ports-conocer-los-procesos-de-contratacion\/#respond"]}]},{"@type":"WebPage","@id":"https:\/\/portelldemorella.org\/ca\/los-ayuntamientos-de-portell-castellfort-palanques-la-pobla-de-benifassa-y-sorita-piden-a-la-mancomunitat-els-ports-conocer-los-procesos-de-contratacion\/","url":"https:\/\/portelldemorella.org\/ca\/los-ayuntamientos-de-portell-castellfort-palanques-la-pobla-de-benifassa-y-sorita-piden-a-la-mancomunitat-els-ports-conocer-los-procesos-de-contratacion\/","name":"Els Ajuntaments de Portell, Castellfort, Palanques, la Pobla de Benifass\u00e0 i Sorita demanen a la Mancomunitat Els Ports con\u00e8ixer els processos de contractaci\u00f3 - Portell de Morella","isPartOf":{"@id":"https:\/\/portelldemorella.org\/#website"},"primaryImageOfPage":{"@id":"https:\/\/portelldemorella.org\/ca\/los-ayuntamientos-de-portell-castellfort-palanques-la-pobla-de-benifassa-y-sorita-piden-a-la-mancomunitat-els-ports-conocer-los-procesos-de-contratacion\/#primaryimage"},"image":{"@id":"https:\/\/portelldemorella.org\/ca\/los-ayuntamientos-de-portell-castellfort-palanques-la-pobla-de-benifassa-y-sorita-piden-a-la-mancomunitat-els-ports-conocer-los-procesos-de-contratacion\/#primaryimage"},"thumbnailUrl":"https:\/\/portelldemorella.org\/wp-content\/uploads\/2023\/09\/Ajuntament-de-Portell.jpg","datePublished":"2023-08-11T05:33:25+00:00","dateModified":"2023-09-27T05:34:51+00:00","breadcrumb":{"@id":"https:\/\/portelldemorella.org\/ca\/los-ayuntamientos-de-portell-castellfort-palanques-la-pobla-de-benifassa-y-sorita-piden-a-la-mancomunitat-els-ports-conocer-los-procesos-de-contratacion\/#breadcrumb"},"inLanguage":"ca","potentialAction":[{"@type":"ReadAction","target":["https:\/\/portelldemorella.org\/ca\/los-ayuntamientos-de-portell-castellfort-palanques-la-pobla-de-benifassa-y-sorita-piden-a-la-mancomunitat-els-ports-conocer-los-procesos-de-contratacion\/"]}]},{"@type":"ImageObject","inLanguage":"ca","@id":"https:\/\/portelldemorella.org\/ca\/los-ayuntamientos-de-portell-castellfort-palanques-la-pobla-de-benifassa-y-sorita-piden-a-la-mancomunitat-els-ports-conocer-los-procesos-de-contratacion\/#primaryimage","url":"https:\/\/portelldemorella.org\/wp-content\/uploads\/2023\/09\/Ajuntament-de-Portell.jpg","contentUrl":"https:\/\/portelldemorella.org\/wp-content\/uploads\/2023\/09\/Ajuntament-de-Portell.jpg","width":1600,"height":1200},{"@type":"BreadcrumbList","@id":"https:\/\/portelldemorella.org\/ca\/los-ayuntamientos-de-portell-castellfort-palanques-la-pobla-de-benifassa-y-sorita-piden-a-la-mancomunitat-els-ports-conocer-los-procesos-de-contratacion\/#breadcrumb","itemListElement":[{"@type":"ListItem","position":1,"name":"Portada","item":"https:\/\/portelldemorella.org\/ca\/"},{"@type":"ListItem","position":2,"name":"Els Ajuntaments de Portell, Castellfort, Palanques, la Pobla de Benifass\u00e0 i Sorita demanen a la Mancomunitat Els Ports con\u00e8ixer els processos de contractaci\u00f3"}]},{"@type":"WebSite","@id":"https:\/\/portelldemorella.org\/#website","url":"https:\/\/portelldemorella.org\/","name":"Portell de Morella","description":"Web del Ayuntamiento de Portell de Morella","publisher":{"@id":"https:\/\/portelldemorella.org\/#organization"},"potentialAction":[{"@type":"SearchAction","target":{"@type":"EntryPoint","urlTemplate":"https:\/\/portelldemorella.org\/?s={search_term_string}"},"query-input":{"@type":"PropertyValueSpecification","valueRequired":true,"valueName":"search_term_string"}}],"inLanguage":"ca"},{"@type":"Organization","@id":"https:\/\/portelldemorella.org\/#organization","name":"Portell de Morella","url":"https:\/\/portelldemorella.org\/","logo":{"@type":"ImageObject","inLanguage":"ca","@id":"https:\/\/portelldemorella.org\/#\/schema\/logo\/image\/","url":"https:\/\/portelldemorella.org\/wp-content\/uploads\/2020\/11\/Escudo-Portell-04.jpg","contentUrl":"https:\/\/portelldemorella.org\/wp-content\/uploads\/2020\/11\/Escudo-Portell-04.jpg","width":1001,"height":394,"caption":"Portell de Morella"},"image":{"@id":"https:\/\/portelldemorella.org\/#\/schema\/logo\/image\/"}},{"@type":"Person","@id":"https:\/\/portelldemorella.org\/#\/schema\/person\/2adde77c454244acd163488ec723a88b","name":"portell","image":{"@type":"ImageObject","inLanguage":"ca","@id":"https:\/\/portelldemorella.org\/#\/schema\/person\/image\/","url":"https:\/\/secure.gravatar.com\/avatar\/077c6bd89604df620d2fa93a06be2531944cdd6826fd322dbd8b483fd84d6407?s=96&d=mm&r=g","contentUrl":"https:\/\/secure.gravatar.com\/avatar\/077c6bd89604df620d2fa93a06be2531944cdd6826fd322dbd8b483fd84d6407?s=96&d=mm&r=g","caption":"portell"},"sameAs":["https:\/\/portelldemorella.org"],"url":"https:\/\/portelldemorella.org\/ca\/author\/portell\/"}]}},"_links":{"self":[{"href":"https:\/\/portelldemorella.org\/ca\/wp-json\/wp\/v2\/posts\/7814","targetHints":{"allow":["GET"]}}],"collection":[{"href":"https:\/\/portelldemorella.org\/ca\/wp-json\/wp\/v2\/posts"}],"about":[{"href":"https:\/\/portelldemorella.org\/ca\/wp-json\/wp\/v2\/types\/post"}],"author":[{"embeddable":true,"href":"https:\/\/portelldemorella.org\/ca\/wp-json\/wp\/v2\/users\/1"}],"replies":[{"embeddable":true,"href":"https:\/\/portelldemorella.org\/ca\/wp-json\/wp\/v2\/comments?post=7814"}],"version-history":[{"count":2,"href":"https:\/\/portelldemorella.org\/ca\/wp-json\/wp\/v2\/posts\/7814\/revisions"}],"predecessor-version":[{"id":7819,"href":"https:\/\/portelldemorella.org\/ca\/wp-json\/wp\/v2\/posts\/7814\/revisions\/7819"}],"wp:featuredmedia":[{"embeddable":true,"href":"https:\/\/portelldemorella.org\/ca\/wp-json\/wp\/v2\/media\/7815"}],"wp:attachment":[{"href":"https:\/\/portelldemorella.org\/ca\/wp-json\/wp\/v2\/media?parent=7814"}],"wp:term":[{"taxonomy":"category","embeddable":true,"href":"https:\/\/portelldemorella.org\/ca\/wp-json\/wp\/v2\/categories?post=7814"},{"taxonomy":"post_tag","embeddable":true,"href":"https:\/\/portelldemorella.org\/ca\/wp-json\/wp\/v2\/tags?post=7814"}],"curies":[{"name":"wp","href":"https:\/\/api.w.org\/{rel}","templated":true}]}}