{"id":7824,"date":"2023-08-03T05:36:21","date_gmt":"2023-08-03T05:36:21","guid":{"rendered":"https:\/\/portelldemorella.org\/comunicado-de-los-ayuntamientos-de-portell-de-morella-cinctorres-y-morella-ante-la-linea-aerea-planteada-por-el-cluster-del-maestrazgo\/"},"modified":"2023-09-27T05:38:05","modified_gmt":"2023-09-27T05:38:05","slug":"comunicado-de-los-ayuntamientos-de-portell-de-morella-cinctorres-y-morella-ante-la-linea-aerea-planteada-por-el-cluster-del-maestrazgo","status":"publish","type":"post","link":"https:\/\/portelldemorella.org\/ca\/comunicado-de-los-ayuntamientos-de-portell-de-morella-cinctorres-y-morella-ante-la-linea-aerea-planteada-por-el-cluster-del-maestrazgo\/","title":{"rendered":"Comunicat dels Ajuntaments de Portell de Morella, Cinctorres i Morella davant la l\u00ednia a\u00e8ria plantejada pel Cl\u00faster del Maestrazgo"},"content":{"rendered":"\n<p>Des d&#8217;aquest dimecres representants i personal comercial de l&#8217;empresa FORESTALIA ha estat visitant les cases d&#8217;alguns dels afectats per les l\u00ednies de molt alta tensi\u00f3 que l&#8217;empresa vol ubicar als Ports. En aquestes visites han parlat amb ve\u00efns i ve\u00efnes i a m\u00e9s han entregat unes cartes en les quals se&#8217;ls explica les condicions imposades per l&#8217;empresa de cessi\u00f3 dels seus terrenys.&nbsp;<\/p>\n\n\n\n<p>Des dels Ajuntaments de Portell, Cinctorres i Morella es t\u00e9 la convicci\u00f3 que aquestes visites enfronten als ciutadans, els pressionen i no els deixen decidir en llibertat. D&#8217;aquesta manera no se&#8217;ls obri totes les possibilitats davant del projecte que recauen en al\u00b7legar, rec\u00f3rrer o signar les cessions de servitud. Per tant, no estem d&#8217;acord en aquest tipus d&#8217;actuacions, a m\u00e9s a m\u00e9s tenint en compte que molts d&#8217;aquests afectats s\u00f3n gent major amb menys acc\u00e9s a cercar les seues opcions.&nbsp;<\/p>\n\n\n\n<p>Els tres Ajuntaments volem fer saber que des que va finalitzar el termini de presentaci\u00f3 d&#8217;al\u00b7legacions i recursos dels \u00faltims tr\u00e0mits administratius no hi ha cap novetat respecte de l&#8217;avan\u00e7ament o no del projecte. Aix\u00f2 vol dir que en aquests moments no poden expropiar cap terreny a ning\u00fa per m\u00e9s que des de l&#8217;empresa es trasllade aix\u00ed als afectats.&nbsp;<\/p>\n\n\n\n<p>Cada ve\u00ed o ve\u00efna pot, lliurement, signar o no aquest document, per\u00f2 des dels ajuntaments recomanem que abans de signar cap document s&#8217;informen amb t\u00e8cnics o experts jur\u00eddics per tal de no subscriure cap cl\u00e0usula abusiva.&nbsp;<\/p>\n\n\n\n<p>Com ja s&#8217;ha traslladat anteriorment, des dels consistoris de Portell, Cinctorres i Morella mostrem el nostre rebuig a la l\u00ednia a\u00e8ria que s&#8217;ha plantejat, ja que no t\u00e9 en compte les proteccions ambientals i patrimonials dels nostres termes municipals, ni tampoc contempla les diferents edificacions, sobretot habitatges, que no compleixen la dist\u00e0ncia m\u00ednima establerta legalment, respecte de la l\u00ednia i posa en perill la salut dels que all\u00ed hi viuen.&nbsp;<\/p>\n\n\n\n<p>L&#8217;empresa Forestalia ha sol\u00b7licitat als Ajuntaments de Portell de Morella, Cinctorres i Morella una reuni\u00f3 per a tractar aquest tema, des d&#8217;aquestes administracions ens posem a la disposici\u00f3 de l&#8217;empresa sempre que la reuni\u00f3 siga juntament amb tot el ve\u00efnat afectat, facilitarem un espai per a poder dur a terme aquesta reuni\u00f3. A m\u00e9s, tamb\u00e9 els emplacem a qu\u00e8 aquests contactes amb els propietaris conjuntament i no de forma individual perqu\u00e8 es facen de manera oberta i transparent amb tots els afectats pel qual tamb\u00e9 donarem totes les facilitats.&nbsp;&nbsp;<\/p>\n","protected":false},"excerpt":{"rendered":"<p>Des d&#8217;aquest dimecres representants i personal comercial de l&#8217;empresa FORESTALIA ha estat visitant les cases d&#8217;alguns dels afectats per les l\u00ednies de molt alta tensi\u00f3 que l&#8217;empresa vol ubicar als Ports. En aquestes visites han parlat amb ve\u00efns i ve\u00efnes i a m\u00e9s han entregat unes cartes en les quals se&#8217;ls explica les condicions imposades [&hellip;]<\/p>\n","protected":false},"author":1,"featured_media":6717,"comment_status":"open","ping_status":"open","sticky":false,"template":"","format":"standard","meta":{"footnotes":""},"categories":[97],"tags":[107],"class_list":["post-7824","post","type-post","status-publish","format-standard","has-post-thumbnail","hentry","category-ayuntamiento-ca","tag-portell-ca"],"yoast_head":"<!-- This site is optimized with the Yoast SEO plugin v24.4 - https:\/\/yoast.com\/wordpress\/plugins\/seo\/ -->\n<title>Comunicat dels Ajuntaments de Portell de Morella, Cinctorres i Morella davant la l\u00ednia a\u00e8ria plantejada pel Cl\u00faster del Maestrazgo - Portell de Morella<\/title>\n<meta name=\"robots\" content=\"noindex, follow, max-snippet:-1, max-image-preview:large, max-video-preview:-1\" \/>\n<meta property=\"og:locale\" content=\"ca_ES\" \/>\n<meta property=\"og:type\" content=\"article\" \/>\n<meta property=\"og:title\" content=\"Comunicat dels Ajuntaments de Portell de Morella, Cinctorres i Morella davant la l\u00ednia a\u00e8ria plantejada pel Cl\u00faster del Maestrazgo - Portell de Morella\" \/>\n<meta property=\"og:description\" content=\"Des d&#8217;aquest dimecres representants i personal comercial de l&#8217;empresa FORESTALIA ha estat visitant les cases d&#8217;alguns dels afectats per les l\u00ednies de molt alta tensi\u00f3 que l&#8217;empresa vol ubicar als Ports. En aquestes visites han parlat amb ve\u00efns i ve\u00efnes i a m\u00e9s han entregat unes cartes en les quals se&#8217;ls explica les condicions imposades [&hellip;]\" \/>\n<meta property=\"og:url\" content=\"https:\/\/portelldemorella.org\/ca\/comunicado-de-los-ayuntamientos-de-portell-de-morella-cinctorres-y-morella-ante-la-linea-aerea-planteada-por-el-cluster-del-maestrazgo\/\" \/>\n<meta property=\"og:site_name\" content=\"Portell de Morella\" \/>\n<meta property=\"article:published_time\" content=\"2023-08-03T05:36:21+00:00\" \/>\n<meta property=\"article:modified_time\" content=\"2023-09-27T05:38:05+00:00\" \/>\n<meta property=\"og:image\" content=\"https:\/\/portelldemorella.org\/wp-content\/uploads\/2021\/10\/pueblos-portell-gal1-4.jpg\" \/>\n\t<meta property=\"og:image:width\" content=\"1707\" \/>\n\t<meta property=\"og:image:height\" content=\"1280\" \/>\n\t<meta property=\"og:image:type\" content=\"image\/jpeg\" \/>\n<meta name=\"author\" content=\"portell\" \/>\n<meta name=\"twitter:card\" content=\"summary_large_image\" \/>\n<meta name=\"twitter:label1\" content=\"Escrit per\" \/>\n\t<meta name=\"twitter:data1\" content=\"portell\" \/>\n\t<meta name=\"twitter:label2\" content=\"Temps estimat de lectura\" \/>\n\t<meta name=\"twitter:data2\" content=\"2 minuts\" \/>\n<script type=\"application\/ld+json\" class=\"yoast-schema-graph\">{\"@context\":\"https:\/\/schema.org\",\"@graph\":[{\"@type\":\"Article\",\"@id\":\"https:\/\/portelldemorella.org\/ca\/comunicado-de-los-ayuntamientos-de-portell-de-morella-cinctorres-y-morella-ante-la-linea-aerea-planteada-por-el-cluster-del-maestrazgo\/#article\",\"isPartOf\":{\"@id\":\"https:\/\/portelldemorella.org\/ca\/comunicado-de-los-ayuntamientos-de-portell-de-morella-cinctorres-y-morella-ante-la-linea-aerea-planteada-por-el-cluster-del-maestrazgo\/\"},\"author\":{\"name\":\"portell\",\"@id\":\"https:\/\/portelldemorella.org\/#\/schema\/person\/2adde77c454244acd163488ec723a88b\"},\"headline\":\"Comunicat dels Ajuntaments de Portell de Morella, Cinctorres i Morella davant la l\u00ednia a\u00e8ria plantejada pel Cl\u00faster del Maestrazgo\",\"datePublished\":\"2023-08-03T05:36:21+00:00\",\"dateModified\":\"2023-09-27T05:38:05+00:00\",\"mainEntityOfPage\":{\"@id\":\"https:\/\/portelldemorella.org\/ca\/comunicado-de-los-ayuntamientos-de-portell-de-morella-cinctorres-y-morella-ante-la-linea-aerea-planteada-por-el-cluster-del-maestrazgo\/\"},\"wordCount\":451,\"commentCount\":0,\"publisher\":{\"@id\":\"https:\/\/portelldemorella.org\/#organization\"},\"image\":{\"@id\":\"https:\/\/portelldemorella.org\/ca\/comunicado-de-los-ayuntamientos-de-portell-de-morella-cinctorres-y-morella-ante-la-linea-aerea-planteada-por-el-cluster-del-maestrazgo\/#primaryimage\"},\"thumbnailUrl\":\"https:\/\/portelldemorella.org\/wp-content\/uploads\/2021\/10\/pueblos-portell-gal1-4.jpg\",\"keywords\":[\"portell\"],\"articleSection\":[\"Ayuntamiento\"],\"inLanguage\":\"ca\",\"potentialAction\":[{\"@type\":\"CommentAction\",\"name\":\"Comment\",\"target\":[\"https:\/\/portelldemorella.org\/ca\/comunicado-de-los-ayuntamientos-de-portell-de-morella-cinctorres-y-morella-ante-la-linea-aerea-planteada-por-el-cluster-del-maestrazgo\/#respond\"]}]},{\"@type\":\"WebPage\",\"@id\":\"https:\/\/portelldemorella.org\/ca\/comunicado-de-los-ayuntamientos-de-portell-de-morella-cinctorres-y-morella-ante-la-linea-aerea-planteada-por-el-cluster-del-maestrazgo\/\",\"url\":\"https:\/\/portelldemorella.org\/ca\/comunicado-de-los-ayuntamientos-de-portell-de-morella-cinctorres-y-morella-ante-la-linea-aerea-planteada-por-el-cluster-del-maestrazgo\/\",\"name\":\"Comunicat dels Ajuntaments de Portell de Morella, Cinctorres i Morella davant la l\u00ednia a\u00e8ria plantejada pel Cl\u00faster del Maestrazgo - Portell de Morella\",\"isPartOf\":{\"@id\":\"https:\/\/portelldemorella.org\/#website\"},\"primaryImageOfPage\":{\"@id\":\"https:\/\/portelldemorella.org\/ca\/comunicado-de-los-ayuntamientos-de-portell-de-morella-cinctorres-y-morella-ante-la-linea-aerea-planteada-por-el-cluster-del-maestrazgo\/#primaryimage\"},\"image\":{\"@id\":\"https:\/\/portelldemorella.org\/ca\/comunicado-de-los-ayuntamientos-de-portell-de-morella-cinctorres-y-morella-ante-la-linea-aerea-planteada-por-el-cluster-del-maestrazgo\/#primaryimage\"},\"thumbnailUrl\":\"https:\/\/portelldemorella.org\/wp-content\/uploads\/2021\/10\/pueblos-portell-gal1-4.jpg\",\"datePublished\":\"2023-08-03T05:36:21+00:00\",\"dateModified\":\"2023-09-27T05:38:05+00:00\",\"breadcrumb\":{\"@id\":\"https:\/\/portelldemorella.org\/ca\/comunicado-de-los-ayuntamientos-de-portell-de-morella-cinctorres-y-morella-ante-la-linea-aerea-planteada-por-el-cluster-del-maestrazgo\/#breadcrumb\"},\"inLanguage\":\"ca\",\"potentialAction\":[{\"@type\":\"ReadAction\",\"target\":[\"https:\/\/portelldemorella.org\/ca\/comunicado-de-los-ayuntamientos-de-portell-de-morella-cinctorres-y-morella-ante-la-linea-aerea-planteada-por-el-cluster-del-maestrazgo\/\"]}]},{\"@type\":\"ImageObject\",\"inLanguage\":\"ca\",\"@id\":\"https:\/\/portelldemorella.org\/ca\/comunicado-de-los-ayuntamientos-de-portell-de-morella-cinctorres-y-morella-ante-la-linea-aerea-planteada-por-el-cluster-del-maestrazgo\/#primaryimage\",\"url\":\"https:\/\/portelldemorella.org\/wp-content\/uploads\/2021\/10\/pueblos-portell-gal1-4.jpg\",\"contentUrl\":\"https:\/\/portelldemorella.org\/wp-content\/uploads\/2021\/10\/pueblos-portell-gal1-4.jpg\",\"width\":1707,\"height\":1280},{\"@type\":\"BreadcrumbList\",\"@id\":\"https:\/\/portelldemorella.org\/ca\/comunicado-de-los-ayuntamientos-de-portell-de-morella-cinctorres-y-morella-ante-la-linea-aerea-planteada-por-el-cluster-del-maestrazgo\/#breadcrumb\",\"itemListElement\":[{\"@type\":\"ListItem\",\"position\":1,\"name\":\"Portada\",\"item\":\"https:\/\/portelldemorella.org\/ca\/\"},{\"@type\":\"ListItem\",\"position\":2,\"name\":\"Comunicat dels Ajuntaments de Portell de Morella, Cinctorres i Morella davant la l\u00ednia a\u00e8ria plantejada pel Cl\u00faster del Maestrazgo\"}]},{\"@type\":\"WebSite\",\"@id\":\"https:\/\/portelldemorella.org\/#website\",\"url\":\"https:\/\/portelldemorella.org\/\",\"name\":\"Portell de Morella\",\"description\":\"Web del Ayuntamiento de Portell de Morella\",\"publisher\":{\"@id\":\"https:\/\/portelldemorella.org\/#organization\"},\"potentialAction\":[{\"@type\":\"SearchAction\",\"target\":{\"@type\":\"EntryPoint\",\"urlTemplate\":\"https:\/\/portelldemorella.org\/?s={search_term_string}\"},\"query-input\":{\"@type\":\"PropertyValueSpecification\",\"valueRequired\":true,\"valueName\":\"search_term_string\"}}],\"inLanguage\":\"ca\"},{\"@type\":\"Organization\",\"@id\":\"https:\/\/portelldemorella.org\/#organization\",\"name\":\"Portell de Morella\",\"url\":\"https:\/\/portelldemorella.org\/\",\"logo\":{\"@type\":\"ImageObject\",\"inLanguage\":\"ca\",\"@id\":\"https:\/\/portelldemorella.org\/#\/schema\/logo\/image\/\",\"url\":\"https:\/\/portelldemorella.org\/wp-content\/uploads\/2020\/11\/Escudo-Portell-04.jpg\",\"contentUrl\":\"https:\/\/portelldemorella.org\/wp-content\/uploads\/2020\/11\/Escudo-Portell-04.jpg\",\"width\":1001,\"height\":394,\"caption\":\"Portell de Morella\"},\"image\":{\"@id\":\"https:\/\/portelldemorella.org\/#\/schema\/logo\/image\/\"}},{\"@type\":\"Person\",\"@id\":\"https:\/\/portelldemorella.org\/#\/schema\/person\/2adde77c454244acd163488ec723a88b\",\"name\":\"portell\",\"image\":{\"@type\":\"ImageObject\",\"inLanguage\":\"ca\",\"@id\":\"https:\/\/portelldemorella.org\/#\/schema\/person\/image\/\",\"url\":\"https:\/\/secure.gravatar.com\/avatar\/077c6bd89604df620d2fa93a06be2531944cdd6826fd322dbd8b483fd84d6407?s=96&d=mm&r=g\",\"contentUrl\":\"https:\/\/secure.gravatar.com\/avatar\/077c6bd89604df620d2fa93a06be2531944cdd6826fd322dbd8b483fd84d6407?s=96&d=mm&r=g\",\"caption\":\"portell\"},\"sameAs\":[\"https:\/\/portelldemorella.org\"],\"url\":\"https:\/\/portelldemorella.org\/ca\/author\/portell\/\"}]}<\/script>\n<!-- \/ Yoast SEO plugin. -->","yoast_head_json":{"title":"Comunicat dels Ajuntaments de Portell de Morella, Cinctorres i Morella davant la l\u00ednia a\u00e8ria plantejada pel Cl\u00faster del Maestrazgo - Portell de Morella","robots":{"index":"noindex","follow":"follow","max-snippet":"max-snippet:-1","max-image-preview":"max-image-preview:large","max-video-preview":"max-video-preview:-1"},"og_locale":"ca_ES","og_type":"article","og_title":"Comunicat dels Ajuntaments de Portell de Morella, Cinctorres i Morella davant la l\u00ednia a\u00e8ria plantejada pel Cl\u00faster del Maestrazgo - Portell de Morella","og_description":"Des d&#8217;aquest dimecres representants i personal comercial de l&#8217;empresa FORESTALIA ha estat visitant les cases d&#8217;alguns dels afectats per les l\u00ednies de molt alta tensi\u00f3 que l&#8217;empresa vol ubicar als Ports. En aquestes visites han parlat amb ve\u00efns i ve\u00efnes i a m\u00e9s han entregat unes cartes en les quals se&#8217;ls explica les condicions imposades [&hellip;]","og_url":"https:\/\/portelldemorella.org\/ca\/comunicado-de-los-ayuntamientos-de-portell-de-morella-cinctorres-y-morella-ante-la-linea-aerea-planteada-por-el-cluster-del-maestrazgo\/","og_site_name":"Portell de Morella","article_published_time":"2023-08-03T05:36:21+00:00","article_modified_time":"2023-09-27T05:38:05+00:00","og_image":[{"width":1707,"height":1280,"url":"https:\/\/portelldemorella.org\/wp-content\/uploads\/2021\/10\/pueblos-portell-gal1-4.jpg","type":"image\/jpeg"}],"author":"portell","twitter_card":"summary_large_image","twitter_misc":{"Escrit per":"portell","Temps estimat de lectura":"2 minuts"},"schema":{"@context":"https:\/\/schema.org","@graph":[{"@type":"Article","@id":"https:\/\/portelldemorella.org\/ca\/comunicado-de-los-ayuntamientos-de-portell-de-morella-cinctorres-y-morella-ante-la-linea-aerea-planteada-por-el-cluster-del-maestrazgo\/#article","isPartOf":{"@id":"https:\/\/portelldemorella.org\/ca\/comunicado-de-los-ayuntamientos-de-portell-de-morella-cinctorres-y-morella-ante-la-linea-aerea-planteada-por-el-cluster-del-maestrazgo\/"},"author":{"name":"portell","@id":"https:\/\/portelldemorella.org\/#\/schema\/person\/2adde77c454244acd163488ec723a88b"},"headline":"Comunicat dels Ajuntaments de Portell de Morella, Cinctorres i Morella davant la l\u00ednia a\u00e8ria plantejada pel Cl\u00faster del Maestrazgo","datePublished":"2023-08-03T05:36:21+00:00","dateModified":"2023-09-27T05:38:05+00:00","mainEntityOfPage":{"@id":"https:\/\/portelldemorella.org\/ca\/comunicado-de-los-ayuntamientos-de-portell-de-morella-cinctorres-y-morella-ante-la-linea-aerea-planteada-por-el-cluster-del-maestrazgo\/"},"wordCount":451,"commentCount":0,"publisher":{"@id":"https:\/\/portelldemorella.org\/#organization"},"image":{"@id":"https:\/\/portelldemorella.org\/ca\/comunicado-de-los-ayuntamientos-de-portell-de-morella-cinctorres-y-morella-ante-la-linea-aerea-planteada-por-el-cluster-del-maestrazgo\/#primaryimage"},"thumbnailUrl":"https:\/\/portelldemorella.org\/wp-content\/uploads\/2021\/10\/pueblos-portell-gal1-4.jpg","keywords":["portell"],"articleSection":["Ayuntamiento"],"inLanguage":"ca","potentialAction":[{"@type":"CommentAction","name":"Comment","target":["https:\/\/portelldemorella.org\/ca\/comunicado-de-los-ayuntamientos-de-portell-de-morella-cinctorres-y-morella-ante-la-linea-aerea-planteada-por-el-cluster-del-maestrazgo\/#respond"]}]},{"@type":"WebPage","@id":"https:\/\/portelldemorella.org\/ca\/comunicado-de-los-ayuntamientos-de-portell-de-morella-cinctorres-y-morella-ante-la-linea-aerea-planteada-por-el-cluster-del-maestrazgo\/","url":"https:\/\/portelldemorella.org\/ca\/comunicado-de-los-ayuntamientos-de-portell-de-morella-cinctorres-y-morella-ante-la-linea-aerea-planteada-por-el-cluster-del-maestrazgo\/","name":"Comunicat dels Ajuntaments de Portell de Morella, Cinctorres i Morella davant la l\u00ednia a\u00e8ria plantejada pel Cl\u00faster del Maestrazgo - Portell de Morella","isPartOf":{"@id":"https:\/\/portelldemorella.org\/#website"},"primaryImageOfPage":{"@id":"https:\/\/portelldemorella.org\/ca\/comunicado-de-los-ayuntamientos-de-portell-de-morella-cinctorres-y-morella-ante-la-linea-aerea-planteada-por-el-cluster-del-maestrazgo\/#primaryimage"},"image":{"@id":"https:\/\/portelldemorella.org\/ca\/comunicado-de-los-ayuntamientos-de-portell-de-morella-cinctorres-y-morella-ante-la-linea-aerea-planteada-por-el-cluster-del-maestrazgo\/#primaryimage"},"thumbnailUrl":"https:\/\/portelldemorella.org\/wp-content\/uploads\/2021\/10\/pueblos-portell-gal1-4.jpg","datePublished":"2023-08-03T05:36:21+00:00","dateModified":"2023-09-27T05:38:05+00:00","breadcrumb":{"@id":"https:\/\/portelldemorella.org\/ca\/comunicado-de-los-ayuntamientos-de-portell-de-morella-cinctorres-y-morella-ante-la-linea-aerea-planteada-por-el-cluster-del-maestrazgo\/#breadcrumb"},"inLanguage":"ca","potentialAction":[{"@type":"ReadAction","target":["https:\/\/portelldemorella.org\/ca\/comunicado-de-los-ayuntamientos-de-portell-de-morella-cinctorres-y-morella-ante-la-linea-aerea-planteada-por-el-cluster-del-maestrazgo\/"]}]},{"@type":"ImageObject","inLanguage":"ca","@id":"https:\/\/portelldemorella.org\/ca\/comunicado-de-los-ayuntamientos-de-portell-de-morella-cinctorres-y-morella-ante-la-linea-aerea-planteada-por-el-cluster-del-maestrazgo\/#primaryimage","url":"https:\/\/portelldemorella.org\/wp-content\/uploads\/2021\/10\/pueblos-portell-gal1-4.jpg","contentUrl":"https:\/\/portelldemorella.org\/wp-content\/uploads\/2021\/10\/pueblos-portell-gal1-4.jpg","width":1707,"height":1280},{"@type":"BreadcrumbList","@id":"https:\/\/portelldemorella.org\/ca\/comunicado-de-los-ayuntamientos-de-portell-de-morella-cinctorres-y-morella-ante-la-linea-aerea-planteada-por-el-cluster-del-maestrazgo\/#breadcrumb","itemListElement":[{"@type":"ListItem","position":1,"name":"Portada","item":"https:\/\/portelldemorella.org\/ca\/"},{"@type":"ListItem","position":2,"name":"Comunicat dels Ajuntaments de Portell de Morella, Cinctorres i Morella davant la l\u00ednia a\u00e8ria plantejada pel Cl\u00faster del Maestrazgo"}]},{"@type":"WebSite","@id":"https:\/\/portelldemorella.org\/#website","url":"https:\/\/portelldemorella.org\/","name":"Portell de Morella","description":"Web del Ayuntamiento de Portell de Morella","publisher":{"@id":"https:\/\/portelldemorella.org\/#organization"},"potentialAction":[{"@type":"SearchAction","target":{"@type":"EntryPoint","urlTemplate":"https:\/\/portelldemorella.org\/?s={search_term_string}"},"query-input":{"@type":"PropertyValueSpecification","valueRequired":true,"valueName":"search_term_string"}}],"inLanguage":"ca"},{"@type":"Organization","@id":"https:\/\/portelldemorella.org\/#organization","name":"Portell de Morella","url":"https:\/\/portelldemorella.org\/","logo":{"@type":"ImageObject","inLanguage":"ca","@id":"https:\/\/portelldemorella.org\/#\/schema\/logo\/image\/","url":"https:\/\/portelldemorella.org\/wp-content\/uploads\/2020\/11\/Escudo-Portell-04.jpg","contentUrl":"https:\/\/portelldemorella.org\/wp-content\/uploads\/2020\/11\/Escudo-Portell-04.jpg","width":1001,"height":394,"caption":"Portell de Morella"},"image":{"@id":"https:\/\/portelldemorella.org\/#\/schema\/logo\/image\/"}},{"@type":"Person","@id":"https:\/\/portelldemorella.org\/#\/schema\/person\/2adde77c454244acd163488ec723a88b","name":"portell","image":{"@type":"ImageObject","inLanguage":"ca","@id":"https:\/\/portelldemorella.org\/#\/schema\/person\/image\/","url":"https:\/\/secure.gravatar.com\/avatar\/077c6bd89604df620d2fa93a06be2531944cdd6826fd322dbd8b483fd84d6407?s=96&d=mm&r=g","contentUrl":"https:\/\/secure.gravatar.com\/avatar\/077c6bd89604df620d2fa93a06be2531944cdd6826fd322dbd8b483fd84d6407?s=96&d=mm&r=g","caption":"portell"},"sameAs":["https:\/\/portelldemorella.org"],"url":"https:\/\/portelldemorella.org\/ca\/author\/portell\/"}]}},"_links":{"self":[{"href":"https:\/\/portelldemorella.org\/ca\/wp-json\/wp\/v2\/posts\/7824","targetHints":{"allow":["GET"]}}],"collection":[{"href":"https:\/\/portelldemorella.org\/ca\/wp-json\/wp\/v2\/posts"}],"about":[{"href":"https:\/\/portelldemorella.org\/ca\/wp-json\/wp\/v2\/types\/post"}],"author":[{"embeddable":true,"href":"https:\/\/portelldemorella.org\/ca\/wp-json\/wp\/v2\/users\/1"}],"replies":[{"embeddable":true,"href":"https:\/\/portelldemorella.org\/ca\/wp-json\/wp\/v2\/comments?post=7824"}],"version-history":[{"count":1,"href":"https:\/\/portelldemorella.org\/ca\/wp-json\/wp\/v2\/posts\/7824\/revisions"}],"predecessor-version":[{"id":7826,"href":"https:\/\/portelldemorella.org\/ca\/wp-json\/wp\/v2\/posts\/7824\/revisions\/7826"}],"wp:featuredmedia":[{"embeddable":true,"href":"https:\/\/portelldemorella.org\/ca\/wp-json\/wp\/v2\/media\/6717"}],"wp:attachment":[{"href":"https:\/\/portelldemorella.org\/ca\/wp-json\/wp\/v2\/media?parent=7824"}],"wp:term":[{"taxonomy":"category","embeddable":true,"href":"https:\/\/portelldemorella.org\/ca\/wp-json\/wp\/v2\/categories?post=7824"},{"taxonomy":"post_tag","embeddable":true,"href":"https:\/\/portelldemorella.org\/ca\/wp-json\/wp\/v2\/tags?post=7824"}],"curies":[{"name":"wp","href":"https:\/\/api.w.org\/{rel}","templated":true}]}}