{"id":7831,"date":"2023-08-03T05:38:28","date_gmt":"2023-08-03T05:38:28","guid":{"rendered":"https:\/\/portelldemorella.org\/musica-toros-y-tradicion-protagonistas-de-las-fiestas-de-portell-2023\/"},"modified":"2023-09-27T05:39:55","modified_gmt":"2023-09-27T05:39:55","slug":"musica-toros-y-tradicion-protagonistas-de-las-fiestas-de-portell-2023","status":"publish","type":"post","link":"https:\/\/portelldemorella.org\/ca\/musica-toros-y-tradicion-protagonistas-de-las-fiestas-de-portell-2023\/","title":{"rendered":"M\u00fasica, bous i tradici\u00f3 protagonistes de les Festes de Portell 2023"},"content":{"rendered":"\n<p>&#8211; Els festejos seran del 10 al 16 d&#8217;agost<\/p>\n\n\n\n<p>&#8211; El diumenge 6 hi haur\u00e0 una actuaci\u00f3 especial de Xarxa Teatre<\/p>\n\n\n\n<p>L&#8217;Ajuntament de Portell ja ha presentat la programaci\u00f3 per a les Festes d&#8217;Agost que tindran lloc entre el 10 i el 16 d&#8217;aquest mes. A m\u00e9s, com a avantsala a la festa, el diumenge dia 6 el poliesportiu acollir\u00e0 des de les 18h una actuaci\u00f3 de Xarxa Teatre.&nbsp;<\/p>\n\n\n\n<p>El primer dia oficial de festes, el dijous 10, ser\u00e0 la presentaci\u00f3 de la cort d&#8217;honor. Una jornada en la qual tampoc faltaran la m\u00fasica i el ball. El divendres 11 arribar\u00e0 l&#8217;esperat &#8216;xupinazo&#8217; a les 12h. A continuaci\u00f3, comen\u00e7aran els esdeveniments taurins que es succeiran durant tots els festejos. I, com no, la nit s&#8217;allargar\u00e0 amb una actuaci\u00f3 musical. El dissabte 12 ser\u00e0 el Dia de la Penya Taurina i el diumenge 13 s&#8217;honrar\u00e0 als Patrons amb una missa baturra, un vermut, campionats de cartes i cinema.&nbsp;<\/p>\n\n\n\n<p>La nova setmana comen\u00e7ar\u00e0 amb el Dia de les Colles on grans i xicotets gaudiran de la m\u00fasica o els bous. El dimarts 15, com a marca la tradici\u00f3, se celebrar\u00e0 el Dia de la Mare de D\u00e9u amb parc infantil i jocs tradicionals, ofrena en l&#8217;ermita o ball de disfresses. El fermall d&#8217;or als festejos el posar\u00e0 el Dia de les Paelles el dimecres 16 d&#8217;agost amb concurs d&#8217;aquest plat, m\u00fasica i castell de focs amb traca fi de festes.<\/p>\n","protected":false},"excerpt":{"rendered":"<p>&#8211; Els festejos seran del 10 al 16 d&#8217;agost &#8211; El diumenge 6 hi haur\u00e0 una actuaci\u00f3 especial de Xarxa Teatre L&#8217;Ajuntament de Portell ja ha presentat la programaci\u00f3 per a les Festes d&#8217;Agost que tindran lloc entre el 10 i el 16 d&#8217;aquest mes. A m\u00e9s, com a avantsala a la festa, el diumenge [&hellip;]<\/p>\n","protected":false},"author":1,"featured_media":7829,"comment_status":"open","ping_status":"open","sticky":false,"template":"","format":"standard","meta":{"footnotes":""},"categories":[97],"tags":[135,183,184,107],"class_list":["post-7831","post","type-post","status-publish","format-standard","has-post-thumbnail","hentry","category-ayuntamiento-ca","tag-els-ports","tag-festes-2-ca","tag-fiestas-ca","tag-portell-ca"],"yoast_head":"<!-- This site is optimized with the Yoast SEO plugin v24.4 - https:\/\/yoast.com\/wordpress\/plugins\/seo\/ -->\n<title>M\u00fasica, bous i tradici\u00f3 protagonistes de les Festes de Portell 2023 - Portell de Morella<\/title>\n<meta name=\"robots\" content=\"noindex, follow, max-snippet:-1, max-image-preview:large, max-video-preview:-1\" \/>\n<meta property=\"og:locale\" content=\"ca_ES\" \/>\n<meta property=\"og:type\" content=\"article\" \/>\n<meta property=\"og:title\" content=\"M\u00fasica, bous i tradici\u00f3 protagonistes de les Festes de Portell 2023 - Portell de Morella\" \/>\n<meta property=\"og:description\" content=\"&#8211; Els festejos seran del 10 al 16 d&#8217;agost &#8211; El diumenge 6 hi haur\u00e0 una actuaci\u00f3 especial de Xarxa Teatre L&#8217;Ajuntament de Portell ja ha presentat la programaci\u00f3 per a les Festes d&#8217;Agost que tindran lloc entre el 10 i el 16 d&#8217;aquest mes. A m\u00e9s, com a avantsala a la festa, el diumenge [&hellip;]\" \/>\n<meta property=\"og:url\" content=\"https:\/\/portelldemorella.org\/ca\/musica-toros-y-tradicion-protagonistas-de-las-fiestas-de-portell-2023\/\" \/>\n<meta property=\"og:site_name\" content=\"Portell de Morella\" \/>\n<meta property=\"article:published_time\" content=\"2023-08-03T05:38:28+00:00\" \/>\n<meta property=\"article:modified_time\" content=\"2023-09-27T05:39:55+00:00\" \/>\n<meta property=\"og:image\" content=\"https:\/\/portelldemorella.org\/wp-content\/uploads\/2023\/09\/FESTES-PORTELL-2023.jpg\" \/>\n\t<meta property=\"og:image:width\" content=\"1654\" \/>\n\t<meta property=\"og:image:height\" content=\"2339\" \/>\n\t<meta property=\"og:image:type\" content=\"image\/jpeg\" \/>\n<meta name=\"author\" content=\"portell\" \/>\n<meta name=\"twitter:card\" content=\"summary_large_image\" \/>\n<meta name=\"twitter:label1\" content=\"Escrit per\" \/>\n\t<meta name=\"twitter:data1\" content=\"portell\" \/>\n\t<meta name=\"twitter:label2\" content=\"Temps estimat de lectura\" \/>\n\t<meta name=\"twitter:data2\" content=\"2 minuts\" \/>\n<script type=\"application\/ld+json\" class=\"yoast-schema-graph\">{\"@context\":\"https:\/\/schema.org\",\"@graph\":[{\"@type\":\"Article\",\"@id\":\"https:\/\/portelldemorella.org\/ca\/musica-toros-y-tradicion-protagonistas-de-las-fiestas-de-portell-2023\/#article\",\"isPartOf\":{\"@id\":\"https:\/\/portelldemorella.org\/ca\/musica-toros-y-tradicion-protagonistas-de-las-fiestas-de-portell-2023\/\"},\"author\":{\"name\":\"portell\",\"@id\":\"https:\/\/portelldemorella.org\/#\/schema\/person\/2adde77c454244acd163488ec723a88b\"},\"headline\":\"M\u00fasica, bous i tradici\u00f3 protagonistes de les Festes de Portell 2023\",\"datePublished\":\"2023-08-03T05:38:28+00:00\",\"dateModified\":\"2023-09-27T05:39:55+00:00\",\"mainEntityOfPage\":{\"@id\":\"https:\/\/portelldemorella.org\/ca\/musica-toros-y-tradicion-protagonistas-de-las-fiestas-de-portell-2023\/\"},\"wordCount\":246,\"commentCount\":0,\"publisher\":{\"@id\":\"https:\/\/portelldemorella.org\/#organization\"},\"image\":{\"@id\":\"https:\/\/portelldemorella.org\/ca\/musica-toros-y-tradicion-protagonistas-de-las-fiestas-de-portell-2023\/#primaryimage\"},\"thumbnailUrl\":\"https:\/\/portelldemorella.org\/wp-content\/uploads\/2023\/09\/FESTES-PORTELL-2023.jpg\",\"keywords\":[\"els ports\",\"festes\",\"fiestas\",\"portell\"],\"articleSection\":[\"Ayuntamiento\"],\"inLanguage\":\"ca\",\"potentialAction\":[{\"@type\":\"CommentAction\",\"name\":\"Comment\",\"target\":[\"https:\/\/portelldemorella.org\/ca\/musica-toros-y-tradicion-protagonistas-de-las-fiestas-de-portell-2023\/#respond\"]}]},{\"@type\":\"WebPage\",\"@id\":\"https:\/\/portelldemorella.org\/ca\/musica-toros-y-tradicion-protagonistas-de-las-fiestas-de-portell-2023\/\",\"url\":\"https:\/\/portelldemorella.org\/ca\/musica-toros-y-tradicion-protagonistas-de-las-fiestas-de-portell-2023\/\",\"name\":\"M\u00fasica, bous i tradici\u00f3 protagonistes de les Festes de Portell 2023 - Portell de Morella\",\"isPartOf\":{\"@id\":\"https:\/\/portelldemorella.org\/#website\"},\"primaryImageOfPage\":{\"@id\":\"https:\/\/portelldemorella.org\/ca\/musica-toros-y-tradicion-protagonistas-de-las-fiestas-de-portell-2023\/#primaryimage\"},\"image\":{\"@id\":\"https:\/\/portelldemorella.org\/ca\/musica-toros-y-tradicion-protagonistas-de-las-fiestas-de-portell-2023\/#primaryimage\"},\"thumbnailUrl\":\"https:\/\/portelldemorella.org\/wp-content\/uploads\/2023\/09\/FESTES-PORTELL-2023.jpg\",\"datePublished\":\"2023-08-03T05:38:28+00:00\",\"dateModified\":\"2023-09-27T05:39:55+00:00\",\"breadcrumb\":{\"@id\":\"https:\/\/portelldemorella.org\/ca\/musica-toros-y-tradicion-protagonistas-de-las-fiestas-de-portell-2023\/#breadcrumb\"},\"inLanguage\":\"ca\",\"potentialAction\":[{\"@type\":\"ReadAction\",\"target\":[\"https:\/\/portelldemorella.org\/ca\/musica-toros-y-tradicion-protagonistas-de-las-fiestas-de-portell-2023\/\"]}]},{\"@type\":\"ImageObject\",\"inLanguage\":\"ca\",\"@id\":\"https:\/\/portelldemorella.org\/ca\/musica-toros-y-tradicion-protagonistas-de-las-fiestas-de-portell-2023\/#primaryimage\",\"url\":\"https:\/\/portelldemorella.org\/wp-content\/uploads\/2023\/09\/FESTES-PORTELL-2023.jpg\",\"contentUrl\":\"https:\/\/portelldemorella.org\/wp-content\/uploads\/2023\/09\/FESTES-PORTELL-2023.jpg\",\"width\":1654,\"height\":2339},{\"@type\":\"BreadcrumbList\",\"@id\":\"https:\/\/portelldemorella.org\/ca\/musica-toros-y-tradicion-protagonistas-de-las-fiestas-de-portell-2023\/#breadcrumb\",\"itemListElement\":[{\"@type\":\"ListItem\",\"position\":1,\"name\":\"Portada\",\"item\":\"https:\/\/portelldemorella.org\/ca\/\"},{\"@type\":\"ListItem\",\"position\":2,\"name\":\"M\u00fasica, bous i tradici\u00f3 protagonistes de les Festes de Portell 2023\"}]},{\"@type\":\"WebSite\",\"@id\":\"https:\/\/portelldemorella.org\/#website\",\"url\":\"https:\/\/portelldemorella.org\/\",\"name\":\"Portell de Morella\",\"description\":\"Web del Ayuntamiento de Portell de Morella\",\"publisher\":{\"@id\":\"https:\/\/portelldemorella.org\/#organization\"},\"potentialAction\":[{\"@type\":\"SearchAction\",\"target\":{\"@type\":\"EntryPoint\",\"urlTemplate\":\"https:\/\/portelldemorella.org\/?s={search_term_string}\"},\"query-input\":{\"@type\":\"PropertyValueSpecification\",\"valueRequired\":true,\"valueName\":\"search_term_string\"}}],\"inLanguage\":\"ca\"},{\"@type\":\"Organization\",\"@id\":\"https:\/\/portelldemorella.org\/#organization\",\"name\":\"Portell de Morella\",\"url\":\"https:\/\/portelldemorella.org\/\",\"logo\":{\"@type\":\"ImageObject\",\"inLanguage\":\"ca\",\"@id\":\"https:\/\/portelldemorella.org\/#\/schema\/logo\/image\/\",\"url\":\"https:\/\/portelldemorella.org\/wp-content\/uploads\/2020\/11\/Escudo-Portell-04.jpg\",\"contentUrl\":\"https:\/\/portelldemorella.org\/wp-content\/uploads\/2020\/11\/Escudo-Portell-04.jpg\",\"width\":1001,\"height\":394,\"caption\":\"Portell de Morella\"},\"image\":{\"@id\":\"https:\/\/portelldemorella.org\/#\/schema\/logo\/image\/\"}},{\"@type\":\"Person\",\"@id\":\"https:\/\/portelldemorella.org\/#\/schema\/person\/2adde77c454244acd163488ec723a88b\",\"name\":\"portell\",\"image\":{\"@type\":\"ImageObject\",\"inLanguage\":\"ca\",\"@id\":\"https:\/\/portelldemorella.org\/#\/schema\/person\/image\/\",\"url\":\"https:\/\/secure.gravatar.com\/avatar\/077c6bd89604df620d2fa93a06be2531944cdd6826fd322dbd8b483fd84d6407?s=96&d=mm&r=g\",\"contentUrl\":\"https:\/\/secure.gravatar.com\/avatar\/077c6bd89604df620d2fa93a06be2531944cdd6826fd322dbd8b483fd84d6407?s=96&d=mm&r=g\",\"caption\":\"portell\"},\"sameAs\":[\"https:\/\/portelldemorella.org\"],\"url\":\"https:\/\/portelldemorella.org\/ca\/author\/portell\/\"}]}<\/script>\n<!-- \/ Yoast SEO plugin. -->","yoast_head_json":{"title":"M\u00fasica, bous i tradici\u00f3 protagonistes de les Festes de Portell 2023 - Portell de Morella","robots":{"index":"noindex","follow":"follow","max-snippet":"max-snippet:-1","max-image-preview":"max-image-preview:large","max-video-preview":"max-video-preview:-1"},"og_locale":"ca_ES","og_type":"article","og_title":"M\u00fasica, bous i tradici\u00f3 protagonistes de les Festes de Portell 2023 - Portell de Morella","og_description":"&#8211; Els festejos seran del 10 al 16 d&#8217;agost &#8211; El diumenge 6 hi haur\u00e0 una actuaci\u00f3 especial de Xarxa Teatre L&#8217;Ajuntament de Portell ja ha presentat la programaci\u00f3 per a les Festes d&#8217;Agost que tindran lloc entre el 10 i el 16 d&#8217;aquest mes. A m\u00e9s, com a avantsala a la festa, el diumenge [&hellip;]","og_url":"https:\/\/portelldemorella.org\/ca\/musica-toros-y-tradicion-protagonistas-de-las-fiestas-de-portell-2023\/","og_site_name":"Portell de Morella","article_published_time":"2023-08-03T05:38:28+00:00","article_modified_time":"2023-09-27T05:39:55+00:00","og_image":[{"width":1654,"height":2339,"url":"https:\/\/portelldemorella.org\/wp-content\/uploads\/2023\/09\/FESTES-PORTELL-2023.jpg","type":"image\/jpeg"}],"author":"portell","twitter_card":"summary_large_image","twitter_misc":{"Escrit per":"portell","Temps estimat de lectura":"2 minuts"},"schema":{"@context":"https:\/\/schema.org","@graph":[{"@type":"Article","@id":"https:\/\/portelldemorella.org\/ca\/musica-toros-y-tradicion-protagonistas-de-las-fiestas-de-portell-2023\/#article","isPartOf":{"@id":"https:\/\/portelldemorella.org\/ca\/musica-toros-y-tradicion-protagonistas-de-las-fiestas-de-portell-2023\/"},"author":{"name":"portell","@id":"https:\/\/portelldemorella.org\/#\/schema\/person\/2adde77c454244acd163488ec723a88b"},"headline":"M\u00fasica, bous i tradici\u00f3 protagonistes de les Festes de Portell 2023","datePublished":"2023-08-03T05:38:28+00:00","dateModified":"2023-09-27T05:39:55+00:00","mainEntityOfPage":{"@id":"https:\/\/portelldemorella.org\/ca\/musica-toros-y-tradicion-protagonistas-de-las-fiestas-de-portell-2023\/"},"wordCount":246,"commentCount":0,"publisher":{"@id":"https:\/\/portelldemorella.org\/#organization"},"image":{"@id":"https:\/\/portelldemorella.org\/ca\/musica-toros-y-tradicion-protagonistas-de-las-fiestas-de-portell-2023\/#primaryimage"},"thumbnailUrl":"https:\/\/portelldemorella.org\/wp-content\/uploads\/2023\/09\/FESTES-PORTELL-2023.jpg","keywords":["els ports","festes","fiestas","portell"],"articleSection":["Ayuntamiento"],"inLanguage":"ca","potentialAction":[{"@type":"CommentAction","name":"Comment","target":["https:\/\/portelldemorella.org\/ca\/musica-toros-y-tradicion-protagonistas-de-las-fiestas-de-portell-2023\/#respond"]}]},{"@type":"WebPage","@id":"https:\/\/portelldemorella.org\/ca\/musica-toros-y-tradicion-protagonistas-de-las-fiestas-de-portell-2023\/","url":"https:\/\/portelldemorella.org\/ca\/musica-toros-y-tradicion-protagonistas-de-las-fiestas-de-portell-2023\/","name":"M\u00fasica, bous i tradici\u00f3 protagonistes de les Festes de Portell 2023 - Portell de Morella","isPartOf":{"@id":"https:\/\/portelldemorella.org\/#website"},"primaryImageOfPage":{"@id":"https:\/\/portelldemorella.org\/ca\/musica-toros-y-tradicion-protagonistas-de-las-fiestas-de-portell-2023\/#primaryimage"},"image":{"@id":"https:\/\/portelldemorella.org\/ca\/musica-toros-y-tradicion-protagonistas-de-las-fiestas-de-portell-2023\/#primaryimage"},"thumbnailUrl":"https:\/\/portelldemorella.org\/wp-content\/uploads\/2023\/09\/FESTES-PORTELL-2023.jpg","datePublished":"2023-08-03T05:38:28+00:00","dateModified":"2023-09-27T05:39:55+00:00","breadcrumb":{"@id":"https:\/\/portelldemorella.org\/ca\/musica-toros-y-tradicion-protagonistas-de-las-fiestas-de-portell-2023\/#breadcrumb"},"inLanguage":"ca","potentialAction":[{"@type":"ReadAction","target":["https:\/\/portelldemorella.org\/ca\/musica-toros-y-tradicion-protagonistas-de-las-fiestas-de-portell-2023\/"]}]},{"@type":"ImageObject","inLanguage":"ca","@id":"https:\/\/portelldemorella.org\/ca\/musica-toros-y-tradicion-protagonistas-de-las-fiestas-de-portell-2023\/#primaryimage","url":"https:\/\/portelldemorella.org\/wp-content\/uploads\/2023\/09\/FESTES-PORTELL-2023.jpg","contentUrl":"https:\/\/portelldemorella.org\/wp-content\/uploads\/2023\/09\/FESTES-PORTELL-2023.jpg","width":1654,"height":2339},{"@type":"BreadcrumbList","@id":"https:\/\/portelldemorella.org\/ca\/musica-toros-y-tradicion-protagonistas-de-las-fiestas-de-portell-2023\/#breadcrumb","itemListElement":[{"@type":"ListItem","position":1,"name":"Portada","item":"https:\/\/portelldemorella.org\/ca\/"},{"@type":"ListItem","position":2,"name":"M\u00fasica, bous i tradici\u00f3 protagonistes de les Festes de Portell 2023"}]},{"@type":"WebSite","@id":"https:\/\/portelldemorella.org\/#website","url":"https:\/\/portelldemorella.org\/","name":"Portell de Morella","description":"Web del Ayuntamiento de Portell de Morella","publisher":{"@id":"https:\/\/portelldemorella.org\/#organization"},"potentialAction":[{"@type":"SearchAction","target":{"@type":"EntryPoint","urlTemplate":"https:\/\/portelldemorella.org\/?s={search_term_string}"},"query-input":{"@type":"PropertyValueSpecification","valueRequired":true,"valueName":"search_term_string"}}],"inLanguage":"ca"},{"@type":"Organization","@id":"https:\/\/portelldemorella.org\/#organization","name":"Portell de Morella","url":"https:\/\/portelldemorella.org\/","logo":{"@type":"ImageObject","inLanguage":"ca","@id":"https:\/\/portelldemorella.org\/#\/schema\/logo\/image\/","url":"https:\/\/portelldemorella.org\/wp-content\/uploads\/2020\/11\/Escudo-Portell-04.jpg","contentUrl":"https:\/\/portelldemorella.org\/wp-content\/uploads\/2020\/11\/Escudo-Portell-04.jpg","width":1001,"height":394,"caption":"Portell de Morella"},"image":{"@id":"https:\/\/portelldemorella.org\/#\/schema\/logo\/image\/"}},{"@type":"Person","@id":"https:\/\/portelldemorella.org\/#\/schema\/person\/2adde77c454244acd163488ec723a88b","name":"portell","image":{"@type":"ImageObject","inLanguage":"ca","@id":"https:\/\/portelldemorella.org\/#\/schema\/person\/image\/","url":"https:\/\/secure.gravatar.com\/avatar\/077c6bd89604df620d2fa93a06be2531944cdd6826fd322dbd8b483fd84d6407?s=96&d=mm&r=g","contentUrl":"https:\/\/secure.gravatar.com\/avatar\/077c6bd89604df620d2fa93a06be2531944cdd6826fd322dbd8b483fd84d6407?s=96&d=mm&r=g","caption":"portell"},"sameAs":["https:\/\/portelldemorella.org"],"url":"https:\/\/portelldemorella.org\/ca\/author\/portell\/"}]}},"_links":{"self":[{"href":"https:\/\/portelldemorella.org\/ca\/wp-json\/wp\/v2\/posts\/7831","targetHints":{"allow":["GET"]}}],"collection":[{"href":"https:\/\/portelldemorella.org\/ca\/wp-json\/wp\/v2\/posts"}],"about":[{"href":"https:\/\/portelldemorella.org\/ca\/wp-json\/wp\/v2\/types\/post"}],"author":[{"embeddable":true,"href":"https:\/\/portelldemorella.org\/ca\/wp-json\/wp\/v2\/users\/1"}],"replies":[{"embeddable":true,"href":"https:\/\/portelldemorella.org\/ca\/wp-json\/wp\/v2\/comments?post=7831"}],"version-history":[{"count":1,"href":"https:\/\/portelldemorella.org\/ca\/wp-json\/wp\/v2\/posts\/7831\/revisions"}],"predecessor-version":[{"id":7832,"href":"https:\/\/portelldemorella.org\/ca\/wp-json\/wp\/v2\/posts\/7831\/revisions\/7832"}],"wp:featuredmedia":[{"embeddable":true,"href":"https:\/\/portelldemorella.org\/ca\/wp-json\/wp\/v2\/media\/7829"}],"wp:attachment":[{"href":"https:\/\/portelldemorella.org\/ca\/wp-json\/wp\/v2\/media?parent=7831"}],"wp:term":[{"taxonomy":"category","embeddable":true,"href":"https:\/\/portelldemorella.org\/ca\/wp-json\/wp\/v2\/categories?post=7831"},{"taxonomy":"post_tag","embeddable":true,"href":"https:\/\/portelldemorella.org\/ca\/wp-json\/wp\/v2\/tags?post=7831"}],"curies":[{"name":"wp","href":"https:\/\/api.w.org\/{rel}","templated":true}]}}