{"id":7850,"date":"2023-07-13T05:49:13","date_gmt":"2023-07-13T05:49:13","guid":{"rendered":"https:\/\/portelldemorella.org\/?p=7850"},"modified":"2023-09-27T05:50:11","modified_gmt":"2023-09-27T05:50:11","slug":"un-viatge-en-el-temps-a-lescola-destiu-de-portell","status":"publish","type":"post","link":"https:\/\/portelldemorella.org\/ca\/un-viatge-en-el-temps-a-lescola-destiu-de-portell\/","title":{"rendered":"Un viatge en el temps a l&#8217;Escola d&#8217;Estiu de Portell"},"content":{"rendered":"\n<p>Aquest mes ha comen\u00e7at l&#8217;Escoleta d&#8217;Estiu de 2023 de Portell, en la qual estan participant 5 xiquets i xiquetes de continu. A m\u00e9s, altres joves van passant per l&#8217;escola diferents dies alterns.<\/p>\n\n\n\n<p>Les monitores de l&#8217;Escola d&#8217;Estiu han preparat un viatge en el temps perqu\u00e8 els m\u00e9s menuts i les m\u00e9s menudes puguen con\u00e9ixer tota la hist\u00f2ria. Amb disfresses, treballs manuals, gimcanes, jocs i moltes activitats m\u00e9s, xiquets i xiquetes fan un rep\u00e0s per la prehist\u00f2ria, l&#8217;\u00e8poca dels grecs i romans, l&#8217;edat mitjana i els templaris de Portell, l&#8217;edat moderna i l&#8217;edat contempor\u00e0nia i actualitat.<\/p>\n\n\n\n<p>Des de l&#8217;organitzaci\u00f3 de l&#8217;Escola afirmen que &#8220;est\u00e0 anant molt b\u00e9, i els xiquets i xiquetes s&#8217;ho estan passant en gran&#8221;.<\/p>\n","protected":false},"excerpt":{"rendered":"<p>Aquest mes ha comen\u00e7at l&#8217;Escoleta d&#8217;Estiu de 2023 de Portell, en la qual estan participant 5 xiquets i xiquetes de continu. A m\u00e9s, altres joves van passant per l&#8217;escola diferents dies alterns. Les monitores de l&#8217;Escola d&#8217;Estiu han preparat un viatge en el temps perqu\u00e8 els m\u00e9s menuts i les m\u00e9s menudes puguen con\u00e9ixer tota [&hellip;]<\/p>\n","protected":false},"author":1,"featured_media":7851,"comment_status":"open","ping_status":"open","sticky":false,"template":"","format":"standard","meta":{"footnotes":""},"categories":[97],"tags":[185,100],"class_list":["post-7850","post","type-post","status-publish","format-standard","has-post-thumbnail","hentry","category-ayuntamiento-ca","tag-escoleta-estiu","tag-portell-2"],"yoast_head":"<!-- This site is optimized with the Yoast SEO plugin v24.4 - https:\/\/yoast.com\/wordpress\/plugins\/seo\/ -->\n<title>Un viatge en el temps a l&#039;Escola d&#039;Estiu de Portell - Portell de Morella<\/title>\n<meta name=\"robots\" content=\"noindex, follow, max-snippet:-1, max-image-preview:large, max-video-preview:-1\" \/>\n<meta property=\"og:locale\" content=\"ca_ES\" \/>\n<meta property=\"og:type\" content=\"article\" \/>\n<meta property=\"og:title\" content=\"Un viatge en el temps a l&#039;Escola d&#039;Estiu de Portell - Portell de Morella\" \/>\n<meta property=\"og:description\" content=\"Aquest mes ha comen\u00e7at l&#8217;Escoleta d&#8217;Estiu de 2023 de Portell, en la qual estan participant 5 xiquets i xiquetes de continu. A m\u00e9s, altres joves van passant per l&#8217;escola diferents dies alterns. Les monitores de l&#8217;Escola d&#8217;Estiu han preparat un viatge en el temps perqu\u00e8 els m\u00e9s menuts i les m\u00e9s menudes puguen con\u00e9ixer tota [&hellip;]\" \/>\n<meta property=\"og:url\" content=\"https:\/\/portelldemorella.org\/ca\/un-viatge-en-el-temps-a-lescola-destiu-de-portell\/\" \/>\n<meta property=\"og:site_name\" content=\"Portell de Morella\" \/>\n<meta property=\"article:published_time\" content=\"2023-07-13T05:49:13+00:00\" \/>\n<meta property=\"article:modified_time\" content=\"2023-09-27T05:50:11+00:00\" \/>\n<meta property=\"og:image\" content=\"https:\/\/portelldemorella.org\/wp-content\/uploads\/2023\/09\/Escoleta-dEstiu-Portell.jpeg\" \/>\n\t<meta property=\"og:image:width\" content=\"1600\" \/>\n\t<meta property=\"og:image:height\" content=\"1200\" \/>\n\t<meta property=\"og:image:type\" content=\"image\/jpeg\" \/>\n<meta name=\"author\" content=\"portell\" \/>\n<meta name=\"twitter:card\" content=\"summary_large_image\" \/>\n<meta name=\"twitter:label1\" content=\"Escrit per\" \/>\n\t<meta name=\"twitter:data1\" content=\"portell\" \/>\n\t<meta name=\"twitter:label2\" content=\"Temps estimat de lectura\" \/>\n\t<meta name=\"twitter:data2\" content=\"1 minut\" \/>\n<script type=\"application\/ld+json\" class=\"yoast-schema-graph\">{\"@context\":\"https:\/\/schema.org\",\"@graph\":[{\"@type\":\"Article\",\"@id\":\"https:\/\/portelldemorella.org\/ca\/un-viatge-en-el-temps-a-lescola-destiu-de-portell\/#article\",\"isPartOf\":{\"@id\":\"https:\/\/portelldemorella.org\/ca\/un-viatge-en-el-temps-a-lescola-destiu-de-portell\/\"},\"author\":{\"name\":\"portell\",\"@id\":\"https:\/\/portelldemorella.org\/#\/schema\/person\/2adde77c454244acd163488ec723a88b\"},\"headline\":\"Un viatge en el temps a l&#8217;Escola d&#8217;Estiu de Portell\",\"datePublished\":\"2023-07-13T05:49:13+00:00\",\"dateModified\":\"2023-09-27T05:50:11+00:00\",\"mainEntityOfPage\":{\"@id\":\"https:\/\/portelldemorella.org\/ca\/un-viatge-en-el-temps-a-lescola-destiu-de-portell\/\"},\"wordCount\":135,\"commentCount\":0,\"publisher\":{\"@id\":\"https:\/\/portelldemorella.org\/#organization\"},\"image\":{\"@id\":\"https:\/\/portelldemorella.org\/ca\/un-viatge-en-el-temps-a-lescola-destiu-de-portell\/#primaryimage\"},\"thumbnailUrl\":\"https:\/\/portelldemorella.org\/wp-content\/uploads\/2023\/09\/Escoleta-dEstiu-Portell.jpeg\",\"keywords\":[\"escoleta estiu\",\"portell\"],\"articleSection\":[\"Ayuntamiento\"],\"inLanguage\":\"ca\",\"potentialAction\":[{\"@type\":\"CommentAction\",\"name\":\"Comment\",\"target\":[\"https:\/\/portelldemorella.org\/ca\/un-viatge-en-el-temps-a-lescola-destiu-de-portell\/#respond\"]}]},{\"@type\":\"WebPage\",\"@id\":\"https:\/\/portelldemorella.org\/ca\/un-viatge-en-el-temps-a-lescola-destiu-de-portell\/\",\"url\":\"https:\/\/portelldemorella.org\/ca\/un-viatge-en-el-temps-a-lescola-destiu-de-portell\/\",\"name\":\"Un viatge en el temps a l'Escola d'Estiu de Portell - Portell de Morella\",\"isPartOf\":{\"@id\":\"https:\/\/portelldemorella.org\/#website\"},\"primaryImageOfPage\":{\"@id\":\"https:\/\/portelldemorella.org\/ca\/un-viatge-en-el-temps-a-lescola-destiu-de-portell\/#primaryimage\"},\"image\":{\"@id\":\"https:\/\/portelldemorella.org\/ca\/un-viatge-en-el-temps-a-lescola-destiu-de-portell\/#primaryimage\"},\"thumbnailUrl\":\"https:\/\/portelldemorella.org\/wp-content\/uploads\/2023\/09\/Escoleta-dEstiu-Portell.jpeg\",\"datePublished\":\"2023-07-13T05:49:13+00:00\",\"dateModified\":\"2023-09-27T05:50:11+00:00\",\"breadcrumb\":{\"@id\":\"https:\/\/portelldemorella.org\/ca\/un-viatge-en-el-temps-a-lescola-destiu-de-portell\/#breadcrumb\"},\"inLanguage\":\"ca\",\"potentialAction\":[{\"@type\":\"ReadAction\",\"target\":[\"https:\/\/portelldemorella.org\/ca\/un-viatge-en-el-temps-a-lescola-destiu-de-portell\/\"]}]},{\"@type\":\"ImageObject\",\"inLanguage\":\"ca\",\"@id\":\"https:\/\/portelldemorella.org\/ca\/un-viatge-en-el-temps-a-lescola-destiu-de-portell\/#primaryimage\",\"url\":\"https:\/\/portelldemorella.org\/wp-content\/uploads\/2023\/09\/Escoleta-dEstiu-Portell.jpeg\",\"contentUrl\":\"https:\/\/portelldemorella.org\/wp-content\/uploads\/2023\/09\/Escoleta-dEstiu-Portell.jpeg\",\"width\":1600,\"height\":1200},{\"@type\":\"BreadcrumbList\",\"@id\":\"https:\/\/portelldemorella.org\/ca\/un-viatge-en-el-temps-a-lescola-destiu-de-portell\/#breadcrumb\",\"itemListElement\":[{\"@type\":\"ListItem\",\"position\":1,\"name\":\"Portada\",\"item\":\"https:\/\/portelldemorella.org\/ca\/\"},{\"@type\":\"ListItem\",\"position\":2,\"name\":\"Un viatge en el temps a l&#8217;Escola d&#8217;Estiu de Portell\"}]},{\"@type\":\"WebSite\",\"@id\":\"https:\/\/portelldemorella.org\/#website\",\"url\":\"https:\/\/portelldemorella.org\/\",\"name\":\"Portell de Morella\",\"description\":\"Web del Ayuntamiento de Portell de Morella\",\"publisher\":{\"@id\":\"https:\/\/portelldemorella.org\/#organization\"},\"potentialAction\":[{\"@type\":\"SearchAction\",\"target\":{\"@type\":\"EntryPoint\",\"urlTemplate\":\"https:\/\/portelldemorella.org\/?s={search_term_string}\"},\"query-input\":{\"@type\":\"PropertyValueSpecification\",\"valueRequired\":true,\"valueName\":\"search_term_string\"}}],\"inLanguage\":\"ca\"},{\"@type\":\"Organization\",\"@id\":\"https:\/\/portelldemorella.org\/#organization\",\"name\":\"Portell de Morella\",\"url\":\"https:\/\/portelldemorella.org\/\",\"logo\":{\"@type\":\"ImageObject\",\"inLanguage\":\"ca\",\"@id\":\"https:\/\/portelldemorella.org\/#\/schema\/logo\/image\/\",\"url\":\"https:\/\/portelldemorella.org\/wp-content\/uploads\/2020\/11\/Escudo-Portell-04.jpg\",\"contentUrl\":\"https:\/\/portelldemorella.org\/wp-content\/uploads\/2020\/11\/Escudo-Portell-04.jpg\",\"width\":1001,\"height\":394,\"caption\":\"Portell de Morella\"},\"image\":{\"@id\":\"https:\/\/portelldemorella.org\/#\/schema\/logo\/image\/\"}},{\"@type\":\"Person\",\"@id\":\"https:\/\/portelldemorella.org\/#\/schema\/person\/2adde77c454244acd163488ec723a88b\",\"name\":\"portell\",\"image\":{\"@type\":\"ImageObject\",\"inLanguage\":\"ca\",\"@id\":\"https:\/\/portelldemorella.org\/#\/schema\/person\/image\/\",\"url\":\"https:\/\/secure.gravatar.com\/avatar\/077c6bd89604df620d2fa93a06be2531944cdd6826fd322dbd8b483fd84d6407?s=96&d=mm&r=g\",\"contentUrl\":\"https:\/\/secure.gravatar.com\/avatar\/077c6bd89604df620d2fa93a06be2531944cdd6826fd322dbd8b483fd84d6407?s=96&d=mm&r=g\",\"caption\":\"portell\"},\"sameAs\":[\"https:\/\/portelldemorella.org\"],\"url\":\"https:\/\/portelldemorella.org\/ca\/author\/portell\/\"}]}<\/script>\n<!-- \/ Yoast SEO plugin. -->","yoast_head_json":{"title":"Un viatge en el temps a l'Escola d'Estiu de Portell - Portell de Morella","robots":{"index":"noindex","follow":"follow","max-snippet":"max-snippet:-1","max-image-preview":"max-image-preview:large","max-video-preview":"max-video-preview:-1"},"og_locale":"ca_ES","og_type":"article","og_title":"Un viatge en el temps a l'Escola d'Estiu de Portell - Portell de Morella","og_description":"Aquest mes ha comen\u00e7at l&#8217;Escoleta d&#8217;Estiu de 2023 de Portell, en la qual estan participant 5 xiquets i xiquetes de continu. A m\u00e9s, altres joves van passant per l&#8217;escola diferents dies alterns. Les monitores de l&#8217;Escola d&#8217;Estiu han preparat un viatge en el temps perqu\u00e8 els m\u00e9s menuts i les m\u00e9s menudes puguen con\u00e9ixer tota [&hellip;]","og_url":"https:\/\/portelldemorella.org\/ca\/un-viatge-en-el-temps-a-lescola-destiu-de-portell\/","og_site_name":"Portell de Morella","article_published_time":"2023-07-13T05:49:13+00:00","article_modified_time":"2023-09-27T05:50:11+00:00","og_image":[{"width":1600,"height":1200,"url":"https:\/\/portelldemorella.org\/wp-content\/uploads\/2023\/09\/Escoleta-dEstiu-Portell.jpeg","type":"image\/jpeg"}],"author":"portell","twitter_card":"summary_large_image","twitter_misc":{"Escrit per":"portell","Temps estimat de lectura":"1 minut"},"schema":{"@context":"https:\/\/schema.org","@graph":[{"@type":"Article","@id":"https:\/\/portelldemorella.org\/ca\/un-viatge-en-el-temps-a-lescola-destiu-de-portell\/#article","isPartOf":{"@id":"https:\/\/portelldemorella.org\/ca\/un-viatge-en-el-temps-a-lescola-destiu-de-portell\/"},"author":{"name":"portell","@id":"https:\/\/portelldemorella.org\/#\/schema\/person\/2adde77c454244acd163488ec723a88b"},"headline":"Un viatge en el temps a l&#8217;Escola d&#8217;Estiu de Portell","datePublished":"2023-07-13T05:49:13+00:00","dateModified":"2023-09-27T05:50:11+00:00","mainEntityOfPage":{"@id":"https:\/\/portelldemorella.org\/ca\/un-viatge-en-el-temps-a-lescola-destiu-de-portell\/"},"wordCount":135,"commentCount":0,"publisher":{"@id":"https:\/\/portelldemorella.org\/#organization"},"image":{"@id":"https:\/\/portelldemorella.org\/ca\/un-viatge-en-el-temps-a-lescola-destiu-de-portell\/#primaryimage"},"thumbnailUrl":"https:\/\/portelldemorella.org\/wp-content\/uploads\/2023\/09\/Escoleta-dEstiu-Portell.jpeg","keywords":["escoleta estiu","portell"],"articleSection":["Ayuntamiento"],"inLanguage":"ca","potentialAction":[{"@type":"CommentAction","name":"Comment","target":["https:\/\/portelldemorella.org\/ca\/un-viatge-en-el-temps-a-lescola-destiu-de-portell\/#respond"]}]},{"@type":"WebPage","@id":"https:\/\/portelldemorella.org\/ca\/un-viatge-en-el-temps-a-lescola-destiu-de-portell\/","url":"https:\/\/portelldemorella.org\/ca\/un-viatge-en-el-temps-a-lescola-destiu-de-portell\/","name":"Un viatge en el temps a l'Escola d'Estiu de Portell - Portell de Morella","isPartOf":{"@id":"https:\/\/portelldemorella.org\/#website"},"primaryImageOfPage":{"@id":"https:\/\/portelldemorella.org\/ca\/un-viatge-en-el-temps-a-lescola-destiu-de-portell\/#primaryimage"},"image":{"@id":"https:\/\/portelldemorella.org\/ca\/un-viatge-en-el-temps-a-lescola-destiu-de-portell\/#primaryimage"},"thumbnailUrl":"https:\/\/portelldemorella.org\/wp-content\/uploads\/2023\/09\/Escoleta-dEstiu-Portell.jpeg","datePublished":"2023-07-13T05:49:13+00:00","dateModified":"2023-09-27T05:50:11+00:00","breadcrumb":{"@id":"https:\/\/portelldemorella.org\/ca\/un-viatge-en-el-temps-a-lescola-destiu-de-portell\/#breadcrumb"},"inLanguage":"ca","potentialAction":[{"@type":"ReadAction","target":["https:\/\/portelldemorella.org\/ca\/un-viatge-en-el-temps-a-lescola-destiu-de-portell\/"]}]},{"@type":"ImageObject","inLanguage":"ca","@id":"https:\/\/portelldemorella.org\/ca\/un-viatge-en-el-temps-a-lescola-destiu-de-portell\/#primaryimage","url":"https:\/\/portelldemorella.org\/wp-content\/uploads\/2023\/09\/Escoleta-dEstiu-Portell.jpeg","contentUrl":"https:\/\/portelldemorella.org\/wp-content\/uploads\/2023\/09\/Escoleta-dEstiu-Portell.jpeg","width":1600,"height":1200},{"@type":"BreadcrumbList","@id":"https:\/\/portelldemorella.org\/ca\/un-viatge-en-el-temps-a-lescola-destiu-de-portell\/#breadcrumb","itemListElement":[{"@type":"ListItem","position":1,"name":"Portada","item":"https:\/\/portelldemorella.org\/ca\/"},{"@type":"ListItem","position":2,"name":"Un viatge en el temps a l&#8217;Escola d&#8217;Estiu de Portell"}]},{"@type":"WebSite","@id":"https:\/\/portelldemorella.org\/#website","url":"https:\/\/portelldemorella.org\/","name":"Portell de Morella","description":"Web del Ayuntamiento de Portell de Morella","publisher":{"@id":"https:\/\/portelldemorella.org\/#organization"},"potentialAction":[{"@type":"SearchAction","target":{"@type":"EntryPoint","urlTemplate":"https:\/\/portelldemorella.org\/?s={search_term_string}"},"query-input":{"@type":"PropertyValueSpecification","valueRequired":true,"valueName":"search_term_string"}}],"inLanguage":"ca"},{"@type":"Organization","@id":"https:\/\/portelldemorella.org\/#organization","name":"Portell de Morella","url":"https:\/\/portelldemorella.org\/","logo":{"@type":"ImageObject","inLanguage":"ca","@id":"https:\/\/portelldemorella.org\/#\/schema\/logo\/image\/","url":"https:\/\/portelldemorella.org\/wp-content\/uploads\/2020\/11\/Escudo-Portell-04.jpg","contentUrl":"https:\/\/portelldemorella.org\/wp-content\/uploads\/2020\/11\/Escudo-Portell-04.jpg","width":1001,"height":394,"caption":"Portell de Morella"},"image":{"@id":"https:\/\/portelldemorella.org\/#\/schema\/logo\/image\/"}},{"@type":"Person","@id":"https:\/\/portelldemorella.org\/#\/schema\/person\/2adde77c454244acd163488ec723a88b","name":"portell","image":{"@type":"ImageObject","inLanguage":"ca","@id":"https:\/\/portelldemorella.org\/#\/schema\/person\/image\/","url":"https:\/\/secure.gravatar.com\/avatar\/077c6bd89604df620d2fa93a06be2531944cdd6826fd322dbd8b483fd84d6407?s=96&d=mm&r=g","contentUrl":"https:\/\/secure.gravatar.com\/avatar\/077c6bd89604df620d2fa93a06be2531944cdd6826fd322dbd8b483fd84d6407?s=96&d=mm&r=g","caption":"portell"},"sameAs":["https:\/\/portelldemorella.org"],"url":"https:\/\/portelldemorella.org\/ca\/author\/portell\/"}]}},"_links":{"self":[{"href":"https:\/\/portelldemorella.org\/ca\/wp-json\/wp\/v2\/posts\/7850","targetHints":{"allow":["GET"]}}],"collection":[{"href":"https:\/\/portelldemorella.org\/ca\/wp-json\/wp\/v2\/posts"}],"about":[{"href":"https:\/\/portelldemorella.org\/ca\/wp-json\/wp\/v2\/types\/post"}],"author":[{"embeddable":true,"href":"https:\/\/portelldemorella.org\/ca\/wp-json\/wp\/v2\/users\/1"}],"replies":[{"embeddable":true,"href":"https:\/\/portelldemorella.org\/ca\/wp-json\/wp\/v2\/comments?post=7850"}],"version-history":[{"count":1,"href":"https:\/\/portelldemorella.org\/ca\/wp-json\/wp\/v2\/posts\/7850\/revisions"}],"predecessor-version":[{"id":7853,"href":"https:\/\/portelldemorella.org\/ca\/wp-json\/wp\/v2\/posts\/7850\/revisions\/7853"}],"wp:featuredmedia":[{"embeddable":true,"href":"https:\/\/portelldemorella.org\/ca\/wp-json\/wp\/v2\/media\/7851"}],"wp:attachment":[{"href":"https:\/\/portelldemorella.org\/ca\/wp-json\/wp\/v2\/media?parent=7850"}],"wp:term":[{"taxonomy":"category","embeddable":true,"href":"https:\/\/portelldemorella.org\/ca\/wp-json\/wp\/v2\/categories?post=7850"},{"taxonomy":"post_tag","embeddable":true,"href":"https:\/\/portelldemorella.org\/ca\/wp-json\/wp\/v2\/tags?post=7850"}],"curies":[{"name":"wp","href":"https:\/\/api.w.org\/{rel}","templated":true}]}}