{"id":7892,"date":"2023-10-27T12:10:08","date_gmt":"2023-10-27T12:10:08","guid":{"rendered":"https:\/\/portelldemorella.org\/?p=7892"},"modified":"2023-10-27T12:12:52","modified_gmt":"2023-10-27T12:12:52","slug":"explus-2023","status":"publish","type":"post","link":"https:\/\/portelldemorella.org\/ca\/explus-2023\/","title":{"rendered":"EXPLUS 2023"},"content":{"rendered":"\n<p>L&#8217;Ajuntament de Portell compta amb una nova treballadora que realitzar\u00e0&nbsp;labors de neteja en les instal\u00b7lacions municipals de Portell. Esta contractaci\u00f3 ha sigut possible gr\u00e0cies a les ajudes EXPLUS 2023 per a&nbsp;la contractaci\u00f3 de persones desocupades d&#8217;almenys trenta anys per entitats locals de la Comunitat Valenciana (\u00abAvalem experi\u00e8ncia plus\u00bb).L&#8217;Ajuntament ha rebut una ajuda de 15.192 euros del Programa Operatiu del Fons Social Europeu Plus 2021-2027. La duraci\u00f3 del contracte ser\u00e0 d&#8217;un any.<\/p>\n\n\n\n<figure class=\"wp-block-image size-large\"><img fetchpriority=\"high\" decoding=\"async\" width=\"1024\" height=\"724\" src=\"https:\/\/portelldemorella.org\/wp-content\/uploads\/2023\/10\/EXPLUS-2023-1024x724.jpg\" alt=\"\" class=\"wp-image-7893\" srcset=\"https:\/\/portelldemorella.org\/wp-content\/uploads\/2023\/10\/EXPLUS-2023-1024x724.jpg 1024w, https:\/\/portelldemorella.org\/wp-content\/uploads\/2023\/10\/EXPLUS-2023-300x212.jpg 300w, https:\/\/portelldemorella.org\/wp-content\/uploads\/2023\/10\/EXPLUS-2023-768x543.jpg 768w, https:\/\/portelldemorella.org\/wp-content\/uploads\/2023\/10\/EXPLUS-2023-1536x1086.jpg 1536w, https:\/\/portelldemorella.org\/wp-content\/uploads\/2023\/10\/EXPLUS-2023-2048x1448.jpg 2048w, https:\/\/portelldemorella.org\/wp-content\/uploads\/2023\/10\/EXPLUS-2023-600x424.jpg 600w, https:\/\/portelldemorella.org\/wp-content\/uploads\/2023\/10\/EXPLUS-2023-560x396.jpg 560w\" sizes=\"(max-width: 1024px) 100vw, 1024px\" \/><\/figure>\n","protected":false},"excerpt":{"rendered":"<p>L&#8217;Ajuntament de Portell compta amb una nova treballadora que realitzar\u00e0&nbsp;labors de neteja en les instal\u00b7lacions municipals de Portell. Esta contractaci\u00f3 ha sigut possible gr\u00e0cies a les ajudes EXPLUS 2023 per a&nbsp;la contractaci\u00f3 de persones desocupades d&#8217;almenys trenta anys per entitats locals de la Comunitat Valenciana (\u00abAvalem experi\u00e8ncia plus\u00bb).L&#8217;Ajuntament ha rebut una ajuda de 15.192 euros [&hellip;]<\/p>\n","protected":false},"author":1,"featured_media":7893,"comment_status":"open","ping_status":"open","sticky":false,"template":"","format":"standard","meta":{"footnotes":""},"categories":[97],"tags":[191,100],"class_list":["post-7892","post","type-post","status-publish","format-standard","has-post-thumbnail","hentry","category-ayuntamiento-ca","tag-explus-2023","tag-portell-2"],"yoast_head":"<!-- This site is optimized with the Yoast SEO plugin v24.4 - https:\/\/yoast.com\/wordpress\/plugins\/seo\/ -->\n<title>EXPLUS 2023 - Portell de Morella<\/title>\n<meta name=\"robots\" content=\"noindex, follow, max-snippet:-1, max-image-preview:large, max-video-preview:-1\" \/>\n<meta property=\"og:locale\" content=\"ca_ES\" \/>\n<meta property=\"og:type\" content=\"article\" \/>\n<meta property=\"og:title\" content=\"EXPLUS 2023 - Portell de Morella\" \/>\n<meta property=\"og:description\" content=\"L&#8217;Ajuntament de Portell compta amb una nova treballadora que realitzar\u00e0&nbsp;labors de neteja en les instal\u00b7lacions municipals de Portell. Esta contractaci\u00f3 ha sigut possible gr\u00e0cies a les ajudes EXPLUS 2023 per a&nbsp;la contractaci\u00f3 de persones desocupades d&#8217;almenys trenta anys per entitats locals de la Comunitat Valenciana (\u00abAvalem experi\u00e8ncia plus\u00bb).L&#8217;Ajuntament ha rebut una ajuda de 15.192 euros [&hellip;]\" \/>\n<meta property=\"og:url\" content=\"https:\/\/portelldemorella.org\/ca\/explus-2023\/\" \/>\n<meta property=\"og:site_name\" content=\"Portell de Morella\" \/>\n<meta property=\"article:published_time\" content=\"2023-10-27T12:10:08+00:00\" \/>\n<meta property=\"article:modified_time\" content=\"2023-10-27T12:12:52+00:00\" \/>\n<meta property=\"og:image\" content=\"https:\/\/portelldemorella.org\/wp-content\/uploads\/2023\/10\/EXPLUS-2023-scaled.jpg\" \/>\n\t<meta property=\"og:image:width\" content=\"2560\" \/>\n\t<meta property=\"og:image:height\" content=\"1810\" \/>\n\t<meta property=\"og:image:type\" content=\"image\/jpeg\" \/>\n<meta name=\"author\" content=\"portell\" \/>\n<meta name=\"twitter:card\" content=\"summary_large_image\" \/>\n<meta name=\"twitter:label1\" content=\"Escrit per\" \/>\n\t<meta name=\"twitter:data1\" content=\"portell\" \/>\n\t<meta name=\"twitter:label2\" content=\"Temps estimat de lectura\" \/>\n\t<meta name=\"twitter:data2\" content=\"1 minut\" \/>\n<script type=\"application\/ld+json\" class=\"yoast-schema-graph\">{\"@context\":\"https:\/\/schema.org\",\"@graph\":[{\"@type\":\"Article\",\"@id\":\"https:\/\/portelldemorella.org\/ca\/explus-2023\/#article\",\"isPartOf\":{\"@id\":\"https:\/\/portelldemorella.org\/ca\/explus-2023\/\"},\"author\":{\"name\":\"portell\",\"@id\":\"https:\/\/portelldemorella.org\/#\/schema\/person\/2adde77c454244acd163488ec723a88b\"},\"headline\":\"EXPLUS 2023\",\"datePublished\":\"2023-10-27T12:10:08+00:00\",\"dateModified\":\"2023-10-27T12:12:52+00:00\",\"mainEntityOfPage\":{\"@id\":\"https:\/\/portelldemorella.org\/ca\/explus-2023\/\"},\"wordCount\":78,\"commentCount\":0,\"publisher\":{\"@id\":\"https:\/\/portelldemorella.org\/#organization\"},\"image\":{\"@id\":\"https:\/\/portelldemorella.org\/ca\/explus-2023\/#primaryimage\"},\"thumbnailUrl\":\"https:\/\/portelldemorella.org\/wp-content\/uploads\/2023\/10\/EXPLUS-2023-scaled.jpg\",\"keywords\":[\"explus 2023\",\"portell\"],\"articleSection\":[\"Ayuntamiento\"],\"inLanguage\":\"ca\",\"potentialAction\":[{\"@type\":\"CommentAction\",\"name\":\"Comment\",\"target\":[\"https:\/\/portelldemorella.org\/ca\/explus-2023\/#respond\"]}]},{\"@type\":\"WebPage\",\"@id\":\"https:\/\/portelldemorella.org\/ca\/explus-2023\/\",\"url\":\"https:\/\/portelldemorella.org\/ca\/explus-2023\/\",\"name\":\"EXPLUS 2023 - Portell de Morella\",\"isPartOf\":{\"@id\":\"https:\/\/portelldemorella.org\/#website\"},\"primaryImageOfPage\":{\"@id\":\"https:\/\/portelldemorella.org\/ca\/explus-2023\/#primaryimage\"},\"image\":{\"@id\":\"https:\/\/portelldemorella.org\/ca\/explus-2023\/#primaryimage\"},\"thumbnailUrl\":\"https:\/\/portelldemorella.org\/wp-content\/uploads\/2023\/10\/EXPLUS-2023-scaled.jpg\",\"datePublished\":\"2023-10-27T12:10:08+00:00\",\"dateModified\":\"2023-10-27T12:12:52+00:00\",\"breadcrumb\":{\"@id\":\"https:\/\/portelldemorella.org\/ca\/explus-2023\/#breadcrumb\"},\"inLanguage\":\"ca\",\"potentialAction\":[{\"@type\":\"ReadAction\",\"target\":[\"https:\/\/portelldemorella.org\/ca\/explus-2023\/\"]}]},{\"@type\":\"ImageObject\",\"inLanguage\":\"ca\",\"@id\":\"https:\/\/portelldemorella.org\/ca\/explus-2023\/#primaryimage\",\"url\":\"https:\/\/portelldemorella.org\/wp-content\/uploads\/2023\/10\/EXPLUS-2023-scaled.jpg\",\"contentUrl\":\"https:\/\/portelldemorella.org\/wp-content\/uploads\/2023\/10\/EXPLUS-2023-scaled.jpg\",\"width\":2560,\"height\":1810},{\"@type\":\"BreadcrumbList\",\"@id\":\"https:\/\/portelldemorella.org\/ca\/explus-2023\/#breadcrumb\",\"itemListElement\":[{\"@type\":\"ListItem\",\"position\":1,\"name\":\"Portada\",\"item\":\"https:\/\/portelldemorella.org\/ca\/\"},{\"@type\":\"ListItem\",\"position\":2,\"name\":\"EXPLUS 2023\"}]},{\"@type\":\"WebSite\",\"@id\":\"https:\/\/portelldemorella.org\/#website\",\"url\":\"https:\/\/portelldemorella.org\/\",\"name\":\"Portell de Morella\",\"description\":\"Web del Ayuntamiento de Portell de Morella\",\"publisher\":{\"@id\":\"https:\/\/portelldemorella.org\/#organization\"},\"potentialAction\":[{\"@type\":\"SearchAction\",\"target\":{\"@type\":\"EntryPoint\",\"urlTemplate\":\"https:\/\/portelldemorella.org\/?s={search_term_string}\"},\"query-input\":{\"@type\":\"PropertyValueSpecification\",\"valueRequired\":true,\"valueName\":\"search_term_string\"}}],\"inLanguage\":\"ca\"},{\"@type\":\"Organization\",\"@id\":\"https:\/\/portelldemorella.org\/#organization\",\"name\":\"Portell de Morella\",\"url\":\"https:\/\/portelldemorella.org\/\",\"logo\":{\"@type\":\"ImageObject\",\"inLanguage\":\"ca\",\"@id\":\"https:\/\/portelldemorella.org\/#\/schema\/logo\/image\/\",\"url\":\"https:\/\/portelldemorella.org\/wp-content\/uploads\/2020\/11\/Escudo-Portell-04.jpg\",\"contentUrl\":\"https:\/\/portelldemorella.org\/wp-content\/uploads\/2020\/11\/Escudo-Portell-04.jpg\",\"width\":1001,\"height\":394,\"caption\":\"Portell de Morella\"},\"image\":{\"@id\":\"https:\/\/portelldemorella.org\/#\/schema\/logo\/image\/\"}},{\"@type\":\"Person\",\"@id\":\"https:\/\/portelldemorella.org\/#\/schema\/person\/2adde77c454244acd163488ec723a88b\",\"name\":\"portell\",\"image\":{\"@type\":\"ImageObject\",\"inLanguage\":\"ca\",\"@id\":\"https:\/\/portelldemorella.org\/#\/schema\/person\/image\/\",\"url\":\"https:\/\/secure.gravatar.com\/avatar\/077c6bd89604df620d2fa93a06be2531944cdd6826fd322dbd8b483fd84d6407?s=96&d=mm&r=g\",\"contentUrl\":\"https:\/\/secure.gravatar.com\/avatar\/077c6bd89604df620d2fa93a06be2531944cdd6826fd322dbd8b483fd84d6407?s=96&d=mm&r=g\",\"caption\":\"portell\"},\"sameAs\":[\"https:\/\/portelldemorella.org\"],\"url\":\"https:\/\/portelldemorella.org\/ca\/author\/portell\/\"}]}<\/script>\n<!-- \/ Yoast SEO plugin. -->","yoast_head_json":{"title":"EXPLUS 2023 - Portell de Morella","robots":{"index":"noindex","follow":"follow","max-snippet":"max-snippet:-1","max-image-preview":"max-image-preview:large","max-video-preview":"max-video-preview:-1"},"og_locale":"ca_ES","og_type":"article","og_title":"EXPLUS 2023 - Portell de Morella","og_description":"L&#8217;Ajuntament de Portell compta amb una nova treballadora que realitzar\u00e0&nbsp;labors de neteja en les instal\u00b7lacions municipals de Portell. Esta contractaci\u00f3 ha sigut possible gr\u00e0cies a les ajudes EXPLUS 2023 per a&nbsp;la contractaci\u00f3 de persones desocupades d&#8217;almenys trenta anys per entitats locals de la Comunitat Valenciana (\u00abAvalem experi\u00e8ncia plus\u00bb).L&#8217;Ajuntament ha rebut una ajuda de 15.192 euros [&hellip;]","og_url":"https:\/\/portelldemorella.org\/ca\/explus-2023\/","og_site_name":"Portell de Morella","article_published_time":"2023-10-27T12:10:08+00:00","article_modified_time":"2023-10-27T12:12:52+00:00","og_image":[{"width":2560,"height":1810,"url":"https:\/\/portelldemorella.org\/wp-content\/uploads\/2023\/10\/EXPLUS-2023-scaled.jpg","type":"image\/jpeg"}],"author":"portell","twitter_card":"summary_large_image","twitter_misc":{"Escrit per":"portell","Temps estimat de lectura":"1 minut"},"schema":{"@context":"https:\/\/schema.org","@graph":[{"@type":"Article","@id":"https:\/\/portelldemorella.org\/ca\/explus-2023\/#article","isPartOf":{"@id":"https:\/\/portelldemorella.org\/ca\/explus-2023\/"},"author":{"name":"portell","@id":"https:\/\/portelldemorella.org\/#\/schema\/person\/2adde77c454244acd163488ec723a88b"},"headline":"EXPLUS 2023","datePublished":"2023-10-27T12:10:08+00:00","dateModified":"2023-10-27T12:12:52+00:00","mainEntityOfPage":{"@id":"https:\/\/portelldemorella.org\/ca\/explus-2023\/"},"wordCount":78,"commentCount":0,"publisher":{"@id":"https:\/\/portelldemorella.org\/#organization"},"image":{"@id":"https:\/\/portelldemorella.org\/ca\/explus-2023\/#primaryimage"},"thumbnailUrl":"https:\/\/portelldemorella.org\/wp-content\/uploads\/2023\/10\/EXPLUS-2023-scaled.jpg","keywords":["explus 2023","portell"],"articleSection":["Ayuntamiento"],"inLanguage":"ca","potentialAction":[{"@type":"CommentAction","name":"Comment","target":["https:\/\/portelldemorella.org\/ca\/explus-2023\/#respond"]}]},{"@type":"WebPage","@id":"https:\/\/portelldemorella.org\/ca\/explus-2023\/","url":"https:\/\/portelldemorella.org\/ca\/explus-2023\/","name":"EXPLUS 2023 - Portell de Morella","isPartOf":{"@id":"https:\/\/portelldemorella.org\/#website"},"primaryImageOfPage":{"@id":"https:\/\/portelldemorella.org\/ca\/explus-2023\/#primaryimage"},"image":{"@id":"https:\/\/portelldemorella.org\/ca\/explus-2023\/#primaryimage"},"thumbnailUrl":"https:\/\/portelldemorella.org\/wp-content\/uploads\/2023\/10\/EXPLUS-2023-scaled.jpg","datePublished":"2023-10-27T12:10:08+00:00","dateModified":"2023-10-27T12:12:52+00:00","breadcrumb":{"@id":"https:\/\/portelldemorella.org\/ca\/explus-2023\/#breadcrumb"},"inLanguage":"ca","potentialAction":[{"@type":"ReadAction","target":["https:\/\/portelldemorella.org\/ca\/explus-2023\/"]}]},{"@type":"ImageObject","inLanguage":"ca","@id":"https:\/\/portelldemorella.org\/ca\/explus-2023\/#primaryimage","url":"https:\/\/portelldemorella.org\/wp-content\/uploads\/2023\/10\/EXPLUS-2023-scaled.jpg","contentUrl":"https:\/\/portelldemorella.org\/wp-content\/uploads\/2023\/10\/EXPLUS-2023-scaled.jpg","width":2560,"height":1810},{"@type":"BreadcrumbList","@id":"https:\/\/portelldemorella.org\/ca\/explus-2023\/#breadcrumb","itemListElement":[{"@type":"ListItem","position":1,"name":"Portada","item":"https:\/\/portelldemorella.org\/ca\/"},{"@type":"ListItem","position":2,"name":"EXPLUS 2023"}]},{"@type":"WebSite","@id":"https:\/\/portelldemorella.org\/#website","url":"https:\/\/portelldemorella.org\/","name":"Portell de Morella","description":"Web del Ayuntamiento de Portell de Morella","publisher":{"@id":"https:\/\/portelldemorella.org\/#organization"},"potentialAction":[{"@type":"SearchAction","target":{"@type":"EntryPoint","urlTemplate":"https:\/\/portelldemorella.org\/?s={search_term_string}"},"query-input":{"@type":"PropertyValueSpecification","valueRequired":true,"valueName":"search_term_string"}}],"inLanguage":"ca"},{"@type":"Organization","@id":"https:\/\/portelldemorella.org\/#organization","name":"Portell de Morella","url":"https:\/\/portelldemorella.org\/","logo":{"@type":"ImageObject","inLanguage":"ca","@id":"https:\/\/portelldemorella.org\/#\/schema\/logo\/image\/","url":"https:\/\/portelldemorella.org\/wp-content\/uploads\/2020\/11\/Escudo-Portell-04.jpg","contentUrl":"https:\/\/portelldemorella.org\/wp-content\/uploads\/2020\/11\/Escudo-Portell-04.jpg","width":1001,"height":394,"caption":"Portell de Morella"},"image":{"@id":"https:\/\/portelldemorella.org\/#\/schema\/logo\/image\/"}},{"@type":"Person","@id":"https:\/\/portelldemorella.org\/#\/schema\/person\/2adde77c454244acd163488ec723a88b","name":"portell","image":{"@type":"ImageObject","inLanguage":"ca","@id":"https:\/\/portelldemorella.org\/#\/schema\/person\/image\/","url":"https:\/\/secure.gravatar.com\/avatar\/077c6bd89604df620d2fa93a06be2531944cdd6826fd322dbd8b483fd84d6407?s=96&d=mm&r=g","contentUrl":"https:\/\/secure.gravatar.com\/avatar\/077c6bd89604df620d2fa93a06be2531944cdd6826fd322dbd8b483fd84d6407?s=96&d=mm&r=g","caption":"portell"},"sameAs":["https:\/\/portelldemorella.org"],"url":"https:\/\/portelldemorella.org\/ca\/author\/portell\/"}]}},"_links":{"self":[{"href":"https:\/\/portelldemorella.org\/ca\/wp-json\/wp\/v2\/posts\/7892","targetHints":{"allow":["GET"]}}],"collection":[{"href":"https:\/\/portelldemorella.org\/ca\/wp-json\/wp\/v2\/posts"}],"about":[{"href":"https:\/\/portelldemorella.org\/ca\/wp-json\/wp\/v2\/types\/post"}],"author":[{"embeddable":true,"href":"https:\/\/portelldemorella.org\/ca\/wp-json\/wp\/v2\/users\/1"}],"replies":[{"embeddable":true,"href":"https:\/\/portelldemorella.org\/ca\/wp-json\/wp\/v2\/comments?post=7892"}],"version-history":[{"count":2,"href":"https:\/\/portelldemorella.org\/ca\/wp-json\/wp\/v2\/posts\/7892\/revisions"}],"predecessor-version":[{"id":7901,"href":"https:\/\/portelldemorella.org\/ca\/wp-json\/wp\/v2\/posts\/7892\/revisions\/7901"}],"wp:featuredmedia":[{"embeddable":true,"href":"https:\/\/portelldemorella.org\/ca\/wp-json\/wp\/v2\/media\/7893"}],"wp:attachment":[{"href":"https:\/\/portelldemorella.org\/ca\/wp-json\/wp\/v2\/media?parent=7892"}],"wp:term":[{"taxonomy":"category","embeddable":true,"href":"https:\/\/portelldemorella.org\/ca\/wp-json\/wp\/v2\/categories?post=7892"},{"taxonomy":"post_tag","embeddable":true,"href":"https:\/\/portelldemorella.org\/ca\/wp-json\/wp\/v2\/tags?post=7892"}],"curies":[{"name":"wp","href":"https:\/\/api.w.org\/{rel}","templated":true}]}}