{"id":7907,"date":"2024-01-22T08:07:56","date_gmt":"2024-01-22T08:07:56","guid":{"rendered":"https:\/\/portelldemorella.org\/portell-centra-el-presupuesto-2024-en-la-mejora-de-infraestructuras-y-la-creacion-de-vivienda-social\/"},"modified":"2024-01-22T08:08:46","modified_gmt":"2024-01-22T08:08:46","slug":"portell-centra-el-presupuesto-2024-en-la-mejora-de-infraestructuras-y-la-creacion-de-vivienda-social","status":"publish","type":"post","link":"https:\/\/portelldemorella.org\/ca\/portell-centra-el-presupuesto-2024-en-la-mejora-de-infraestructuras-y-la-creacion-de-vivienda-social\/","title":{"rendered":"Portell centra el pressupost 2024 en la millora d&#8217;infraestructures i la creaci\u00f3 d&#8217;habitatge social"},"content":{"rendered":"\n<p>El ple de l&#8217;Ajuntament de Portell ha aprovat el pressupost del municipi per a este 2024: 903.063,79 euros. &#8220;Un pressupost centrat en les persones&#8221; segons ha afirmat l&#8217;alcalde, \u00c1lvaro Ferrer. I \u00e9s que, des de l&#8217;Ajuntament s&#8217;ha optat &#8220;per no pujar cap impost als ve\u00efns i ve\u00efnes&#8221;, aix\u00ed com s&#8217;ha apostat &#8220;per projectes que beneficien al ve\u00efnat i ajuden a millorar la qualitat de vida tant de les persones que viuen en Portell com d&#8217;aquells futurs pobladors&#8221;.<\/p>\n\n\n\n<p>D&#8217;esta manera, la principal inversi\u00f3 va dirigida als projectes del Pla Conviure i del Rehabilitem Llars, tots dos subvencionats per la Generalitat Valenciana, i que compten amb una inversi\u00f3 superior als 400.000 euros. &#8220;Continuarem amb la reforma i rehabilitaci\u00f3 de diferents espais municipals, com el Safareig, i de diversos habitatges&#8221; ha indicat Ferrer, qui ha afegit que &#8220;esperem que amb la creaci\u00f3 de nou habitatge i el seu posterior lloguer a preus redu\u00efts Portell es convertisca en focus de recepci\u00f3 de nous pobladors&#8221;.<\/p>\n\n\n\n<p>&#8220;La lluita contra la despoblaci\u00f3 \u00e9s un dels nostres objectius prioritaris. Per aix\u00f2 estem buscant les f\u00f3rmules per a oferir als ve\u00efns i ve\u00efnes de Portell incentius per a quedar-se al poble, com s\u00f3n la no pujada d&#8217;impostos o la millora de les infraestructures locals, amb la construcci\u00f3 de nous espais com un ascensor per a accedir a la piscina o la creaci\u00f3 d&#8217;una pista de p\u00e0del. I tamb\u00e9 estem treballant a atraure a nous pobladors, amb per exemple la creaci\u00f3 d&#8217;habitatge social. Nous habitants que vulguen que Portell es convertisca en la seua llar i el seu projecte de futur&#8221; ha finalitzat \u00c1lvaro Ferrer.<\/p>\n","protected":false},"excerpt":{"rendered":"<p>El ple de l&#8217;Ajuntament de Portell ha aprovat el pressupost del municipi per a este 2024: 903.063,79 euros. &#8220;Un pressupost centrat en les persones&#8221; segons ha afirmat l&#8217;alcalde, \u00c1lvaro Ferrer. I \u00e9s que, des de l&#8217;Ajuntament s&#8217;ha optat &#8220;per no pujar cap impost als ve\u00efns i ve\u00efnes&#8221;, aix\u00ed com s&#8217;ha apostat &#8220;per projectes que beneficien [&hellip;]<\/p>\n","protected":false},"author":1,"featured_media":7905,"comment_status":"open","ping_status":"open","sticky":false,"template":"","format":"standard","meta":{"footnotes":""},"categories":[97],"tags":[135,107,195,196],"class_list":["post-7907","post","type-post","status-publish","format-standard","has-post-thumbnail","hentry","category-ayuntamiento-ca","tag-els-ports","tag-portell-ca","tag-pressupost-2024-ca","tag-presupuesto-2024-ca"],"yoast_head":"<!-- This site is optimized with the Yoast SEO plugin v24.4 - https:\/\/yoast.com\/wordpress\/plugins\/seo\/ -->\n<title>Portell centra el pressupost 2024 en la millora d&#039;infraestructures i la creaci\u00f3 d&#039;habitatge social - Portell de Morella<\/title>\n<meta name=\"robots\" content=\"noindex, follow, max-snippet:-1, max-image-preview:large, max-video-preview:-1\" \/>\n<meta property=\"og:locale\" content=\"ca_ES\" \/>\n<meta property=\"og:type\" content=\"article\" \/>\n<meta property=\"og:title\" content=\"Portell centra el pressupost 2024 en la millora d&#039;infraestructures i la creaci\u00f3 d&#039;habitatge social - Portell de Morella\" \/>\n<meta property=\"og:description\" content=\"El ple de l&#8217;Ajuntament de Portell ha aprovat el pressupost del municipi per a este 2024: 903.063,79 euros. &#8220;Un pressupost centrat en les persones&#8221; segons ha afirmat l&#8217;alcalde, \u00c1lvaro Ferrer. I \u00e9s que, des de l&#8217;Ajuntament s&#8217;ha optat &#8220;per no pujar cap impost als ve\u00efns i ve\u00efnes&#8221;, aix\u00ed com s&#8217;ha apostat &#8220;per projectes que beneficien [&hellip;]\" \/>\n<meta property=\"og:url\" content=\"https:\/\/portelldemorella.org\/ca\/portell-centra-el-presupuesto-2024-en-la-mejora-de-infraestructuras-y-la-creacion-de-vivienda-social\/\" \/>\n<meta property=\"og:site_name\" content=\"Portell de Morella\" \/>\n<meta property=\"article:published_time\" content=\"2024-01-22T08:07:56+00:00\" \/>\n<meta property=\"article:modified_time\" content=\"2024-01-22T08:08:46+00:00\" \/>\n<meta property=\"og:image\" content=\"https:\/\/portelldemorella.org\/wp-content\/uploads\/2024\/01\/Portell.jpg\" \/>\n\t<meta property=\"og:image:width\" content=\"2000\" \/>\n\t<meta property=\"og:image:height\" content=\"1500\" \/>\n\t<meta property=\"og:image:type\" content=\"image\/jpeg\" \/>\n<meta name=\"author\" content=\"portell\" \/>\n<meta name=\"twitter:card\" content=\"summary_large_image\" \/>\n<meta name=\"twitter:label1\" content=\"Escrit per\" \/>\n\t<meta name=\"twitter:data1\" content=\"portell\" \/>\n\t<meta name=\"twitter:label2\" content=\"Temps estimat de lectura\" \/>\n\t<meta name=\"twitter:data2\" content=\"2 minuts\" \/>\n<script type=\"application\/ld+json\" class=\"yoast-schema-graph\">{\"@context\":\"https:\/\/schema.org\",\"@graph\":[{\"@type\":\"Article\",\"@id\":\"https:\/\/portelldemorella.org\/ca\/portell-centra-el-presupuesto-2024-en-la-mejora-de-infraestructuras-y-la-creacion-de-vivienda-social\/#article\",\"isPartOf\":{\"@id\":\"https:\/\/portelldemorella.org\/ca\/portell-centra-el-presupuesto-2024-en-la-mejora-de-infraestructuras-y-la-creacion-de-vivienda-social\/\"},\"author\":{\"name\":\"portell\",\"@id\":\"https:\/\/portelldemorella.org\/#\/schema\/person\/2adde77c454244acd163488ec723a88b\"},\"headline\":\"Portell centra el pressupost 2024 en la millora d&#8217;infraestructures i la creaci\u00f3 d&#8217;habitatge social\",\"datePublished\":\"2024-01-22T08:07:56+00:00\",\"dateModified\":\"2024-01-22T08:08:46+00:00\",\"mainEntityOfPage\":{\"@id\":\"https:\/\/portelldemorella.org\/ca\/portell-centra-el-presupuesto-2024-en-la-mejora-de-infraestructuras-y-la-creacion-de-vivienda-social\/\"},\"wordCount\":284,\"commentCount\":0,\"publisher\":{\"@id\":\"https:\/\/portelldemorella.org\/#organization\"},\"image\":{\"@id\":\"https:\/\/portelldemorella.org\/ca\/portell-centra-el-presupuesto-2024-en-la-mejora-de-infraestructuras-y-la-creacion-de-vivienda-social\/#primaryimage\"},\"thumbnailUrl\":\"https:\/\/portelldemorella.org\/wp-content\/uploads\/2024\/01\/Portell.jpg\",\"keywords\":[\"els ports\",\"portell\",\"pressupost 2024\",\"presupuesto 2024\"],\"articleSection\":[\"Ayuntamiento\"],\"inLanguage\":\"ca\",\"potentialAction\":[{\"@type\":\"CommentAction\",\"name\":\"Comment\",\"target\":[\"https:\/\/portelldemorella.org\/ca\/portell-centra-el-presupuesto-2024-en-la-mejora-de-infraestructuras-y-la-creacion-de-vivienda-social\/#respond\"]}]},{\"@type\":\"WebPage\",\"@id\":\"https:\/\/portelldemorella.org\/ca\/portell-centra-el-presupuesto-2024-en-la-mejora-de-infraestructuras-y-la-creacion-de-vivienda-social\/\",\"url\":\"https:\/\/portelldemorella.org\/ca\/portell-centra-el-presupuesto-2024-en-la-mejora-de-infraestructuras-y-la-creacion-de-vivienda-social\/\",\"name\":\"Portell centra el pressupost 2024 en la millora d'infraestructures i la creaci\u00f3 d'habitatge social - Portell de Morella\",\"isPartOf\":{\"@id\":\"https:\/\/portelldemorella.org\/#website\"},\"primaryImageOfPage\":{\"@id\":\"https:\/\/portelldemorella.org\/ca\/portell-centra-el-presupuesto-2024-en-la-mejora-de-infraestructuras-y-la-creacion-de-vivienda-social\/#primaryimage\"},\"image\":{\"@id\":\"https:\/\/portelldemorella.org\/ca\/portell-centra-el-presupuesto-2024-en-la-mejora-de-infraestructuras-y-la-creacion-de-vivienda-social\/#primaryimage\"},\"thumbnailUrl\":\"https:\/\/portelldemorella.org\/wp-content\/uploads\/2024\/01\/Portell.jpg\",\"datePublished\":\"2024-01-22T08:07:56+00:00\",\"dateModified\":\"2024-01-22T08:08:46+00:00\",\"breadcrumb\":{\"@id\":\"https:\/\/portelldemorella.org\/ca\/portell-centra-el-presupuesto-2024-en-la-mejora-de-infraestructuras-y-la-creacion-de-vivienda-social\/#breadcrumb\"},\"inLanguage\":\"ca\",\"potentialAction\":[{\"@type\":\"ReadAction\",\"target\":[\"https:\/\/portelldemorella.org\/ca\/portell-centra-el-presupuesto-2024-en-la-mejora-de-infraestructuras-y-la-creacion-de-vivienda-social\/\"]}]},{\"@type\":\"ImageObject\",\"inLanguage\":\"ca\",\"@id\":\"https:\/\/portelldemorella.org\/ca\/portell-centra-el-presupuesto-2024-en-la-mejora-de-infraestructuras-y-la-creacion-de-vivienda-social\/#primaryimage\",\"url\":\"https:\/\/portelldemorella.org\/wp-content\/uploads\/2024\/01\/Portell.jpg\",\"contentUrl\":\"https:\/\/portelldemorella.org\/wp-content\/uploads\/2024\/01\/Portell.jpg\",\"width\":2000,\"height\":1500},{\"@type\":\"BreadcrumbList\",\"@id\":\"https:\/\/portelldemorella.org\/ca\/portell-centra-el-presupuesto-2024-en-la-mejora-de-infraestructuras-y-la-creacion-de-vivienda-social\/#breadcrumb\",\"itemListElement\":[{\"@type\":\"ListItem\",\"position\":1,\"name\":\"Portada\",\"item\":\"https:\/\/portelldemorella.org\/ca\/\"},{\"@type\":\"ListItem\",\"position\":2,\"name\":\"Portell centra el pressupost 2024 en la millora d&#8217;infraestructures i la creaci\u00f3 d&#8217;habitatge social\"}]},{\"@type\":\"WebSite\",\"@id\":\"https:\/\/portelldemorella.org\/#website\",\"url\":\"https:\/\/portelldemorella.org\/\",\"name\":\"Portell de Morella\",\"description\":\"Web del Ayuntamiento de Portell de Morella\",\"publisher\":{\"@id\":\"https:\/\/portelldemorella.org\/#organization\"},\"potentialAction\":[{\"@type\":\"SearchAction\",\"target\":{\"@type\":\"EntryPoint\",\"urlTemplate\":\"https:\/\/portelldemorella.org\/?s={search_term_string}\"},\"query-input\":{\"@type\":\"PropertyValueSpecification\",\"valueRequired\":true,\"valueName\":\"search_term_string\"}}],\"inLanguage\":\"ca\"},{\"@type\":\"Organization\",\"@id\":\"https:\/\/portelldemorella.org\/#organization\",\"name\":\"Portell de Morella\",\"url\":\"https:\/\/portelldemorella.org\/\",\"logo\":{\"@type\":\"ImageObject\",\"inLanguage\":\"ca\",\"@id\":\"https:\/\/portelldemorella.org\/#\/schema\/logo\/image\/\",\"url\":\"https:\/\/portelldemorella.org\/wp-content\/uploads\/2020\/11\/Escudo-Portell-04.jpg\",\"contentUrl\":\"https:\/\/portelldemorella.org\/wp-content\/uploads\/2020\/11\/Escudo-Portell-04.jpg\",\"width\":1001,\"height\":394,\"caption\":\"Portell de Morella\"},\"image\":{\"@id\":\"https:\/\/portelldemorella.org\/#\/schema\/logo\/image\/\"}},{\"@type\":\"Person\",\"@id\":\"https:\/\/portelldemorella.org\/#\/schema\/person\/2adde77c454244acd163488ec723a88b\",\"name\":\"portell\",\"image\":{\"@type\":\"ImageObject\",\"inLanguage\":\"ca\",\"@id\":\"https:\/\/portelldemorella.org\/#\/schema\/person\/image\/\",\"url\":\"https:\/\/secure.gravatar.com\/avatar\/077c6bd89604df620d2fa93a06be2531944cdd6826fd322dbd8b483fd84d6407?s=96&d=mm&r=g\",\"contentUrl\":\"https:\/\/secure.gravatar.com\/avatar\/077c6bd89604df620d2fa93a06be2531944cdd6826fd322dbd8b483fd84d6407?s=96&d=mm&r=g\",\"caption\":\"portell\"},\"sameAs\":[\"https:\/\/portelldemorella.org\"],\"url\":\"https:\/\/portelldemorella.org\/ca\/author\/portell\/\"}]}<\/script>\n<!-- \/ Yoast SEO plugin. -->","yoast_head_json":{"title":"Portell centra el pressupost 2024 en la millora d'infraestructures i la creaci\u00f3 d'habitatge social - Portell de Morella","robots":{"index":"noindex","follow":"follow","max-snippet":"max-snippet:-1","max-image-preview":"max-image-preview:large","max-video-preview":"max-video-preview:-1"},"og_locale":"ca_ES","og_type":"article","og_title":"Portell centra el pressupost 2024 en la millora d'infraestructures i la creaci\u00f3 d'habitatge social - Portell de Morella","og_description":"El ple de l&#8217;Ajuntament de Portell ha aprovat el pressupost del municipi per a este 2024: 903.063,79 euros. &#8220;Un pressupost centrat en les persones&#8221; segons ha afirmat l&#8217;alcalde, \u00c1lvaro Ferrer. I \u00e9s que, des de l&#8217;Ajuntament s&#8217;ha optat &#8220;per no pujar cap impost als ve\u00efns i ve\u00efnes&#8221;, aix\u00ed com s&#8217;ha apostat &#8220;per projectes que beneficien [&hellip;]","og_url":"https:\/\/portelldemorella.org\/ca\/portell-centra-el-presupuesto-2024-en-la-mejora-de-infraestructuras-y-la-creacion-de-vivienda-social\/","og_site_name":"Portell de Morella","article_published_time":"2024-01-22T08:07:56+00:00","article_modified_time":"2024-01-22T08:08:46+00:00","og_image":[{"width":2000,"height":1500,"url":"https:\/\/portelldemorella.org\/wp-content\/uploads\/2024\/01\/Portell.jpg","type":"image\/jpeg"}],"author":"portell","twitter_card":"summary_large_image","twitter_misc":{"Escrit per":"portell","Temps estimat de lectura":"2 minuts"},"schema":{"@context":"https:\/\/schema.org","@graph":[{"@type":"Article","@id":"https:\/\/portelldemorella.org\/ca\/portell-centra-el-presupuesto-2024-en-la-mejora-de-infraestructuras-y-la-creacion-de-vivienda-social\/#article","isPartOf":{"@id":"https:\/\/portelldemorella.org\/ca\/portell-centra-el-presupuesto-2024-en-la-mejora-de-infraestructuras-y-la-creacion-de-vivienda-social\/"},"author":{"name":"portell","@id":"https:\/\/portelldemorella.org\/#\/schema\/person\/2adde77c454244acd163488ec723a88b"},"headline":"Portell centra el pressupost 2024 en la millora d&#8217;infraestructures i la creaci\u00f3 d&#8217;habitatge social","datePublished":"2024-01-22T08:07:56+00:00","dateModified":"2024-01-22T08:08:46+00:00","mainEntityOfPage":{"@id":"https:\/\/portelldemorella.org\/ca\/portell-centra-el-presupuesto-2024-en-la-mejora-de-infraestructuras-y-la-creacion-de-vivienda-social\/"},"wordCount":284,"commentCount":0,"publisher":{"@id":"https:\/\/portelldemorella.org\/#organization"},"image":{"@id":"https:\/\/portelldemorella.org\/ca\/portell-centra-el-presupuesto-2024-en-la-mejora-de-infraestructuras-y-la-creacion-de-vivienda-social\/#primaryimage"},"thumbnailUrl":"https:\/\/portelldemorella.org\/wp-content\/uploads\/2024\/01\/Portell.jpg","keywords":["els ports","portell","pressupost 2024","presupuesto 2024"],"articleSection":["Ayuntamiento"],"inLanguage":"ca","potentialAction":[{"@type":"CommentAction","name":"Comment","target":["https:\/\/portelldemorella.org\/ca\/portell-centra-el-presupuesto-2024-en-la-mejora-de-infraestructuras-y-la-creacion-de-vivienda-social\/#respond"]}]},{"@type":"WebPage","@id":"https:\/\/portelldemorella.org\/ca\/portell-centra-el-presupuesto-2024-en-la-mejora-de-infraestructuras-y-la-creacion-de-vivienda-social\/","url":"https:\/\/portelldemorella.org\/ca\/portell-centra-el-presupuesto-2024-en-la-mejora-de-infraestructuras-y-la-creacion-de-vivienda-social\/","name":"Portell centra el pressupost 2024 en la millora d'infraestructures i la creaci\u00f3 d'habitatge social - Portell de Morella","isPartOf":{"@id":"https:\/\/portelldemorella.org\/#website"},"primaryImageOfPage":{"@id":"https:\/\/portelldemorella.org\/ca\/portell-centra-el-presupuesto-2024-en-la-mejora-de-infraestructuras-y-la-creacion-de-vivienda-social\/#primaryimage"},"image":{"@id":"https:\/\/portelldemorella.org\/ca\/portell-centra-el-presupuesto-2024-en-la-mejora-de-infraestructuras-y-la-creacion-de-vivienda-social\/#primaryimage"},"thumbnailUrl":"https:\/\/portelldemorella.org\/wp-content\/uploads\/2024\/01\/Portell.jpg","datePublished":"2024-01-22T08:07:56+00:00","dateModified":"2024-01-22T08:08:46+00:00","breadcrumb":{"@id":"https:\/\/portelldemorella.org\/ca\/portell-centra-el-presupuesto-2024-en-la-mejora-de-infraestructuras-y-la-creacion-de-vivienda-social\/#breadcrumb"},"inLanguage":"ca","potentialAction":[{"@type":"ReadAction","target":["https:\/\/portelldemorella.org\/ca\/portell-centra-el-presupuesto-2024-en-la-mejora-de-infraestructuras-y-la-creacion-de-vivienda-social\/"]}]},{"@type":"ImageObject","inLanguage":"ca","@id":"https:\/\/portelldemorella.org\/ca\/portell-centra-el-presupuesto-2024-en-la-mejora-de-infraestructuras-y-la-creacion-de-vivienda-social\/#primaryimage","url":"https:\/\/portelldemorella.org\/wp-content\/uploads\/2024\/01\/Portell.jpg","contentUrl":"https:\/\/portelldemorella.org\/wp-content\/uploads\/2024\/01\/Portell.jpg","width":2000,"height":1500},{"@type":"BreadcrumbList","@id":"https:\/\/portelldemorella.org\/ca\/portell-centra-el-presupuesto-2024-en-la-mejora-de-infraestructuras-y-la-creacion-de-vivienda-social\/#breadcrumb","itemListElement":[{"@type":"ListItem","position":1,"name":"Portada","item":"https:\/\/portelldemorella.org\/ca\/"},{"@type":"ListItem","position":2,"name":"Portell centra el pressupost 2024 en la millora d&#8217;infraestructures i la creaci\u00f3 d&#8217;habitatge social"}]},{"@type":"WebSite","@id":"https:\/\/portelldemorella.org\/#website","url":"https:\/\/portelldemorella.org\/","name":"Portell de Morella","description":"Web del Ayuntamiento de Portell de Morella","publisher":{"@id":"https:\/\/portelldemorella.org\/#organization"},"potentialAction":[{"@type":"SearchAction","target":{"@type":"EntryPoint","urlTemplate":"https:\/\/portelldemorella.org\/?s={search_term_string}"},"query-input":{"@type":"PropertyValueSpecification","valueRequired":true,"valueName":"search_term_string"}}],"inLanguage":"ca"},{"@type":"Organization","@id":"https:\/\/portelldemorella.org\/#organization","name":"Portell de Morella","url":"https:\/\/portelldemorella.org\/","logo":{"@type":"ImageObject","inLanguage":"ca","@id":"https:\/\/portelldemorella.org\/#\/schema\/logo\/image\/","url":"https:\/\/portelldemorella.org\/wp-content\/uploads\/2020\/11\/Escudo-Portell-04.jpg","contentUrl":"https:\/\/portelldemorella.org\/wp-content\/uploads\/2020\/11\/Escudo-Portell-04.jpg","width":1001,"height":394,"caption":"Portell de Morella"},"image":{"@id":"https:\/\/portelldemorella.org\/#\/schema\/logo\/image\/"}},{"@type":"Person","@id":"https:\/\/portelldemorella.org\/#\/schema\/person\/2adde77c454244acd163488ec723a88b","name":"portell","image":{"@type":"ImageObject","inLanguage":"ca","@id":"https:\/\/portelldemorella.org\/#\/schema\/person\/image\/","url":"https:\/\/secure.gravatar.com\/avatar\/077c6bd89604df620d2fa93a06be2531944cdd6826fd322dbd8b483fd84d6407?s=96&d=mm&r=g","contentUrl":"https:\/\/secure.gravatar.com\/avatar\/077c6bd89604df620d2fa93a06be2531944cdd6826fd322dbd8b483fd84d6407?s=96&d=mm&r=g","caption":"portell"},"sameAs":["https:\/\/portelldemorella.org"],"url":"https:\/\/portelldemorella.org\/ca\/author\/portell\/"}]}},"_links":{"self":[{"href":"https:\/\/portelldemorella.org\/ca\/wp-json\/wp\/v2\/posts\/7907","targetHints":{"allow":["GET"]}}],"collection":[{"href":"https:\/\/portelldemorella.org\/ca\/wp-json\/wp\/v2\/posts"}],"about":[{"href":"https:\/\/portelldemorella.org\/ca\/wp-json\/wp\/v2\/types\/post"}],"author":[{"embeddable":true,"href":"https:\/\/portelldemorella.org\/ca\/wp-json\/wp\/v2\/users\/1"}],"replies":[{"embeddable":true,"href":"https:\/\/portelldemorella.org\/ca\/wp-json\/wp\/v2\/comments?post=7907"}],"version-history":[{"count":1,"href":"https:\/\/portelldemorella.org\/ca\/wp-json\/wp\/v2\/posts\/7907\/revisions"}],"predecessor-version":[{"id":7908,"href":"https:\/\/portelldemorella.org\/ca\/wp-json\/wp\/v2\/posts\/7907\/revisions\/7908"}],"wp:featuredmedia":[{"embeddable":true,"href":"https:\/\/portelldemorella.org\/ca\/wp-json\/wp\/v2\/media\/7905"}],"wp:attachment":[{"href":"https:\/\/portelldemorella.org\/ca\/wp-json\/wp\/v2\/media?parent=7907"}],"wp:term":[{"taxonomy":"category","embeddable":true,"href":"https:\/\/portelldemorella.org\/ca\/wp-json\/wp\/v2\/categories?post=7907"},{"taxonomy":"post_tag","embeddable":true,"href":"https:\/\/portelldemorella.org\/ca\/wp-json\/wp\/v2\/tags?post=7907"}],"curies":[{"name":"wp","href":"https:\/\/api.w.org\/{rel}","templated":true}]}}