{"id":7930,"date":"2024-02-23T13:02:56","date_gmt":"2024-02-23T13:02:56","guid":{"rendered":"https:\/\/portelldemorella.org\/?p=7930"},"modified":"2024-02-23T13:03:11","modified_gmt":"2024-02-23T13:03:11","slug":"portell-presenta-la-programacio-del-festival-internacional-de-titelles-portsxinella-que-se-celebrara-del-26-de-marc-al-7-dabril-a-la-comarca-dels-ports","status":"publish","type":"post","link":"https:\/\/portelldemorella.org\/ca\/portell-presenta-la-programacio-del-festival-internacional-de-titelles-portsxinella-que-se-celebrara-del-26-de-marc-al-7-dabril-a-la-comarca-dels-ports\/","title":{"rendered":"Portell presenta la programaci\u00f3 del Festival Internacional de Titelles Portsxinel\u00b7la que se celebrar\u00e0 del 26 de mar\u00e7 al 7 d&#8217;abril a la comarca dels Ports"},"content":{"rendered":"\n<p>El Festival Internacional de Titelles Portsxinel\u00b7la celebrar\u00e0 la seua vuitena edici\u00f3 a la comarca dels Ports entre el 26 de mar\u00e7 i el 7 d&#8217;abril 2024. Un total de dotze companyies nacionals i internacionals protagonitzaran 36 actuacions obertes al p\u00fablic, amb acc\u00e9s gratu\u00eft, que junt amb les activitats pedag\u00f2giques paral\u00b7leles permetran gaudir de m\u00e9s de quaranta espectacles relacionats amb el teatre de titelles. Morella, Vilafranca, Forcall, Cinctorres, Todolella, Portell, Palanques, Villores, La Mata, Castell de Cabres, Vallibona i Herbers seran les localitats que acolliran aquestes activitats que tenen com a objectiu dinamitzar cultural i tur\u00edsticament la comarca dels Ports.<\/p>\n\n\n\n<p>Portell va acollir el passat 21 de febrer la presentaci\u00f3 de la programaci\u00f3 del Festival Internacional de Titelles Portsxinel\u00b7la. En l&#8217;acte van participar l\u2019alcalde del municipi, \u00c0lvar Ferrer, el diputat provincial de Cultura, Alejandro Clausell, l&#8217;alcaldessa de Palanques, Luc\u00eda Mart\u00ed, el regidor de Cultura de Vilafranca, Carlos \u00c1lvarez, la regidora de Morella, Ruth Mart\u00ednez, el regidor de la Todolella, Alfredo Querol, del CRA Els Ports, Alba Querol, aix\u00ed com l&#8217;equip organitzador, encap\u00e7alat per la presidenta d&#8217;Ecl\u00edptica d&#8217;Art, Rebeca Castro, juntament amb al director art\u00edstic del festival, Carles Benlliure.<\/p>\n\n\n\n<p>Tal com van avan\u00e7ar des de l&#8217;organitzaci\u00f3, en aquesta vuitena edici\u00f3 els ve\u00efns i ve\u00efnes dels Ports i visitants podran gaudir d&#8217;espectacles de companyies internacionals com Tricktrek (Est\u00f2nia), LAPinz\u00f3n (Col\u00f2mbia), S.A. Marionetas (Portugal), La Bottega Teatrale (It\u00e0lia), Astillero Teatro i Jes\u00fas S\u00e1nchez (M\u00e8xic) i Fern\u00e1n Cardama (l&#8217;Argentina); nacionals, com Corral de Garc\u00eda i Javier Aranda Teatro (Arag\u00f3), Ameztu Antzerkia (Pa\u00eds Basc), Kamante Teatre (Ast\u00faries) e Ymedio Teatro (Andalusia).<\/p>\n\n\n\n<p>Paral\u00b7lelament als espectacles, i emmarcats en aquest festival, es desenvoluparan diverses activitats pedag\u00f2giques. Aix\u00ed, Coco Teatre, d&#8217;Alcoi, dirigir\u00e0 tallers de titelles de carrer, que inclour\u00e0 un cercavila posterior amb les persones participants. Tamb\u00e9 est\u00e0 prevista la presentaci\u00f3 del llibre commemoratiu dels 25 anys de la companyia portuguesa S.A. Marionetas. No faltar\u00e0 la tradicional Trobada Titellaire, amb les companyies participants, aix\u00ed com una classe magistral de titella tradicional portugu\u00e8s.<\/p>\n\n\n\n<p>A m\u00e9s, la companyia Astillero realitzar\u00e0 la confer\u00e8ncia &#8220;Los temas tab\u00fa en el teatro de t\u00edteres\u201d, mentre que Jes\u00fas S\u00e1nchez presentar\u00e0 un espectacle nocturn que portar\u00e0 per t\u00edtol &#8220;Canciones y romances&#8221;.<\/p>\n\n\n\n<p>Des de l&#8217;organitzaci\u00f3 del festival han detallat que aquestes activitats estan dirigides principalment als integrants de les companyies i convidats, per\u00f2 amb l&#8217;opci\u00f3 que qualsevol persona interessada puga participar, pr\u00e8via inscripci\u00f3 en l&#8217;adre\u00e7a de mail eclipticadart@gmail.com<\/p>\n\n\n\n<p><strong>Companyies de primer ordre<\/strong><\/p>\n\n\n\n<p>Els directors art\u00edstics del festival, Carles Benlliure i Rebeca Castro, van detallar durant la roda de premsa de presentaci\u00f3 el prop\u00f2sit de Portsxinel\u00b7la: l&#8217;impuls de la cultura de qualitat en un entorn \u00fanic com \u00e9s la comarca dels Ports. Van insistir tamb\u00e9 en la particularitat d&#8217;aquesta cita, ja que en l&#8217;esfera nacional \u00fanicament existeixen tres cert\u00e0mens de les caracter\u00edstiques del Festival Internacional Portxinel.la, sent tamb\u00e9 poc freq\u00fcent en altres pa\u00efsos del m\u00f3n.<\/p>\n\n\n\n<p>L&#8217;alcalde de Portell, \u00c0lvar Ferrer, va agrair el comprom\u00eds de l&#8217;organitzaci\u00f3 del festival, de la Diputaci\u00f3 de Castell\u00f3, Generalitat Valenciana i tots els ajuntaments implicats en la celebraci\u00f3 d&#8217;aquest festival, al mateix temps que va posar en valor tamb\u00e9 el gran acolliment i recepci\u00f3 per part dels ve\u00efns i ve\u00efnes de la comarca dels Ports, &#8220;que ha perm\u00e9s que aquesta cita ja s&#8217;haja consolidat en els seus 8 anys de traject\u00f2ria&#8221;.<\/p>\n\n\n\n<p>En aquesta l\u00ednia s&#8217;ha mostrat tamb\u00e9 el diputat de Cultura, Alejandro Clausell, que, per part seua, a m\u00e9s, va destacar la import\u00e0ncia d&#8217;aquestes cites culturals per a atreure turisme i impulsar econ\u00f2micament la comarca dels Ports.<\/p>\n\n\n\n<p>La Diputaci\u00f3 Provincial de Castell\u00f3, la Generalitat Valenciana a trav\u00e9s del Institut Valenci\u00e0 de Cultura, Electra del Maestrazgo, els ajuntaments de Morella, Vilafranca, Forcall, Cinctorres, Todolella, Portell, Palanques, Villores, La Mata, Castell de Cabres, Vallibona i Herbers, la Mancomunitat Els Ports i comer\u00e7os de la comarca fan possible aquest festival que cada any organitza Ecl\u00edptica d&#8217;Art.<\/p>\n\n\n\n<p><strong>Programaci\u00f3 a Portell<\/strong><\/p>\n\n\n\n<p><strong>Divendres 29 de mar\u00e7:<\/strong><\/p>\n\n\n\n<p>&gt; \u201cOrganik\u201d, per Cia. Ameztu Antzerkia (Pa\u00eds Basc). Pla\u00e7a de l&#8217;Ajuntament. Portell. 12.30.<\/p>\n\n\n\n<p><strong>Dissabte 30 de mar\u00e7:<\/strong><\/p>\n\n\n\n<p>&gt; \u201cEl rey y la oruga que com\u00eda hierba\u201d, per Cia. La Bottega Teatrale (It\u00e0lia). Pla\u00e7a de l&#8217;Ajuntament. Portell. 18.00.<\/p>\n","protected":false},"excerpt":{"rendered":"<p>El Festival Internacional de Titelles Portsxinel\u00b7la celebrar\u00e0 la seua vuitena edici\u00f3 a la comarca dels Ports entre el 26 de mar\u00e7 i el 7 d&#8217;abril 2024. Un total de dotze companyies nacionals i internacionals protagonitzaran 36 actuacions obertes al p\u00fablic, amb acc\u00e9s gratu\u00eft, que junt amb les activitats pedag\u00f2giques paral\u00b7leles permetran gaudir de m\u00e9s de [&hellip;]<\/p>\n","protected":false},"author":1,"featured_media":7931,"comment_status":"open","ping_status":"open","sticky":false,"template":"","format":"standard","meta":{"footnotes":""},"categories":[97],"tags":[],"class_list":["post-7930","post","type-post","status-publish","format-standard","has-post-thumbnail","hentry","category-ayuntamiento-ca"],"yoast_head":"<!-- This site is optimized with the Yoast SEO plugin v24.4 - https:\/\/yoast.com\/wordpress\/plugins\/seo\/ -->\n<title>Portell presenta la programaci\u00f3 del Festival Internacional de Titelles Portsxinel\u00b7la que se celebrar\u00e0 del 26 de mar\u00e7 al 7 d&#039;abril a la comarca dels Ports - Portell de Morella<\/title>\n<meta name=\"robots\" content=\"noindex, follow, max-snippet:-1, max-image-preview:large, max-video-preview:-1\" \/>\n<meta property=\"og:locale\" content=\"ca_ES\" \/>\n<meta property=\"og:type\" content=\"article\" \/>\n<meta property=\"og:title\" content=\"Portell presenta la programaci\u00f3 del Festival Internacional de Titelles Portsxinel\u00b7la que se celebrar\u00e0 del 26 de mar\u00e7 al 7 d&#039;abril a la comarca dels Ports - Portell de Morella\" \/>\n<meta property=\"og:description\" content=\"El Festival Internacional de Titelles Portsxinel\u00b7la celebrar\u00e0 la seua vuitena edici\u00f3 a la comarca dels Ports entre el 26 de mar\u00e7 i el 7 d&#8217;abril 2024. Un total de dotze companyies nacionals i internacionals protagonitzaran 36 actuacions obertes al p\u00fablic, amb acc\u00e9s gratu\u00eft, que junt amb les activitats pedag\u00f2giques paral\u00b7leles permetran gaudir de m\u00e9s de [&hellip;]\" \/>\n<meta property=\"og:url\" content=\"https:\/\/portelldemorella.org\/ca\/portell-presenta-la-programacio-del-festival-internacional-de-titelles-portsxinella-que-se-celebrara-del-26-de-marc-al-7-dabril-a-la-comarca-dels-ports\/\" \/>\n<meta property=\"og:site_name\" content=\"Portell de Morella\" \/>\n<meta property=\"article:published_time\" content=\"2024-02-23T13:02:56+00:00\" \/>\n<meta property=\"article:modified_time\" content=\"2024-02-23T13:03:11+00:00\" \/>\n<meta property=\"og:image\" content=\"https:\/\/portelldemorella.org\/wp-content\/uploads\/2024\/02\/IMG_4088-scaled.jpg\" \/>\n\t<meta property=\"og:image:width\" content=\"2560\" \/>\n\t<meta property=\"og:image:height\" content=\"1707\" \/>\n\t<meta property=\"og:image:type\" content=\"image\/jpeg\" \/>\n<meta name=\"author\" content=\"portell\" \/>\n<meta name=\"twitter:card\" content=\"summary_large_image\" \/>\n<meta name=\"twitter:label1\" content=\"Escrit per\" \/>\n\t<meta name=\"twitter:data1\" content=\"portell\" \/>\n\t<meta name=\"twitter:label2\" content=\"Temps estimat de lectura\" \/>\n\t<meta name=\"twitter:data2\" content=\"1 minut\" \/>\n<script type=\"application\/ld+json\" class=\"yoast-schema-graph\">{\"@context\":\"https:\/\/schema.org\",\"@graph\":[{\"@type\":\"Article\",\"@id\":\"https:\/\/portelldemorella.org\/ca\/portell-presenta-la-programacio-del-festival-internacional-de-titelles-portsxinella-que-se-celebrara-del-26-de-marc-al-7-dabril-a-la-comarca-dels-ports\/#article\",\"isPartOf\":{\"@id\":\"https:\/\/portelldemorella.org\/ca\/portell-presenta-la-programacio-del-festival-internacional-de-titelles-portsxinella-que-se-celebrara-del-26-de-marc-al-7-dabril-a-la-comarca-dels-ports\/\"},\"author\":{\"name\":\"portell\",\"@id\":\"https:\/\/portelldemorella.org\/#\/schema\/person\/2adde77c454244acd163488ec723a88b\"},\"headline\":\"Portell presenta la programaci\u00f3 del Festival Internacional de Titelles Portsxinel\u00b7la que se celebrar\u00e0 del 26 de mar\u00e7 al 7 d&#8217;abril a la comarca dels Ports\",\"datePublished\":\"2024-02-23T13:02:56+00:00\",\"dateModified\":\"2024-02-23T13:03:11+00:00\",\"mainEntityOfPage\":{\"@id\":\"https:\/\/portelldemorella.org\/ca\/portell-presenta-la-programacio-del-festival-internacional-de-titelles-portsxinella-que-se-celebrara-del-26-de-marc-al-7-dabril-a-la-comarca-dels-ports\/\"},\"wordCount\":756,\"commentCount\":0,\"publisher\":{\"@id\":\"https:\/\/portelldemorella.org\/#organization\"},\"image\":{\"@id\":\"https:\/\/portelldemorella.org\/ca\/portell-presenta-la-programacio-del-festival-internacional-de-titelles-portsxinella-que-se-celebrara-del-26-de-marc-al-7-dabril-a-la-comarca-dels-ports\/#primaryimage\"},\"thumbnailUrl\":\"https:\/\/portelldemorella.org\/wp-content\/uploads\/2024\/02\/IMG_4088-scaled.jpg\",\"articleSection\":[\"Ayuntamiento\"],\"inLanguage\":\"ca\",\"potentialAction\":[{\"@type\":\"CommentAction\",\"name\":\"Comment\",\"target\":[\"https:\/\/portelldemorella.org\/ca\/portell-presenta-la-programacio-del-festival-internacional-de-titelles-portsxinella-que-se-celebrara-del-26-de-marc-al-7-dabril-a-la-comarca-dels-ports\/#respond\"]}]},{\"@type\":\"WebPage\",\"@id\":\"https:\/\/portelldemorella.org\/ca\/portell-presenta-la-programacio-del-festival-internacional-de-titelles-portsxinella-que-se-celebrara-del-26-de-marc-al-7-dabril-a-la-comarca-dels-ports\/\",\"url\":\"https:\/\/portelldemorella.org\/ca\/portell-presenta-la-programacio-del-festival-internacional-de-titelles-portsxinella-que-se-celebrara-del-26-de-marc-al-7-dabril-a-la-comarca-dels-ports\/\",\"name\":\"Portell presenta la programaci\u00f3 del Festival Internacional de Titelles Portsxinel\u00b7la que se celebrar\u00e0 del 26 de mar\u00e7 al 7 d'abril a la comarca dels Ports - Portell de Morella\",\"isPartOf\":{\"@id\":\"https:\/\/portelldemorella.org\/#website\"},\"primaryImageOfPage\":{\"@id\":\"https:\/\/portelldemorella.org\/ca\/portell-presenta-la-programacio-del-festival-internacional-de-titelles-portsxinella-que-se-celebrara-del-26-de-marc-al-7-dabril-a-la-comarca-dels-ports\/#primaryimage\"},\"image\":{\"@id\":\"https:\/\/portelldemorella.org\/ca\/portell-presenta-la-programacio-del-festival-internacional-de-titelles-portsxinella-que-se-celebrara-del-26-de-marc-al-7-dabril-a-la-comarca-dels-ports\/#primaryimage\"},\"thumbnailUrl\":\"https:\/\/portelldemorella.org\/wp-content\/uploads\/2024\/02\/IMG_4088-scaled.jpg\",\"datePublished\":\"2024-02-23T13:02:56+00:00\",\"dateModified\":\"2024-02-23T13:03:11+00:00\",\"breadcrumb\":{\"@id\":\"https:\/\/portelldemorella.org\/ca\/portell-presenta-la-programacio-del-festival-internacional-de-titelles-portsxinella-que-se-celebrara-del-26-de-marc-al-7-dabril-a-la-comarca-dels-ports\/#breadcrumb\"},\"inLanguage\":\"ca\",\"potentialAction\":[{\"@type\":\"ReadAction\",\"target\":[\"https:\/\/portelldemorella.org\/ca\/portell-presenta-la-programacio-del-festival-internacional-de-titelles-portsxinella-que-se-celebrara-del-26-de-marc-al-7-dabril-a-la-comarca-dels-ports\/\"]}]},{\"@type\":\"ImageObject\",\"inLanguage\":\"ca\",\"@id\":\"https:\/\/portelldemorella.org\/ca\/portell-presenta-la-programacio-del-festival-internacional-de-titelles-portsxinella-que-se-celebrara-del-26-de-marc-al-7-dabril-a-la-comarca-dels-ports\/#primaryimage\",\"url\":\"https:\/\/portelldemorella.org\/wp-content\/uploads\/2024\/02\/IMG_4088-scaled.jpg\",\"contentUrl\":\"https:\/\/portelldemorella.org\/wp-content\/uploads\/2024\/02\/IMG_4088-scaled.jpg\",\"width\":2560,\"height\":1707},{\"@type\":\"BreadcrumbList\",\"@id\":\"https:\/\/portelldemorella.org\/ca\/portell-presenta-la-programacio-del-festival-internacional-de-titelles-portsxinella-que-se-celebrara-del-26-de-marc-al-7-dabril-a-la-comarca-dels-ports\/#breadcrumb\",\"itemListElement\":[{\"@type\":\"ListItem\",\"position\":1,\"name\":\"Portada\",\"item\":\"https:\/\/portelldemorella.org\/ca\/\"},{\"@type\":\"ListItem\",\"position\":2,\"name\":\"Portell presenta la programaci\u00f3 del Festival Internacional de Titelles Portsxinel\u00b7la que se celebrar\u00e0 del 26 de mar\u00e7 al 7 d&#8217;abril a la comarca dels Ports\"}]},{\"@type\":\"WebSite\",\"@id\":\"https:\/\/portelldemorella.org\/#website\",\"url\":\"https:\/\/portelldemorella.org\/\",\"name\":\"Portell de Morella\",\"description\":\"Web del Ayuntamiento de Portell de Morella\",\"publisher\":{\"@id\":\"https:\/\/portelldemorella.org\/#organization\"},\"potentialAction\":[{\"@type\":\"SearchAction\",\"target\":{\"@type\":\"EntryPoint\",\"urlTemplate\":\"https:\/\/portelldemorella.org\/?s={search_term_string}\"},\"query-input\":{\"@type\":\"PropertyValueSpecification\",\"valueRequired\":true,\"valueName\":\"search_term_string\"}}],\"inLanguage\":\"ca\"},{\"@type\":\"Organization\",\"@id\":\"https:\/\/portelldemorella.org\/#organization\",\"name\":\"Portell de Morella\",\"url\":\"https:\/\/portelldemorella.org\/\",\"logo\":{\"@type\":\"ImageObject\",\"inLanguage\":\"ca\",\"@id\":\"https:\/\/portelldemorella.org\/#\/schema\/logo\/image\/\",\"url\":\"https:\/\/portelldemorella.org\/wp-content\/uploads\/2020\/11\/Escudo-Portell-04.jpg\",\"contentUrl\":\"https:\/\/portelldemorella.org\/wp-content\/uploads\/2020\/11\/Escudo-Portell-04.jpg\",\"width\":1001,\"height\":394,\"caption\":\"Portell de Morella\"},\"image\":{\"@id\":\"https:\/\/portelldemorella.org\/#\/schema\/logo\/image\/\"}},{\"@type\":\"Person\",\"@id\":\"https:\/\/portelldemorella.org\/#\/schema\/person\/2adde77c454244acd163488ec723a88b\",\"name\":\"portell\",\"image\":{\"@type\":\"ImageObject\",\"inLanguage\":\"ca\",\"@id\":\"https:\/\/portelldemorella.org\/#\/schema\/person\/image\/\",\"url\":\"https:\/\/secure.gravatar.com\/avatar\/077c6bd89604df620d2fa93a06be2531944cdd6826fd322dbd8b483fd84d6407?s=96&d=mm&r=g\",\"contentUrl\":\"https:\/\/secure.gravatar.com\/avatar\/077c6bd89604df620d2fa93a06be2531944cdd6826fd322dbd8b483fd84d6407?s=96&d=mm&r=g\",\"caption\":\"portell\"},\"sameAs\":[\"https:\/\/portelldemorella.org\"],\"url\":\"https:\/\/portelldemorella.org\/ca\/author\/portell\/\"}]}<\/script>\n<!-- \/ Yoast SEO plugin. -->","yoast_head_json":{"title":"Portell presenta la programaci\u00f3 del Festival Internacional de Titelles Portsxinel\u00b7la que se celebrar\u00e0 del 26 de mar\u00e7 al 7 d'abril a la comarca dels Ports - Portell de Morella","robots":{"index":"noindex","follow":"follow","max-snippet":"max-snippet:-1","max-image-preview":"max-image-preview:large","max-video-preview":"max-video-preview:-1"},"og_locale":"ca_ES","og_type":"article","og_title":"Portell presenta la programaci\u00f3 del Festival Internacional de Titelles Portsxinel\u00b7la que se celebrar\u00e0 del 26 de mar\u00e7 al 7 d'abril a la comarca dels Ports - Portell de Morella","og_description":"El Festival Internacional de Titelles Portsxinel\u00b7la celebrar\u00e0 la seua vuitena edici\u00f3 a la comarca dels Ports entre el 26 de mar\u00e7 i el 7 d&#8217;abril 2024. Un total de dotze companyies nacionals i internacionals protagonitzaran 36 actuacions obertes al p\u00fablic, amb acc\u00e9s gratu\u00eft, que junt amb les activitats pedag\u00f2giques paral\u00b7leles permetran gaudir de m\u00e9s de [&hellip;]","og_url":"https:\/\/portelldemorella.org\/ca\/portell-presenta-la-programacio-del-festival-internacional-de-titelles-portsxinella-que-se-celebrara-del-26-de-marc-al-7-dabril-a-la-comarca-dels-ports\/","og_site_name":"Portell de Morella","article_published_time":"2024-02-23T13:02:56+00:00","article_modified_time":"2024-02-23T13:03:11+00:00","og_image":[{"width":2560,"height":1707,"url":"https:\/\/portelldemorella.org\/wp-content\/uploads\/2024\/02\/IMG_4088-scaled.jpg","type":"image\/jpeg"}],"author":"portell","twitter_card":"summary_large_image","twitter_misc":{"Escrit per":"portell","Temps estimat de lectura":"1 minut"},"schema":{"@context":"https:\/\/schema.org","@graph":[{"@type":"Article","@id":"https:\/\/portelldemorella.org\/ca\/portell-presenta-la-programacio-del-festival-internacional-de-titelles-portsxinella-que-se-celebrara-del-26-de-marc-al-7-dabril-a-la-comarca-dels-ports\/#article","isPartOf":{"@id":"https:\/\/portelldemorella.org\/ca\/portell-presenta-la-programacio-del-festival-internacional-de-titelles-portsxinella-que-se-celebrara-del-26-de-marc-al-7-dabril-a-la-comarca-dels-ports\/"},"author":{"name":"portell","@id":"https:\/\/portelldemorella.org\/#\/schema\/person\/2adde77c454244acd163488ec723a88b"},"headline":"Portell presenta la programaci\u00f3 del Festival Internacional de Titelles Portsxinel\u00b7la que se celebrar\u00e0 del 26 de mar\u00e7 al 7 d&#8217;abril a la comarca dels Ports","datePublished":"2024-02-23T13:02:56+00:00","dateModified":"2024-02-23T13:03:11+00:00","mainEntityOfPage":{"@id":"https:\/\/portelldemorella.org\/ca\/portell-presenta-la-programacio-del-festival-internacional-de-titelles-portsxinella-que-se-celebrara-del-26-de-marc-al-7-dabril-a-la-comarca-dels-ports\/"},"wordCount":756,"commentCount":0,"publisher":{"@id":"https:\/\/portelldemorella.org\/#organization"},"image":{"@id":"https:\/\/portelldemorella.org\/ca\/portell-presenta-la-programacio-del-festival-internacional-de-titelles-portsxinella-que-se-celebrara-del-26-de-marc-al-7-dabril-a-la-comarca-dels-ports\/#primaryimage"},"thumbnailUrl":"https:\/\/portelldemorella.org\/wp-content\/uploads\/2024\/02\/IMG_4088-scaled.jpg","articleSection":["Ayuntamiento"],"inLanguage":"ca","potentialAction":[{"@type":"CommentAction","name":"Comment","target":["https:\/\/portelldemorella.org\/ca\/portell-presenta-la-programacio-del-festival-internacional-de-titelles-portsxinella-que-se-celebrara-del-26-de-marc-al-7-dabril-a-la-comarca-dels-ports\/#respond"]}]},{"@type":"WebPage","@id":"https:\/\/portelldemorella.org\/ca\/portell-presenta-la-programacio-del-festival-internacional-de-titelles-portsxinella-que-se-celebrara-del-26-de-marc-al-7-dabril-a-la-comarca-dels-ports\/","url":"https:\/\/portelldemorella.org\/ca\/portell-presenta-la-programacio-del-festival-internacional-de-titelles-portsxinella-que-se-celebrara-del-26-de-marc-al-7-dabril-a-la-comarca-dels-ports\/","name":"Portell presenta la programaci\u00f3 del Festival Internacional de Titelles Portsxinel\u00b7la que se celebrar\u00e0 del 26 de mar\u00e7 al 7 d'abril a la comarca dels Ports - Portell de Morella","isPartOf":{"@id":"https:\/\/portelldemorella.org\/#website"},"primaryImageOfPage":{"@id":"https:\/\/portelldemorella.org\/ca\/portell-presenta-la-programacio-del-festival-internacional-de-titelles-portsxinella-que-se-celebrara-del-26-de-marc-al-7-dabril-a-la-comarca-dels-ports\/#primaryimage"},"image":{"@id":"https:\/\/portelldemorella.org\/ca\/portell-presenta-la-programacio-del-festival-internacional-de-titelles-portsxinella-que-se-celebrara-del-26-de-marc-al-7-dabril-a-la-comarca-dels-ports\/#primaryimage"},"thumbnailUrl":"https:\/\/portelldemorella.org\/wp-content\/uploads\/2024\/02\/IMG_4088-scaled.jpg","datePublished":"2024-02-23T13:02:56+00:00","dateModified":"2024-02-23T13:03:11+00:00","breadcrumb":{"@id":"https:\/\/portelldemorella.org\/ca\/portell-presenta-la-programacio-del-festival-internacional-de-titelles-portsxinella-que-se-celebrara-del-26-de-marc-al-7-dabril-a-la-comarca-dels-ports\/#breadcrumb"},"inLanguage":"ca","potentialAction":[{"@type":"ReadAction","target":["https:\/\/portelldemorella.org\/ca\/portell-presenta-la-programacio-del-festival-internacional-de-titelles-portsxinella-que-se-celebrara-del-26-de-marc-al-7-dabril-a-la-comarca-dels-ports\/"]}]},{"@type":"ImageObject","inLanguage":"ca","@id":"https:\/\/portelldemorella.org\/ca\/portell-presenta-la-programacio-del-festival-internacional-de-titelles-portsxinella-que-se-celebrara-del-26-de-marc-al-7-dabril-a-la-comarca-dels-ports\/#primaryimage","url":"https:\/\/portelldemorella.org\/wp-content\/uploads\/2024\/02\/IMG_4088-scaled.jpg","contentUrl":"https:\/\/portelldemorella.org\/wp-content\/uploads\/2024\/02\/IMG_4088-scaled.jpg","width":2560,"height":1707},{"@type":"BreadcrumbList","@id":"https:\/\/portelldemorella.org\/ca\/portell-presenta-la-programacio-del-festival-internacional-de-titelles-portsxinella-que-se-celebrara-del-26-de-marc-al-7-dabril-a-la-comarca-dels-ports\/#breadcrumb","itemListElement":[{"@type":"ListItem","position":1,"name":"Portada","item":"https:\/\/portelldemorella.org\/ca\/"},{"@type":"ListItem","position":2,"name":"Portell presenta la programaci\u00f3 del Festival Internacional de Titelles Portsxinel\u00b7la que se celebrar\u00e0 del 26 de mar\u00e7 al 7 d&#8217;abril a la comarca dels Ports"}]},{"@type":"WebSite","@id":"https:\/\/portelldemorella.org\/#website","url":"https:\/\/portelldemorella.org\/","name":"Portell de Morella","description":"Web del Ayuntamiento de Portell de Morella","publisher":{"@id":"https:\/\/portelldemorella.org\/#organization"},"potentialAction":[{"@type":"SearchAction","target":{"@type":"EntryPoint","urlTemplate":"https:\/\/portelldemorella.org\/?s={search_term_string}"},"query-input":{"@type":"PropertyValueSpecification","valueRequired":true,"valueName":"search_term_string"}}],"inLanguage":"ca"},{"@type":"Organization","@id":"https:\/\/portelldemorella.org\/#organization","name":"Portell de Morella","url":"https:\/\/portelldemorella.org\/","logo":{"@type":"ImageObject","inLanguage":"ca","@id":"https:\/\/portelldemorella.org\/#\/schema\/logo\/image\/","url":"https:\/\/portelldemorella.org\/wp-content\/uploads\/2020\/11\/Escudo-Portell-04.jpg","contentUrl":"https:\/\/portelldemorella.org\/wp-content\/uploads\/2020\/11\/Escudo-Portell-04.jpg","width":1001,"height":394,"caption":"Portell de Morella"},"image":{"@id":"https:\/\/portelldemorella.org\/#\/schema\/logo\/image\/"}},{"@type":"Person","@id":"https:\/\/portelldemorella.org\/#\/schema\/person\/2adde77c454244acd163488ec723a88b","name":"portell","image":{"@type":"ImageObject","inLanguage":"ca","@id":"https:\/\/portelldemorella.org\/#\/schema\/person\/image\/","url":"https:\/\/secure.gravatar.com\/avatar\/077c6bd89604df620d2fa93a06be2531944cdd6826fd322dbd8b483fd84d6407?s=96&d=mm&r=g","contentUrl":"https:\/\/secure.gravatar.com\/avatar\/077c6bd89604df620d2fa93a06be2531944cdd6826fd322dbd8b483fd84d6407?s=96&d=mm&r=g","caption":"portell"},"sameAs":["https:\/\/portelldemorella.org"],"url":"https:\/\/portelldemorella.org\/ca\/author\/portell\/"}]}},"_links":{"self":[{"href":"https:\/\/portelldemorella.org\/ca\/wp-json\/wp\/v2\/posts\/7930","targetHints":{"allow":["GET"]}}],"collection":[{"href":"https:\/\/portelldemorella.org\/ca\/wp-json\/wp\/v2\/posts"}],"about":[{"href":"https:\/\/portelldemorella.org\/ca\/wp-json\/wp\/v2\/types\/post"}],"author":[{"embeddable":true,"href":"https:\/\/portelldemorella.org\/ca\/wp-json\/wp\/v2\/users\/1"}],"replies":[{"embeddable":true,"href":"https:\/\/portelldemorella.org\/ca\/wp-json\/wp\/v2\/comments?post=7930"}],"version-history":[{"count":2,"href":"https:\/\/portelldemorella.org\/ca\/wp-json\/wp\/v2\/posts\/7930\/revisions"}],"predecessor-version":[{"id":7934,"href":"https:\/\/portelldemorella.org\/ca\/wp-json\/wp\/v2\/posts\/7930\/revisions\/7934"}],"wp:featuredmedia":[{"embeddable":true,"href":"https:\/\/portelldemorella.org\/ca\/wp-json\/wp\/v2\/media\/7931"}],"wp:attachment":[{"href":"https:\/\/portelldemorella.org\/ca\/wp-json\/wp\/v2\/media?parent=7930"}],"wp:term":[{"taxonomy":"category","embeddable":true,"href":"https:\/\/portelldemorella.org\/ca\/wp-json\/wp\/v2\/categories?post=7930"},{"taxonomy":"post_tag","embeddable":true,"href":"https:\/\/portelldemorella.org\/ca\/wp-json\/wp\/v2\/tags?post=7930"}],"curies":[{"name":"wp","href":"https:\/\/api.w.org\/{rel}","templated":true}]}}