{"id":7942,"date":"2023-01-20T07:28:00","date_gmt":"2023-01-20T07:28:00","guid":{"rendered":"https:\/\/portelldemorella.org\/?p=7942"},"modified":"2024-02-26T07:28:54","modified_gmt":"2024-02-26T07:28:54","slug":"portell-aprova-968-77277-euros-de-pressupost-per-al-2023","status":"publish","type":"post","link":"https:\/\/portelldemorella.org\/ca\/portell-aprova-968-77277-euros-de-pressupost-per-al-2023\/","title":{"rendered":"Portell aprova 968.772,77 euros de pressupost per al 2023"},"content":{"rendered":"\n<p><strong><br><\/strong><br><em>&#8211; No hi haur\u00e0 pujada en les taxes i impostos municipals<br><\/em><br>L&#8217;Ajuntament de Portell ja compta amb pressupost per a aquest any 2023. Un pressupost que ronda el mili\u00f3 d&#8217;euros i que est\u00e0 centrat en la millora de les infraestructures, l&#8217;ampliaci\u00f3 de serveis o la rehabilitaci\u00f3 del patrimoni. Aix\u00ed, Portell comptar\u00e0 enguany amb 968.772,77 euros de pressupost municipal.<\/p>\n\n\n\n<p>L&#8217;Ajuntament ha destinat, com \u00e9s habitual, partides a educaci\u00f3 i les diferents entitats culturals, esportives i socials del poble. &#8220;Com sempre, volem que els nostres ve\u00efns i ve\u00efnes tinguen totes les seves necessitats cobertes i, per a aix\u00f2, hem d&#8217;apostar per les entitats del poble que fomenten i organitzen activitats durant tot l&#8217;any&#8221; afirma l&#8217;alcalde, \u00c0lvaro Ferrer.<\/p>\n\n\n\n<p>Aix\u00ed mateix, entre les partides m\u00e9s importants i per a les quals l&#8217;Ajuntament compta amb diverses subvencions auton\u00f2miques o provincials es troben, per exemple, la inversi\u00f3 de 150.000 euros en la conservaci\u00f3 i restauraci\u00f3 de la Torre 2 i llen\u00e7 de la Muralla entre les Torres 3 i 4 del Castell. Tamb\u00e9 es millorar\u00e0 l&#8217;accessibilitat de les instal\u00b7lacions esportives i d&#8217;\u00fas terciari amb un poc m\u00e9s de 93.000 euros. Quasi 150.000 euros es destinaran a millorar la xarxa de captaci\u00f3 de prove\u00efment d&#8217;aigua des del brollador del Mas Cremat fins al dip\u00f2sit de Covatelles. I prop de 203.000 euros s&#8217;empraran en la reurbanitzaci\u00f3 del carrer Esgl\u00e9sia i la millora del clavegueram del Carrer Calvari.<\/p>\n\n\n\n<p>&#8220;Amb el nou pressupost volem adequar el municipi i adaptar-lo a tots els ve\u00efns i ve\u00efnes. A m\u00e9s, el nostre comprom\u00eds amb el nostre passat \u00e9s ferm i continuem recuperant la Muralla, el Castell i les Torres per a donar-los nous usos tur\u00edstics o educatius&#8221; afirma Ferrer.<\/p>\n\n\n\n<p>Finalment, l&#8217;alcalde ha ressaltat que, a m\u00e9s, &#8220;totes les actuacions les farem sense pujar els impostos i taxes als ve\u00efns i ve\u00efnes. Inicialment es pensava que canviaria el preu de l&#8217;aigua per\u00f2, finalment, a causa del canvi en la normativa d&#8217;explotaci\u00f3 de les comunitats energ\u00e8tiques i l&#8217;ampliaci\u00f3 del radi d&#8217;acci\u00f3 de 500 metres a 2000 metres podem mantenir les tarifes actuals&#8221;.<\/p>\n","protected":false},"excerpt":{"rendered":"<p>&#8211; No hi haur\u00e0 pujada en les taxes i impostos municipalsL&#8217;Ajuntament de Portell ja compta amb pressupost per a aquest any 2023. Un pressupost que ronda el mili\u00f3 d&#8217;euros i que est\u00e0 centrat en la millora de les infraestructures, l&#8217;ampliaci\u00f3 de serveis o la rehabilitaci\u00f3 del patrimoni. Aix\u00ed, Portell comptar\u00e0 enguany amb 968.772,77 euros de [&hellip;]<\/p>\n","protected":false},"author":1,"featured_media":7940,"comment_status":"open","ping_status":"open","sticky":false,"template":"","format":"standard","meta":{"footnotes":""},"categories":[79],"tags":[107],"class_list":["post-7942","post","type-post","status-publish","format-standard","has-post-thumbnail","hentry","category-sense-categoria","tag-portell-ca"],"yoast_head":"<!-- This site is optimized with the Yoast SEO plugin v24.4 - https:\/\/yoast.com\/wordpress\/plugins\/seo\/ -->\n<title>Portell aprova 968.772,77 euros de pressupost per al 2023 - Portell de Morella<\/title>\n<meta name=\"robots\" content=\"noindex, follow, max-snippet:-1, max-image-preview:large, max-video-preview:-1\" \/>\n<meta property=\"og:locale\" content=\"ca_ES\" \/>\n<meta property=\"og:type\" content=\"article\" \/>\n<meta property=\"og:title\" content=\"Portell aprova 968.772,77 euros de pressupost per al 2023 - Portell de Morella\" \/>\n<meta property=\"og:description\" content=\"&#8211; No hi haur\u00e0 pujada en les taxes i impostos municipalsL&#8217;Ajuntament de Portell ja compta amb pressupost per a aquest any 2023. Un pressupost que ronda el mili\u00f3 d&#8217;euros i que est\u00e0 centrat en la millora de les infraestructures, l&#8217;ampliaci\u00f3 de serveis o la rehabilitaci\u00f3 del patrimoni. Aix\u00ed, Portell comptar\u00e0 enguany amb 968.772,77 euros de [&hellip;]\" \/>\n<meta property=\"og:url\" content=\"https:\/\/portelldemorella.org\/ca\/portell-aprova-968-77277-euros-de-pressupost-per-al-2023\/\" \/>\n<meta property=\"og:site_name\" content=\"Portell de Morella\" \/>\n<meta property=\"article:published_time\" content=\"2023-01-20T07:28:00+00:00\" \/>\n<meta property=\"article:modified_time\" content=\"2024-02-26T07:28:54+00:00\" \/>\n<meta property=\"og:image\" content=\"https:\/\/portelldemorella.org\/wp-content\/uploads\/2024\/02\/PORTELL-2.jpg\" \/>\n\t<meta property=\"og:image:width\" content=\"1920\" \/>\n\t<meta property=\"og:image:height\" content=\"730\" \/>\n\t<meta property=\"og:image:type\" content=\"image\/jpeg\" \/>\n<meta name=\"author\" content=\"portell\" \/>\n<meta name=\"twitter:card\" content=\"summary_large_image\" \/>\n<meta name=\"twitter:label1\" content=\"Escrit per\" \/>\n\t<meta name=\"twitter:data1\" content=\"portell\" \/>\n\t<meta name=\"twitter:label2\" content=\"Temps estimat de lectura\" \/>\n\t<meta name=\"twitter:data2\" content=\"2 minuts\" \/>\n<script type=\"application\/ld+json\" class=\"yoast-schema-graph\">{\"@context\":\"https:\/\/schema.org\",\"@graph\":[{\"@type\":\"Article\",\"@id\":\"https:\/\/portelldemorella.org\/ca\/portell-aprova-968-77277-euros-de-pressupost-per-al-2023\/#article\",\"isPartOf\":{\"@id\":\"https:\/\/portelldemorella.org\/ca\/portell-aprova-968-77277-euros-de-pressupost-per-al-2023\/\"},\"author\":{\"name\":\"portell\",\"@id\":\"https:\/\/portelldemorella.org\/#\/schema\/person\/2adde77c454244acd163488ec723a88b\"},\"headline\":\"Portell aprova 968.772,77 euros de pressupost per al 2023\",\"datePublished\":\"2023-01-20T07:28:00+00:00\",\"dateModified\":\"2024-02-26T07:28:54+00:00\",\"mainEntityOfPage\":{\"@id\":\"https:\/\/portelldemorella.org\/ca\/portell-aprova-968-77277-euros-de-pressupost-per-al-2023\/\"},\"wordCount\":352,\"commentCount\":0,\"publisher\":{\"@id\":\"https:\/\/portelldemorella.org\/#organization\"},\"image\":{\"@id\":\"https:\/\/portelldemorella.org\/ca\/portell-aprova-968-77277-euros-de-pressupost-per-al-2023\/#primaryimage\"},\"thumbnailUrl\":\"https:\/\/portelldemorella.org\/wp-content\/uploads\/2024\/02\/PORTELL-2.jpg\",\"keywords\":[\"portell\"],\"inLanguage\":\"ca\",\"potentialAction\":[{\"@type\":\"CommentAction\",\"name\":\"Comment\",\"target\":[\"https:\/\/portelldemorella.org\/ca\/portell-aprova-968-77277-euros-de-pressupost-per-al-2023\/#respond\"]}]},{\"@type\":\"WebPage\",\"@id\":\"https:\/\/portelldemorella.org\/ca\/portell-aprova-968-77277-euros-de-pressupost-per-al-2023\/\",\"url\":\"https:\/\/portelldemorella.org\/ca\/portell-aprova-968-77277-euros-de-pressupost-per-al-2023\/\",\"name\":\"Portell aprova 968.772,77 euros de pressupost per al 2023 - Portell de Morella\",\"isPartOf\":{\"@id\":\"https:\/\/portelldemorella.org\/#website\"},\"primaryImageOfPage\":{\"@id\":\"https:\/\/portelldemorella.org\/ca\/portell-aprova-968-77277-euros-de-pressupost-per-al-2023\/#primaryimage\"},\"image\":{\"@id\":\"https:\/\/portelldemorella.org\/ca\/portell-aprova-968-77277-euros-de-pressupost-per-al-2023\/#primaryimage\"},\"thumbnailUrl\":\"https:\/\/portelldemorella.org\/wp-content\/uploads\/2024\/02\/PORTELL-2.jpg\",\"datePublished\":\"2023-01-20T07:28:00+00:00\",\"dateModified\":\"2024-02-26T07:28:54+00:00\",\"breadcrumb\":{\"@id\":\"https:\/\/portelldemorella.org\/ca\/portell-aprova-968-77277-euros-de-pressupost-per-al-2023\/#breadcrumb\"},\"inLanguage\":\"ca\",\"potentialAction\":[{\"@type\":\"ReadAction\",\"target\":[\"https:\/\/portelldemorella.org\/ca\/portell-aprova-968-77277-euros-de-pressupost-per-al-2023\/\"]}]},{\"@type\":\"ImageObject\",\"inLanguage\":\"ca\",\"@id\":\"https:\/\/portelldemorella.org\/ca\/portell-aprova-968-77277-euros-de-pressupost-per-al-2023\/#primaryimage\",\"url\":\"https:\/\/portelldemorella.org\/wp-content\/uploads\/2024\/02\/PORTELL-2.jpg\",\"contentUrl\":\"https:\/\/portelldemorella.org\/wp-content\/uploads\/2024\/02\/PORTELL-2.jpg\",\"width\":1920,\"height\":730},{\"@type\":\"BreadcrumbList\",\"@id\":\"https:\/\/portelldemorella.org\/ca\/portell-aprova-968-77277-euros-de-pressupost-per-al-2023\/#breadcrumb\",\"itemListElement\":[{\"@type\":\"ListItem\",\"position\":1,\"name\":\"Portada\",\"item\":\"https:\/\/portelldemorella.org\/ca\/\"},{\"@type\":\"ListItem\",\"position\":2,\"name\":\"Portell aprova 968.772,77 euros de pressupost per al 2023\"}]},{\"@type\":\"WebSite\",\"@id\":\"https:\/\/portelldemorella.org\/#website\",\"url\":\"https:\/\/portelldemorella.org\/\",\"name\":\"Portell de Morella\",\"description\":\"Web del Ayuntamiento de Portell de Morella\",\"publisher\":{\"@id\":\"https:\/\/portelldemorella.org\/#organization\"},\"potentialAction\":[{\"@type\":\"SearchAction\",\"target\":{\"@type\":\"EntryPoint\",\"urlTemplate\":\"https:\/\/portelldemorella.org\/?s={search_term_string}\"},\"query-input\":{\"@type\":\"PropertyValueSpecification\",\"valueRequired\":true,\"valueName\":\"search_term_string\"}}],\"inLanguage\":\"ca\"},{\"@type\":\"Organization\",\"@id\":\"https:\/\/portelldemorella.org\/#organization\",\"name\":\"Portell de Morella\",\"url\":\"https:\/\/portelldemorella.org\/\",\"logo\":{\"@type\":\"ImageObject\",\"inLanguage\":\"ca\",\"@id\":\"https:\/\/portelldemorella.org\/#\/schema\/logo\/image\/\",\"url\":\"https:\/\/portelldemorella.org\/wp-content\/uploads\/2020\/11\/Escudo-Portell-04.jpg\",\"contentUrl\":\"https:\/\/portelldemorella.org\/wp-content\/uploads\/2020\/11\/Escudo-Portell-04.jpg\",\"width\":1001,\"height\":394,\"caption\":\"Portell de Morella\"},\"image\":{\"@id\":\"https:\/\/portelldemorella.org\/#\/schema\/logo\/image\/\"}},{\"@type\":\"Person\",\"@id\":\"https:\/\/portelldemorella.org\/#\/schema\/person\/2adde77c454244acd163488ec723a88b\",\"name\":\"portell\",\"image\":{\"@type\":\"ImageObject\",\"inLanguage\":\"ca\",\"@id\":\"https:\/\/portelldemorella.org\/#\/schema\/person\/image\/\",\"url\":\"https:\/\/secure.gravatar.com\/avatar\/077c6bd89604df620d2fa93a06be2531944cdd6826fd322dbd8b483fd84d6407?s=96&d=mm&r=g\",\"contentUrl\":\"https:\/\/secure.gravatar.com\/avatar\/077c6bd89604df620d2fa93a06be2531944cdd6826fd322dbd8b483fd84d6407?s=96&d=mm&r=g\",\"caption\":\"portell\"},\"sameAs\":[\"https:\/\/portelldemorella.org\"],\"url\":\"https:\/\/portelldemorella.org\/ca\/author\/portell\/\"}]}<\/script>\n<!-- \/ Yoast SEO plugin. -->","yoast_head_json":{"title":"Portell aprova 968.772,77 euros de pressupost per al 2023 - Portell de Morella","robots":{"index":"noindex","follow":"follow","max-snippet":"max-snippet:-1","max-image-preview":"max-image-preview:large","max-video-preview":"max-video-preview:-1"},"og_locale":"ca_ES","og_type":"article","og_title":"Portell aprova 968.772,77 euros de pressupost per al 2023 - Portell de Morella","og_description":"&#8211; No hi haur\u00e0 pujada en les taxes i impostos municipalsL&#8217;Ajuntament de Portell ja compta amb pressupost per a aquest any 2023. Un pressupost que ronda el mili\u00f3 d&#8217;euros i que est\u00e0 centrat en la millora de les infraestructures, l&#8217;ampliaci\u00f3 de serveis o la rehabilitaci\u00f3 del patrimoni. Aix\u00ed, Portell comptar\u00e0 enguany amb 968.772,77 euros de [&hellip;]","og_url":"https:\/\/portelldemorella.org\/ca\/portell-aprova-968-77277-euros-de-pressupost-per-al-2023\/","og_site_name":"Portell de Morella","article_published_time":"2023-01-20T07:28:00+00:00","article_modified_time":"2024-02-26T07:28:54+00:00","og_image":[{"width":1920,"height":730,"url":"https:\/\/portelldemorella.org\/wp-content\/uploads\/2024\/02\/PORTELL-2.jpg","type":"image\/jpeg"}],"author":"portell","twitter_card":"summary_large_image","twitter_misc":{"Escrit per":"portell","Temps estimat de lectura":"2 minuts"},"schema":{"@context":"https:\/\/schema.org","@graph":[{"@type":"Article","@id":"https:\/\/portelldemorella.org\/ca\/portell-aprova-968-77277-euros-de-pressupost-per-al-2023\/#article","isPartOf":{"@id":"https:\/\/portelldemorella.org\/ca\/portell-aprova-968-77277-euros-de-pressupost-per-al-2023\/"},"author":{"name":"portell","@id":"https:\/\/portelldemorella.org\/#\/schema\/person\/2adde77c454244acd163488ec723a88b"},"headline":"Portell aprova 968.772,77 euros de pressupost per al 2023","datePublished":"2023-01-20T07:28:00+00:00","dateModified":"2024-02-26T07:28:54+00:00","mainEntityOfPage":{"@id":"https:\/\/portelldemorella.org\/ca\/portell-aprova-968-77277-euros-de-pressupost-per-al-2023\/"},"wordCount":352,"commentCount":0,"publisher":{"@id":"https:\/\/portelldemorella.org\/#organization"},"image":{"@id":"https:\/\/portelldemorella.org\/ca\/portell-aprova-968-77277-euros-de-pressupost-per-al-2023\/#primaryimage"},"thumbnailUrl":"https:\/\/portelldemorella.org\/wp-content\/uploads\/2024\/02\/PORTELL-2.jpg","keywords":["portell"],"inLanguage":"ca","potentialAction":[{"@type":"CommentAction","name":"Comment","target":["https:\/\/portelldemorella.org\/ca\/portell-aprova-968-77277-euros-de-pressupost-per-al-2023\/#respond"]}]},{"@type":"WebPage","@id":"https:\/\/portelldemorella.org\/ca\/portell-aprova-968-77277-euros-de-pressupost-per-al-2023\/","url":"https:\/\/portelldemorella.org\/ca\/portell-aprova-968-77277-euros-de-pressupost-per-al-2023\/","name":"Portell aprova 968.772,77 euros de pressupost per al 2023 - Portell de Morella","isPartOf":{"@id":"https:\/\/portelldemorella.org\/#website"},"primaryImageOfPage":{"@id":"https:\/\/portelldemorella.org\/ca\/portell-aprova-968-77277-euros-de-pressupost-per-al-2023\/#primaryimage"},"image":{"@id":"https:\/\/portelldemorella.org\/ca\/portell-aprova-968-77277-euros-de-pressupost-per-al-2023\/#primaryimage"},"thumbnailUrl":"https:\/\/portelldemorella.org\/wp-content\/uploads\/2024\/02\/PORTELL-2.jpg","datePublished":"2023-01-20T07:28:00+00:00","dateModified":"2024-02-26T07:28:54+00:00","breadcrumb":{"@id":"https:\/\/portelldemorella.org\/ca\/portell-aprova-968-77277-euros-de-pressupost-per-al-2023\/#breadcrumb"},"inLanguage":"ca","potentialAction":[{"@type":"ReadAction","target":["https:\/\/portelldemorella.org\/ca\/portell-aprova-968-77277-euros-de-pressupost-per-al-2023\/"]}]},{"@type":"ImageObject","inLanguage":"ca","@id":"https:\/\/portelldemorella.org\/ca\/portell-aprova-968-77277-euros-de-pressupost-per-al-2023\/#primaryimage","url":"https:\/\/portelldemorella.org\/wp-content\/uploads\/2024\/02\/PORTELL-2.jpg","contentUrl":"https:\/\/portelldemorella.org\/wp-content\/uploads\/2024\/02\/PORTELL-2.jpg","width":1920,"height":730},{"@type":"BreadcrumbList","@id":"https:\/\/portelldemorella.org\/ca\/portell-aprova-968-77277-euros-de-pressupost-per-al-2023\/#breadcrumb","itemListElement":[{"@type":"ListItem","position":1,"name":"Portada","item":"https:\/\/portelldemorella.org\/ca\/"},{"@type":"ListItem","position":2,"name":"Portell aprova 968.772,77 euros de pressupost per al 2023"}]},{"@type":"WebSite","@id":"https:\/\/portelldemorella.org\/#website","url":"https:\/\/portelldemorella.org\/","name":"Portell de Morella","description":"Web del Ayuntamiento de Portell de Morella","publisher":{"@id":"https:\/\/portelldemorella.org\/#organization"},"potentialAction":[{"@type":"SearchAction","target":{"@type":"EntryPoint","urlTemplate":"https:\/\/portelldemorella.org\/?s={search_term_string}"},"query-input":{"@type":"PropertyValueSpecification","valueRequired":true,"valueName":"search_term_string"}}],"inLanguage":"ca"},{"@type":"Organization","@id":"https:\/\/portelldemorella.org\/#organization","name":"Portell de Morella","url":"https:\/\/portelldemorella.org\/","logo":{"@type":"ImageObject","inLanguage":"ca","@id":"https:\/\/portelldemorella.org\/#\/schema\/logo\/image\/","url":"https:\/\/portelldemorella.org\/wp-content\/uploads\/2020\/11\/Escudo-Portell-04.jpg","contentUrl":"https:\/\/portelldemorella.org\/wp-content\/uploads\/2020\/11\/Escudo-Portell-04.jpg","width":1001,"height":394,"caption":"Portell de Morella"},"image":{"@id":"https:\/\/portelldemorella.org\/#\/schema\/logo\/image\/"}},{"@type":"Person","@id":"https:\/\/portelldemorella.org\/#\/schema\/person\/2adde77c454244acd163488ec723a88b","name":"portell","image":{"@type":"ImageObject","inLanguage":"ca","@id":"https:\/\/portelldemorella.org\/#\/schema\/person\/image\/","url":"https:\/\/secure.gravatar.com\/avatar\/077c6bd89604df620d2fa93a06be2531944cdd6826fd322dbd8b483fd84d6407?s=96&d=mm&r=g","contentUrl":"https:\/\/secure.gravatar.com\/avatar\/077c6bd89604df620d2fa93a06be2531944cdd6826fd322dbd8b483fd84d6407?s=96&d=mm&r=g","caption":"portell"},"sameAs":["https:\/\/portelldemorella.org"],"url":"https:\/\/portelldemorella.org\/ca\/author\/portell\/"}]}},"_links":{"self":[{"href":"https:\/\/portelldemorella.org\/ca\/wp-json\/wp\/v2\/posts\/7942","targetHints":{"allow":["GET"]}}],"collection":[{"href":"https:\/\/portelldemorella.org\/ca\/wp-json\/wp\/v2\/posts"}],"about":[{"href":"https:\/\/portelldemorella.org\/ca\/wp-json\/wp\/v2\/types\/post"}],"author":[{"embeddable":true,"href":"https:\/\/portelldemorella.org\/ca\/wp-json\/wp\/v2\/users\/1"}],"replies":[{"embeddable":true,"href":"https:\/\/portelldemorella.org\/ca\/wp-json\/wp\/v2\/comments?post=7942"}],"version-history":[{"count":1,"href":"https:\/\/portelldemorella.org\/ca\/wp-json\/wp\/v2\/posts\/7942\/revisions"}],"predecessor-version":[{"id":7943,"href":"https:\/\/portelldemorella.org\/ca\/wp-json\/wp\/v2\/posts\/7942\/revisions\/7943"}],"wp:featuredmedia":[{"embeddable":true,"href":"https:\/\/portelldemorella.org\/ca\/wp-json\/wp\/v2\/media\/7940"}],"wp:attachment":[{"href":"https:\/\/portelldemorella.org\/ca\/wp-json\/wp\/v2\/media?parent=7942"}],"wp:term":[{"taxonomy":"category","embeddable":true,"href":"https:\/\/portelldemorella.org\/ca\/wp-json\/wp\/v2\/categories?post=7942"},{"taxonomy":"post_tag","embeddable":true,"href":"https:\/\/portelldemorella.org\/ca\/wp-json\/wp\/v2\/tags?post=7942"}],"curies":[{"name":"wp","href":"https:\/\/api.w.org\/{rel}","templated":true}]}}