{"id":7968,"date":"2023-11-09T07:42:00","date_gmt":"2023-11-09T07:42:00","guid":{"rendered":"https:\/\/portelldemorella.org\/?p=7968"},"modified":"2024-02-26T07:43:23","modified_gmt":"2024-02-26T07:43:23","slug":"portell-informa-al-veinat-en-la-lluita-contra-la-mat","status":"publish","type":"post","link":"https:\/\/portelldemorella.org\/ca\/portell-informa-al-veinat-en-la-lluita-contra-la-mat\/","title":{"rendered":"Portell informa\u00a0al\u00a0ve\u00efnat en la lluita contra la MAT"},"content":{"rendered":"\n<p><strong><br><\/strong><br>Les instal\u00b7lacions del\u00a0Corro\u00a0de Portell van acollir una nova reuni\u00f3 per explicar la situaci\u00f3 en la qual es troben les al\u00b7legacions emeses davant la l\u00ednia MAT que vol travessar el terme del municipi. Membres de la plataforma No a la MAT! van\u00a0conduir la sessi\u00f3 davant una sala de gom a gom. Els consistoris de Portell, Cinctorres i Morella han finan\u00e7at totes les al\u00b7legacions presentades, tant les que estan a nom de l&#8217;administraci\u00f3 local com les particulars d&#8217;afectats i afectades pel projecte energ\u00e8tic.<\/p>\n\n\n\n<p>&#8220;No ens aturarem davant l&#8217;especulaci\u00f3 que es vol fer amb les nostres terres. Aquestes reunions ens permeten tirar endavant amb cada vegada m\u00e9s informaci\u00f3, sobretot en termes legals que no \u00e9s un tema conegut per la gran majoria de ve\u00efns i ve\u00efnes&#8221;, ha def\u00e9s&nbsp;Alvaro&nbsp;Ferrer, alcalde de Portell.<\/p>\n","protected":false},"excerpt":{"rendered":"<p>Les instal\u00b7lacions del\u00a0Corro\u00a0de Portell van acollir una nova reuni\u00f3 per explicar la situaci\u00f3 en la qual es troben les al\u00b7legacions emeses davant la l\u00ednia MAT que vol travessar el terme del municipi. Membres de la plataforma No a la MAT! van\u00a0conduir la sessi\u00f3 davant una sala de gom a gom. Els consistoris de Portell, Cinctorres [&hellip;]<\/p>\n","protected":false},"author":1,"featured_media":7966,"comment_status":"open","ping_status":"open","sticky":false,"template":"","format":"standard","meta":{"footnotes":""},"categories":[79],"tags":[107],"class_list":["post-7968","post","type-post","status-publish","format-standard","has-post-thumbnail","hentry","category-sense-categoria","tag-portell-ca"],"yoast_head":"<!-- This site is optimized with the Yoast SEO plugin v24.4 - https:\/\/yoast.com\/wordpress\/plugins\/seo\/ -->\n<title>Portell informa\u00a0al\u00a0ve\u00efnat en la lluita contra la MAT - Portell de Morella<\/title>\n<meta name=\"robots\" content=\"noindex, follow, max-snippet:-1, max-image-preview:large, max-video-preview:-1\" \/>\n<meta property=\"og:locale\" content=\"ca_ES\" \/>\n<meta property=\"og:type\" content=\"article\" \/>\n<meta property=\"og:title\" content=\"Portell informa\u00a0al\u00a0ve\u00efnat en la lluita contra la MAT - Portell de Morella\" \/>\n<meta property=\"og:description\" content=\"Les instal\u00b7lacions del\u00a0Corro\u00a0de Portell van acollir una nova reuni\u00f3 per explicar la situaci\u00f3 en la qual es troben les al\u00b7legacions emeses davant la l\u00ednia MAT que vol travessar el terme del municipi. Membres de la plataforma No a la MAT! van\u00a0conduir la sessi\u00f3 davant una sala de gom a gom. Els consistoris de Portell, Cinctorres [&hellip;]\" \/>\n<meta property=\"og:url\" content=\"https:\/\/portelldemorella.org\/ca\/portell-informa-al-veinat-en-la-lluita-contra-la-mat\/\" \/>\n<meta property=\"og:site_name\" content=\"Portell de Morella\" \/>\n<meta property=\"article:published_time\" content=\"2023-11-09T07:42:00+00:00\" \/>\n<meta property=\"article:modified_time\" content=\"2024-02-26T07:43:23+00:00\" \/>\n<meta property=\"og:image\" content=\"https:\/\/portelldemorella.org\/wp-content\/uploads\/2024\/02\/Reunio-informativa-a-Portell.jpg\" \/>\n\t<meta property=\"og:image:width\" content=\"2000\" \/>\n\t<meta property=\"og:image:height\" content=\"1500\" \/>\n\t<meta property=\"og:image:type\" content=\"image\/jpeg\" \/>\n<meta name=\"author\" content=\"portell\" \/>\n<meta name=\"twitter:card\" content=\"summary_large_image\" \/>\n<meta name=\"twitter:label1\" content=\"Escrit per\" \/>\n\t<meta name=\"twitter:data1\" content=\"portell\" \/>\n\t<meta name=\"twitter:label2\" content=\"Temps estimat de lectura\" \/>\n\t<meta name=\"twitter:data2\" content=\"1 minut\" \/>\n<script type=\"application\/ld+json\" class=\"yoast-schema-graph\">{\"@context\":\"https:\/\/schema.org\",\"@graph\":[{\"@type\":\"Article\",\"@id\":\"https:\/\/portelldemorella.org\/ca\/portell-informa-al-veinat-en-la-lluita-contra-la-mat\/#article\",\"isPartOf\":{\"@id\":\"https:\/\/portelldemorella.org\/ca\/portell-informa-al-veinat-en-la-lluita-contra-la-mat\/\"},\"author\":{\"name\":\"portell\",\"@id\":\"https:\/\/portelldemorella.org\/#\/schema\/person\/2adde77c454244acd163488ec723a88b\"},\"headline\":\"Portell informa\u00a0al\u00a0ve\u00efnat en la lluita contra la MAT\",\"datePublished\":\"2023-11-09T07:42:00+00:00\",\"dateModified\":\"2024-02-26T07:43:23+00:00\",\"mainEntityOfPage\":{\"@id\":\"https:\/\/portelldemorella.org\/ca\/portell-informa-al-veinat-en-la-lluita-contra-la-mat\/\"},\"wordCount\":156,\"commentCount\":0,\"publisher\":{\"@id\":\"https:\/\/portelldemorella.org\/#organization\"},\"image\":{\"@id\":\"https:\/\/portelldemorella.org\/ca\/portell-informa-al-veinat-en-la-lluita-contra-la-mat\/#primaryimage\"},\"thumbnailUrl\":\"https:\/\/portelldemorella.org\/wp-content\/uploads\/2024\/02\/Reunio-informativa-a-Portell.jpg\",\"keywords\":[\"portell\"],\"inLanguage\":\"ca\",\"potentialAction\":[{\"@type\":\"CommentAction\",\"name\":\"Comment\",\"target\":[\"https:\/\/portelldemorella.org\/ca\/portell-informa-al-veinat-en-la-lluita-contra-la-mat\/#respond\"]}]},{\"@type\":\"WebPage\",\"@id\":\"https:\/\/portelldemorella.org\/ca\/portell-informa-al-veinat-en-la-lluita-contra-la-mat\/\",\"url\":\"https:\/\/portelldemorella.org\/ca\/portell-informa-al-veinat-en-la-lluita-contra-la-mat\/\",\"name\":\"Portell informa\u00a0al\u00a0ve\u00efnat en la lluita contra la MAT - Portell de Morella\",\"isPartOf\":{\"@id\":\"https:\/\/portelldemorella.org\/#website\"},\"primaryImageOfPage\":{\"@id\":\"https:\/\/portelldemorella.org\/ca\/portell-informa-al-veinat-en-la-lluita-contra-la-mat\/#primaryimage\"},\"image\":{\"@id\":\"https:\/\/portelldemorella.org\/ca\/portell-informa-al-veinat-en-la-lluita-contra-la-mat\/#primaryimage\"},\"thumbnailUrl\":\"https:\/\/portelldemorella.org\/wp-content\/uploads\/2024\/02\/Reunio-informativa-a-Portell.jpg\",\"datePublished\":\"2023-11-09T07:42:00+00:00\",\"dateModified\":\"2024-02-26T07:43:23+00:00\",\"breadcrumb\":{\"@id\":\"https:\/\/portelldemorella.org\/ca\/portell-informa-al-veinat-en-la-lluita-contra-la-mat\/#breadcrumb\"},\"inLanguage\":\"ca\",\"potentialAction\":[{\"@type\":\"ReadAction\",\"target\":[\"https:\/\/portelldemorella.org\/ca\/portell-informa-al-veinat-en-la-lluita-contra-la-mat\/\"]}]},{\"@type\":\"ImageObject\",\"inLanguage\":\"ca\",\"@id\":\"https:\/\/portelldemorella.org\/ca\/portell-informa-al-veinat-en-la-lluita-contra-la-mat\/#primaryimage\",\"url\":\"https:\/\/portelldemorella.org\/wp-content\/uploads\/2024\/02\/Reunio-informativa-a-Portell.jpg\",\"contentUrl\":\"https:\/\/portelldemorella.org\/wp-content\/uploads\/2024\/02\/Reunio-informativa-a-Portell.jpg\",\"width\":2000,\"height\":1500},{\"@type\":\"BreadcrumbList\",\"@id\":\"https:\/\/portelldemorella.org\/ca\/portell-informa-al-veinat-en-la-lluita-contra-la-mat\/#breadcrumb\",\"itemListElement\":[{\"@type\":\"ListItem\",\"position\":1,\"name\":\"Portada\",\"item\":\"https:\/\/portelldemorella.org\/ca\/\"},{\"@type\":\"ListItem\",\"position\":2,\"name\":\"Portell informa\u00a0al\u00a0ve\u00efnat en la lluita contra la MAT\"}]},{\"@type\":\"WebSite\",\"@id\":\"https:\/\/portelldemorella.org\/#website\",\"url\":\"https:\/\/portelldemorella.org\/\",\"name\":\"Portell de Morella\",\"description\":\"Web del Ayuntamiento de Portell de Morella\",\"publisher\":{\"@id\":\"https:\/\/portelldemorella.org\/#organization\"},\"potentialAction\":[{\"@type\":\"SearchAction\",\"target\":{\"@type\":\"EntryPoint\",\"urlTemplate\":\"https:\/\/portelldemorella.org\/?s={search_term_string}\"},\"query-input\":{\"@type\":\"PropertyValueSpecification\",\"valueRequired\":true,\"valueName\":\"search_term_string\"}}],\"inLanguage\":\"ca\"},{\"@type\":\"Organization\",\"@id\":\"https:\/\/portelldemorella.org\/#organization\",\"name\":\"Portell de Morella\",\"url\":\"https:\/\/portelldemorella.org\/\",\"logo\":{\"@type\":\"ImageObject\",\"inLanguage\":\"ca\",\"@id\":\"https:\/\/portelldemorella.org\/#\/schema\/logo\/image\/\",\"url\":\"https:\/\/portelldemorella.org\/wp-content\/uploads\/2020\/11\/Escudo-Portell-04.jpg\",\"contentUrl\":\"https:\/\/portelldemorella.org\/wp-content\/uploads\/2020\/11\/Escudo-Portell-04.jpg\",\"width\":1001,\"height\":394,\"caption\":\"Portell de Morella\"},\"image\":{\"@id\":\"https:\/\/portelldemorella.org\/#\/schema\/logo\/image\/\"}},{\"@type\":\"Person\",\"@id\":\"https:\/\/portelldemorella.org\/#\/schema\/person\/2adde77c454244acd163488ec723a88b\",\"name\":\"portell\",\"image\":{\"@type\":\"ImageObject\",\"inLanguage\":\"ca\",\"@id\":\"https:\/\/portelldemorella.org\/#\/schema\/person\/image\/\",\"url\":\"https:\/\/secure.gravatar.com\/avatar\/077c6bd89604df620d2fa93a06be2531944cdd6826fd322dbd8b483fd84d6407?s=96&d=mm&r=g\",\"contentUrl\":\"https:\/\/secure.gravatar.com\/avatar\/077c6bd89604df620d2fa93a06be2531944cdd6826fd322dbd8b483fd84d6407?s=96&d=mm&r=g\",\"caption\":\"portell\"},\"sameAs\":[\"https:\/\/portelldemorella.org\"],\"url\":\"https:\/\/portelldemorella.org\/ca\/author\/portell\/\"}]}<\/script>\n<!-- \/ Yoast SEO plugin. -->","yoast_head_json":{"title":"Portell informa\u00a0al\u00a0ve\u00efnat en la lluita contra la MAT - Portell de Morella","robots":{"index":"noindex","follow":"follow","max-snippet":"max-snippet:-1","max-image-preview":"max-image-preview:large","max-video-preview":"max-video-preview:-1"},"og_locale":"ca_ES","og_type":"article","og_title":"Portell informa\u00a0al\u00a0ve\u00efnat en la lluita contra la MAT - Portell de Morella","og_description":"Les instal\u00b7lacions del\u00a0Corro\u00a0de Portell van acollir una nova reuni\u00f3 per explicar la situaci\u00f3 en la qual es troben les al\u00b7legacions emeses davant la l\u00ednia MAT que vol travessar el terme del municipi. Membres de la plataforma No a la MAT! van\u00a0conduir la sessi\u00f3 davant una sala de gom a gom. Els consistoris de Portell, Cinctorres [&hellip;]","og_url":"https:\/\/portelldemorella.org\/ca\/portell-informa-al-veinat-en-la-lluita-contra-la-mat\/","og_site_name":"Portell de Morella","article_published_time":"2023-11-09T07:42:00+00:00","article_modified_time":"2024-02-26T07:43:23+00:00","og_image":[{"width":2000,"height":1500,"url":"https:\/\/portelldemorella.org\/wp-content\/uploads\/2024\/02\/Reunio-informativa-a-Portell.jpg","type":"image\/jpeg"}],"author":"portell","twitter_card":"summary_large_image","twitter_misc":{"Escrit per":"portell","Temps estimat de lectura":"1 minut"},"schema":{"@context":"https:\/\/schema.org","@graph":[{"@type":"Article","@id":"https:\/\/portelldemorella.org\/ca\/portell-informa-al-veinat-en-la-lluita-contra-la-mat\/#article","isPartOf":{"@id":"https:\/\/portelldemorella.org\/ca\/portell-informa-al-veinat-en-la-lluita-contra-la-mat\/"},"author":{"name":"portell","@id":"https:\/\/portelldemorella.org\/#\/schema\/person\/2adde77c454244acd163488ec723a88b"},"headline":"Portell informa\u00a0al\u00a0ve\u00efnat en la lluita contra la MAT","datePublished":"2023-11-09T07:42:00+00:00","dateModified":"2024-02-26T07:43:23+00:00","mainEntityOfPage":{"@id":"https:\/\/portelldemorella.org\/ca\/portell-informa-al-veinat-en-la-lluita-contra-la-mat\/"},"wordCount":156,"commentCount":0,"publisher":{"@id":"https:\/\/portelldemorella.org\/#organization"},"image":{"@id":"https:\/\/portelldemorella.org\/ca\/portell-informa-al-veinat-en-la-lluita-contra-la-mat\/#primaryimage"},"thumbnailUrl":"https:\/\/portelldemorella.org\/wp-content\/uploads\/2024\/02\/Reunio-informativa-a-Portell.jpg","keywords":["portell"],"inLanguage":"ca","potentialAction":[{"@type":"CommentAction","name":"Comment","target":["https:\/\/portelldemorella.org\/ca\/portell-informa-al-veinat-en-la-lluita-contra-la-mat\/#respond"]}]},{"@type":"WebPage","@id":"https:\/\/portelldemorella.org\/ca\/portell-informa-al-veinat-en-la-lluita-contra-la-mat\/","url":"https:\/\/portelldemorella.org\/ca\/portell-informa-al-veinat-en-la-lluita-contra-la-mat\/","name":"Portell informa\u00a0al\u00a0ve\u00efnat en la lluita contra la MAT - Portell de Morella","isPartOf":{"@id":"https:\/\/portelldemorella.org\/#website"},"primaryImageOfPage":{"@id":"https:\/\/portelldemorella.org\/ca\/portell-informa-al-veinat-en-la-lluita-contra-la-mat\/#primaryimage"},"image":{"@id":"https:\/\/portelldemorella.org\/ca\/portell-informa-al-veinat-en-la-lluita-contra-la-mat\/#primaryimage"},"thumbnailUrl":"https:\/\/portelldemorella.org\/wp-content\/uploads\/2024\/02\/Reunio-informativa-a-Portell.jpg","datePublished":"2023-11-09T07:42:00+00:00","dateModified":"2024-02-26T07:43:23+00:00","breadcrumb":{"@id":"https:\/\/portelldemorella.org\/ca\/portell-informa-al-veinat-en-la-lluita-contra-la-mat\/#breadcrumb"},"inLanguage":"ca","potentialAction":[{"@type":"ReadAction","target":["https:\/\/portelldemorella.org\/ca\/portell-informa-al-veinat-en-la-lluita-contra-la-mat\/"]}]},{"@type":"ImageObject","inLanguage":"ca","@id":"https:\/\/portelldemorella.org\/ca\/portell-informa-al-veinat-en-la-lluita-contra-la-mat\/#primaryimage","url":"https:\/\/portelldemorella.org\/wp-content\/uploads\/2024\/02\/Reunio-informativa-a-Portell.jpg","contentUrl":"https:\/\/portelldemorella.org\/wp-content\/uploads\/2024\/02\/Reunio-informativa-a-Portell.jpg","width":2000,"height":1500},{"@type":"BreadcrumbList","@id":"https:\/\/portelldemorella.org\/ca\/portell-informa-al-veinat-en-la-lluita-contra-la-mat\/#breadcrumb","itemListElement":[{"@type":"ListItem","position":1,"name":"Portada","item":"https:\/\/portelldemorella.org\/ca\/"},{"@type":"ListItem","position":2,"name":"Portell informa\u00a0al\u00a0ve\u00efnat en la lluita contra la MAT"}]},{"@type":"WebSite","@id":"https:\/\/portelldemorella.org\/#website","url":"https:\/\/portelldemorella.org\/","name":"Portell de Morella","description":"Web del Ayuntamiento de Portell de Morella","publisher":{"@id":"https:\/\/portelldemorella.org\/#organization"},"potentialAction":[{"@type":"SearchAction","target":{"@type":"EntryPoint","urlTemplate":"https:\/\/portelldemorella.org\/?s={search_term_string}"},"query-input":{"@type":"PropertyValueSpecification","valueRequired":true,"valueName":"search_term_string"}}],"inLanguage":"ca"},{"@type":"Organization","@id":"https:\/\/portelldemorella.org\/#organization","name":"Portell de Morella","url":"https:\/\/portelldemorella.org\/","logo":{"@type":"ImageObject","inLanguage":"ca","@id":"https:\/\/portelldemorella.org\/#\/schema\/logo\/image\/","url":"https:\/\/portelldemorella.org\/wp-content\/uploads\/2020\/11\/Escudo-Portell-04.jpg","contentUrl":"https:\/\/portelldemorella.org\/wp-content\/uploads\/2020\/11\/Escudo-Portell-04.jpg","width":1001,"height":394,"caption":"Portell de Morella"},"image":{"@id":"https:\/\/portelldemorella.org\/#\/schema\/logo\/image\/"}},{"@type":"Person","@id":"https:\/\/portelldemorella.org\/#\/schema\/person\/2adde77c454244acd163488ec723a88b","name":"portell","image":{"@type":"ImageObject","inLanguage":"ca","@id":"https:\/\/portelldemorella.org\/#\/schema\/person\/image\/","url":"https:\/\/secure.gravatar.com\/avatar\/077c6bd89604df620d2fa93a06be2531944cdd6826fd322dbd8b483fd84d6407?s=96&d=mm&r=g","contentUrl":"https:\/\/secure.gravatar.com\/avatar\/077c6bd89604df620d2fa93a06be2531944cdd6826fd322dbd8b483fd84d6407?s=96&d=mm&r=g","caption":"portell"},"sameAs":["https:\/\/portelldemorella.org"],"url":"https:\/\/portelldemorella.org\/ca\/author\/portell\/"}]}},"_links":{"self":[{"href":"https:\/\/portelldemorella.org\/ca\/wp-json\/wp\/v2\/posts\/7968","targetHints":{"allow":["GET"]}}],"collection":[{"href":"https:\/\/portelldemorella.org\/ca\/wp-json\/wp\/v2\/posts"}],"about":[{"href":"https:\/\/portelldemorella.org\/ca\/wp-json\/wp\/v2\/types\/post"}],"author":[{"embeddable":true,"href":"https:\/\/portelldemorella.org\/ca\/wp-json\/wp\/v2\/users\/1"}],"replies":[{"embeddable":true,"href":"https:\/\/portelldemorella.org\/ca\/wp-json\/wp\/v2\/comments?post=7968"}],"version-history":[{"count":1,"href":"https:\/\/portelldemorella.org\/ca\/wp-json\/wp\/v2\/posts\/7968\/revisions"}],"predecessor-version":[{"id":7969,"href":"https:\/\/portelldemorella.org\/ca\/wp-json\/wp\/v2\/posts\/7968\/revisions\/7969"}],"wp:featuredmedia":[{"embeddable":true,"href":"https:\/\/portelldemorella.org\/ca\/wp-json\/wp\/v2\/media\/7966"}],"wp:attachment":[{"href":"https:\/\/portelldemorella.org\/ca\/wp-json\/wp\/v2\/media?parent=7968"}],"wp:term":[{"taxonomy":"category","embeddable":true,"href":"https:\/\/portelldemorella.org\/ca\/wp-json\/wp\/v2\/categories?post=7968"},{"taxonomy":"post_tag","embeddable":true,"href":"https:\/\/portelldemorella.org\/ca\/wp-json\/wp\/v2\/tags?post=7968"}],"curies":[{"name":"wp","href":"https:\/\/api.w.org\/{rel}","templated":true}]}}