{"id":7970,"date":"2023-11-15T07:44:00","date_gmt":"2023-11-15T07:44:00","guid":{"rendered":"https:\/\/portelldemorella.org\/?p=7970"},"modified":"2024-02-26T07:44:56","modified_gmt":"2024-02-26T07:44:56","slug":"portell-i-generalitat-aborden-la-millora-del-transport-public-i-leliminacio-de-la-mat","status":"publish","type":"post","link":"https:\/\/portelldemorella.org\/ca\/portell-i-generalitat-aborden-la-millora-del-transport-public-i-leliminacio-de-la-mat\/","title":{"rendered":"Portell i Generalitat aborden la millora del transport p\u00fablic i l&#8217;eliminaci\u00f3 de la MAT"},"content":{"rendered":"\n<p><strong><br><\/strong><br>L&#8217;alcalde de Portell, \u00c0lvaro Ferrer, va assistir a la visita oficial que Salom\u00e9 Pradas, consellera de Medi Ambient, Aigua, Infraestructures i Territori de la Generalitat Valenciana, va fer la setmana passada a Morella per anunciar inversions auton\u00f2miques en les carreteres dels Ports. La reuni\u00f3 pol\u00edtica va servir per a tractar principals problemes als quals s&#8217;enfronta Portell, com la inexist\u00e8ncia de l\u00ednies de transport p\u00fablic cap a altres municipis o ciutats. &#8220;La despoblaci\u00f3 es frena amb serveis p\u00fablics de qualitat. La Generalitat ha anunciat una gran inversi\u00f3 en les xarxes vi\u00e0ries, per\u00f2 tamb\u00e9 necessitem un servei de transport p\u00fablic com tenen la resta de territoris provincials. Hem comunicat aquesta situaci\u00f3 a la consellera, qui ens ha escoltat i s&#8217;ha preocupat per estudiar noves f\u00f3rmules, com transport a demanda, que solucione aquest delicat estat del servei&#8221;, ha explicat l&#8217;alcalde de Portell.<\/p>\n\n\n\n<p>La conversa mantinguda entre Ferrer i Pradas tamb\u00e9 ha analitzat el futur de la MAT que vol travessar els termes municipals de Portell, Cinctorres i Morella. &#8220;Ens ha comunicat que la Generalitat no est\u00e0 a favor d&#8217;aquest gran projecte que nom\u00e9s especula amb les nostres terres i destrueix els paratges naturals que caracteritzen els nostres pobles i la nostra comarca. Amb l&#8217;ajuda de la Generalitat i la Diputaci\u00f3 de Castell\u00f3, la lluita que fem des dels Ports t\u00e9 m\u00e9s sentit i \u00e9s m\u00e9s forta. No deixarem de manifestar-nos i estudiar el cas fins que el projecte siga prohibit&#8221;, ha defensat Ferrer.<\/p>\n\n\n\n<p>Per un altre costat, el primer edil de Portell s&#8217;ha mostrat satisfet &#8220;per la gran suma de diners que es volen invertir en les nostres carreteres. 975.000 euros destinats a la CV-125 i la connexi\u00f3 de Portell amb La Iglesuela del Cid i la prov\u00edncia de Terol. Una demanda que fa anys que estem defensant&#8221;, ha&nbsp;concl\u00f2s&nbsp;Ferrer.<\/p>\n","protected":false},"excerpt":{"rendered":"<p>L&#8217;alcalde de Portell, \u00c0lvaro Ferrer, va assistir a la visita oficial que Salom\u00e9 Pradas, consellera de Medi Ambient, Aigua, Infraestructures i Territori de la Generalitat Valenciana, va fer la setmana passada a Morella per anunciar inversions auton\u00f2miques en les carreteres dels Ports. La reuni\u00f3 pol\u00edtica va servir per a tractar principals problemes als quals s&#8217;enfronta [&hellip;]<\/p>\n","protected":false},"author":1,"featured_media":7971,"comment_status":"open","ping_status":"open","sticky":false,"template":"","format":"standard","meta":{"footnotes":""},"categories":[79],"tags":[135,100],"class_list":["post-7970","post","type-post","status-publish","format-standard","has-post-thumbnail","hentry","category-sense-categoria","tag-els-ports","tag-portell-2"],"yoast_head":"<!-- This site is optimized with the Yoast SEO plugin v24.4 - https:\/\/yoast.com\/wordpress\/plugins\/seo\/ -->\n<title>Portell i Generalitat aborden la millora del transport p\u00fablic i l&#039;eliminaci\u00f3 de la MAT - Portell de Morella<\/title>\n<meta name=\"robots\" content=\"noindex, follow, max-snippet:-1, max-image-preview:large, max-video-preview:-1\" \/>\n<meta property=\"og:locale\" content=\"ca_ES\" \/>\n<meta property=\"og:type\" content=\"article\" \/>\n<meta property=\"og:title\" content=\"Portell i Generalitat aborden la millora del transport p\u00fablic i l&#039;eliminaci\u00f3 de la MAT - Portell de Morella\" \/>\n<meta property=\"og:description\" content=\"L&#8217;alcalde de Portell, \u00c0lvaro Ferrer, va assistir a la visita oficial que Salom\u00e9 Pradas, consellera de Medi Ambient, Aigua, Infraestructures i Territori de la Generalitat Valenciana, va fer la setmana passada a Morella per anunciar inversions auton\u00f2miques en les carreteres dels Ports. La reuni\u00f3 pol\u00edtica va servir per a tractar principals problemes als quals s&#8217;enfronta [&hellip;]\" \/>\n<meta property=\"og:url\" content=\"https:\/\/portelldemorella.org\/ca\/portell-i-generalitat-aborden-la-millora-del-transport-public-i-leliminacio-de-la-mat\/\" \/>\n<meta property=\"og:site_name\" content=\"Portell de Morella\" \/>\n<meta property=\"article:published_time\" content=\"2023-11-15T07:44:00+00:00\" \/>\n<meta property=\"article:modified_time\" content=\"2024-02-26T07:44:56+00:00\" \/>\n<meta property=\"og:image\" content=\"https:\/\/portelldemorella.org\/wp-content\/uploads\/2024\/02\/Alvaro-Ferrer-junt-a-Salome-Pradas-i-la-resta-dautoritats-de-la-comarca.jpg\" \/>\n\t<meta property=\"og:image:width\" content=\"1080\" \/>\n\t<meta property=\"og:image:height\" content=\"1350\" \/>\n\t<meta property=\"og:image:type\" content=\"image\/jpeg\" \/>\n<meta name=\"author\" content=\"portell\" \/>\n<meta name=\"twitter:card\" content=\"summary_large_image\" \/>\n<meta name=\"twitter:label1\" content=\"Escrit per\" \/>\n\t<meta name=\"twitter:data1\" content=\"portell\" \/>\n\t<meta name=\"twitter:label2\" content=\"Temps estimat de lectura\" \/>\n\t<meta name=\"twitter:data2\" content=\"2 minuts\" \/>\n<script type=\"application\/ld+json\" class=\"yoast-schema-graph\">{\"@context\":\"https:\/\/schema.org\",\"@graph\":[{\"@type\":\"Article\",\"@id\":\"https:\/\/portelldemorella.org\/ca\/portell-i-generalitat-aborden-la-millora-del-transport-public-i-leliminacio-de-la-mat\/#article\",\"isPartOf\":{\"@id\":\"https:\/\/portelldemorella.org\/ca\/portell-i-generalitat-aborden-la-millora-del-transport-public-i-leliminacio-de-la-mat\/\"},\"author\":{\"name\":\"portell\",\"@id\":\"https:\/\/portelldemorella.org\/#\/schema\/person\/2adde77c454244acd163488ec723a88b\"},\"headline\":\"Portell i Generalitat aborden la millora del transport p\u00fablic i l&#8217;eliminaci\u00f3 de la MAT\",\"datePublished\":\"2023-11-15T07:44:00+00:00\",\"dateModified\":\"2024-02-26T07:44:56+00:00\",\"mainEntityOfPage\":{\"@id\":\"https:\/\/portelldemorella.org\/ca\/portell-i-generalitat-aborden-la-millora-del-transport-public-i-leliminacio-de-la-mat\/\"},\"wordCount\":328,\"commentCount\":0,\"publisher\":{\"@id\":\"https:\/\/portelldemorella.org\/#organization\"},\"image\":{\"@id\":\"https:\/\/portelldemorella.org\/ca\/portell-i-generalitat-aborden-la-millora-del-transport-public-i-leliminacio-de-la-mat\/#primaryimage\"},\"thumbnailUrl\":\"https:\/\/portelldemorella.org\/wp-content\/uploads\/2024\/02\/Alvaro-Ferrer-junt-a-Salome-Pradas-i-la-resta-dautoritats-de-la-comarca.jpg\",\"keywords\":[\"els ports\",\"portell\"],\"inLanguage\":\"ca\",\"potentialAction\":[{\"@type\":\"CommentAction\",\"name\":\"Comment\",\"target\":[\"https:\/\/portelldemorella.org\/ca\/portell-i-generalitat-aborden-la-millora-del-transport-public-i-leliminacio-de-la-mat\/#respond\"]}]},{\"@type\":\"WebPage\",\"@id\":\"https:\/\/portelldemorella.org\/ca\/portell-i-generalitat-aborden-la-millora-del-transport-public-i-leliminacio-de-la-mat\/\",\"url\":\"https:\/\/portelldemorella.org\/ca\/portell-i-generalitat-aborden-la-millora-del-transport-public-i-leliminacio-de-la-mat\/\",\"name\":\"Portell i Generalitat aborden la millora del transport p\u00fablic i l'eliminaci\u00f3 de la MAT - Portell de Morella\",\"isPartOf\":{\"@id\":\"https:\/\/portelldemorella.org\/#website\"},\"primaryImageOfPage\":{\"@id\":\"https:\/\/portelldemorella.org\/ca\/portell-i-generalitat-aborden-la-millora-del-transport-public-i-leliminacio-de-la-mat\/#primaryimage\"},\"image\":{\"@id\":\"https:\/\/portelldemorella.org\/ca\/portell-i-generalitat-aborden-la-millora-del-transport-public-i-leliminacio-de-la-mat\/#primaryimage\"},\"thumbnailUrl\":\"https:\/\/portelldemorella.org\/wp-content\/uploads\/2024\/02\/Alvaro-Ferrer-junt-a-Salome-Pradas-i-la-resta-dautoritats-de-la-comarca.jpg\",\"datePublished\":\"2023-11-15T07:44:00+00:00\",\"dateModified\":\"2024-02-26T07:44:56+00:00\",\"breadcrumb\":{\"@id\":\"https:\/\/portelldemorella.org\/ca\/portell-i-generalitat-aborden-la-millora-del-transport-public-i-leliminacio-de-la-mat\/#breadcrumb\"},\"inLanguage\":\"ca\",\"potentialAction\":[{\"@type\":\"ReadAction\",\"target\":[\"https:\/\/portelldemorella.org\/ca\/portell-i-generalitat-aborden-la-millora-del-transport-public-i-leliminacio-de-la-mat\/\"]}]},{\"@type\":\"ImageObject\",\"inLanguage\":\"ca\",\"@id\":\"https:\/\/portelldemorella.org\/ca\/portell-i-generalitat-aborden-la-millora-del-transport-public-i-leliminacio-de-la-mat\/#primaryimage\",\"url\":\"https:\/\/portelldemorella.org\/wp-content\/uploads\/2024\/02\/Alvaro-Ferrer-junt-a-Salome-Pradas-i-la-resta-dautoritats-de-la-comarca.jpg\",\"contentUrl\":\"https:\/\/portelldemorella.org\/wp-content\/uploads\/2024\/02\/Alvaro-Ferrer-junt-a-Salome-Pradas-i-la-resta-dautoritats-de-la-comarca.jpg\",\"width\":1080,\"height\":1350},{\"@type\":\"BreadcrumbList\",\"@id\":\"https:\/\/portelldemorella.org\/ca\/portell-i-generalitat-aborden-la-millora-del-transport-public-i-leliminacio-de-la-mat\/#breadcrumb\",\"itemListElement\":[{\"@type\":\"ListItem\",\"position\":1,\"name\":\"Portada\",\"item\":\"https:\/\/portelldemorella.org\/ca\/\"},{\"@type\":\"ListItem\",\"position\":2,\"name\":\"Portell i Generalitat aborden la millora del transport p\u00fablic i l&#8217;eliminaci\u00f3 de la MAT\"}]},{\"@type\":\"WebSite\",\"@id\":\"https:\/\/portelldemorella.org\/#website\",\"url\":\"https:\/\/portelldemorella.org\/\",\"name\":\"Portell de Morella\",\"description\":\"Web del Ayuntamiento de Portell de Morella\",\"publisher\":{\"@id\":\"https:\/\/portelldemorella.org\/#organization\"},\"potentialAction\":[{\"@type\":\"SearchAction\",\"target\":{\"@type\":\"EntryPoint\",\"urlTemplate\":\"https:\/\/portelldemorella.org\/?s={search_term_string}\"},\"query-input\":{\"@type\":\"PropertyValueSpecification\",\"valueRequired\":true,\"valueName\":\"search_term_string\"}}],\"inLanguage\":\"ca\"},{\"@type\":\"Organization\",\"@id\":\"https:\/\/portelldemorella.org\/#organization\",\"name\":\"Portell de Morella\",\"url\":\"https:\/\/portelldemorella.org\/\",\"logo\":{\"@type\":\"ImageObject\",\"inLanguage\":\"ca\",\"@id\":\"https:\/\/portelldemorella.org\/#\/schema\/logo\/image\/\",\"url\":\"https:\/\/portelldemorella.org\/wp-content\/uploads\/2020\/11\/Escudo-Portell-04.jpg\",\"contentUrl\":\"https:\/\/portelldemorella.org\/wp-content\/uploads\/2020\/11\/Escudo-Portell-04.jpg\",\"width\":1001,\"height\":394,\"caption\":\"Portell de Morella\"},\"image\":{\"@id\":\"https:\/\/portelldemorella.org\/#\/schema\/logo\/image\/\"}},{\"@type\":\"Person\",\"@id\":\"https:\/\/portelldemorella.org\/#\/schema\/person\/2adde77c454244acd163488ec723a88b\",\"name\":\"portell\",\"image\":{\"@type\":\"ImageObject\",\"inLanguage\":\"ca\",\"@id\":\"https:\/\/portelldemorella.org\/#\/schema\/person\/image\/\",\"url\":\"https:\/\/secure.gravatar.com\/avatar\/077c6bd89604df620d2fa93a06be2531944cdd6826fd322dbd8b483fd84d6407?s=96&d=mm&r=g\",\"contentUrl\":\"https:\/\/secure.gravatar.com\/avatar\/077c6bd89604df620d2fa93a06be2531944cdd6826fd322dbd8b483fd84d6407?s=96&d=mm&r=g\",\"caption\":\"portell\"},\"sameAs\":[\"https:\/\/portelldemorella.org\"],\"url\":\"https:\/\/portelldemorella.org\/ca\/author\/portell\/\"}]}<\/script>\n<!-- \/ Yoast SEO plugin. -->","yoast_head_json":{"title":"Portell i Generalitat aborden la millora del transport p\u00fablic i l'eliminaci\u00f3 de la MAT - Portell de Morella","robots":{"index":"noindex","follow":"follow","max-snippet":"max-snippet:-1","max-image-preview":"max-image-preview:large","max-video-preview":"max-video-preview:-1"},"og_locale":"ca_ES","og_type":"article","og_title":"Portell i Generalitat aborden la millora del transport p\u00fablic i l'eliminaci\u00f3 de la MAT - Portell de Morella","og_description":"L&#8217;alcalde de Portell, \u00c0lvaro Ferrer, va assistir a la visita oficial que Salom\u00e9 Pradas, consellera de Medi Ambient, Aigua, Infraestructures i Territori de la Generalitat Valenciana, va fer la setmana passada a Morella per anunciar inversions auton\u00f2miques en les carreteres dels Ports. La reuni\u00f3 pol\u00edtica va servir per a tractar principals problemes als quals s&#8217;enfronta [&hellip;]","og_url":"https:\/\/portelldemorella.org\/ca\/portell-i-generalitat-aborden-la-millora-del-transport-public-i-leliminacio-de-la-mat\/","og_site_name":"Portell de Morella","article_published_time":"2023-11-15T07:44:00+00:00","article_modified_time":"2024-02-26T07:44:56+00:00","og_image":[{"width":1080,"height":1350,"url":"https:\/\/portelldemorella.org\/wp-content\/uploads\/2024\/02\/Alvaro-Ferrer-junt-a-Salome-Pradas-i-la-resta-dautoritats-de-la-comarca.jpg","type":"image\/jpeg"}],"author":"portell","twitter_card":"summary_large_image","twitter_misc":{"Escrit per":"portell","Temps estimat de lectura":"2 minuts"},"schema":{"@context":"https:\/\/schema.org","@graph":[{"@type":"Article","@id":"https:\/\/portelldemorella.org\/ca\/portell-i-generalitat-aborden-la-millora-del-transport-public-i-leliminacio-de-la-mat\/#article","isPartOf":{"@id":"https:\/\/portelldemorella.org\/ca\/portell-i-generalitat-aborden-la-millora-del-transport-public-i-leliminacio-de-la-mat\/"},"author":{"name":"portell","@id":"https:\/\/portelldemorella.org\/#\/schema\/person\/2adde77c454244acd163488ec723a88b"},"headline":"Portell i Generalitat aborden la millora del transport p\u00fablic i l&#8217;eliminaci\u00f3 de la MAT","datePublished":"2023-11-15T07:44:00+00:00","dateModified":"2024-02-26T07:44:56+00:00","mainEntityOfPage":{"@id":"https:\/\/portelldemorella.org\/ca\/portell-i-generalitat-aborden-la-millora-del-transport-public-i-leliminacio-de-la-mat\/"},"wordCount":328,"commentCount":0,"publisher":{"@id":"https:\/\/portelldemorella.org\/#organization"},"image":{"@id":"https:\/\/portelldemorella.org\/ca\/portell-i-generalitat-aborden-la-millora-del-transport-public-i-leliminacio-de-la-mat\/#primaryimage"},"thumbnailUrl":"https:\/\/portelldemorella.org\/wp-content\/uploads\/2024\/02\/Alvaro-Ferrer-junt-a-Salome-Pradas-i-la-resta-dautoritats-de-la-comarca.jpg","keywords":["els ports","portell"],"inLanguage":"ca","potentialAction":[{"@type":"CommentAction","name":"Comment","target":["https:\/\/portelldemorella.org\/ca\/portell-i-generalitat-aborden-la-millora-del-transport-public-i-leliminacio-de-la-mat\/#respond"]}]},{"@type":"WebPage","@id":"https:\/\/portelldemorella.org\/ca\/portell-i-generalitat-aborden-la-millora-del-transport-public-i-leliminacio-de-la-mat\/","url":"https:\/\/portelldemorella.org\/ca\/portell-i-generalitat-aborden-la-millora-del-transport-public-i-leliminacio-de-la-mat\/","name":"Portell i Generalitat aborden la millora del transport p\u00fablic i l'eliminaci\u00f3 de la MAT - Portell de Morella","isPartOf":{"@id":"https:\/\/portelldemorella.org\/#website"},"primaryImageOfPage":{"@id":"https:\/\/portelldemorella.org\/ca\/portell-i-generalitat-aborden-la-millora-del-transport-public-i-leliminacio-de-la-mat\/#primaryimage"},"image":{"@id":"https:\/\/portelldemorella.org\/ca\/portell-i-generalitat-aborden-la-millora-del-transport-public-i-leliminacio-de-la-mat\/#primaryimage"},"thumbnailUrl":"https:\/\/portelldemorella.org\/wp-content\/uploads\/2024\/02\/Alvaro-Ferrer-junt-a-Salome-Pradas-i-la-resta-dautoritats-de-la-comarca.jpg","datePublished":"2023-11-15T07:44:00+00:00","dateModified":"2024-02-26T07:44:56+00:00","breadcrumb":{"@id":"https:\/\/portelldemorella.org\/ca\/portell-i-generalitat-aborden-la-millora-del-transport-public-i-leliminacio-de-la-mat\/#breadcrumb"},"inLanguage":"ca","potentialAction":[{"@type":"ReadAction","target":["https:\/\/portelldemorella.org\/ca\/portell-i-generalitat-aborden-la-millora-del-transport-public-i-leliminacio-de-la-mat\/"]}]},{"@type":"ImageObject","inLanguage":"ca","@id":"https:\/\/portelldemorella.org\/ca\/portell-i-generalitat-aborden-la-millora-del-transport-public-i-leliminacio-de-la-mat\/#primaryimage","url":"https:\/\/portelldemorella.org\/wp-content\/uploads\/2024\/02\/Alvaro-Ferrer-junt-a-Salome-Pradas-i-la-resta-dautoritats-de-la-comarca.jpg","contentUrl":"https:\/\/portelldemorella.org\/wp-content\/uploads\/2024\/02\/Alvaro-Ferrer-junt-a-Salome-Pradas-i-la-resta-dautoritats-de-la-comarca.jpg","width":1080,"height":1350},{"@type":"BreadcrumbList","@id":"https:\/\/portelldemorella.org\/ca\/portell-i-generalitat-aborden-la-millora-del-transport-public-i-leliminacio-de-la-mat\/#breadcrumb","itemListElement":[{"@type":"ListItem","position":1,"name":"Portada","item":"https:\/\/portelldemorella.org\/ca\/"},{"@type":"ListItem","position":2,"name":"Portell i Generalitat aborden la millora del transport p\u00fablic i l&#8217;eliminaci\u00f3 de la MAT"}]},{"@type":"WebSite","@id":"https:\/\/portelldemorella.org\/#website","url":"https:\/\/portelldemorella.org\/","name":"Portell de Morella","description":"Web del Ayuntamiento de Portell de Morella","publisher":{"@id":"https:\/\/portelldemorella.org\/#organization"},"potentialAction":[{"@type":"SearchAction","target":{"@type":"EntryPoint","urlTemplate":"https:\/\/portelldemorella.org\/?s={search_term_string}"},"query-input":{"@type":"PropertyValueSpecification","valueRequired":true,"valueName":"search_term_string"}}],"inLanguage":"ca"},{"@type":"Organization","@id":"https:\/\/portelldemorella.org\/#organization","name":"Portell de Morella","url":"https:\/\/portelldemorella.org\/","logo":{"@type":"ImageObject","inLanguage":"ca","@id":"https:\/\/portelldemorella.org\/#\/schema\/logo\/image\/","url":"https:\/\/portelldemorella.org\/wp-content\/uploads\/2020\/11\/Escudo-Portell-04.jpg","contentUrl":"https:\/\/portelldemorella.org\/wp-content\/uploads\/2020\/11\/Escudo-Portell-04.jpg","width":1001,"height":394,"caption":"Portell de Morella"},"image":{"@id":"https:\/\/portelldemorella.org\/#\/schema\/logo\/image\/"}},{"@type":"Person","@id":"https:\/\/portelldemorella.org\/#\/schema\/person\/2adde77c454244acd163488ec723a88b","name":"portell","image":{"@type":"ImageObject","inLanguage":"ca","@id":"https:\/\/portelldemorella.org\/#\/schema\/person\/image\/","url":"https:\/\/secure.gravatar.com\/avatar\/077c6bd89604df620d2fa93a06be2531944cdd6826fd322dbd8b483fd84d6407?s=96&d=mm&r=g","contentUrl":"https:\/\/secure.gravatar.com\/avatar\/077c6bd89604df620d2fa93a06be2531944cdd6826fd322dbd8b483fd84d6407?s=96&d=mm&r=g","caption":"portell"},"sameAs":["https:\/\/portelldemorella.org"],"url":"https:\/\/portelldemorella.org\/ca\/author\/portell\/"}]}},"_links":{"self":[{"href":"https:\/\/portelldemorella.org\/ca\/wp-json\/wp\/v2\/posts\/7970","targetHints":{"allow":["GET"]}}],"collection":[{"href":"https:\/\/portelldemorella.org\/ca\/wp-json\/wp\/v2\/posts"}],"about":[{"href":"https:\/\/portelldemorella.org\/ca\/wp-json\/wp\/v2\/types\/post"}],"author":[{"embeddable":true,"href":"https:\/\/portelldemorella.org\/ca\/wp-json\/wp\/v2\/users\/1"}],"replies":[{"embeddable":true,"href":"https:\/\/portelldemorella.org\/ca\/wp-json\/wp\/v2\/comments?post=7970"}],"version-history":[{"count":1,"href":"https:\/\/portelldemorella.org\/ca\/wp-json\/wp\/v2\/posts\/7970\/revisions"}],"predecessor-version":[{"id":7973,"href":"https:\/\/portelldemorella.org\/ca\/wp-json\/wp\/v2\/posts\/7970\/revisions\/7973"}],"wp:featuredmedia":[{"embeddable":true,"href":"https:\/\/portelldemorella.org\/ca\/wp-json\/wp\/v2\/media\/7971"}],"wp:attachment":[{"href":"https:\/\/portelldemorella.org\/ca\/wp-json\/wp\/v2\/media?parent=7970"}],"wp:term":[{"taxonomy":"category","embeddable":true,"href":"https:\/\/portelldemorella.org\/ca\/wp-json\/wp\/v2\/categories?post=7970"},{"taxonomy":"post_tag","embeddable":true,"href":"https:\/\/portelldemorella.org\/ca\/wp-json\/wp\/v2\/tags?post=7970"}],"curies":[{"name":"wp","href":"https:\/\/api.w.org\/{rel}","templated":true}]}}