{"id":7983,"date":"2023-11-24T07:48:00","date_gmt":"2023-11-24T07:48:00","guid":{"rendered":"https:\/\/portelldemorella.org\/?p=7983"},"modified":"2024-02-26T07:48:53","modified_gmt":"2024-02-26T07:48:53","slug":"portell-diu-no-a-la-violencia-masclista","status":"publish","type":"post","link":"https:\/\/portelldemorella.org\/ca\/portell-diu-no-a-la-violencia-masclista\/","title":{"rendered":"Portell diu &#8216;No&#8217; a la viol\u00e8ncia masclista"},"content":{"rendered":"\n<p>&#8216;L&#8217;amor mai colpeja&#8217; \u00e9s el lema que destaca en el cartell que l&#8217;Ajuntament de Portell ha penjat per commemorar el 25N: Dia Internacional per a l&#8217;Eliminaci\u00f3 de la Viol\u00e8ncia contra les Dones. Una cita clau que, des de Portell, s&#8217;ha destacat per &#8220;condemnar sense excuses totes les actituds i les conductes masclistes. Hem de continuar treballant per construir una societat m\u00e9s igualit\u00e0ria. On les dones no hagen de patir cap agressi\u00f3 pel simple fet de ser-ho. La viol\u00e8ncia masclista s&#8217;erradicar\u00e0 amb m\u00e9s esfor\u00e7os, conscienciaci\u00f3 i lluita&#8221;, ha defensat l&#8217;alcalde del municipi, \u00c1lvaro Ferrer.<\/p>\n\n\n\n<p>A m\u00e9s del cartell, el consistori quedar\u00e0 il\u00b7luminat de morat durant les nits del cap de setmana, com a &#8220;s\u00edmbol d&#8217;un objectiu que com a societat estem obligats a assolir. El masclisme no t\u00e9 cabuda en el segle XXI&#8221;,&nbsp;ha&nbsp;dit&nbsp;Ferrer.<\/p>\n","protected":false},"excerpt":{"rendered":"<p>&#8216;L&#8217;amor mai colpeja&#8217; \u00e9s el lema que destaca en el cartell que l&#8217;Ajuntament de Portell ha penjat per commemorar el 25N: Dia Internacional per a l&#8217;Eliminaci\u00f3 de la Viol\u00e8ncia contra les Dones. Una cita clau que, des de Portell, s&#8217;ha destacat per &#8220;condemnar sense excuses totes les actituds i les conductes masclistes. Hem de continuar [&hellip;]<\/p>\n","protected":false},"author":1,"featured_media":7984,"comment_status":"open","ping_status":"open","sticky":false,"template":"","format":"standard","meta":{"footnotes":""},"categories":[79],"tags":[107],"class_list":["post-7983","post","type-post","status-publish","format-standard","has-post-thumbnail","hentry","category-sense-categoria","tag-portell-ca"],"yoast_head":"<!-- This site is optimized with the Yoast SEO plugin v24.4 - https:\/\/yoast.com\/wordpress\/plugins\/seo\/ -->\n<title>Portell diu &#039;No&#039; a la viol\u00e8ncia masclista - Portell de Morella<\/title>\n<meta name=\"robots\" content=\"noindex, follow, max-snippet:-1, max-image-preview:large, max-video-preview:-1\" \/>\n<meta property=\"og:locale\" content=\"ca_ES\" \/>\n<meta property=\"og:type\" content=\"article\" \/>\n<meta property=\"og:title\" content=\"Portell diu &#039;No&#039; a la viol\u00e8ncia masclista - Portell de Morella\" \/>\n<meta property=\"og:description\" content=\"&#8216;L&#8217;amor mai colpeja&#8217; \u00e9s el lema que destaca en el cartell que l&#8217;Ajuntament de Portell ha penjat per commemorar el 25N: Dia Internacional per a l&#8217;Eliminaci\u00f3 de la Viol\u00e8ncia contra les Dones. Una cita clau que, des de Portell, s&#8217;ha destacat per &#8220;condemnar sense excuses totes les actituds i les conductes masclistes. Hem de continuar [&hellip;]\" \/>\n<meta property=\"og:url\" content=\"https:\/\/portelldemorella.org\/ca\/portell-diu-no-a-la-violencia-masclista\/\" \/>\n<meta property=\"og:site_name\" content=\"Portell de Morella\" \/>\n<meta property=\"article:published_time\" content=\"2023-11-24T07:48:00+00:00\" \/>\n<meta property=\"article:modified_time\" content=\"2024-02-26T07:48:53+00:00\" \/>\n<meta property=\"og:image\" content=\"https:\/\/portelldemorella.org\/wp-content\/uploads\/2024\/02\/Cartell-a-Portell-pel-25N-scaled.jpg\" \/>\n\t<meta property=\"og:image:width\" content=\"2560\" \/>\n\t<meta property=\"og:image:height\" content=\"1441\" \/>\n\t<meta property=\"og:image:type\" content=\"image\/jpeg\" \/>\n<meta name=\"author\" content=\"portell\" \/>\n<meta name=\"twitter:card\" content=\"summary_large_image\" \/>\n<meta name=\"twitter:label1\" content=\"Escrit per\" \/>\n\t<meta name=\"twitter:data1\" content=\"portell\" \/>\n\t<meta name=\"twitter:label2\" content=\"Temps estimat de lectura\" \/>\n\t<meta name=\"twitter:data2\" content=\"1 minut\" \/>\n<script type=\"application\/ld+json\" class=\"yoast-schema-graph\">{\"@context\":\"https:\/\/schema.org\",\"@graph\":[{\"@type\":\"Article\",\"@id\":\"https:\/\/portelldemorella.org\/ca\/portell-diu-no-a-la-violencia-masclista\/#article\",\"isPartOf\":{\"@id\":\"https:\/\/portelldemorella.org\/ca\/portell-diu-no-a-la-violencia-masclista\/\"},\"author\":{\"name\":\"portell\",\"@id\":\"https:\/\/portelldemorella.org\/#\/schema\/person\/2adde77c454244acd163488ec723a88b\"},\"headline\":\"Portell diu &#8216;No&#8217; a la viol\u00e8ncia masclista\",\"datePublished\":\"2023-11-24T07:48:00+00:00\",\"dateModified\":\"2024-02-26T07:48:53+00:00\",\"mainEntityOfPage\":{\"@id\":\"https:\/\/portelldemorella.org\/ca\/portell-diu-no-a-la-violencia-masclista\/\"},\"wordCount\":155,\"commentCount\":0,\"publisher\":{\"@id\":\"https:\/\/portelldemorella.org\/#organization\"},\"image\":{\"@id\":\"https:\/\/portelldemorella.org\/ca\/portell-diu-no-a-la-violencia-masclista\/#primaryimage\"},\"thumbnailUrl\":\"https:\/\/portelldemorella.org\/wp-content\/uploads\/2024\/02\/Cartell-a-Portell-pel-25N-scaled.jpg\",\"keywords\":[\"portell\"],\"inLanguage\":\"ca\",\"potentialAction\":[{\"@type\":\"CommentAction\",\"name\":\"Comment\",\"target\":[\"https:\/\/portelldemorella.org\/ca\/portell-diu-no-a-la-violencia-masclista\/#respond\"]}]},{\"@type\":\"WebPage\",\"@id\":\"https:\/\/portelldemorella.org\/ca\/portell-diu-no-a-la-violencia-masclista\/\",\"url\":\"https:\/\/portelldemorella.org\/ca\/portell-diu-no-a-la-violencia-masclista\/\",\"name\":\"Portell diu 'No' a la viol\u00e8ncia masclista - Portell de Morella\",\"isPartOf\":{\"@id\":\"https:\/\/portelldemorella.org\/#website\"},\"primaryImageOfPage\":{\"@id\":\"https:\/\/portelldemorella.org\/ca\/portell-diu-no-a-la-violencia-masclista\/#primaryimage\"},\"image\":{\"@id\":\"https:\/\/portelldemorella.org\/ca\/portell-diu-no-a-la-violencia-masclista\/#primaryimage\"},\"thumbnailUrl\":\"https:\/\/portelldemorella.org\/wp-content\/uploads\/2024\/02\/Cartell-a-Portell-pel-25N-scaled.jpg\",\"datePublished\":\"2023-11-24T07:48:00+00:00\",\"dateModified\":\"2024-02-26T07:48:53+00:00\",\"breadcrumb\":{\"@id\":\"https:\/\/portelldemorella.org\/ca\/portell-diu-no-a-la-violencia-masclista\/#breadcrumb\"},\"inLanguage\":\"ca\",\"potentialAction\":[{\"@type\":\"ReadAction\",\"target\":[\"https:\/\/portelldemorella.org\/ca\/portell-diu-no-a-la-violencia-masclista\/\"]}]},{\"@type\":\"ImageObject\",\"inLanguage\":\"ca\",\"@id\":\"https:\/\/portelldemorella.org\/ca\/portell-diu-no-a-la-violencia-masclista\/#primaryimage\",\"url\":\"https:\/\/portelldemorella.org\/wp-content\/uploads\/2024\/02\/Cartell-a-Portell-pel-25N-scaled.jpg\",\"contentUrl\":\"https:\/\/portelldemorella.org\/wp-content\/uploads\/2024\/02\/Cartell-a-Portell-pel-25N-scaled.jpg\",\"width\":2560,\"height\":1441},{\"@type\":\"BreadcrumbList\",\"@id\":\"https:\/\/portelldemorella.org\/ca\/portell-diu-no-a-la-violencia-masclista\/#breadcrumb\",\"itemListElement\":[{\"@type\":\"ListItem\",\"position\":1,\"name\":\"Portada\",\"item\":\"https:\/\/portelldemorella.org\/ca\/\"},{\"@type\":\"ListItem\",\"position\":2,\"name\":\"Portell diu &#8216;No&#8217; a la viol\u00e8ncia masclista\"}]},{\"@type\":\"WebSite\",\"@id\":\"https:\/\/portelldemorella.org\/#website\",\"url\":\"https:\/\/portelldemorella.org\/\",\"name\":\"Portell de Morella\",\"description\":\"Web del Ayuntamiento de Portell de Morella\",\"publisher\":{\"@id\":\"https:\/\/portelldemorella.org\/#organization\"},\"potentialAction\":[{\"@type\":\"SearchAction\",\"target\":{\"@type\":\"EntryPoint\",\"urlTemplate\":\"https:\/\/portelldemorella.org\/?s={search_term_string}\"},\"query-input\":{\"@type\":\"PropertyValueSpecification\",\"valueRequired\":true,\"valueName\":\"search_term_string\"}}],\"inLanguage\":\"ca\"},{\"@type\":\"Organization\",\"@id\":\"https:\/\/portelldemorella.org\/#organization\",\"name\":\"Portell de Morella\",\"url\":\"https:\/\/portelldemorella.org\/\",\"logo\":{\"@type\":\"ImageObject\",\"inLanguage\":\"ca\",\"@id\":\"https:\/\/portelldemorella.org\/#\/schema\/logo\/image\/\",\"url\":\"https:\/\/portelldemorella.org\/wp-content\/uploads\/2020\/11\/Escudo-Portell-04.jpg\",\"contentUrl\":\"https:\/\/portelldemorella.org\/wp-content\/uploads\/2020\/11\/Escudo-Portell-04.jpg\",\"width\":1001,\"height\":394,\"caption\":\"Portell de Morella\"},\"image\":{\"@id\":\"https:\/\/portelldemorella.org\/#\/schema\/logo\/image\/\"}},{\"@type\":\"Person\",\"@id\":\"https:\/\/portelldemorella.org\/#\/schema\/person\/2adde77c454244acd163488ec723a88b\",\"name\":\"portell\",\"image\":{\"@type\":\"ImageObject\",\"inLanguage\":\"ca\",\"@id\":\"https:\/\/portelldemorella.org\/#\/schema\/person\/image\/\",\"url\":\"https:\/\/secure.gravatar.com\/avatar\/077c6bd89604df620d2fa93a06be2531944cdd6826fd322dbd8b483fd84d6407?s=96&d=mm&r=g\",\"contentUrl\":\"https:\/\/secure.gravatar.com\/avatar\/077c6bd89604df620d2fa93a06be2531944cdd6826fd322dbd8b483fd84d6407?s=96&d=mm&r=g\",\"caption\":\"portell\"},\"sameAs\":[\"https:\/\/portelldemorella.org\"],\"url\":\"https:\/\/portelldemorella.org\/ca\/author\/portell\/\"}]}<\/script>\n<!-- \/ Yoast SEO plugin. -->","yoast_head_json":{"title":"Portell diu 'No' a la viol\u00e8ncia masclista - Portell de Morella","robots":{"index":"noindex","follow":"follow","max-snippet":"max-snippet:-1","max-image-preview":"max-image-preview:large","max-video-preview":"max-video-preview:-1"},"og_locale":"ca_ES","og_type":"article","og_title":"Portell diu 'No' a la viol\u00e8ncia masclista - Portell de Morella","og_description":"&#8216;L&#8217;amor mai colpeja&#8217; \u00e9s el lema que destaca en el cartell que l&#8217;Ajuntament de Portell ha penjat per commemorar el 25N: Dia Internacional per a l&#8217;Eliminaci\u00f3 de la Viol\u00e8ncia contra les Dones. Una cita clau que, des de Portell, s&#8217;ha destacat per &#8220;condemnar sense excuses totes les actituds i les conductes masclistes. Hem de continuar [&hellip;]","og_url":"https:\/\/portelldemorella.org\/ca\/portell-diu-no-a-la-violencia-masclista\/","og_site_name":"Portell de Morella","article_published_time":"2023-11-24T07:48:00+00:00","article_modified_time":"2024-02-26T07:48:53+00:00","og_image":[{"width":2560,"height":1441,"url":"https:\/\/portelldemorella.org\/wp-content\/uploads\/2024\/02\/Cartell-a-Portell-pel-25N-scaled.jpg","type":"image\/jpeg"}],"author":"portell","twitter_card":"summary_large_image","twitter_misc":{"Escrit per":"portell","Temps estimat de lectura":"1 minut"},"schema":{"@context":"https:\/\/schema.org","@graph":[{"@type":"Article","@id":"https:\/\/portelldemorella.org\/ca\/portell-diu-no-a-la-violencia-masclista\/#article","isPartOf":{"@id":"https:\/\/portelldemorella.org\/ca\/portell-diu-no-a-la-violencia-masclista\/"},"author":{"name":"portell","@id":"https:\/\/portelldemorella.org\/#\/schema\/person\/2adde77c454244acd163488ec723a88b"},"headline":"Portell diu &#8216;No&#8217; a la viol\u00e8ncia masclista","datePublished":"2023-11-24T07:48:00+00:00","dateModified":"2024-02-26T07:48:53+00:00","mainEntityOfPage":{"@id":"https:\/\/portelldemorella.org\/ca\/portell-diu-no-a-la-violencia-masclista\/"},"wordCount":155,"commentCount":0,"publisher":{"@id":"https:\/\/portelldemorella.org\/#organization"},"image":{"@id":"https:\/\/portelldemorella.org\/ca\/portell-diu-no-a-la-violencia-masclista\/#primaryimage"},"thumbnailUrl":"https:\/\/portelldemorella.org\/wp-content\/uploads\/2024\/02\/Cartell-a-Portell-pel-25N-scaled.jpg","keywords":["portell"],"inLanguage":"ca","potentialAction":[{"@type":"CommentAction","name":"Comment","target":["https:\/\/portelldemorella.org\/ca\/portell-diu-no-a-la-violencia-masclista\/#respond"]}]},{"@type":"WebPage","@id":"https:\/\/portelldemorella.org\/ca\/portell-diu-no-a-la-violencia-masclista\/","url":"https:\/\/portelldemorella.org\/ca\/portell-diu-no-a-la-violencia-masclista\/","name":"Portell diu 'No' a la viol\u00e8ncia masclista - Portell de Morella","isPartOf":{"@id":"https:\/\/portelldemorella.org\/#website"},"primaryImageOfPage":{"@id":"https:\/\/portelldemorella.org\/ca\/portell-diu-no-a-la-violencia-masclista\/#primaryimage"},"image":{"@id":"https:\/\/portelldemorella.org\/ca\/portell-diu-no-a-la-violencia-masclista\/#primaryimage"},"thumbnailUrl":"https:\/\/portelldemorella.org\/wp-content\/uploads\/2024\/02\/Cartell-a-Portell-pel-25N-scaled.jpg","datePublished":"2023-11-24T07:48:00+00:00","dateModified":"2024-02-26T07:48:53+00:00","breadcrumb":{"@id":"https:\/\/portelldemorella.org\/ca\/portell-diu-no-a-la-violencia-masclista\/#breadcrumb"},"inLanguage":"ca","potentialAction":[{"@type":"ReadAction","target":["https:\/\/portelldemorella.org\/ca\/portell-diu-no-a-la-violencia-masclista\/"]}]},{"@type":"ImageObject","inLanguage":"ca","@id":"https:\/\/portelldemorella.org\/ca\/portell-diu-no-a-la-violencia-masclista\/#primaryimage","url":"https:\/\/portelldemorella.org\/wp-content\/uploads\/2024\/02\/Cartell-a-Portell-pel-25N-scaled.jpg","contentUrl":"https:\/\/portelldemorella.org\/wp-content\/uploads\/2024\/02\/Cartell-a-Portell-pel-25N-scaled.jpg","width":2560,"height":1441},{"@type":"BreadcrumbList","@id":"https:\/\/portelldemorella.org\/ca\/portell-diu-no-a-la-violencia-masclista\/#breadcrumb","itemListElement":[{"@type":"ListItem","position":1,"name":"Portada","item":"https:\/\/portelldemorella.org\/ca\/"},{"@type":"ListItem","position":2,"name":"Portell diu &#8216;No&#8217; a la viol\u00e8ncia masclista"}]},{"@type":"WebSite","@id":"https:\/\/portelldemorella.org\/#website","url":"https:\/\/portelldemorella.org\/","name":"Portell de Morella","description":"Web del Ayuntamiento de Portell de Morella","publisher":{"@id":"https:\/\/portelldemorella.org\/#organization"},"potentialAction":[{"@type":"SearchAction","target":{"@type":"EntryPoint","urlTemplate":"https:\/\/portelldemorella.org\/?s={search_term_string}"},"query-input":{"@type":"PropertyValueSpecification","valueRequired":true,"valueName":"search_term_string"}}],"inLanguage":"ca"},{"@type":"Organization","@id":"https:\/\/portelldemorella.org\/#organization","name":"Portell de Morella","url":"https:\/\/portelldemorella.org\/","logo":{"@type":"ImageObject","inLanguage":"ca","@id":"https:\/\/portelldemorella.org\/#\/schema\/logo\/image\/","url":"https:\/\/portelldemorella.org\/wp-content\/uploads\/2020\/11\/Escudo-Portell-04.jpg","contentUrl":"https:\/\/portelldemorella.org\/wp-content\/uploads\/2020\/11\/Escudo-Portell-04.jpg","width":1001,"height":394,"caption":"Portell de Morella"},"image":{"@id":"https:\/\/portelldemorella.org\/#\/schema\/logo\/image\/"}},{"@type":"Person","@id":"https:\/\/portelldemorella.org\/#\/schema\/person\/2adde77c454244acd163488ec723a88b","name":"portell","image":{"@type":"ImageObject","inLanguage":"ca","@id":"https:\/\/portelldemorella.org\/#\/schema\/person\/image\/","url":"https:\/\/secure.gravatar.com\/avatar\/077c6bd89604df620d2fa93a06be2531944cdd6826fd322dbd8b483fd84d6407?s=96&d=mm&r=g","contentUrl":"https:\/\/secure.gravatar.com\/avatar\/077c6bd89604df620d2fa93a06be2531944cdd6826fd322dbd8b483fd84d6407?s=96&d=mm&r=g","caption":"portell"},"sameAs":["https:\/\/portelldemorella.org"],"url":"https:\/\/portelldemorella.org\/ca\/author\/portell\/"}]}},"_links":{"self":[{"href":"https:\/\/portelldemorella.org\/ca\/wp-json\/wp\/v2\/posts\/7983","targetHints":{"allow":["GET"]}}],"collection":[{"href":"https:\/\/portelldemorella.org\/ca\/wp-json\/wp\/v2\/posts"}],"about":[{"href":"https:\/\/portelldemorella.org\/ca\/wp-json\/wp\/v2\/types\/post"}],"author":[{"embeddable":true,"href":"https:\/\/portelldemorella.org\/ca\/wp-json\/wp\/v2\/users\/1"}],"replies":[{"embeddable":true,"href":"https:\/\/portelldemorella.org\/ca\/wp-json\/wp\/v2\/comments?post=7983"}],"version-history":[{"count":1,"href":"https:\/\/portelldemorella.org\/ca\/wp-json\/wp\/v2\/posts\/7983\/revisions"}],"predecessor-version":[{"id":7986,"href":"https:\/\/portelldemorella.org\/ca\/wp-json\/wp\/v2\/posts\/7983\/revisions\/7986"}],"wp:featuredmedia":[{"embeddable":true,"href":"https:\/\/portelldemorella.org\/ca\/wp-json\/wp\/v2\/media\/7984"}],"wp:attachment":[{"href":"https:\/\/portelldemorella.org\/ca\/wp-json\/wp\/v2\/media?parent=7983"}],"wp:term":[{"taxonomy":"category","embeddable":true,"href":"https:\/\/portelldemorella.org\/ca\/wp-json\/wp\/v2\/categories?post=7983"},{"taxonomy":"post_tag","embeddable":true,"href":"https:\/\/portelldemorella.org\/ca\/wp-json\/wp\/v2\/tags?post=7983"}],"curies":[{"name":"wp","href":"https:\/\/api.w.org\/{rel}","templated":true}]}}