{"id":7996,"date":"2023-11-01T07:52:00","date_gmt":"2023-11-01T07:52:00","guid":{"rendered":"https:\/\/portelldemorella.org\/?p=7996"},"modified":"2024-02-26T07:53:47","modified_gmt":"2024-02-26T07:53:47","slug":"el-projecte-sostenible-de-portell-arriba-a-galicia","status":"publish","type":"post","link":"https:\/\/portelldemorella.org\/ca\/el-projecte-sostenible-de-portell-arriba-a-galicia\/","title":{"rendered":"El projecte sostenible de Portell arriba a Gal\u00edcia"},"content":{"rendered":"\n<p><strong><br><\/strong><br>L&#8217;alcalde de Portell, \u00c1lvaro Ferrer, ha participat en la jornada &#8216;Comunitats Energ\u00e8tiques en el m\u00f3n rural: reptes, oportunitats i realitats. Formant a formadors i decisors&#8217; celebrada en la Universitat de Vigo, Gal\u00edcia.<\/p>\n\n\n\n<p>&#8220;L&#8217;objectiu de la jornada era mostrar les oportunitats que s&#8217;obrin en el m\u00f3n rural gr\u00e0cies a la transici\u00f3 energ\u00e8tica i la sostenibilitat ambiental&#8221; ha afirmat Ferrer. &#8220;Des de Portell hem explicat com va n\u00e0ixer el nostre projecte &#8216;Portell, solidari i sostenible&#8217;, quin treball hem realitzat per a arribar on estem i quines dificultats hem trobat en el cam\u00ed&#8221; ha afegit l&#8217;alcalde.<\/p>\n\n\n\n<p>\u00c1lvaro Ferrer va formar part de la taula redona dedicada a les comunitats energ\u00e8tiques a la Comunitat Valenciana i a l&#8217;acci\u00f3 municipal com a motor de la transici\u00f3 energ\u00e8tica.<\/p>\n\n\n\n<p>Aix\u00ed, les persones assistents van tindre l&#8217;oportunitat de con\u00e9ixer com un xicotet poble dels Ports ha substitu\u00eft les seues llumin\u00e0ries tradicionals per noves de tecnologia LED, compta amb un sistema digitalitzat de control d&#8217;aigua, disposa d&#8217;una comunitat energ\u00e8tica i plaques solars per a proveir tant a edificis municipals com als habitatges particulars adherits, i t\u00e9, per exemple, una xarxa de calor que funciona gr\u00e0cies a la biomassa.<\/p>\n\n\n\n<p>&#8220;La nostra participaci\u00f3 a Vigo demostra que ho estem fent b\u00e9. Portem anys apostant per la transici\u00f3 energ\u00e8tica i l&#8217;estalvi en el consum tant municipal com privat. Que ens hagen convidat a participar en la jornada \u00e9s una mostra que el nostre projecte sostenible \u00e9s de present i de futur, i s&#8217;ha convertit en un model a seguir per altres localitats&#8221; ha sentenciat l&#8217;edil.<\/p>\n","protected":false},"excerpt":{"rendered":"<p>L&#8217;alcalde de Portell, \u00c1lvaro Ferrer, ha participat en la jornada &#8216;Comunitats Energ\u00e8tiques en el m\u00f3n rural: reptes, oportunitats i realitats. Formant a formadors i decisors&#8217; celebrada en la Universitat de Vigo, Gal\u00edcia. &#8220;L&#8217;objectiu de la jornada era mostrar les oportunitats que s&#8217;obrin en el m\u00f3n rural gr\u00e0cies a la transici\u00f3 energ\u00e8tica i la sostenibilitat ambiental&#8221; [&hellip;]<\/p>\n","protected":false},"author":1,"featured_media":7997,"comment_status":"open","ping_status":"open","sticky":false,"template":"","format":"standard","meta":{"footnotes":""},"categories":[79],"tags":[107],"class_list":["post-7996","post","type-post","status-publish","format-standard","has-post-thumbnail","hentry","category-sense-categoria","tag-portell-ca"],"yoast_head":"<!-- This site is optimized with the Yoast SEO plugin v24.4 - https:\/\/yoast.com\/wordpress\/plugins\/seo\/ -->\n<title>El projecte sostenible de Portell arriba a Gal\u00edcia - Portell de Morella<\/title>\n<meta name=\"robots\" content=\"noindex, follow, max-snippet:-1, max-image-preview:large, max-video-preview:-1\" \/>\n<meta property=\"og:locale\" content=\"ca_ES\" \/>\n<meta property=\"og:type\" content=\"article\" \/>\n<meta property=\"og:title\" content=\"El projecte sostenible de Portell arriba a Gal\u00edcia - Portell de Morella\" \/>\n<meta property=\"og:description\" content=\"L&#8217;alcalde de Portell, \u00c1lvaro Ferrer, ha participat en la jornada &#8216;Comunitats Energ\u00e8tiques en el m\u00f3n rural: reptes, oportunitats i realitats. Formant a formadors i decisors&#8217; celebrada en la Universitat de Vigo, Gal\u00edcia. &#8220;L&#8217;objectiu de la jornada era mostrar les oportunitats que s&#8217;obrin en el m\u00f3n rural gr\u00e0cies a la transici\u00f3 energ\u00e8tica i la sostenibilitat ambiental&#8221; [&hellip;]\" \/>\n<meta property=\"og:url\" content=\"https:\/\/portelldemorella.org\/ca\/el-projecte-sostenible-de-portell-arriba-a-galicia\/\" \/>\n<meta property=\"og:site_name\" content=\"Portell de Morella\" \/>\n<meta property=\"article:published_time\" content=\"2023-11-01T07:52:00+00:00\" \/>\n<meta property=\"article:modified_time\" content=\"2024-02-26T07:53:47+00:00\" \/>\n<meta property=\"og:image\" content=\"https:\/\/portelldemorella.org\/wp-content\/uploads\/2024\/02\/El-proyecto-sostenible-de-Portell.jpg\" \/>\n\t<meta property=\"og:image:width\" content=\"1296\" \/>\n\t<meta property=\"og:image:height\" content=\"972\" \/>\n\t<meta property=\"og:image:type\" content=\"image\/jpeg\" \/>\n<meta name=\"author\" content=\"portell\" \/>\n<meta name=\"twitter:card\" content=\"summary_large_image\" \/>\n<meta name=\"twitter:label1\" content=\"Escrit per\" \/>\n\t<meta name=\"twitter:data1\" content=\"portell\" \/>\n\t<meta name=\"twitter:label2\" content=\"Temps estimat de lectura\" \/>\n\t<meta name=\"twitter:data2\" content=\"2 minuts\" \/>\n<script type=\"application\/ld+json\" class=\"yoast-schema-graph\">{\"@context\":\"https:\/\/schema.org\",\"@graph\":[{\"@type\":\"Article\",\"@id\":\"https:\/\/portelldemorella.org\/ca\/el-projecte-sostenible-de-portell-arriba-a-galicia\/#article\",\"isPartOf\":{\"@id\":\"https:\/\/portelldemorella.org\/ca\/el-projecte-sostenible-de-portell-arriba-a-galicia\/\"},\"author\":{\"name\":\"portell\",\"@id\":\"https:\/\/portelldemorella.org\/#\/schema\/person\/2adde77c454244acd163488ec723a88b\"},\"headline\":\"El projecte sostenible de Portell arriba a Gal\u00edcia\",\"datePublished\":\"2023-11-01T07:52:00+00:00\",\"dateModified\":\"2024-02-26T07:53:47+00:00\",\"mainEntityOfPage\":{\"@id\":\"https:\/\/portelldemorella.org\/ca\/el-projecte-sostenible-de-portell-arriba-a-galicia\/\"},\"wordCount\":277,\"commentCount\":0,\"publisher\":{\"@id\":\"https:\/\/portelldemorella.org\/#organization\"},\"image\":{\"@id\":\"https:\/\/portelldemorella.org\/ca\/el-projecte-sostenible-de-portell-arriba-a-galicia\/#primaryimage\"},\"thumbnailUrl\":\"https:\/\/portelldemorella.org\/wp-content\/uploads\/2024\/02\/El-proyecto-sostenible-de-Portell.jpg\",\"keywords\":[\"portell\"],\"inLanguage\":\"ca\",\"potentialAction\":[{\"@type\":\"CommentAction\",\"name\":\"Comment\",\"target\":[\"https:\/\/portelldemorella.org\/ca\/el-projecte-sostenible-de-portell-arriba-a-galicia\/#respond\"]}]},{\"@type\":\"WebPage\",\"@id\":\"https:\/\/portelldemorella.org\/ca\/el-projecte-sostenible-de-portell-arriba-a-galicia\/\",\"url\":\"https:\/\/portelldemorella.org\/ca\/el-projecte-sostenible-de-portell-arriba-a-galicia\/\",\"name\":\"El projecte sostenible de Portell arriba a Gal\u00edcia - Portell de Morella\",\"isPartOf\":{\"@id\":\"https:\/\/portelldemorella.org\/#website\"},\"primaryImageOfPage\":{\"@id\":\"https:\/\/portelldemorella.org\/ca\/el-projecte-sostenible-de-portell-arriba-a-galicia\/#primaryimage\"},\"image\":{\"@id\":\"https:\/\/portelldemorella.org\/ca\/el-projecte-sostenible-de-portell-arriba-a-galicia\/#primaryimage\"},\"thumbnailUrl\":\"https:\/\/portelldemorella.org\/wp-content\/uploads\/2024\/02\/El-proyecto-sostenible-de-Portell.jpg\",\"datePublished\":\"2023-11-01T07:52:00+00:00\",\"dateModified\":\"2024-02-26T07:53:47+00:00\",\"breadcrumb\":{\"@id\":\"https:\/\/portelldemorella.org\/ca\/el-projecte-sostenible-de-portell-arriba-a-galicia\/#breadcrumb\"},\"inLanguage\":\"ca\",\"potentialAction\":[{\"@type\":\"ReadAction\",\"target\":[\"https:\/\/portelldemorella.org\/ca\/el-projecte-sostenible-de-portell-arriba-a-galicia\/\"]}]},{\"@type\":\"ImageObject\",\"inLanguage\":\"ca\",\"@id\":\"https:\/\/portelldemorella.org\/ca\/el-projecte-sostenible-de-portell-arriba-a-galicia\/#primaryimage\",\"url\":\"https:\/\/portelldemorella.org\/wp-content\/uploads\/2024\/02\/El-proyecto-sostenible-de-Portell.jpg\",\"contentUrl\":\"https:\/\/portelldemorella.org\/wp-content\/uploads\/2024\/02\/El-proyecto-sostenible-de-Portell.jpg\",\"width\":1296,\"height\":972},{\"@type\":\"BreadcrumbList\",\"@id\":\"https:\/\/portelldemorella.org\/ca\/el-projecte-sostenible-de-portell-arriba-a-galicia\/#breadcrumb\",\"itemListElement\":[{\"@type\":\"ListItem\",\"position\":1,\"name\":\"Portada\",\"item\":\"https:\/\/portelldemorella.org\/ca\/\"},{\"@type\":\"ListItem\",\"position\":2,\"name\":\"El projecte sostenible de Portell arriba a Gal\u00edcia\"}]},{\"@type\":\"WebSite\",\"@id\":\"https:\/\/portelldemorella.org\/#website\",\"url\":\"https:\/\/portelldemorella.org\/\",\"name\":\"Portell de Morella\",\"description\":\"Web del Ayuntamiento de Portell de Morella\",\"publisher\":{\"@id\":\"https:\/\/portelldemorella.org\/#organization\"},\"potentialAction\":[{\"@type\":\"SearchAction\",\"target\":{\"@type\":\"EntryPoint\",\"urlTemplate\":\"https:\/\/portelldemorella.org\/?s={search_term_string}\"},\"query-input\":{\"@type\":\"PropertyValueSpecification\",\"valueRequired\":true,\"valueName\":\"search_term_string\"}}],\"inLanguage\":\"ca\"},{\"@type\":\"Organization\",\"@id\":\"https:\/\/portelldemorella.org\/#organization\",\"name\":\"Portell de Morella\",\"url\":\"https:\/\/portelldemorella.org\/\",\"logo\":{\"@type\":\"ImageObject\",\"inLanguage\":\"ca\",\"@id\":\"https:\/\/portelldemorella.org\/#\/schema\/logo\/image\/\",\"url\":\"https:\/\/portelldemorella.org\/wp-content\/uploads\/2020\/11\/Escudo-Portell-04.jpg\",\"contentUrl\":\"https:\/\/portelldemorella.org\/wp-content\/uploads\/2020\/11\/Escudo-Portell-04.jpg\",\"width\":1001,\"height\":394,\"caption\":\"Portell de Morella\"},\"image\":{\"@id\":\"https:\/\/portelldemorella.org\/#\/schema\/logo\/image\/\"}},{\"@type\":\"Person\",\"@id\":\"https:\/\/portelldemorella.org\/#\/schema\/person\/2adde77c454244acd163488ec723a88b\",\"name\":\"portell\",\"image\":{\"@type\":\"ImageObject\",\"inLanguage\":\"ca\",\"@id\":\"https:\/\/portelldemorella.org\/#\/schema\/person\/image\/\",\"url\":\"https:\/\/secure.gravatar.com\/avatar\/077c6bd89604df620d2fa93a06be2531944cdd6826fd322dbd8b483fd84d6407?s=96&d=mm&r=g\",\"contentUrl\":\"https:\/\/secure.gravatar.com\/avatar\/077c6bd89604df620d2fa93a06be2531944cdd6826fd322dbd8b483fd84d6407?s=96&d=mm&r=g\",\"caption\":\"portell\"},\"sameAs\":[\"https:\/\/portelldemorella.org\"],\"url\":\"https:\/\/portelldemorella.org\/ca\/author\/portell\/\"}]}<\/script>\n<!-- \/ Yoast SEO plugin. -->","yoast_head_json":{"title":"El projecte sostenible de Portell arriba a Gal\u00edcia - Portell de Morella","robots":{"index":"noindex","follow":"follow","max-snippet":"max-snippet:-1","max-image-preview":"max-image-preview:large","max-video-preview":"max-video-preview:-1"},"og_locale":"ca_ES","og_type":"article","og_title":"El projecte sostenible de Portell arriba a Gal\u00edcia - Portell de Morella","og_description":"L&#8217;alcalde de Portell, \u00c1lvaro Ferrer, ha participat en la jornada &#8216;Comunitats Energ\u00e8tiques en el m\u00f3n rural: reptes, oportunitats i realitats. Formant a formadors i decisors&#8217; celebrada en la Universitat de Vigo, Gal\u00edcia. &#8220;L&#8217;objectiu de la jornada era mostrar les oportunitats que s&#8217;obrin en el m\u00f3n rural gr\u00e0cies a la transici\u00f3 energ\u00e8tica i la sostenibilitat ambiental&#8221; [&hellip;]","og_url":"https:\/\/portelldemorella.org\/ca\/el-projecte-sostenible-de-portell-arriba-a-galicia\/","og_site_name":"Portell de Morella","article_published_time":"2023-11-01T07:52:00+00:00","article_modified_time":"2024-02-26T07:53:47+00:00","og_image":[{"width":1296,"height":972,"url":"https:\/\/portelldemorella.org\/wp-content\/uploads\/2024\/02\/El-proyecto-sostenible-de-Portell.jpg","type":"image\/jpeg"}],"author":"portell","twitter_card":"summary_large_image","twitter_misc":{"Escrit per":"portell","Temps estimat de lectura":"2 minuts"},"schema":{"@context":"https:\/\/schema.org","@graph":[{"@type":"Article","@id":"https:\/\/portelldemorella.org\/ca\/el-projecte-sostenible-de-portell-arriba-a-galicia\/#article","isPartOf":{"@id":"https:\/\/portelldemorella.org\/ca\/el-projecte-sostenible-de-portell-arriba-a-galicia\/"},"author":{"name":"portell","@id":"https:\/\/portelldemorella.org\/#\/schema\/person\/2adde77c454244acd163488ec723a88b"},"headline":"El projecte sostenible de Portell arriba a Gal\u00edcia","datePublished":"2023-11-01T07:52:00+00:00","dateModified":"2024-02-26T07:53:47+00:00","mainEntityOfPage":{"@id":"https:\/\/portelldemorella.org\/ca\/el-projecte-sostenible-de-portell-arriba-a-galicia\/"},"wordCount":277,"commentCount":0,"publisher":{"@id":"https:\/\/portelldemorella.org\/#organization"},"image":{"@id":"https:\/\/portelldemorella.org\/ca\/el-projecte-sostenible-de-portell-arriba-a-galicia\/#primaryimage"},"thumbnailUrl":"https:\/\/portelldemorella.org\/wp-content\/uploads\/2024\/02\/El-proyecto-sostenible-de-Portell.jpg","keywords":["portell"],"inLanguage":"ca","potentialAction":[{"@type":"CommentAction","name":"Comment","target":["https:\/\/portelldemorella.org\/ca\/el-projecte-sostenible-de-portell-arriba-a-galicia\/#respond"]}]},{"@type":"WebPage","@id":"https:\/\/portelldemorella.org\/ca\/el-projecte-sostenible-de-portell-arriba-a-galicia\/","url":"https:\/\/portelldemorella.org\/ca\/el-projecte-sostenible-de-portell-arriba-a-galicia\/","name":"El projecte sostenible de Portell arriba a Gal\u00edcia - Portell de Morella","isPartOf":{"@id":"https:\/\/portelldemorella.org\/#website"},"primaryImageOfPage":{"@id":"https:\/\/portelldemorella.org\/ca\/el-projecte-sostenible-de-portell-arriba-a-galicia\/#primaryimage"},"image":{"@id":"https:\/\/portelldemorella.org\/ca\/el-projecte-sostenible-de-portell-arriba-a-galicia\/#primaryimage"},"thumbnailUrl":"https:\/\/portelldemorella.org\/wp-content\/uploads\/2024\/02\/El-proyecto-sostenible-de-Portell.jpg","datePublished":"2023-11-01T07:52:00+00:00","dateModified":"2024-02-26T07:53:47+00:00","breadcrumb":{"@id":"https:\/\/portelldemorella.org\/ca\/el-projecte-sostenible-de-portell-arriba-a-galicia\/#breadcrumb"},"inLanguage":"ca","potentialAction":[{"@type":"ReadAction","target":["https:\/\/portelldemorella.org\/ca\/el-projecte-sostenible-de-portell-arriba-a-galicia\/"]}]},{"@type":"ImageObject","inLanguage":"ca","@id":"https:\/\/portelldemorella.org\/ca\/el-projecte-sostenible-de-portell-arriba-a-galicia\/#primaryimage","url":"https:\/\/portelldemorella.org\/wp-content\/uploads\/2024\/02\/El-proyecto-sostenible-de-Portell.jpg","contentUrl":"https:\/\/portelldemorella.org\/wp-content\/uploads\/2024\/02\/El-proyecto-sostenible-de-Portell.jpg","width":1296,"height":972},{"@type":"BreadcrumbList","@id":"https:\/\/portelldemorella.org\/ca\/el-projecte-sostenible-de-portell-arriba-a-galicia\/#breadcrumb","itemListElement":[{"@type":"ListItem","position":1,"name":"Portada","item":"https:\/\/portelldemorella.org\/ca\/"},{"@type":"ListItem","position":2,"name":"El projecte sostenible de Portell arriba a Gal\u00edcia"}]},{"@type":"WebSite","@id":"https:\/\/portelldemorella.org\/#website","url":"https:\/\/portelldemorella.org\/","name":"Portell de Morella","description":"Web del Ayuntamiento de Portell de Morella","publisher":{"@id":"https:\/\/portelldemorella.org\/#organization"},"potentialAction":[{"@type":"SearchAction","target":{"@type":"EntryPoint","urlTemplate":"https:\/\/portelldemorella.org\/?s={search_term_string}"},"query-input":{"@type":"PropertyValueSpecification","valueRequired":true,"valueName":"search_term_string"}}],"inLanguage":"ca"},{"@type":"Organization","@id":"https:\/\/portelldemorella.org\/#organization","name":"Portell de Morella","url":"https:\/\/portelldemorella.org\/","logo":{"@type":"ImageObject","inLanguage":"ca","@id":"https:\/\/portelldemorella.org\/#\/schema\/logo\/image\/","url":"https:\/\/portelldemorella.org\/wp-content\/uploads\/2020\/11\/Escudo-Portell-04.jpg","contentUrl":"https:\/\/portelldemorella.org\/wp-content\/uploads\/2020\/11\/Escudo-Portell-04.jpg","width":1001,"height":394,"caption":"Portell de Morella"},"image":{"@id":"https:\/\/portelldemorella.org\/#\/schema\/logo\/image\/"}},{"@type":"Person","@id":"https:\/\/portelldemorella.org\/#\/schema\/person\/2adde77c454244acd163488ec723a88b","name":"portell","image":{"@type":"ImageObject","inLanguage":"ca","@id":"https:\/\/portelldemorella.org\/#\/schema\/person\/image\/","url":"https:\/\/secure.gravatar.com\/avatar\/077c6bd89604df620d2fa93a06be2531944cdd6826fd322dbd8b483fd84d6407?s=96&d=mm&r=g","contentUrl":"https:\/\/secure.gravatar.com\/avatar\/077c6bd89604df620d2fa93a06be2531944cdd6826fd322dbd8b483fd84d6407?s=96&d=mm&r=g","caption":"portell"},"sameAs":["https:\/\/portelldemorella.org"],"url":"https:\/\/portelldemorella.org\/ca\/author\/portell\/"}]}},"_links":{"self":[{"href":"https:\/\/portelldemorella.org\/ca\/wp-json\/wp\/v2\/posts\/7996","targetHints":{"allow":["GET"]}}],"collection":[{"href":"https:\/\/portelldemorella.org\/ca\/wp-json\/wp\/v2\/posts"}],"about":[{"href":"https:\/\/portelldemorella.org\/ca\/wp-json\/wp\/v2\/types\/post"}],"author":[{"embeddable":true,"href":"https:\/\/portelldemorella.org\/ca\/wp-json\/wp\/v2\/users\/1"}],"replies":[{"embeddable":true,"href":"https:\/\/portelldemorella.org\/ca\/wp-json\/wp\/v2\/comments?post=7996"}],"version-history":[{"count":1,"href":"https:\/\/portelldemorella.org\/ca\/wp-json\/wp\/v2\/posts\/7996\/revisions"}],"predecessor-version":[{"id":7999,"href":"https:\/\/portelldemorella.org\/ca\/wp-json\/wp\/v2\/posts\/7996\/revisions\/7999"}],"wp:featuredmedia":[{"embeddable":true,"href":"https:\/\/portelldemorella.org\/ca\/wp-json\/wp\/v2\/media\/7997"}],"wp:attachment":[{"href":"https:\/\/portelldemorella.org\/ca\/wp-json\/wp\/v2\/media?parent=7996"}],"wp:term":[{"taxonomy":"category","embeddable":true,"href":"https:\/\/portelldemorella.org\/ca\/wp-json\/wp\/v2\/categories?post=7996"},{"taxonomy":"post_tag","embeddable":true,"href":"https:\/\/portelldemorella.org\/ca\/wp-json\/wp\/v2\/tags?post=7996"}],"curies":[{"name":"wp","href":"https:\/\/api.w.org\/{rel}","templated":true}]}}