{"id":8008,"date":"2024-01-17T07:56:00","date_gmt":"2024-01-17T07:56:00","guid":{"rendered":"https:\/\/portelldemorella.org\/?p=8008"},"modified":"2024-02-26T07:57:23","modified_gmt":"2024-02-26T07:57:23","slug":"la-festa-del-foc-hivernal-es-viura-a-portell-el-10-i-11-de-febrer","status":"publish","type":"post","link":"https:\/\/portelldemorella.org\/ca\/la-festa-del-foc-hivernal-es-viura-a-portell-el-10-i-11-de-febrer\/","title":{"rendered":"La festa del foc hivernal es viur\u00e0 a Portell el 10 i 11 de febrer"},"content":{"rendered":"\n<p>Ve\u00efns, ve\u00efnes i visitants de Portell gaudiran dels festejos del foc i del patr\u00f3 dels animals el cap de setmana del 10 i 11 de febrer.<\/p>\n\n\n\n<p>El dissabte 10 l&#8217;activitat comen\u00e7ar\u00e0 a les 8h amb el muntatge de la barraca, al qual seguir\u00e0 un esmorzar per a totes les persones participants. Les cavalleries eixiran a les 10.30h per les carrasques. I a les 12.30h arribar\u00e0 la tradicional entrada de cavalls amb les carrasques a la pla\u00e7a i s&#8217;encendr\u00e0 la foguera.<\/p>\n\n\n\n<p>Tot el poble es reunir\u00e0 en el poliesportiu per a un dinar popular, amb rifa i &#8216;transa&#8217;.<\/p>\n\n\n\n<p>A la vesprada, l&#8217;activitat es reprendr\u00e0 a les 18h quan s&#8217;inicie la process\u00f3 des de l&#8217;esgl\u00e9sia fins a l&#8217;ermita per a escoltar la primera &#8216;relaci\u00f3&#8217; de Sant Antoni. Seguidament s&#8217;anir\u00e0 a la pla\u00e7a a escoltar la segona &#8216;relaci\u00f3&#8217;.<\/p>\n\n\n\n<p>En acabar les &#8216;relacions&#8217; es beneiran els animals i es baixar\u00e0 a les Basses per al repartiment de pastissos. El Ball Pla i la crema de la barraca seran a les 19.30h.<\/p>\n\n\n\n<p>Les activitats del dissabte acabaran amb un sopar de pa i porta en el poliesportiu, l&#8217;actuaci\u00f3 de Triband i una discom\u00f2bil.<\/p>\n\n\n\n<p>El diumenge, a les 13h, se celebrar\u00e0 la missa i process\u00f3 en honor a Sant Antoni.<\/p>\n","protected":false},"excerpt":{"rendered":"<p>Ve\u00efns, ve\u00efnes i visitants de Portell gaudiran dels festejos del foc i del patr\u00f3 dels animals el cap de setmana del 10 i 11 de febrer. El dissabte 10 l&#8217;activitat comen\u00e7ar\u00e0 a les 8h amb el muntatge de la barraca, al qual seguir\u00e0 un esmorzar per a totes les persones participants. Les cavalleries eixiran a [&hellip;]<\/p>\n","protected":false},"author":1,"featured_media":8009,"comment_status":"open","ping_status":"open","sticky":false,"template":"","format":"standard","meta":{"footnotes":""},"categories":[79],"tags":[],"class_list":["post-8008","post","type-post","status-publish","format-standard","has-post-thumbnail","hentry","category-sense-categoria"],"yoast_head":"<!-- This site is optimized with the Yoast SEO plugin v24.4 - https:\/\/yoast.com\/wordpress\/plugins\/seo\/ -->\n<title>La festa del foc hivernal es viur\u00e0 a Portell el 10 i 11 de febrer - Portell de Morella<\/title>\n<meta name=\"robots\" content=\"noindex, follow, max-snippet:-1, max-image-preview:large, max-video-preview:-1\" \/>\n<meta property=\"og:locale\" content=\"ca_ES\" \/>\n<meta property=\"og:type\" content=\"article\" \/>\n<meta property=\"og:title\" content=\"La festa del foc hivernal es viur\u00e0 a Portell el 10 i 11 de febrer - Portell de Morella\" \/>\n<meta property=\"og:description\" content=\"Ve\u00efns, ve\u00efnes i visitants de Portell gaudiran dels festejos del foc i del patr\u00f3 dels animals el cap de setmana del 10 i 11 de febrer. El dissabte 10 l&#8217;activitat comen\u00e7ar\u00e0 a les 8h amb el muntatge de la barraca, al qual seguir\u00e0 un esmorzar per a totes les persones participants. Les cavalleries eixiran a [&hellip;]\" \/>\n<meta property=\"og:url\" content=\"https:\/\/portelldemorella.org\/ca\/la-festa-del-foc-hivernal-es-viura-a-portell-el-10-i-11-de-febrer\/\" \/>\n<meta property=\"og:site_name\" content=\"Portell de Morella\" \/>\n<meta property=\"article:published_time\" content=\"2024-01-17T07:56:00+00:00\" \/>\n<meta property=\"article:modified_time\" content=\"2024-02-26T07:57:23+00:00\" \/>\n<meta property=\"og:image\" content=\"https:\/\/portelldemorella.org\/wp-content\/uploads\/2024\/02\/Sant-Antoni-Portell.jpg\" \/>\n\t<meta property=\"og:image:width\" content=\"1131\" \/>\n\t<meta property=\"og:image:height\" content=\"1600\" \/>\n\t<meta property=\"og:image:type\" content=\"image\/jpeg\" \/>\n<meta name=\"author\" content=\"portell\" \/>\n<meta name=\"twitter:card\" content=\"summary_large_image\" \/>\n<meta name=\"twitter:label1\" content=\"Escrit per\" \/>\n\t<meta name=\"twitter:data1\" content=\"portell\" \/>\n\t<meta name=\"twitter:label2\" content=\"Temps estimat de lectura\" \/>\n\t<meta name=\"twitter:data2\" content=\"2 minuts\" \/>\n<script type=\"application\/ld+json\" class=\"yoast-schema-graph\">{\"@context\":\"https:\/\/schema.org\",\"@graph\":[{\"@type\":\"Article\",\"@id\":\"https:\/\/portelldemorella.org\/ca\/la-festa-del-foc-hivernal-es-viura-a-portell-el-10-i-11-de-febrer\/#article\",\"isPartOf\":{\"@id\":\"https:\/\/portelldemorella.org\/ca\/la-festa-del-foc-hivernal-es-viura-a-portell-el-10-i-11-de-febrer\/\"},\"author\":{\"name\":\"portell\",\"@id\":\"https:\/\/portelldemorella.org\/#\/schema\/person\/2adde77c454244acd163488ec723a88b\"},\"headline\":\"La festa del foc hivernal es viur\u00e0 a Portell el 10 i 11 de febrer\",\"datePublished\":\"2024-01-17T07:56:00+00:00\",\"dateModified\":\"2024-02-26T07:57:23+00:00\",\"mainEntityOfPage\":{\"@id\":\"https:\/\/portelldemorella.org\/ca\/la-festa-del-foc-hivernal-es-viura-a-portell-el-10-i-11-de-febrer\/\"},\"wordCount\":223,\"commentCount\":0,\"publisher\":{\"@id\":\"https:\/\/portelldemorella.org\/#organization\"},\"image\":{\"@id\":\"https:\/\/portelldemorella.org\/ca\/la-festa-del-foc-hivernal-es-viura-a-portell-el-10-i-11-de-febrer\/#primaryimage\"},\"thumbnailUrl\":\"https:\/\/portelldemorella.org\/wp-content\/uploads\/2024\/02\/Sant-Antoni-Portell.jpg\",\"inLanguage\":\"ca\",\"potentialAction\":[{\"@type\":\"CommentAction\",\"name\":\"Comment\",\"target\":[\"https:\/\/portelldemorella.org\/ca\/la-festa-del-foc-hivernal-es-viura-a-portell-el-10-i-11-de-febrer\/#respond\"]}]},{\"@type\":\"WebPage\",\"@id\":\"https:\/\/portelldemorella.org\/ca\/la-festa-del-foc-hivernal-es-viura-a-portell-el-10-i-11-de-febrer\/\",\"url\":\"https:\/\/portelldemorella.org\/ca\/la-festa-del-foc-hivernal-es-viura-a-portell-el-10-i-11-de-febrer\/\",\"name\":\"La festa del foc hivernal es viur\u00e0 a Portell el 10 i 11 de febrer - Portell de Morella\",\"isPartOf\":{\"@id\":\"https:\/\/portelldemorella.org\/#website\"},\"primaryImageOfPage\":{\"@id\":\"https:\/\/portelldemorella.org\/ca\/la-festa-del-foc-hivernal-es-viura-a-portell-el-10-i-11-de-febrer\/#primaryimage\"},\"image\":{\"@id\":\"https:\/\/portelldemorella.org\/ca\/la-festa-del-foc-hivernal-es-viura-a-portell-el-10-i-11-de-febrer\/#primaryimage\"},\"thumbnailUrl\":\"https:\/\/portelldemorella.org\/wp-content\/uploads\/2024\/02\/Sant-Antoni-Portell.jpg\",\"datePublished\":\"2024-01-17T07:56:00+00:00\",\"dateModified\":\"2024-02-26T07:57:23+00:00\",\"breadcrumb\":{\"@id\":\"https:\/\/portelldemorella.org\/ca\/la-festa-del-foc-hivernal-es-viura-a-portell-el-10-i-11-de-febrer\/#breadcrumb\"},\"inLanguage\":\"ca\",\"potentialAction\":[{\"@type\":\"ReadAction\",\"target\":[\"https:\/\/portelldemorella.org\/ca\/la-festa-del-foc-hivernal-es-viura-a-portell-el-10-i-11-de-febrer\/\"]}]},{\"@type\":\"ImageObject\",\"inLanguage\":\"ca\",\"@id\":\"https:\/\/portelldemorella.org\/ca\/la-festa-del-foc-hivernal-es-viura-a-portell-el-10-i-11-de-febrer\/#primaryimage\",\"url\":\"https:\/\/portelldemorella.org\/wp-content\/uploads\/2024\/02\/Sant-Antoni-Portell.jpg\",\"contentUrl\":\"https:\/\/portelldemorella.org\/wp-content\/uploads\/2024\/02\/Sant-Antoni-Portell.jpg\",\"width\":1131,\"height\":1600},{\"@type\":\"BreadcrumbList\",\"@id\":\"https:\/\/portelldemorella.org\/ca\/la-festa-del-foc-hivernal-es-viura-a-portell-el-10-i-11-de-febrer\/#breadcrumb\",\"itemListElement\":[{\"@type\":\"ListItem\",\"position\":1,\"name\":\"Portada\",\"item\":\"https:\/\/portelldemorella.org\/ca\/\"},{\"@type\":\"ListItem\",\"position\":2,\"name\":\"La festa del foc hivernal es viur\u00e0 a Portell el 10 i 11 de febrer\"}]},{\"@type\":\"WebSite\",\"@id\":\"https:\/\/portelldemorella.org\/#website\",\"url\":\"https:\/\/portelldemorella.org\/\",\"name\":\"Portell de Morella\",\"description\":\"Web del Ayuntamiento de Portell de Morella\",\"publisher\":{\"@id\":\"https:\/\/portelldemorella.org\/#organization\"},\"potentialAction\":[{\"@type\":\"SearchAction\",\"target\":{\"@type\":\"EntryPoint\",\"urlTemplate\":\"https:\/\/portelldemorella.org\/?s={search_term_string}\"},\"query-input\":{\"@type\":\"PropertyValueSpecification\",\"valueRequired\":true,\"valueName\":\"search_term_string\"}}],\"inLanguage\":\"ca\"},{\"@type\":\"Organization\",\"@id\":\"https:\/\/portelldemorella.org\/#organization\",\"name\":\"Portell de Morella\",\"url\":\"https:\/\/portelldemorella.org\/\",\"logo\":{\"@type\":\"ImageObject\",\"inLanguage\":\"ca\",\"@id\":\"https:\/\/portelldemorella.org\/#\/schema\/logo\/image\/\",\"url\":\"https:\/\/portelldemorella.org\/wp-content\/uploads\/2020\/11\/Escudo-Portell-04.jpg\",\"contentUrl\":\"https:\/\/portelldemorella.org\/wp-content\/uploads\/2020\/11\/Escudo-Portell-04.jpg\",\"width\":1001,\"height\":394,\"caption\":\"Portell de Morella\"},\"image\":{\"@id\":\"https:\/\/portelldemorella.org\/#\/schema\/logo\/image\/\"}},{\"@type\":\"Person\",\"@id\":\"https:\/\/portelldemorella.org\/#\/schema\/person\/2adde77c454244acd163488ec723a88b\",\"name\":\"portell\",\"image\":{\"@type\":\"ImageObject\",\"inLanguage\":\"ca\",\"@id\":\"https:\/\/portelldemorella.org\/#\/schema\/person\/image\/\",\"url\":\"https:\/\/secure.gravatar.com\/avatar\/077c6bd89604df620d2fa93a06be2531944cdd6826fd322dbd8b483fd84d6407?s=96&d=mm&r=g\",\"contentUrl\":\"https:\/\/secure.gravatar.com\/avatar\/077c6bd89604df620d2fa93a06be2531944cdd6826fd322dbd8b483fd84d6407?s=96&d=mm&r=g\",\"caption\":\"portell\"},\"sameAs\":[\"https:\/\/portelldemorella.org\"],\"url\":\"https:\/\/portelldemorella.org\/ca\/author\/portell\/\"}]}<\/script>\n<!-- \/ Yoast SEO plugin. -->","yoast_head_json":{"title":"La festa del foc hivernal es viur\u00e0 a Portell el 10 i 11 de febrer - Portell de Morella","robots":{"index":"noindex","follow":"follow","max-snippet":"max-snippet:-1","max-image-preview":"max-image-preview:large","max-video-preview":"max-video-preview:-1"},"og_locale":"ca_ES","og_type":"article","og_title":"La festa del foc hivernal es viur\u00e0 a Portell el 10 i 11 de febrer - Portell de Morella","og_description":"Ve\u00efns, ve\u00efnes i visitants de Portell gaudiran dels festejos del foc i del patr\u00f3 dels animals el cap de setmana del 10 i 11 de febrer. El dissabte 10 l&#8217;activitat comen\u00e7ar\u00e0 a les 8h amb el muntatge de la barraca, al qual seguir\u00e0 un esmorzar per a totes les persones participants. Les cavalleries eixiran a [&hellip;]","og_url":"https:\/\/portelldemorella.org\/ca\/la-festa-del-foc-hivernal-es-viura-a-portell-el-10-i-11-de-febrer\/","og_site_name":"Portell de Morella","article_published_time":"2024-01-17T07:56:00+00:00","article_modified_time":"2024-02-26T07:57:23+00:00","og_image":[{"width":1131,"height":1600,"url":"https:\/\/portelldemorella.org\/wp-content\/uploads\/2024\/02\/Sant-Antoni-Portell.jpg","type":"image\/jpeg"}],"author":"portell","twitter_card":"summary_large_image","twitter_misc":{"Escrit per":"portell","Temps estimat de lectura":"2 minuts"},"schema":{"@context":"https:\/\/schema.org","@graph":[{"@type":"Article","@id":"https:\/\/portelldemorella.org\/ca\/la-festa-del-foc-hivernal-es-viura-a-portell-el-10-i-11-de-febrer\/#article","isPartOf":{"@id":"https:\/\/portelldemorella.org\/ca\/la-festa-del-foc-hivernal-es-viura-a-portell-el-10-i-11-de-febrer\/"},"author":{"name":"portell","@id":"https:\/\/portelldemorella.org\/#\/schema\/person\/2adde77c454244acd163488ec723a88b"},"headline":"La festa del foc hivernal es viur\u00e0 a Portell el 10 i 11 de febrer","datePublished":"2024-01-17T07:56:00+00:00","dateModified":"2024-02-26T07:57:23+00:00","mainEntityOfPage":{"@id":"https:\/\/portelldemorella.org\/ca\/la-festa-del-foc-hivernal-es-viura-a-portell-el-10-i-11-de-febrer\/"},"wordCount":223,"commentCount":0,"publisher":{"@id":"https:\/\/portelldemorella.org\/#organization"},"image":{"@id":"https:\/\/portelldemorella.org\/ca\/la-festa-del-foc-hivernal-es-viura-a-portell-el-10-i-11-de-febrer\/#primaryimage"},"thumbnailUrl":"https:\/\/portelldemorella.org\/wp-content\/uploads\/2024\/02\/Sant-Antoni-Portell.jpg","inLanguage":"ca","potentialAction":[{"@type":"CommentAction","name":"Comment","target":["https:\/\/portelldemorella.org\/ca\/la-festa-del-foc-hivernal-es-viura-a-portell-el-10-i-11-de-febrer\/#respond"]}]},{"@type":"WebPage","@id":"https:\/\/portelldemorella.org\/ca\/la-festa-del-foc-hivernal-es-viura-a-portell-el-10-i-11-de-febrer\/","url":"https:\/\/portelldemorella.org\/ca\/la-festa-del-foc-hivernal-es-viura-a-portell-el-10-i-11-de-febrer\/","name":"La festa del foc hivernal es viur\u00e0 a Portell el 10 i 11 de febrer - Portell de Morella","isPartOf":{"@id":"https:\/\/portelldemorella.org\/#website"},"primaryImageOfPage":{"@id":"https:\/\/portelldemorella.org\/ca\/la-festa-del-foc-hivernal-es-viura-a-portell-el-10-i-11-de-febrer\/#primaryimage"},"image":{"@id":"https:\/\/portelldemorella.org\/ca\/la-festa-del-foc-hivernal-es-viura-a-portell-el-10-i-11-de-febrer\/#primaryimage"},"thumbnailUrl":"https:\/\/portelldemorella.org\/wp-content\/uploads\/2024\/02\/Sant-Antoni-Portell.jpg","datePublished":"2024-01-17T07:56:00+00:00","dateModified":"2024-02-26T07:57:23+00:00","breadcrumb":{"@id":"https:\/\/portelldemorella.org\/ca\/la-festa-del-foc-hivernal-es-viura-a-portell-el-10-i-11-de-febrer\/#breadcrumb"},"inLanguage":"ca","potentialAction":[{"@type":"ReadAction","target":["https:\/\/portelldemorella.org\/ca\/la-festa-del-foc-hivernal-es-viura-a-portell-el-10-i-11-de-febrer\/"]}]},{"@type":"ImageObject","inLanguage":"ca","@id":"https:\/\/portelldemorella.org\/ca\/la-festa-del-foc-hivernal-es-viura-a-portell-el-10-i-11-de-febrer\/#primaryimage","url":"https:\/\/portelldemorella.org\/wp-content\/uploads\/2024\/02\/Sant-Antoni-Portell.jpg","contentUrl":"https:\/\/portelldemorella.org\/wp-content\/uploads\/2024\/02\/Sant-Antoni-Portell.jpg","width":1131,"height":1600},{"@type":"BreadcrumbList","@id":"https:\/\/portelldemorella.org\/ca\/la-festa-del-foc-hivernal-es-viura-a-portell-el-10-i-11-de-febrer\/#breadcrumb","itemListElement":[{"@type":"ListItem","position":1,"name":"Portada","item":"https:\/\/portelldemorella.org\/ca\/"},{"@type":"ListItem","position":2,"name":"La festa del foc hivernal es viur\u00e0 a Portell el 10 i 11 de febrer"}]},{"@type":"WebSite","@id":"https:\/\/portelldemorella.org\/#website","url":"https:\/\/portelldemorella.org\/","name":"Portell de Morella","description":"Web del Ayuntamiento de Portell de Morella","publisher":{"@id":"https:\/\/portelldemorella.org\/#organization"},"potentialAction":[{"@type":"SearchAction","target":{"@type":"EntryPoint","urlTemplate":"https:\/\/portelldemorella.org\/?s={search_term_string}"},"query-input":{"@type":"PropertyValueSpecification","valueRequired":true,"valueName":"search_term_string"}}],"inLanguage":"ca"},{"@type":"Organization","@id":"https:\/\/portelldemorella.org\/#organization","name":"Portell de Morella","url":"https:\/\/portelldemorella.org\/","logo":{"@type":"ImageObject","inLanguage":"ca","@id":"https:\/\/portelldemorella.org\/#\/schema\/logo\/image\/","url":"https:\/\/portelldemorella.org\/wp-content\/uploads\/2020\/11\/Escudo-Portell-04.jpg","contentUrl":"https:\/\/portelldemorella.org\/wp-content\/uploads\/2020\/11\/Escudo-Portell-04.jpg","width":1001,"height":394,"caption":"Portell de Morella"},"image":{"@id":"https:\/\/portelldemorella.org\/#\/schema\/logo\/image\/"}},{"@type":"Person","@id":"https:\/\/portelldemorella.org\/#\/schema\/person\/2adde77c454244acd163488ec723a88b","name":"portell","image":{"@type":"ImageObject","inLanguage":"ca","@id":"https:\/\/portelldemorella.org\/#\/schema\/person\/image\/","url":"https:\/\/secure.gravatar.com\/avatar\/077c6bd89604df620d2fa93a06be2531944cdd6826fd322dbd8b483fd84d6407?s=96&d=mm&r=g","contentUrl":"https:\/\/secure.gravatar.com\/avatar\/077c6bd89604df620d2fa93a06be2531944cdd6826fd322dbd8b483fd84d6407?s=96&d=mm&r=g","caption":"portell"},"sameAs":["https:\/\/portelldemorella.org"],"url":"https:\/\/portelldemorella.org\/ca\/author\/portell\/"}]}},"_links":{"self":[{"href":"https:\/\/portelldemorella.org\/ca\/wp-json\/wp\/v2\/posts\/8008","targetHints":{"allow":["GET"]}}],"collection":[{"href":"https:\/\/portelldemorella.org\/ca\/wp-json\/wp\/v2\/posts"}],"about":[{"href":"https:\/\/portelldemorella.org\/ca\/wp-json\/wp\/v2\/types\/post"}],"author":[{"embeddable":true,"href":"https:\/\/portelldemorella.org\/ca\/wp-json\/wp\/v2\/users\/1"}],"replies":[{"embeddable":true,"href":"https:\/\/portelldemorella.org\/ca\/wp-json\/wp\/v2\/comments?post=8008"}],"version-history":[{"count":1,"href":"https:\/\/portelldemorella.org\/ca\/wp-json\/wp\/v2\/posts\/8008\/revisions"}],"predecessor-version":[{"id":8011,"href":"https:\/\/portelldemorella.org\/ca\/wp-json\/wp\/v2\/posts\/8008\/revisions\/8011"}],"wp:featuredmedia":[{"embeddable":true,"href":"https:\/\/portelldemorella.org\/ca\/wp-json\/wp\/v2\/media\/8009"}],"wp:attachment":[{"href":"https:\/\/portelldemorella.org\/ca\/wp-json\/wp\/v2\/media?parent=8008"}],"wp:term":[{"taxonomy":"category","embeddable":true,"href":"https:\/\/portelldemorella.org\/ca\/wp-json\/wp\/v2\/categories?post=8008"},{"taxonomy":"post_tag","embeddable":true,"href":"https:\/\/portelldemorella.org\/ca\/wp-json\/wp\/v2\/tags?post=8008"}],"curies":[{"name":"wp","href":"https:\/\/api.w.org\/{rel}","templated":true}]}}