{"id":8038,"date":"2022-05-24T09:25:00","date_gmt":"2022-05-24T09:25:00","guid":{"rendered":"https:\/\/portelldemorella.org\/?p=8038"},"modified":"2024-02-26T09:25:42","modified_gmt":"2024-02-26T09:25:42","slug":"les-dones-protagonitzen-la-rogativa-de-els-pelegrins-de-portell","status":"publish","type":"post","link":"https:\/\/portelldemorella.org\/ca\/les-dones-protagonitzen-la-rogativa-de-els-pelegrins-de-portell\/","title":{"rendered":"Les dones protagonitzen la rogativa de Els Pelegrins de Portell"},"content":{"rendered":"\n<p>Despr\u00e9s de dos anys d&#8217;abs\u00e8ncia obligada per la Covid-19, Portell recupera la rogativa de Els Pelegrins cap a Sant Pere de Castellfort. L&#8217;edici\u00f3 del 2022, programada per al dissabte 11 de juny, est\u00e0 caracteritzada per la majoria de dones que protagonitzaran la rogativa. 10 de 12 participants seran dones, signe inequ\u00edvoc de l&#8217;evoluci\u00f3 i transformaci\u00f3 constant de la societat contempor\u00e0nia i de la ruptura de tab\u00fas i normes que han arraconat durant segles a les dones a l&#8217;ostracisme social i cultural. La majoralia d&#8217;enguany recau sobre l&#8217;Associaci\u00f3 Esportiva Portell Toll d\u2019En&nbsp;Drac. A m\u00e9s, la majoria d&#8217;aquestes dones formen part de l&#8217;organitzaci\u00f3 de l&#8217;Aplec dels Ports, un dels grans esdeveniments culturals i musicals de la comarca que aquest estiu se celebrar\u00e0 a Portell.<br><br>El trajecte que realitzaran els i les pelegrines \u00e9s de 26 km aproximadament. A l&#8217;arribada a l&#8217;ermita de Sant Pere se celebra una missa solemne i el posterior dinar. A la vesprada s&#8217;empr\u00e9n el cam\u00ed de tornada, baix el mateix signe cerimonial.<\/p>\n","protected":false},"excerpt":{"rendered":"<p>Despr\u00e9s de dos anys d&#8217;abs\u00e8ncia obligada per la Covid-19, Portell recupera la rogativa de Els Pelegrins cap a Sant Pere de Castellfort. L&#8217;edici\u00f3 del 2022, programada per al dissabte 11 de juny, est\u00e0 caracteritzada per la majoria de dones que protagonitzaran la rogativa. 10 de 12 participants seran dones, signe inequ\u00edvoc de l&#8217;evoluci\u00f3 i transformaci\u00f3 [&hellip;]<\/p>\n","protected":false},"author":1,"featured_media":8036,"comment_status":"open","ping_status":"open","sticky":false,"template":"","format":"standard","meta":{"footnotes":""},"categories":[79],"tags":[],"class_list":["post-8038","post","type-post","status-publish","format-standard","has-post-thumbnail","hentry","category-sense-categoria"],"yoast_head":"<!-- This site is optimized with the Yoast SEO plugin v24.4 - https:\/\/yoast.com\/wordpress\/plugins\/seo\/ -->\n<title>Les dones protagonitzen la rogativa de Els Pelegrins de Portell - Portell de Morella<\/title>\n<meta name=\"robots\" content=\"noindex, follow, max-snippet:-1, max-image-preview:large, max-video-preview:-1\" \/>\n<meta property=\"og:locale\" content=\"ca_ES\" \/>\n<meta property=\"og:type\" content=\"article\" \/>\n<meta property=\"og:title\" content=\"Les dones protagonitzen la rogativa de Els Pelegrins de Portell - Portell de Morella\" \/>\n<meta property=\"og:description\" content=\"Despr\u00e9s de dos anys d&#8217;abs\u00e8ncia obligada per la Covid-19, Portell recupera la rogativa de Els Pelegrins cap a Sant Pere de Castellfort. L&#8217;edici\u00f3 del 2022, programada per al dissabte 11 de juny, est\u00e0 caracteritzada per la majoria de dones que protagonitzaran la rogativa. 10 de 12 participants seran dones, signe inequ\u00edvoc de l&#8217;evoluci\u00f3 i transformaci\u00f3 [&hellip;]\" \/>\n<meta property=\"og:url\" content=\"https:\/\/portelldemorella.org\/ca\/les-dones-protagonitzen-la-rogativa-de-els-pelegrins-de-portell\/\" \/>\n<meta property=\"og:site_name\" content=\"Portell de Morella\" \/>\n<meta property=\"article:published_time\" content=\"2022-05-24T09:25:00+00:00\" \/>\n<meta property=\"article:modified_time\" content=\"2024-02-26T09:25:42+00:00\" \/>\n<meta property=\"og:image\" content=\"https:\/\/portelldemorella.org\/wp-content\/uploads\/2024\/02\/WEB-DIPU-40.png\" \/>\n\t<meta property=\"og:image:width\" content=\"1080\" \/>\n\t<meta property=\"og:image:height\" content=\"450\" \/>\n\t<meta property=\"og:image:type\" content=\"image\/png\" \/>\n<meta name=\"author\" content=\"portell\" \/>\n<meta name=\"twitter:card\" content=\"summary_large_image\" \/>\n<meta name=\"twitter:label1\" content=\"Escrit per\" \/>\n\t<meta name=\"twitter:data1\" content=\"portell\" \/>\n\t<meta name=\"twitter:label2\" content=\"Temps estimat de lectura\" \/>\n\t<meta name=\"twitter:data2\" content=\"1 minut\" \/>\n<script type=\"application\/ld+json\" class=\"yoast-schema-graph\">{\"@context\":\"https:\/\/schema.org\",\"@graph\":[{\"@type\":\"Article\",\"@id\":\"https:\/\/portelldemorella.org\/ca\/les-dones-protagonitzen-la-rogativa-de-els-pelegrins-de-portell\/#article\",\"isPartOf\":{\"@id\":\"https:\/\/portelldemorella.org\/ca\/les-dones-protagonitzen-la-rogativa-de-els-pelegrins-de-portell\/\"},\"author\":{\"name\":\"portell\",\"@id\":\"https:\/\/portelldemorella.org\/#\/schema\/person\/2adde77c454244acd163488ec723a88b\"},\"headline\":\"Les dones protagonitzen la rogativa de Els Pelegrins de Portell\",\"datePublished\":\"2022-05-24T09:25:00+00:00\",\"dateModified\":\"2024-02-26T09:25:42+00:00\",\"mainEntityOfPage\":{\"@id\":\"https:\/\/portelldemorella.org\/ca\/les-dones-protagonitzen-la-rogativa-de-els-pelegrins-de-portell\/\"},\"wordCount\":179,\"commentCount\":0,\"publisher\":{\"@id\":\"https:\/\/portelldemorella.org\/#organization\"},\"image\":{\"@id\":\"https:\/\/portelldemorella.org\/ca\/les-dones-protagonitzen-la-rogativa-de-els-pelegrins-de-portell\/#primaryimage\"},\"thumbnailUrl\":\"https:\/\/portelldemorella.org\/wp-content\/uploads\/2024\/02\/WEB-DIPU-40.png\",\"inLanguage\":\"ca\",\"potentialAction\":[{\"@type\":\"CommentAction\",\"name\":\"Comment\",\"target\":[\"https:\/\/portelldemorella.org\/ca\/les-dones-protagonitzen-la-rogativa-de-els-pelegrins-de-portell\/#respond\"]}]},{\"@type\":\"WebPage\",\"@id\":\"https:\/\/portelldemorella.org\/ca\/les-dones-protagonitzen-la-rogativa-de-els-pelegrins-de-portell\/\",\"url\":\"https:\/\/portelldemorella.org\/ca\/les-dones-protagonitzen-la-rogativa-de-els-pelegrins-de-portell\/\",\"name\":\"Les dones protagonitzen la rogativa de Els Pelegrins de Portell - Portell de Morella\",\"isPartOf\":{\"@id\":\"https:\/\/portelldemorella.org\/#website\"},\"primaryImageOfPage\":{\"@id\":\"https:\/\/portelldemorella.org\/ca\/les-dones-protagonitzen-la-rogativa-de-els-pelegrins-de-portell\/#primaryimage\"},\"image\":{\"@id\":\"https:\/\/portelldemorella.org\/ca\/les-dones-protagonitzen-la-rogativa-de-els-pelegrins-de-portell\/#primaryimage\"},\"thumbnailUrl\":\"https:\/\/portelldemorella.org\/wp-content\/uploads\/2024\/02\/WEB-DIPU-40.png\",\"datePublished\":\"2022-05-24T09:25:00+00:00\",\"dateModified\":\"2024-02-26T09:25:42+00:00\",\"breadcrumb\":{\"@id\":\"https:\/\/portelldemorella.org\/ca\/les-dones-protagonitzen-la-rogativa-de-els-pelegrins-de-portell\/#breadcrumb\"},\"inLanguage\":\"ca\",\"potentialAction\":[{\"@type\":\"ReadAction\",\"target\":[\"https:\/\/portelldemorella.org\/ca\/les-dones-protagonitzen-la-rogativa-de-els-pelegrins-de-portell\/\"]}]},{\"@type\":\"ImageObject\",\"inLanguage\":\"ca\",\"@id\":\"https:\/\/portelldemorella.org\/ca\/les-dones-protagonitzen-la-rogativa-de-els-pelegrins-de-portell\/#primaryimage\",\"url\":\"https:\/\/portelldemorella.org\/wp-content\/uploads\/2024\/02\/WEB-DIPU-40.png\",\"contentUrl\":\"https:\/\/portelldemorella.org\/wp-content\/uploads\/2024\/02\/WEB-DIPU-40.png\",\"width\":1080,\"height\":450},{\"@type\":\"BreadcrumbList\",\"@id\":\"https:\/\/portelldemorella.org\/ca\/les-dones-protagonitzen-la-rogativa-de-els-pelegrins-de-portell\/#breadcrumb\",\"itemListElement\":[{\"@type\":\"ListItem\",\"position\":1,\"name\":\"Portada\",\"item\":\"https:\/\/portelldemorella.org\/ca\/\"},{\"@type\":\"ListItem\",\"position\":2,\"name\":\"Les dones protagonitzen la rogativa de Els Pelegrins de Portell\"}]},{\"@type\":\"WebSite\",\"@id\":\"https:\/\/portelldemorella.org\/#website\",\"url\":\"https:\/\/portelldemorella.org\/\",\"name\":\"Portell de Morella\",\"description\":\"Web del Ayuntamiento de Portell de Morella\",\"publisher\":{\"@id\":\"https:\/\/portelldemorella.org\/#organization\"},\"potentialAction\":[{\"@type\":\"SearchAction\",\"target\":{\"@type\":\"EntryPoint\",\"urlTemplate\":\"https:\/\/portelldemorella.org\/?s={search_term_string}\"},\"query-input\":{\"@type\":\"PropertyValueSpecification\",\"valueRequired\":true,\"valueName\":\"search_term_string\"}}],\"inLanguage\":\"ca\"},{\"@type\":\"Organization\",\"@id\":\"https:\/\/portelldemorella.org\/#organization\",\"name\":\"Portell de Morella\",\"url\":\"https:\/\/portelldemorella.org\/\",\"logo\":{\"@type\":\"ImageObject\",\"inLanguage\":\"ca\",\"@id\":\"https:\/\/portelldemorella.org\/#\/schema\/logo\/image\/\",\"url\":\"https:\/\/portelldemorella.org\/wp-content\/uploads\/2020\/11\/Escudo-Portell-04.jpg\",\"contentUrl\":\"https:\/\/portelldemorella.org\/wp-content\/uploads\/2020\/11\/Escudo-Portell-04.jpg\",\"width\":1001,\"height\":394,\"caption\":\"Portell de Morella\"},\"image\":{\"@id\":\"https:\/\/portelldemorella.org\/#\/schema\/logo\/image\/\"}},{\"@type\":\"Person\",\"@id\":\"https:\/\/portelldemorella.org\/#\/schema\/person\/2adde77c454244acd163488ec723a88b\",\"name\":\"portell\",\"image\":{\"@type\":\"ImageObject\",\"inLanguage\":\"ca\",\"@id\":\"https:\/\/portelldemorella.org\/#\/schema\/person\/image\/\",\"url\":\"https:\/\/secure.gravatar.com\/avatar\/077c6bd89604df620d2fa93a06be2531944cdd6826fd322dbd8b483fd84d6407?s=96&d=mm&r=g\",\"contentUrl\":\"https:\/\/secure.gravatar.com\/avatar\/077c6bd89604df620d2fa93a06be2531944cdd6826fd322dbd8b483fd84d6407?s=96&d=mm&r=g\",\"caption\":\"portell\"},\"sameAs\":[\"https:\/\/portelldemorella.org\"],\"url\":\"https:\/\/portelldemorella.org\/ca\/author\/portell\/\"}]}<\/script>\n<!-- \/ Yoast SEO plugin. -->","yoast_head_json":{"title":"Les dones protagonitzen la rogativa de Els Pelegrins de Portell - Portell de Morella","robots":{"index":"noindex","follow":"follow","max-snippet":"max-snippet:-1","max-image-preview":"max-image-preview:large","max-video-preview":"max-video-preview:-1"},"og_locale":"ca_ES","og_type":"article","og_title":"Les dones protagonitzen la rogativa de Els Pelegrins de Portell - Portell de Morella","og_description":"Despr\u00e9s de dos anys d&#8217;abs\u00e8ncia obligada per la Covid-19, Portell recupera la rogativa de Els Pelegrins cap a Sant Pere de Castellfort. L&#8217;edici\u00f3 del 2022, programada per al dissabte 11 de juny, est\u00e0 caracteritzada per la majoria de dones que protagonitzaran la rogativa. 10 de 12 participants seran dones, signe inequ\u00edvoc de l&#8217;evoluci\u00f3 i transformaci\u00f3 [&hellip;]","og_url":"https:\/\/portelldemorella.org\/ca\/les-dones-protagonitzen-la-rogativa-de-els-pelegrins-de-portell\/","og_site_name":"Portell de Morella","article_published_time":"2022-05-24T09:25:00+00:00","article_modified_time":"2024-02-26T09:25:42+00:00","og_image":[{"width":1080,"height":450,"url":"https:\/\/portelldemorella.org\/wp-content\/uploads\/2024\/02\/WEB-DIPU-40.png","type":"image\/png"}],"author":"portell","twitter_card":"summary_large_image","twitter_misc":{"Escrit per":"portell","Temps estimat de lectura":"1 minut"},"schema":{"@context":"https:\/\/schema.org","@graph":[{"@type":"Article","@id":"https:\/\/portelldemorella.org\/ca\/les-dones-protagonitzen-la-rogativa-de-els-pelegrins-de-portell\/#article","isPartOf":{"@id":"https:\/\/portelldemorella.org\/ca\/les-dones-protagonitzen-la-rogativa-de-els-pelegrins-de-portell\/"},"author":{"name":"portell","@id":"https:\/\/portelldemorella.org\/#\/schema\/person\/2adde77c454244acd163488ec723a88b"},"headline":"Les dones protagonitzen la rogativa de Els Pelegrins de Portell","datePublished":"2022-05-24T09:25:00+00:00","dateModified":"2024-02-26T09:25:42+00:00","mainEntityOfPage":{"@id":"https:\/\/portelldemorella.org\/ca\/les-dones-protagonitzen-la-rogativa-de-els-pelegrins-de-portell\/"},"wordCount":179,"commentCount":0,"publisher":{"@id":"https:\/\/portelldemorella.org\/#organization"},"image":{"@id":"https:\/\/portelldemorella.org\/ca\/les-dones-protagonitzen-la-rogativa-de-els-pelegrins-de-portell\/#primaryimage"},"thumbnailUrl":"https:\/\/portelldemorella.org\/wp-content\/uploads\/2024\/02\/WEB-DIPU-40.png","inLanguage":"ca","potentialAction":[{"@type":"CommentAction","name":"Comment","target":["https:\/\/portelldemorella.org\/ca\/les-dones-protagonitzen-la-rogativa-de-els-pelegrins-de-portell\/#respond"]}]},{"@type":"WebPage","@id":"https:\/\/portelldemorella.org\/ca\/les-dones-protagonitzen-la-rogativa-de-els-pelegrins-de-portell\/","url":"https:\/\/portelldemorella.org\/ca\/les-dones-protagonitzen-la-rogativa-de-els-pelegrins-de-portell\/","name":"Les dones protagonitzen la rogativa de Els Pelegrins de Portell - Portell de Morella","isPartOf":{"@id":"https:\/\/portelldemorella.org\/#website"},"primaryImageOfPage":{"@id":"https:\/\/portelldemorella.org\/ca\/les-dones-protagonitzen-la-rogativa-de-els-pelegrins-de-portell\/#primaryimage"},"image":{"@id":"https:\/\/portelldemorella.org\/ca\/les-dones-protagonitzen-la-rogativa-de-els-pelegrins-de-portell\/#primaryimage"},"thumbnailUrl":"https:\/\/portelldemorella.org\/wp-content\/uploads\/2024\/02\/WEB-DIPU-40.png","datePublished":"2022-05-24T09:25:00+00:00","dateModified":"2024-02-26T09:25:42+00:00","breadcrumb":{"@id":"https:\/\/portelldemorella.org\/ca\/les-dones-protagonitzen-la-rogativa-de-els-pelegrins-de-portell\/#breadcrumb"},"inLanguage":"ca","potentialAction":[{"@type":"ReadAction","target":["https:\/\/portelldemorella.org\/ca\/les-dones-protagonitzen-la-rogativa-de-els-pelegrins-de-portell\/"]}]},{"@type":"ImageObject","inLanguage":"ca","@id":"https:\/\/portelldemorella.org\/ca\/les-dones-protagonitzen-la-rogativa-de-els-pelegrins-de-portell\/#primaryimage","url":"https:\/\/portelldemorella.org\/wp-content\/uploads\/2024\/02\/WEB-DIPU-40.png","contentUrl":"https:\/\/portelldemorella.org\/wp-content\/uploads\/2024\/02\/WEB-DIPU-40.png","width":1080,"height":450},{"@type":"BreadcrumbList","@id":"https:\/\/portelldemorella.org\/ca\/les-dones-protagonitzen-la-rogativa-de-els-pelegrins-de-portell\/#breadcrumb","itemListElement":[{"@type":"ListItem","position":1,"name":"Portada","item":"https:\/\/portelldemorella.org\/ca\/"},{"@type":"ListItem","position":2,"name":"Les dones protagonitzen la rogativa de Els Pelegrins de Portell"}]},{"@type":"WebSite","@id":"https:\/\/portelldemorella.org\/#website","url":"https:\/\/portelldemorella.org\/","name":"Portell de Morella","description":"Web del Ayuntamiento de Portell de Morella","publisher":{"@id":"https:\/\/portelldemorella.org\/#organization"},"potentialAction":[{"@type":"SearchAction","target":{"@type":"EntryPoint","urlTemplate":"https:\/\/portelldemorella.org\/?s={search_term_string}"},"query-input":{"@type":"PropertyValueSpecification","valueRequired":true,"valueName":"search_term_string"}}],"inLanguage":"ca"},{"@type":"Organization","@id":"https:\/\/portelldemorella.org\/#organization","name":"Portell de Morella","url":"https:\/\/portelldemorella.org\/","logo":{"@type":"ImageObject","inLanguage":"ca","@id":"https:\/\/portelldemorella.org\/#\/schema\/logo\/image\/","url":"https:\/\/portelldemorella.org\/wp-content\/uploads\/2020\/11\/Escudo-Portell-04.jpg","contentUrl":"https:\/\/portelldemorella.org\/wp-content\/uploads\/2020\/11\/Escudo-Portell-04.jpg","width":1001,"height":394,"caption":"Portell de Morella"},"image":{"@id":"https:\/\/portelldemorella.org\/#\/schema\/logo\/image\/"}},{"@type":"Person","@id":"https:\/\/portelldemorella.org\/#\/schema\/person\/2adde77c454244acd163488ec723a88b","name":"portell","image":{"@type":"ImageObject","inLanguage":"ca","@id":"https:\/\/portelldemorella.org\/#\/schema\/person\/image\/","url":"https:\/\/secure.gravatar.com\/avatar\/077c6bd89604df620d2fa93a06be2531944cdd6826fd322dbd8b483fd84d6407?s=96&d=mm&r=g","contentUrl":"https:\/\/secure.gravatar.com\/avatar\/077c6bd89604df620d2fa93a06be2531944cdd6826fd322dbd8b483fd84d6407?s=96&d=mm&r=g","caption":"portell"},"sameAs":["https:\/\/portelldemorella.org"],"url":"https:\/\/portelldemorella.org\/ca\/author\/portell\/"}]}},"_links":{"self":[{"href":"https:\/\/portelldemorella.org\/ca\/wp-json\/wp\/v2\/posts\/8038","targetHints":{"allow":["GET"]}}],"collection":[{"href":"https:\/\/portelldemorella.org\/ca\/wp-json\/wp\/v2\/posts"}],"about":[{"href":"https:\/\/portelldemorella.org\/ca\/wp-json\/wp\/v2\/types\/post"}],"author":[{"embeddable":true,"href":"https:\/\/portelldemorella.org\/ca\/wp-json\/wp\/v2\/users\/1"}],"replies":[{"embeddable":true,"href":"https:\/\/portelldemorella.org\/ca\/wp-json\/wp\/v2\/comments?post=8038"}],"version-history":[{"count":1,"href":"https:\/\/portelldemorella.org\/ca\/wp-json\/wp\/v2\/posts\/8038\/revisions"}],"predecessor-version":[{"id":8039,"href":"https:\/\/portelldemorella.org\/ca\/wp-json\/wp\/v2\/posts\/8038\/revisions\/8039"}],"wp:featuredmedia":[{"embeddable":true,"href":"https:\/\/portelldemorella.org\/ca\/wp-json\/wp\/v2\/media\/8036"}],"wp:attachment":[{"href":"https:\/\/portelldemorella.org\/ca\/wp-json\/wp\/v2\/media?parent=8038"}],"wp:term":[{"taxonomy":"category","embeddable":true,"href":"https:\/\/portelldemorella.org\/ca\/wp-json\/wp\/v2\/categories?post=8038"},{"taxonomy":"post_tag","embeddable":true,"href":"https:\/\/portelldemorella.org\/ca\/wp-json\/wp\/v2\/tags?post=8038"}],"curies":[{"name":"wp","href":"https:\/\/api.w.org\/{rel}","templated":true}]}}