{"id":8040,"date":"2022-07-19T09:25:00","date_gmt":"2022-07-19T09:25:00","guid":{"rendered":"https:\/\/portelldemorella.org\/?p=8040"},"modified":"2024-02-26T09:27:24","modified_gmt":"2024-02-26T09:27:24","slug":"laplec-dels-ports-aterra-a-portell-entre-el-29-i-el-31-de-juliol","status":"publish","type":"post","link":"https:\/\/portelldemorella.org\/ca\/laplec-dels-ports-aterra-a-portell-entre-el-29-i-el-31-de-juliol\/","title":{"rendered":"L&#8217;Aplec dels Ports aterra a Portell entre el 29 i el 31 de juliol"},"content":{"rendered":"\n<p>Portell acollir\u00e0 la XLIIIa edici\u00f3 de l\u2019Aplec dels Ports d&#8217;aquest del 29 al 31 de juliol. Despr\u00e9s de molta preparaci\u00f3, l&#8217;Aplec ja est\u00e0 a punt d&#8217;arribar, i cada vegada, l&#8217;organitzaci\u00f3 de la trobada va presentant les diferents activitats de les quals es podr\u00e0 gaudir durant tot el cap de setmana.<\/p>\n\n\n\n<p>Com cada any, les activitats m\u00e9s esperades s\u00f3n les actuacions musicals, les quals l&#8217;organitzaci\u00f3 ja ha confirmat publicant el cartell complet. Primer, el divendres es gaudir\u00e0 de grups com Xavi Sarri\u00e0, Derrumband, Barraketa DJ i Townfolks.<\/p>\n\n\n\n<p>Despr\u00e9s, el dissabte es caracteritzar\u00e0 per ser el dia amb m\u00e9s concerts, entre ells Pepet i Marieta, Ebri Knight, Tito Pontet o Hormig\u00f3n Armado, tamb\u00e9, actuar\u00e0 el grup de vilafranquins Can\u00e7ons d&#8217;artiga, i molts altres com Trobadorets, Pimienta Molida, Mash Masters, Insershow o Ess\u00e8ncia.<\/p>\n\n\n\n<p>Per tancar les actuacions musicals, el diumenge actuaran Apologia, Toni de l&#8217;Hostal, Kikirib\u00fa, Bandits i Achedeselekta. A m\u00e9s, tamb\u00e9 s&#8217;han confirmat diverses actuacions no musicals com Xarxa Teatre, les Muixerangues de Vinar\u00f2s i Castell\u00f3, i Rural Comedy.<\/p>\n\n\n\n<p>Amb el lema &#8216;Tornem a volar!&#8217;, Portell far\u00e0 front al XLII Aplec dels Ports de manera que es cree un ambient de retrobament i germanor entre els ve\u00efns i ve\u00efnes de la comarca per tornar a reprendre el vol tots junts i donar veu a la comarca dels Ports.<\/p>\n","protected":false},"excerpt":{"rendered":"<p>Portell acollir\u00e0 la XLIIIa edici\u00f3 de l\u2019Aplec dels Ports d&#8217;aquest del 29 al 31 de juliol. Despr\u00e9s de molta preparaci\u00f3, l&#8217;Aplec ja est\u00e0 a punt d&#8217;arribar, i cada vegada, l&#8217;organitzaci\u00f3 de la trobada va presentant les diferents activitats de les quals es podr\u00e0 gaudir durant tot el cap de setmana. Com cada any, les activitats [&hellip;]<\/p>\n","protected":false},"author":1,"featured_media":8041,"comment_status":"open","ping_status":"open","sticky":false,"template":"","format":"standard","meta":{"footnotes":""},"categories":[79],"tags":[],"class_list":["post-8040","post","type-post","status-publish","format-standard","has-post-thumbnail","hentry","category-sense-categoria"],"yoast_head":"<!-- This site is optimized with the Yoast SEO plugin v24.4 - https:\/\/yoast.com\/wordpress\/plugins\/seo\/ -->\n<title>L&#039;Aplec dels Ports aterra a Portell entre el 29 i el 31 de juliol - Portell de Morella<\/title>\n<meta name=\"robots\" content=\"noindex, follow, max-snippet:-1, max-image-preview:large, max-video-preview:-1\" \/>\n<meta property=\"og:locale\" content=\"ca_ES\" \/>\n<meta property=\"og:type\" content=\"article\" \/>\n<meta property=\"og:title\" content=\"L&#039;Aplec dels Ports aterra a Portell entre el 29 i el 31 de juliol - Portell de Morella\" \/>\n<meta property=\"og:description\" content=\"Portell acollir\u00e0 la XLIIIa edici\u00f3 de l\u2019Aplec dels Ports d&#8217;aquest del 29 al 31 de juliol. Despr\u00e9s de molta preparaci\u00f3, l&#8217;Aplec ja est\u00e0 a punt d&#8217;arribar, i cada vegada, l&#8217;organitzaci\u00f3 de la trobada va presentant les diferents activitats de les quals es podr\u00e0 gaudir durant tot el cap de setmana. Com cada any, les activitats [&hellip;]\" \/>\n<meta property=\"og:url\" content=\"https:\/\/portelldemorella.org\/ca\/laplec-dels-ports-aterra-a-portell-entre-el-29-i-el-31-de-juliol\/\" \/>\n<meta property=\"og:site_name\" content=\"Portell de Morella\" \/>\n<meta property=\"article:published_time\" content=\"2022-07-19T09:25:00+00:00\" \/>\n<meta property=\"article:modified_time\" content=\"2024-02-26T09:27:24+00:00\" \/>\n<meta property=\"og:image\" content=\"https:\/\/portelldemorella.org\/wp-content\/uploads\/2024\/02\/WEB-DIPU-6.jpg\" \/>\n\t<meta property=\"og:image:width\" content=\"1080\" \/>\n\t<meta property=\"og:image:height\" content=\"450\" \/>\n\t<meta property=\"og:image:type\" content=\"image\/jpeg\" \/>\n<meta name=\"author\" content=\"portell\" \/>\n<meta name=\"twitter:card\" content=\"summary_large_image\" \/>\n<meta name=\"twitter:label1\" content=\"Escrit per\" \/>\n\t<meta name=\"twitter:data1\" content=\"portell\" \/>\n\t<meta name=\"twitter:label2\" content=\"Temps estimat de lectura\" \/>\n\t<meta name=\"twitter:data2\" content=\"2 minuts\" \/>\n<script type=\"application\/ld+json\" class=\"yoast-schema-graph\">{\"@context\":\"https:\/\/schema.org\",\"@graph\":[{\"@type\":\"Article\",\"@id\":\"https:\/\/portelldemorella.org\/ca\/laplec-dels-ports-aterra-a-portell-entre-el-29-i-el-31-de-juliol\/#article\",\"isPartOf\":{\"@id\":\"https:\/\/portelldemorella.org\/ca\/laplec-dels-ports-aterra-a-portell-entre-el-29-i-el-31-de-juliol\/\"},\"author\":{\"name\":\"portell\",\"@id\":\"https:\/\/portelldemorella.org\/#\/schema\/person\/2adde77c454244acd163488ec723a88b\"},\"headline\":\"L&#8217;Aplec dels Ports aterra a Portell entre el 29 i el 31 de juliol\",\"datePublished\":\"2022-07-19T09:25:00+00:00\",\"dateModified\":\"2024-02-26T09:27:24+00:00\",\"mainEntityOfPage\":{\"@id\":\"https:\/\/portelldemorella.org\/ca\/laplec-dels-ports-aterra-a-portell-entre-el-29-i-el-31-de-juliol\/\"},\"wordCount\":240,\"commentCount\":0,\"publisher\":{\"@id\":\"https:\/\/portelldemorella.org\/#organization\"},\"image\":{\"@id\":\"https:\/\/portelldemorella.org\/ca\/laplec-dels-ports-aterra-a-portell-entre-el-29-i-el-31-de-juliol\/#primaryimage\"},\"thumbnailUrl\":\"https:\/\/portelldemorella.org\/wp-content\/uploads\/2024\/02\/WEB-DIPU-6.jpg\",\"inLanguage\":\"ca\",\"potentialAction\":[{\"@type\":\"CommentAction\",\"name\":\"Comment\",\"target\":[\"https:\/\/portelldemorella.org\/ca\/laplec-dels-ports-aterra-a-portell-entre-el-29-i-el-31-de-juliol\/#respond\"]}]},{\"@type\":\"WebPage\",\"@id\":\"https:\/\/portelldemorella.org\/ca\/laplec-dels-ports-aterra-a-portell-entre-el-29-i-el-31-de-juliol\/\",\"url\":\"https:\/\/portelldemorella.org\/ca\/laplec-dels-ports-aterra-a-portell-entre-el-29-i-el-31-de-juliol\/\",\"name\":\"L'Aplec dels Ports aterra a Portell entre el 29 i el 31 de juliol - Portell de Morella\",\"isPartOf\":{\"@id\":\"https:\/\/portelldemorella.org\/#website\"},\"primaryImageOfPage\":{\"@id\":\"https:\/\/portelldemorella.org\/ca\/laplec-dels-ports-aterra-a-portell-entre-el-29-i-el-31-de-juliol\/#primaryimage\"},\"image\":{\"@id\":\"https:\/\/portelldemorella.org\/ca\/laplec-dels-ports-aterra-a-portell-entre-el-29-i-el-31-de-juliol\/#primaryimage\"},\"thumbnailUrl\":\"https:\/\/portelldemorella.org\/wp-content\/uploads\/2024\/02\/WEB-DIPU-6.jpg\",\"datePublished\":\"2022-07-19T09:25:00+00:00\",\"dateModified\":\"2024-02-26T09:27:24+00:00\",\"breadcrumb\":{\"@id\":\"https:\/\/portelldemorella.org\/ca\/laplec-dels-ports-aterra-a-portell-entre-el-29-i-el-31-de-juliol\/#breadcrumb\"},\"inLanguage\":\"ca\",\"potentialAction\":[{\"@type\":\"ReadAction\",\"target\":[\"https:\/\/portelldemorella.org\/ca\/laplec-dels-ports-aterra-a-portell-entre-el-29-i-el-31-de-juliol\/\"]}]},{\"@type\":\"ImageObject\",\"inLanguage\":\"ca\",\"@id\":\"https:\/\/portelldemorella.org\/ca\/laplec-dels-ports-aterra-a-portell-entre-el-29-i-el-31-de-juliol\/#primaryimage\",\"url\":\"https:\/\/portelldemorella.org\/wp-content\/uploads\/2024\/02\/WEB-DIPU-6.jpg\",\"contentUrl\":\"https:\/\/portelldemorella.org\/wp-content\/uploads\/2024\/02\/WEB-DIPU-6.jpg\",\"width\":1080,\"height\":450},{\"@type\":\"BreadcrumbList\",\"@id\":\"https:\/\/portelldemorella.org\/ca\/laplec-dels-ports-aterra-a-portell-entre-el-29-i-el-31-de-juliol\/#breadcrumb\",\"itemListElement\":[{\"@type\":\"ListItem\",\"position\":1,\"name\":\"Portada\",\"item\":\"https:\/\/portelldemorella.org\/ca\/\"},{\"@type\":\"ListItem\",\"position\":2,\"name\":\"L&#8217;Aplec dels Ports aterra a Portell entre el 29 i el 31 de juliol\"}]},{\"@type\":\"WebSite\",\"@id\":\"https:\/\/portelldemorella.org\/#website\",\"url\":\"https:\/\/portelldemorella.org\/\",\"name\":\"Portell de Morella\",\"description\":\"Web del Ayuntamiento de Portell de Morella\",\"publisher\":{\"@id\":\"https:\/\/portelldemorella.org\/#organization\"},\"potentialAction\":[{\"@type\":\"SearchAction\",\"target\":{\"@type\":\"EntryPoint\",\"urlTemplate\":\"https:\/\/portelldemorella.org\/?s={search_term_string}\"},\"query-input\":{\"@type\":\"PropertyValueSpecification\",\"valueRequired\":true,\"valueName\":\"search_term_string\"}}],\"inLanguage\":\"ca\"},{\"@type\":\"Organization\",\"@id\":\"https:\/\/portelldemorella.org\/#organization\",\"name\":\"Portell de Morella\",\"url\":\"https:\/\/portelldemorella.org\/\",\"logo\":{\"@type\":\"ImageObject\",\"inLanguage\":\"ca\",\"@id\":\"https:\/\/portelldemorella.org\/#\/schema\/logo\/image\/\",\"url\":\"https:\/\/portelldemorella.org\/wp-content\/uploads\/2020\/11\/Escudo-Portell-04.jpg\",\"contentUrl\":\"https:\/\/portelldemorella.org\/wp-content\/uploads\/2020\/11\/Escudo-Portell-04.jpg\",\"width\":1001,\"height\":394,\"caption\":\"Portell de Morella\"},\"image\":{\"@id\":\"https:\/\/portelldemorella.org\/#\/schema\/logo\/image\/\"}},{\"@type\":\"Person\",\"@id\":\"https:\/\/portelldemorella.org\/#\/schema\/person\/2adde77c454244acd163488ec723a88b\",\"name\":\"portell\",\"image\":{\"@type\":\"ImageObject\",\"inLanguage\":\"ca\",\"@id\":\"https:\/\/portelldemorella.org\/#\/schema\/person\/image\/\",\"url\":\"https:\/\/secure.gravatar.com\/avatar\/077c6bd89604df620d2fa93a06be2531944cdd6826fd322dbd8b483fd84d6407?s=96&d=mm&r=g\",\"contentUrl\":\"https:\/\/secure.gravatar.com\/avatar\/077c6bd89604df620d2fa93a06be2531944cdd6826fd322dbd8b483fd84d6407?s=96&d=mm&r=g\",\"caption\":\"portell\"},\"sameAs\":[\"https:\/\/portelldemorella.org\"],\"url\":\"https:\/\/portelldemorella.org\/ca\/author\/portell\/\"}]}<\/script>\n<!-- \/ Yoast SEO plugin. -->","yoast_head_json":{"title":"L'Aplec dels Ports aterra a Portell entre el 29 i el 31 de juliol - Portell de Morella","robots":{"index":"noindex","follow":"follow","max-snippet":"max-snippet:-1","max-image-preview":"max-image-preview:large","max-video-preview":"max-video-preview:-1"},"og_locale":"ca_ES","og_type":"article","og_title":"L'Aplec dels Ports aterra a Portell entre el 29 i el 31 de juliol - Portell de Morella","og_description":"Portell acollir\u00e0 la XLIIIa edici\u00f3 de l\u2019Aplec dels Ports d&#8217;aquest del 29 al 31 de juliol. Despr\u00e9s de molta preparaci\u00f3, l&#8217;Aplec ja est\u00e0 a punt d&#8217;arribar, i cada vegada, l&#8217;organitzaci\u00f3 de la trobada va presentant les diferents activitats de les quals es podr\u00e0 gaudir durant tot el cap de setmana. Com cada any, les activitats [&hellip;]","og_url":"https:\/\/portelldemorella.org\/ca\/laplec-dels-ports-aterra-a-portell-entre-el-29-i-el-31-de-juliol\/","og_site_name":"Portell de Morella","article_published_time":"2022-07-19T09:25:00+00:00","article_modified_time":"2024-02-26T09:27:24+00:00","og_image":[{"width":1080,"height":450,"url":"https:\/\/portelldemorella.org\/wp-content\/uploads\/2024\/02\/WEB-DIPU-6.jpg","type":"image\/jpeg"}],"author":"portell","twitter_card":"summary_large_image","twitter_misc":{"Escrit per":"portell","Temps estimat de lectura":"2 minuts"},"schema":{"@context":"https:\/\/schema.org","@graph":[{"@type":"Article","@id":"https:\/\/portelldemorella.org\/ca\/laplec-dels-ports-aterra-a-portell-entre-el-29-i-el-31-de-juliol\/#article","isPartOf":{"@id":"https:\/\/portelldemorella.org\/ca\/laplec-dels-ports-aterra-a-portell-entre-el-29-i-el-31-de-juliol\/"},"author":{"name":"portell","@id":"https:\/\/portelldemorella.org\/#\/schema\/person\/2adde77c454244acd163488ec723a88b"},"headline":"L&#8217;Aplec dels Ports aterra a Portell entre el 29 i el 31 de juliol","datePublished":"2022-07-19T09:25:00+00:00","dateModified":"2024-02-26T09:27:24+00:00","mainEntityOfPage":{"@id":"https:\/\/portelldemorella.org\/ca\/laplec-dels-ports-aterra-a-portell-entre-el-29-i-el-31-de-juliol\/"},"wordCount":240,"commentCount":0,"publisher":{"@id":"https:\/\/portelldemorella.org\/#organization"},"image":{"@id":"https:\/\/portelldemorella.org\/ca\/laplec-dels-ports-aterra-a-portell-entre-el-29-i-el-31-de-juliol\/#primaryimage"},"thumbnailUrl":"https:\/\/portelldemorella.org\/wp-content\/uploads\/2024\/02\/WEB-DIPU-6.jpg","inLanguage":"ca","potentialAction":[{"@type":"CommentAction","name":"Comment","target":["https:\/\/portelldemorella.org\/ca\/laplec-dels-ports-aterra-a-portell-entre-el-29-i-el-31-de-juliol\/#respond"]}]},{"@type":"WebPage","@id":"https:\/\/portelldemorella.org\/ca\/laplec-dels-ports-aterra-a-portell-entre-el-29-i-el-31-de-juliol\/","url":"https:\/\/portelldemorella.org\/ca\/laplec-dels-ports-aterra-a-portell-entre-el-29-i-el-31-de-juliol\/","name":"L'Aplec dels Ports aterra a Portell entre el 29 i el 31 de juliol - Portell de Morella","isPartOf":{"@id":"https:\/\/portelldemorella.org\/#website"},"primaryImageOfPage":{"@id":"https:\/\/portelldemorella.org\/ca\/laplec-dels-ports-aterra-a-portell-entre-el-29-i-el-31-de-juliol\/#primaryimage"},"image":{"@id":"https:\/\/portelldemorella.org\/ca\/laplec-dels-ports-aterra-a-portell-entre-el-29-i-el-31-de-juliol\/#primaryimage"},"thumbnailUrl":"https:\/\/portelldemorella.org\/wp-content\/uploads\/2024\/02\/WEB-DIPU-6.jpg","datePublished":"2022-07-19T09:25:00+00:00","dateModified":"2024-02-26T09:27:24+00:00","breadcrumb":{"@id":"https:\/\/portelldemorella.org\/ca\/laplec-dels-ports-aterra-a-portell-entre-el-29-i-el-31-de-juliol\/#breadcrumb"},"inLanguage":"ca","potentialAction":[{"@type":"ReadAction","target":["https:\/\/portelldemorella.org\/ca\/laplec-dels-ports-aterra-a-portell-entre-el-29-i-el-31-de-juliol\/"]}]},{"@type":"ImageObject","inLanguage":"ca","@id":"https:\/\/portelldemorella.org\/ca\/laplec-dels-ports-aterra-a-portell-entre-el-29-i-el-31-de-juliol\/#primaryimage","url":"https:\/\/portelldemorella.org\/wp-content\/uploads\/2024\/02\/WEB-DIPU-6.jpg","contentUrl":"https:\/\/portelldemorella.org\/wp-content\/uploads\/2024\/02\/WEB-DIPU-6.jpg","width":1080,"height":450},{"@type":"BreadcrumbList","@id":"https:\/\/portelldemorella.org\/ca\/laplec-dels-ports-aterra-a-portell-entre-el-29-i-el-31-de-juliol\/#breadcrumb","itemListElement":[{"@type":"ListItem","position":1,"name":"Portada","item":"https:\/\/portelldemorella.org\/ca\/"},{"@type":"ListItem","position":2,"name":"L&#8217;Aplec dels Ports aterra a Portell entre el 29 i el 31 de juliol"}]},{"@type":"WebSite","@id":"https:\/\/portelldemorella.org\/#website","url":"https:\/\/portelldemorella.org\/","name":"Portell de Morella","description":"Web del Ayuntamiento de Portell de Morella","publisher":{"@id":"https:\/\/portelldemorella.org\/#organization"},"potentialAction":[{"@type":"SearchAction","target":{"@type":"EntryPoint","urlTemplate":"https:\/\/portelldemorella.org\/?s={search_term_string}"},"query-input":{"@type":"PropertyValueSpecification","valueRequired":true,"valueName":"search_term_string"}}],"inLanguage":"ca"},{"@type":"Organization","@id":"https:\/\/portelldemorella.org\/#organization","name":"Portell de Morella","url":"https:\/\/portelldemorella.org\/","logo":{"@type":"ImageObject","inLanguage":"ca","@id":"https:\/\/portelldemorella.org\/#\/schema\/logo\/image\/","url":"https:\/\/portelldemorella.org\/wp-content\/uploads\/2020\/11\/Escudo-Portell-04.jpg","contentUrl":"https:\/\/portelldemorella.org\/wp-content\/uploads\/2020\/11\/Escudo-Portell-04.jpg","width":1001,"height":394,"caption":"Portell de Morella"},"image":{"@id":"https:\/\/portelldemorella.org\/#\/schema\/logo\/image\/"}},{"@type":"Person","@id":"https:\/\/portelldemorella.org\/#\/schema\/person\/2adde77c454244acd163488ec723a88b","name":"portell","image":{"@type":"ImageObject","inLanguage":"ca","@id":"https:\/\/portelldemorella.org\/#\/schema\/person\/image\/","url":"https:\/\/secure.gravatar.com\/avatar\/077c6bd89604df620d2fa93a06be2531944cdd6826fd322dbd8b483fd84d6407?s=96&d=mm&r=g","contentUrl":"https:\/\/secure.gravatar.com\/avatar\/077c6bd89604df620d2fa93a06be2531944cdd6826fd322dbd8b483fd84d6407?s=96&d=mm&r=g","caption":"portell"},"sameAs":["https:\/\/portelldemorella.org"],"url":"https:\/\/portelldemorella.org\/ca\/author\/portell\/"}]}},"_links":{"self":[{"href":"https:\/\/portelldemorella.org\/ca\/wp-json\/wp\/v2\/posts\/8040","targetHints":{"allow":["GET"]}}],"collection":[{"href":"https:\/\/portelldemorella.org\/ca\/wp-json\/wp\/v2\/posts"}],"about":[{"href":"https:\/\/portelldemorella.org\/ca\/wp-json\/wp\/v2\/types\/post"}],"author":[{"embeddable":true,"href":"https:\/\/portelldemorella.org\/ca\/wp-json\/wp\/v2\/users\/1"}],"replies":[{"embeddable":true,"href":"https:\/\/portelldemorella.org\/ca\/wp-json\/wp\/v2\/comments?post=8040"}],"version-history":[{"count":1,"href":"https:\/\/portelldemorella.org\/ca\/wp-json\/wp\/v2\/posts\/8040\/revisions"}],"predecessor-version":[{"id":8043,"href":"https:\/\/portelldemorella.org\/ca\/wp-json\/wp\/v2\/posts\/8040\/revisions\/8043"}],"wp:featuredmedia":[{"embeddable":true,"href":"https:\/\/portelldemorella.org\/ca\/wp-json\/wp\/v2\/media\/8041"}],"wp:attachment":[{"href":"https:\/\/portelldemorella.org\/ca\/wp-json\/wp\/v2\/media?parent=8040"}],"wp:term":[{"taxonomy":"category","embeddable":true,"href":"https:\/\/portelldemorella.org\/ca\/wp-json\/wp\/v2\/categories?post=8040"},{"taxonomy":"post_tag","embeddable":true,"href":"https:\/\/portelldemorella.org\/ca\/wp-json\/wp\/v2\/tags?post=8040"}],"curies":[{"name":"wp","href":"https:\/\/api.w.org\/{rel}","templated":true}]}}