{"id":8051,"date":"2024-03-06T10:44:09","date_gmt":"2024-03-06T10:44:09","guid":{"rendered":"https:\/\/portelldemorella.org\/?p=8051"},"modified":"2024-03-06T10:44:10","modified_gmt":"2024-03-06T10:44:10","slug":"lajuntament-de-portell-oferira-els-medicaments-fins-a-disposar-de-farmaciola","status":"publish","type":"post","link":"https:\/\/portelldemorella.org\/ca\/lajuntament-de-portell-oferira-els-medicaments-fins-a-disposar-de-farmaciola\/","title":{"rendered":"L\u2019Ajuntament de Portell oferir\u00e0 els medicaments fins a disposar de farmaciola"},"content":{"rendered":"\n<p><em>Els pacients podran passar pel consistori amb la seua targeta sanit\u00e0ria<\/em><\/p>\n\n\n\n<p>L\u2019Ajuntament de Portell oferir\u00e0 la medicaci\u00f3 als pacients que no puguen despla\u00e7ar-se a municipis ve\u00efns fins a recuperar el servei de farmaciola. Degut al tancament temporal de la farm\u00e0cia del poble, el consistori ha previst el subministrament a tots aquells residents que presenten la targeta sanit\u00e0ria.<\/p>\n\n\n\n<p>Aix\u00ed ho ha fet saber l\u2019alcalde de Portell, \u00c1lvaro Ferrer, a trav\u00e9s d\u2019un b\u00e0ndol municipal per tal d\u2019informar a la poblaci\u00f3 i garantir l\u2019abastiment m\u00e8dic junt a la farm\u00e0cia de Cinctorres i que cap persona es quede sense la seua medicaci\u00f3 per no poder despla\u00e7ar-se a altres localitats a pels seus tractaments.<\/p>\n","protected":false},"excerpt":{"rendered":"<p>Els pacients podran passar pel consistori amb la seua targeta sanit\u00e0ria L\u2019Ajuntament de Portell oferir\u00e0 la medicaci\u00f3 als pacients que no puguen despla\u00e7ar-se a municipis ve\u00efns fins a recuperar el servei de farmaciola. Degut al tancament temporal de la farm\u00e0cia del poble, el consistori ha previst el subministrament a tots aquells residents que presenten la [&hellip;]<\/p>\n","protected":false},"author":1,"featured_media":8049,"comment_status":"open","ping_status":"open","sticky":false,"template":"","format":"standard","meta":{"footnotes":""},"categories":[97],"tags":[107],"class_list":["post-8051","post","type-post","status-publish","format-standard","has-post-thumbnail","hentry","category-ayuntamiento-ca","tag-portell-ca"],"yoast_head":"<!-- This site is optimized with the Yoast SEO plugin v24.4 - https:\/\/yoast.com\/wordpress\/plugins\/seo\/ -->\n<title>L\u2019Ajuntament de Portell oferir\u00e0 els medicaments fins a disposar de farmaciola - Portell de Morella<\/title>\n<meta name=\"robots\" content=\"noindex, follow, max-snippet:-1, max-image-preview:large, max-video-preview:-1\" \/>\n<meta property=\"og:locale\" content=\"ca_ES\" \/>\n<meta property=\"og:type\" content=\"article\" \/>\n<meta property=\"og:title\" content=\"L\u2019Ajuntament de Portell oferir\u00e0 els medicaments fins a disposar de farmaciola - Portell de Morella\" \/>\n<meta property=\"og:description\" content=\"Els pacients podran passar pel consistori amb la seua targeta sanit\u00e0ria L\u2019Ajuntament de Portell oferir\u00e0 la medicaci\u00f3 als pacients que no puguen despla\u00e7ar-se a municipis ve\u00efns fins a recuperar el servei de farmaciola. Degut al tancament temporal de la farm\u00e0cia del poble, el consistori ha previst el subministrament a tots aquells residents que presenten la [&hellip;]\" \/>\n<meta property=\"og:url\" content=\"https:\/\/portelldemorella.org\/ca\/lajuntament-de-portell-oferira-els-medicaments-fins-a-disposar-de-farmaciola\/\" \/>\n<meta property=\"og:site_name\" content=\"Portell de Morella\" \/>\n<meta property=\"article:published_time\" content=\"2024-03-06T10:44:09+00:00\" \/>\n<meta property=\"article:modified_time\" content=\"2024-03-06T10:44:10+00:00\" \/>\n<meta property=\"og:image\" content=\"https:\/\/portelldemorella.org\/wp-content\/uploads\/2024\/03\/LAjuntament-de-Portell-oferira-els-medicaments-fins-a-disposar-de-farmaciola.jpg\" \/>\n\t<meta property=\"og:image:width\" content=\"1080\" \/>\n\t<meta property=\"og:image:height\" content=\"1080\" \/>\n\t<meta property=\"og:image:type\" content=\"image\/jpeg\" \/>\n<meta name=\"author\" content=\"portell\" \/>\n<meta name=\"twitter:card\" content=\"summary_large_image\" \/>\n<meta name=\"twitter:label1\" content=\"Escrit per\" \/>\n\t<meta name=\"twitter:data1\" content=\"portell\" \/>\n\t<meta name=\"twitter:label2\" content=\"Temps estimat de lectura\" \/>\n\t<meta name=\"twitter:data2\" content=\"1 minut\" \/>\n<script type=\"application\/ld+json\" class=\"yoast-schema-graph\">{\"@context\":\"https:\/\/schema.org\",\"@graph\":[{\"@type\":\"Article\",\"@id\":\"https:\/\/portelldemorella.org\/ca\/lajuntament-de-portell-oferira-els-medicaments-fins-a-disposar-de-farmaciola\/#article\",\"isPartOf\":{\"@id\":\"https:\/\/portelldemorella.org\/ca\/lajuntament-de-portell-oferira-els-medicaments-fins-a-disposar-de-farmaciola\/\"},\"author\":{\"name\":\"portell\",\"@id\":\"https:\/\/portelldemorella.org\/#\/schema\/person\/2adde77c454244acd163488ec723a88b\"},\"headline\":\"L\u2019Ajuntament de Portell oferir\u00e0 els medicaments fins a disposar de farmaciola\",\"datePublished\":\"2024-03-06T10:44:09+00:00\",\"dateModified\":\"2024-03-06T10:44:10+00:00\",\"mainEntityOfPage\":{\"@id\":\"https:\/\/portelldemorella.org\/ca\/lajuntament-de-portell-oferira-els-medicaments-fins-a-disposar-de-farmaciola\/\"},\"wordCount\":136,\"commentCount\":0,\"publisher\":{\"@id\":\"https:\/\/portelldemorella.org\/#organization\"},\"image\":{\"@id\":\"https:\/\/portelldemorella.org\/ca\/lajuntament-de-portell-oferira-els-medicaments-fins-a-disposar-de-farmaciola\/#primaryimage\"},\"thumbnailUrl\":\"https:\/\/portelldemorella.org\/wp-content\/uploads\/2024\/03\/LAjuntament-de-Portell-oferira-els-medicaments-fins-a-disposar-de-farmaciola.jpg\",\"keywords\":[\"portell\"],\"articleSection\":[\"Ayuntamiento\"],\"inLanguage\":\"ca\",\"potentialAction\":[{\"@type\":\"CommentAction\",\"name\":\"Comment\",\"target\":[\"https:\/\/portelldemorella.org\/ca\/lajuntament-de-portell-oferira-els-medicaments-fins-a-disposar-de-farmaciola\/#respond\"]}]},{\"@type\":\"WebPage\",\"@id\":\"https:\/\/portelldemorella.org\/ca\/lajuntament-de-portell-oferira-els-medicaments-fins-a-disposar-de-farmaciola\/\",\"url\":\"https:\/\/portelldemorella.org\/ca\/lajuntament-de-portell-oferira-els-medicaments-fins-a-disposar-de-farmaciola\/\",\"name\":\"L\u2019Ajuntament de Portell oferir\u00e0 els medicaments fins a disposar de farmaciola - Portell de Morella\",\"isPartOf\":{\"@id\":\"https:\/\/portelldemorella.org\/#website\"},\"primaryImageOfPage\":{\"@id\":\"https:\/\/portelldemorella.org\/ca\/lajuntament-de-portell-oferira-els-medicaments-fins-a-disposar-de-farmaciola\/#primaryimage\"},\"image\":{\"@id\":\"https:\/\/portelldemorella.org\/ca\/lajuntament-de-portell-oferira-els-medicaments-fins-a-disposar-de-farmaciola\/#primaryimage\"},\"thumbnailUrl\":\"https:\/\/portelldemorella.org\/wp-content\/uploads\/2024\/03\/LAjuntament-de-Portell-oferira-els-medicaments-fins-a-disposar-de-farmaciola.jpg\",\"datePublished\":\"2024-03-06T10:44:09+00:00\",\"dateModified\":\"2024-03-06T10:44:10+00:00\",\"breadcrumb\":{\"@id\":\"https:\/\/portelldemorella.org\/ca\/lajuntament-de-portell-oferira-els-medicaments-fins-a-disposar-de-farmaciola\/#breadcrumb\"},\"inLanguage\":\"ca\",\"potentialAction\":[{\"@type\":\"ReadAction\",\"target\":[\"https:\/\/portelldemorella.org\/ca\/lajuntament-de-portell-oferira-els-medicaments-fins-a-disposar-de-farmaciola\/\"]}]},{\"@type\":\"ImageObject\",\"inLanguage\":\"ca\",\"@id\":\"https:\/\/portelldemorella.org\/ca\/lajuntament-de-portell-oferira-els-medicaments-fins-a-disposar-de-farmaciola\/#primaryimage\",\"url\":\"https:\/\/portelldemorella.org\/wp-content\/uploads\/2024\/03\/LAjuntament-de-Portell-oferira-els-medicaments-fins-a-disposar-de-farmaciola.jpg\",\"contentUrl\":\"https:\/\/portelldemorella.org\/wp-content\/uploads\/2024\/03\/LAjuntament-de-Portell-oferira-els-medicaments-fins-a-disposar-de-farmaciola.jpg\",\"width\":1080,\"height\":1080},{\"@type\":\"BreadcrumbList\",\"@id\":\"https:\/\/portelldemorella.org\/ca\/lajuntament-de-portell-oferira-els-medicaments-fins-a-disposar-de-farmaciola\/#breadcrumb\",\"itemListElement\":[{\"@type\":\"ListItem\",\"position\":1,\"name\":\"Portada\",\"item\":\"https:\/\/portelldemorella.org\/ca\/\"},{\"@type\":\"ListItem\",\"position\":2,\"name\":\"L\u2019Ajuntament de Portell oferir\u00e0 els medicaments fins a disposar de farmaciola\"}]},{\"@type\":\"WebSite\",\"@id\":\"https:\/\/portelldemorella.org\/#website\",\"url\":\"https:\/\/portelldemorella.org\/\",\"name\":\"Portell de Morella\",\"description\":\"Web del Ayuntamiento de Portell de Morella\",\"publisher\":{\"@id\":\"https:\/\/portelldemorella.org\/#organization\"},\"potentialAction\":[{\"@type\":\"SearchAction\",\"target\":{\"@type\":\"EntryPoint\",\"urlTemplate\":\"https:\/\/portelldemorella.org\/?s={search_term_string}\"},\"query-input\":{\"@type\":\"PropertyValueSpecification\",\"valueRequired\":true,\"valueName\":\"search_term_string\"}}],\"inLanguage\":\"ca\"},{\"@type\":\"Organization\",\"@id\":\"https:\/\/portelldemorella.org\/#organization\",\"name\":\"Portell de Morella\",\"url\":\"https:\/\/portelldemorella.org\/\",\"logo\":{\"@type\":\"ImageObject\",\"inLanguage\":\"ca\",\"@id\":\"https:\/\/portelldemorella.org\/#\/schema\/logo\/image\/\",\"url\":\"https:\/\/portelldemorella.org\/wp-content\/uploads\/2020\/11\/Escudo-Portell-04.jpg\",\"contentUrl\":\"https:\/\/portelldemorella.org\/wp-content\/uploads\/2020\/11\/Escudo-Portell-04.jpg\",\"width\":1001,\"height\":394,\"caption\":\"Portell de Morella\"},\"image\":{\"@id\":\"https:\/\/portelldemorella.org\/#\/schema\/logo\/image\/\"}},{\"@type\":\"Person\",\"@id\":\"https:\/\/portelldemorella.org\/#\/schema\/person\/2adde77c454244acd163488ec723a88b\",\"name\":\"portell\",\"image\":{\"@type\":\"ImageObject\",\"inLanguage\":\"ca\",\"@id\":\"https:\/\/portelldemorella.org\/#\/schema\/person\/image\/\",\"url\":\"https:\/\/secure.gravatar.com\/avatar\/077c6bd89604df620d2fa93a06be2531944cdd6826fd322dbd8b483fd84d6407?s=96&d=mm&r=g\",\"contentUrl\":\"https:\/\/secure.gravatar.com\/avatar\/077c6bd89604df620d2fa93a06be2531944cdd6826fd322dbd8b483fd84d6407?s=96&d=mm&r=g\",\"caption\":\"portell\"},\"sameAs\":[\"https:\/\/portelldemorella.org\"],\"url\":\"https:\/\/portelldemorella.org\/ca\/author\/portell\/\"}]}<\/script>\n<!-- \/ Yoast SEO plugin. -->","yoast_head_json":{"title":"L\u2019Ajuntament de Portell oferir\u00e0 els medicaments fins a disposar de farmaciola - Portell de Morella","robots":{"index":"noindex","follow":"follow","max-snippet":"max-snippet:-1","max-image-preview":"max-image-preview:large","max-video-preview":"max-video-preview:-1"},"og_locale":"ca_ES","og_type":"article","og_title":"L\u2019Ajuntament de Portell oferir\u00e0 els medicaments fins a disposar de farmaciola - Portell de Morella","og_description":"Els pacients podran passar pel consistori amb la seua targeta sanit\u00e0ria L\u2019Ajuntament de Portell oferir\u00e0 la medicaci\u00f3 als pacients que no puguen despla\u00e7ar-se a municipis ve\u00efns fins a recuperar el servei de farmaciola. Degut al tancament temporal de la farm\u00e0cia del poble, el consistori ha previst el subministrament a tots aquells residents que presenten la [&hellip;]","og_url":"https:\/\/portelldemorella.org\/ca\/lajuntament-de-portell-oferira-els-medicaments-fins-a-disposar-de-farmaciola\/","og_site_name":"Portell de Morella","article_published_time":"2024-03-06T10:44:09+00:00","article_modified_time":"2024-03-06T10:44:10+00:00","og_image":[{"width":1080,"height":1080,"url":"https:\/\/portelldemorella.org\/wp-content\/uploads\/2024\/03\/LAjuntament-de-Portell-oferira-els-medicaments-fins-a-disposar-de-farmaciola.jpg","type":"image\/jpeg"}],"author":"portell","twitter_card":"summary_large_image","twitter_misc":{"Escrit per":"portell","Temps estimat de lectura":"1 minut"},"schema":{"@context":"https:\/\/schema.org","@graph":[{"@type":"Article","@id":"https:\/\/portelldemorella.org\/ca\/lajuntament-de-portell-oferira-els-medicaments-fins-a-disposar-de-farmaciola\/#article","isPartOf":{"@id":"https:\/\/portelldemorella.org\/ca\/lajuntament-de-portell-oferira-els-medicaments-fins-a-disposar-de-farmaciola\/"},"author":{"name":"portell","@id":"https:\/\/portelldemorella.org\/#\/schema\/person\/2adde77c454244acd163488ec723a88b"},"headline":"L\u2019Ajuntament de Portell oferir\u00e0 els medicaments fins a disposar de farmaciola","datePublished":"2024-03-06T10:44:09+00:00","dateModified":"2024-03-06T10:44:10+00:00","mainEntityOfPage":{"@id":"https:\/\/portelldemorella.org\/ca\/lajuntament-de-portell-oferira-els-medicaments-fins-a-disposar-de-farmaciola\/"},"wordCount":136,"commentCount":0,"publisher":{"@id":"https:\/\/portelldemorella.org\/#organization"},"image":{"@id":"https:\/\/portelldemorella.org\/ca\/lajuntament-de-portell-oferira-els-medicaments-fins-a-disposar-de-farmaciola\/#primaryimage"},"thumbnailUrl":"https:\/\/portelldemorella.org\/wp-content\/uploads\/2024\/03\/LAjuntament-de-Portell-oferira-els-medicaments-fins-a-disposar-de-farmaciola.jpg","keywords":["portell"],"articleSection":["Ayuntamiento"],"inLanguage":"ca","potentialAction":[{"@type":"CommentAction","name":"Comment","target":["https:\/\/portelldemorella.org\/ca\/lajuntament-de-portell-oferira-els-medicaments-fins-a-disposar-de-farmaciola\/#respond"]}]},{"@type":"WebPage","@id":"https:\/\/portelldemorella.org\/ca\/lajuntament-de-portell-oferira-els-medicaments-fins-a-disposar-de-farmaciola\/","url":"https:\/\/portelldemorella.org\/ca\/lajuntament-de-portell-oferira-els-medicaments-fins-a-disposar-de-farmaciola\/","name":"L\u2019Ajuntament de Portell oferir\u00e0 els medicaments fins a disposar de farmaciola - Portell de Morella","isPartOf":{"@id":"https:\/\/portelldemorella.org\/#website"},"primaryImageOfPage":{"@id":"https:\/\/portelldemorella.org\/ca\/lajuntament-de-portell-oferira-els-medicaments-fins-a-disposar-de-farmaciola\/#primaryimage"},"image":{"@id":"https:\/\/portelldemorella.org\/ca\/lajuntament-de-portell-oferira-els-medicaments-fins-a-disposar-de-farmaciola\/#primaryimage"},"thumbnailUrl":"https:\/\/portelldemorella.org\/wp-content\/uploads\/2024\/03\/LAjuntament-de-Portell-oferira-els-medicaments-fins-a-disposar-de-farmaciola.jpg","datePublished":"2024-03-06T10:44:09+00:00","dateModified":"2024-03-06T10:44:10+00:00","breadcrumb":{"@id":"https:\/\/portelldemorella.org\/ca\/lajuntament-de-portell-oferira-els-medicaments-fins-a-disposar-de-farmaciola\/#breadcrumb"},"inLanguage":"ca","potentialAction":[{"@type":"ReadAction","target":["https:\/\/portelldemorella.org\/ca\/lajuntament-de-portell-oferira-els-medicaments-fins-a-disposar-de-farmaciola\/"]}]},{"@type":"ImageObject","inLanguage":"ca","@id":"https:\/\/portelldemorella.org\/ca\/lajuntament-de-portell-oferira-els-medicaments-fins-a-disposar-de-farmaciola\/#primaryimage","url":"https:\/\/portelldemorella.org\/wp-content\/uploads\/2024\/03\/LAjuntament-de-Portell-oferira-els-medicaments-fins-a-disposar-de-farmaciola.jpg","contentUrl":"https:\/\/portelldemorella.org\/wp-content\/uploads\/2024\/03\/LAjuntament-de-Portell-oferira-els-medicaments-fins-a-disposar-de-farmaciola.jpg","width":1080,"height":1080},{"@type":"BreadcrumbList","@id":"https:\/\/portelldemorella.org\/ca\/lajuntament-de-portell-oferira-els-medicaments-fins-a-disposar-de-farmaciola\/#breadcrumb","itemListElement":[{"@type":"ListItem","position":1,"name":"Portada","item":"https:\/\/portelldemorella.org\/ca\/"},{"@type":"ListItem","position":2,"name":"L\u2019Ajuntament de Portell oferir\u00e0 els medicaments fins a disposar de farmaciola"}]},{"@type":"WebSite","@id":"https:\/\/portelldemorella.org\/#website","url":"https:\/\/portelldemorella.org\/","name":"Portell de Morella","description":"Web del Ayuntamiento de Portell de Morella","publisher":{"@id":"https:\/\/portelldemorella.org\/#organization"},"potentialAction":[{"@type":"SearchAction","target":{"@type":"EntryPoint","urlTemplate":"https:\/\/portelldemorella.org\/?s={search_term_string}"},"query-input":{"@type":"PropertyValueSpecification","valueRequired":true,"valueName":"search_term_string"}}],"inLanguage":"ca"},{"@type":"Organization","@id":"https:\/\/portelldemorella.org\/#organization","name":"Portell de Morella","url":"https:\/\/portelldemorella.org\/","logo":{"@type":"ImageObject","inLanguage":"ca","@id":"https:\/\/portelldemorella.org\/#\/schema\/logo\/image\/","url":"https:\/\/portelldemorella.org\/wp-content\/uploads\/2020\/11\/Escudo-Portell-04.jpg","contentUrl":"https:\/\/portelldemorella.org\/wp-content\/uploads\/2020\/11\/Escudo-Portell-04.jpg","width":1001,"height":394,"caption":"Portell de Morella"},"image":{"@id":"https:\/\/portelldemorella.org\/#\/schema\/logo\/image\/"}},{"@type":"Person","@id":"https:\/\/portelldemorella.org\/#\/schema\/person\/2adde77c454244acd163488ec723a88b","name":"portell","image":{"@type":"ImageObject","inLanguage":"ca","@id":"https:\/\/portelldemorella.org\/#\/schema\/person\/image\/","url":"https:\/\/secure.gravatar.com\/avatar\/077c6bd89604df620d2fa93a06be2531944cdd6826fd322dbd8b483fd84d6407?s=96&d=mm&r=g","contentUrl":"https:\/\/secure.gravatar.com\/avatar\/077c6bd89604df620d2fa93a06be2531944cdd6826fd322dbd8b483fd84d6407?s=96&d=mm&r=g","caption":"portell"},"sameAs":["https:\/\/portelldemorella.org"],"url":"https:\/\/portelldemorella.org\/ca\/author\/portell\/"}]}},"_links":{"self":[{"href":"https:\/\/portelldemorella.org\/ca\/wp-json\/wp\/v2\/posts\/8051","targetHints":{"allow":["GET"]}}],"collection":[{"href":"https:\/\/portelldemorella.org\/ca\/wp-json\/wp\/v2\/posts"}],"about":[{"href":"https:\/\/portelldemorella.org\/ca\/wp-json\/wp\/v2\/types\/post"}],"author":[{"embeddable":true,"href":"https:\/\/portelldemorella.org\/ca\/wp-json\/wp\/v2\/users\/1"}],"replies":[{"embeddable":true,"href":"https:\/\/portelldemorella.org\/ca\/wp-json\/wp\/v2\/comments?post=8051"}],"version-history":[{"count":1,"href":"https:\/\/portelldemorella.org\/ca\/wp-json\/wp\/v2\/posts\/8051\/revisions"}],"predecessor-version":[{"id":8052,"href":"https:\/\/portelldemorella.org\/ca\/wp-json\/wp\/v2\/posts\/8051\/revisions\/8052"}],"wp:featuredmedia":[{"embeddable":true,"href":"https:\/\/portelldemorella.org\/ca\/wp-json\/wp\/v2\/media\/8049"}],"wp:attachment":[{"href":"https:\/\/portelldemorella.org\/ca\/wp-json\/wp\/v2\/media?parent=8051"}],"wp:term":[{"taxonomy":"category","embeddable":true,"href":"https:\/\/portelldemorella.org\/ca\/wp-json\/wp\/v2\/categories?post=8051"},{"taxonomy":"post_tag","embeddable":true,"href":"https:\/\/portelldemorella.org\/ca\/wp-json\/wp\/v2\/tags?post=8051"}],"curies":[{"name":"wp","href":"https:\/\/api.w.org\/{rel}","templated":true}]}}