{"id":8066,"date":"2024-04-02T11:53:27","date_gmt":"2024-04-02T11:53:27","guid":{"rendered":"https:\/\/portelldemorella.org\/portell-saca-a-licitacion-las-obras-de-creacion-del-padel\/"},"modified":"2024-04-02T11:57:47","modified_gmt":"2024-04-02T11:57:47","slug":"portell-saca-a-licitacion-las-obras-de-creacion-del-padel","status":"publish","type":"post","link":"https:\/\/portelldemorella.org\/ca\/portell-saca-a-licitacion-las-obras-de-creacion-del-padel\/","title":{"rendered":"Portell trau a licitaci\u00f3 les obres de creaci\u00f3 del p\u00e0del"},"content":{"rendered":"\n<ul class=\"wp-block-list\">\n<li>Les ofertes poden presentar-se fins al 16 d&#8217;abril<\/li>\n<\/ul>\n\n\n\n<p>L&#8217;Ajuntament de Portell ha tret a licitaci\u00f3, a trav\u00e9s de la plataforma de contractaci\u00f3 del sector p\u00fablic, les obres necess\u00e0ries per a la construcci\u00f3 de la pista de p\u00e0del i un vial per als vianants accessible. El termini de presentaci\u00f3 de sol\u00b7licituds finalitzar\u00e0 el 16 d&#8217;abril a les 23.59 hores. L&#8217;import base de licitaci\u00f3 \u00e9s de 173.448,78 euros impostos inclosos.<\/p>\n\n\n\n<p>Amb les actuacions previstes en el projecte es pret\u00e9n construir una pista reglament\u00e0ria de p\u00e0del, de dimensions interiors 20&#215;10 metres i tancaments perimetrals reglamentaris de cristall que permeta dotar al municipi d&#8217;una major oferta esportiva. Aix\u00ed mateix, es realitzar\u00e0 la pavimentaci\u00f3 del recorregut des del nucli urb\u00e0 fins a la pista, dotant-lo de tots els requisits d&#8217;accessibilitat.<\/p>\n\n\n\n<p>Cal indicar que el cost total de l&#8217;actuaci\u00f3, subvencionat al 100% per la Conselleria d&#8217;Educaci\u00f3, Cultura i Esport, \u00e9s de 188.024,30 euros.<\/p>\n\n\n\n<p>&#8220;Amb la nova pista de p\u00e0del volem oferir als ve\u00efns i ve\u00efnes de Portell una nova instal\u00b7laci\u00f3 esportiva que els permeta realitzar activitat f\u00edsica en la localitat&#8221; ha afirmat l&#8217;alcalde, \u00c1lvaro Ferrer, qui ha afegit que &#8220;el nou p\u00e0del se sumar\u00e0 a altres instal\u00b7lacions esportives p\u00fabliques com la piscina, el front\u00f3, l&#8217;esquaix o el gimn\u00e0s&#8221;.<\/p>\n","protected":false},"excerpt":{"rendered":"<p>L&#8217;Ajuntament de Portell ha tret a licitaci\u00f3, a trav\u00e9s de la plataforma de contractaci\u00f3 del sector p\u00fablic, les obres necess\u00e0ries per a la construcci\u00f3 de la pista de p\u00e0del i un vial per als vianants accessible. El termini de presentaci\u00f3 de sol\u00b7licituds finalitzar\u00e0 el 16 d&#8217;abril a les 23.59 hores. L&#8217;import base de licitaci\u00f3 \u00e9s [&hellip;]<\/p>\n","protected":false},"author":1,"featured_media":8068,"comment_status":"open","ping_status":"open","sticky":false,"template":"","format":"standard","meta":{"footnotes":""},"categories":[97],"tags":[214,135,215,216],"class_list":["post-8066","post","type-post","status-publish","format-standard","has-post-thumbnail","hentry","category-ayuntamiento-ca","tag-deporte-ca","tag-els-ports","tag-esport-ca","tag-portells-ca"],"yoast_head":"<!-- This site is optimized with the Yoast SEO plugin v24.4 - https:\/\/yoast.com\/wordpress\/plugins\/seo\/ -->\n<title>Portell trau a licitaci\u00f3 les obres de creaci\u00f3 del p\u00e0del - Portell de Morella<\/title>\n<meta name=\"robots\" content=\"noindex, follow, max-snippet:-1, max-image-preview:large, max-video-preview:-1\" \/>\n<meta property=\"og:locale\" content=\"ca_ES\" \/>\n<meta property=\"og:type\" content=\"article\" \/>\n<meta property=\"og:title\" content=\"Portell trau a licitaci\u00f3 les obres de creaci\u00f3 del p\u00e0del - Portell de Morella\" \/>\n<meta property=\"og:description\" content=\"L&#8217;Ajuntament de Portell ha tret a licitaci\u00f3, a trav\u00e9s de la plataforma de contractaci\u00f3 del sector p\u00fablic, les obres necess\u00e0ries per a la construcci\u00f3 de la pista de p\u00e0del i un vial per als vianants accessible. El termini de presentaci\u00f3 de sol\u00b7licituds finalitzar\u00e0 el 16 d&#8217;abril a les 23.59 hores. L&#8217;import base de licitaci\u00f3 \u00e9s [&hellip;]\" \/>\n<meta property=\"og:url\" content=\"https:\/\/portelldemorella.org\/ca\/portell-saca-a-licitacion-las-obras-de-creacion-del-padel\/\" \/>\n<meta property=\"og:site_name\" content=\"Portell de Morella\" \/>\n<meta property=\"article:published_time\" content=\"2024-04-02T11:53:27+00:00\" \/>\n<meta property=\"article:modified_time\" content=\"2024-04-02T11:57:47+00:00\" \/>\n<meta property=\"og:image\" content=\"https:\/\/portelldemorella.org\/wp-content\/uploads\/2024\/04\/Diseno-sin-titulo-25.jpg\" \/>\n\t<meta property=\"og:image:width\" content=\"940\" \/>\n\t<meta property=\"og:image:height\" content=\"788\" \/>\n\t<meta property=\"og:image:type\" content=\"image\/jpeg\" \/>\n<meta name=\"author\" content=\"portell\" \/>\n<meta name=\"twitter:card\" content=\"summary_large_image\" \/>\n<meta name=\"twitter:label1\" content=\"Escrit per\" \/>\n\t<meta name=\"twitter:data1\" content=\"portell\" \/>\n\t<meta name=\"twitter:label2\" content=\"Temps estimat de lectura\" \/>\n\t<meta name=\"twitter:data2\" content=\"2 minuts\" \/>\n<script type=\"application\/ld+json\" class=\"yoast-schema-graph\">{\"@context\":\"https:\/\/schema.org\",\"@graph\":[{\"@type\":\"Article\",\"@id\":\"https:\/\/portelldemorella.org\/ca\/portell-saca-a-licitacion-las-obras-de-creacion-del-padel\/#article\",\"isPartOf\":{\"@id\":\"https:\/\/portelldemorella.org\/ca\/portell-saca-a-licitacion-las-obras-de-creacion-del-padel\/\"},\"author\":{\"name\":\"portell\",\"@id\":\"https:\/\/portelldemorella.org\/#\/schema\/person\/2adde77c454244acd163488ec723a88b\"},\"headline\":\"Portell trau a licitaci\u00f3 les obres de creaci\u00f3 del p\u00e0del\",\"datePublished\":\"2024-04-02T11:53:27+00:00\",\"dateModified\":\"2024-04-02T11:57:47+00:00\",\"mainEntityOfPage\":{\"@id\":\"https:\/\/portelldemorella.org\/ca\/portell-saca-a-licitacion-las-obras-de-creacion-del-padel\/\"},\"wordCount\":224,\"commentCount\":0,\"publisher\":{\"@id\":\"https:\/\/portelldemorella.org\/#organization\"},\"image\":{\"@id\":\"https:\/\/portelldemorella.org\/ca\/portell-saca-a-licitacion-las-obras-de-creacion-del-padel\/#primaryimage\"},\"thumbnailUrl\":\"https:\/\/portelldemorella.org\/wp-content\/uploads\/2024\/04\/Diseno-sin-titulo-25.jpg\",\"keywords\":[\"deporte\",\"els ports\",\"esport\",\"portells\"],\"articleSection\":[\"Ayuntamiento\"],\"inLanguage\":\"ca\",\"potentialAction\":[{\"@type\":\"CommentAction\",\"name\":\"Comment\",\"target\":[\"https:\/\/portelldemorella.org\/ca\/portell-saca-a-licitacion-las-obras-de-creacion-del-padel\/#respond\"]}]},{\"@type\":\"WebPage\",\"@id\":\"https:\/\/portelldemorella.org\/ca\/portell-saca-a-licitacion-las-obras-de-creacion-del-padel\/\",\"url\":\"https:\/\/portelldemorella.org\/ca\/portell-saca-a-licitacion-las-obras-de-creacion-del-padel\/\",\"name\":\"Portell trau a licitaci\u00f3 les obres de creaci\u00f3 del p\u00e0del - Portell de Morella\",\"isPartOf\":{\"@id\":\"https:\/\/portelldemorella.org\/#website\"},\"primaryImageOfPage\":{\"@id\":\"https:\/\/portelldemorella.org\/ca\/portell-saca-a-licitacion-las-obras-de-creacion-del-padel\/#primaryimage\"},\"image\":{\"@id\":\"https:\/\/portelldemorella.org\/ca\/portell-saca-a-licitacion-las-obras-de-creacion-del-padel\/#primaryimage\"},\"thumbnailUrl\":\"https:\/\/portelldemorella.org\/wp-content\/uploads\/2024\/04\/Diseno-sin-titulo-25.jpg\",\"datePublished\":\"2024-04-02T11:53:27+00:00\",\"dateModified\":\"2024-04-02T11:57:47+00:00\",\"breadcrumb\":{\"@id\":\"https:\/\/portelldemorella.org\/ca\/portell-saca-a-licitacion-las-obras-de-creacion-del-padel\/#breadcrumb\"},\"inLanguage\":\"ca\",\"potentialAction\":[{\"@type\":\"ReadAction\",\"target\":[\"https:\/\/portelldemorella.org\/ca\/portell-saca-a-licitacion-las-obras-de-creacion-del-padel\/\"]}]},{\"@type\":\"ImageObject\",\"inLanguage\":\"ca\",\"@id\":\"https:\/\/portelldemorella.org\/ca\/portell-saca-a-licitacion-las-obras-de-creacion-del-padel\/#primaryimage\",\"url\":\"https:\/\/portelldemorella.org\/wp-content\/uploads\/2024\/04\/Diseno-sin-titulo-25.jpg\",\"contentUrl\":\"https:\/\/portelldemorella.org\/wp-content\/uploads\/2024\/04\/Diseno-sin-titulo-25.jpg\",\"width\":940,\"height\":788},{\"@type\":\"BreadcrumbList\",\"@id\":\"https:\/\/portelldemorella.org\/ca\/portell-saca-a-licitacion-las-obras-de-creacion-del-padel\/#breadcrumb\",\"itemListElement\":[{\"@type\":\"ListItem\",\"position\":1,\"name\":\"Portada\",\"item\":\"https:\/\/portelldemorella.org\/ca\/\"},{\"@type\":\"ListItem\",\"position\":2,\"name\":\"Portell trau a licitaci\u00f3 les obres de creaci\u00f3 del p\u00e0del\"}]},{\"@type\":\"WebSite\",\"@id\":\"https:\/\/portelldemorella.org\/#website\",\"url\":\"https:\/\/portelldemorella.org\/\",\"name\":\"Portell de Morella\",\"description\":\"Web del Ayuntamiento de Portell de Morella\",\"publisher\":{\"@id\":\"https:\/\/portelldemorella.org\/#organization\"},\"potentialAction\":[{\"@type\":\"SearchAction\",\"target\":{\"@type\":\"EntryPoint\",\"urlTemplate\":\"https:\/\/portelldemorella.org\/?s={search_term_string}\"},\"query-input\":{\"@type\":\"PropertyValueSpecification\",\"valueRequired\":true,\"valueName\":\"search_term_string\"}}],\"inLanguage\":\"ca\"},{\"@type\":\"Organization\",\"@id\":\"https:\/\/portelldemorella.org\/#organization\",\"name\":\"Portell de Morella\",\"url\":\"https:\/\/portelldemorella.org\/\",\"logo\":{\"@type\":\"ImageObject\",\"inLanguage\":\"ca\",\"@id\":\"https:\/\/portelldemorella.org\/#\/schema\/logo\/image\/\",\"url\":\"https:\/\/portelldemorella.org\/wp-content\/uploads\/2020\/11\/Escudo-Portell-04.jpg\",\"contentUrl\":\"https:\/\/portelldemorella.org\/wp-content\/uploads\/2020\/11\/Escudo-Portell-04.jpg\",\"width\":1001,\"height\":394,\"caption\":\"Portell de Morella\"},\"image\":{\"@id\":\"https:\/\/portelldemorella.org\/#\/schema\/logo\/image\/\"}},{\"@type\":\"Person\",\"@id\":\"https:\/\/portelldemorella.org\/#\/schema\/person\/2adde77c454244acd163488ec723a88b\",\"name\":\"portell\",\"image\":{\"@type\":\"ImageObject\",\"inLanguage\":\"ca\",\"@id\":\"https:\/\/portelldemorella.org\/#\/schema\/person\/image\/\",\"url\":\"https:\/\/secure.gravatar.com\/avatar\/077c6bd89604df620d2fa93a06be2531944cdd6826fd322dbd8b483fd84d6407?s=96&d=mm&r=g\",\"contentUrl\":\"https:\/\/secure.gravatar.com\/avatar\/077c6bd89604df620d2fa93a06be2531944cdd6826fd322dbd8b483fd84d6407?s=96&d=mm&r=g\",\"caption\":\"portell\"},\"sameAs\":[\"https:\/\/portelldemorella.org\"],\"url\":\"https:\/\/portelldemorella.org\/ca\/author\/portell\/\"}]}<\/script>\n<!-- \/ Yoast SEO plugin. -->","yoast_head_json":{"title":"Portell trau a licitaci\u00f3 les obres de creaci\u00f3 del p\u00e0del - Portell de Morella","robots":{"index":"noindex","follow":"follow","max-snippet":"max-snippet:-1","max-image-preview":"max-image-preview:large","max-video-preview":"max-video-preview:-1"},"og_locale":"ca_ES","og_type":"article","og_title":"Portell trau a licitaci\u00f3 les obres de creaci\u00f3 del p\u00e0del - Portell de Morella","og_description":"L&#8217;Ajuntament de Portell ha tret a licitaci\u00f3, a trav\u00e9s de la plataforma de contractaci\u00f3 del sector p\u00fablic, les obres necess\u00e0ries per a la construcci\u00f3 de la pista de p\u00e0del i un vial per als vianants accessible. El termini de presentaci\u00f3 de sol\u00b7licituds finalitzar\u00e0 el 16 d&#8217;abril a les 23.59 hores. L&#8217;import base de licitaci\u00f3 \u00e9s [&hellip;]","og_url":"https:\/\/portelldemorella.org\/ca\/portell-saca-a-licitacion-las-obras-de-creacion-del-padel\/","og_site_name":"Portell de Morella","article_published_time":"2024-04-02T11:53:27+00:00","article_modified_time":"2024-04-02T11:57:47+00:00","og_image":[{"width":940,"height":788,"url":"https:\/\/portelldemorella.org\/wp-content\/uploads\/2024\/04\/Diseno-sin-titulo-25.jpg","type":"image\/jpeg"}],"author":"portell","twitter_card":"summary_large_image","twitter_misc":{"Escrit per":"portell","Temps estimat de lectura":"2 minuts"},"schema":{"@context":"https:\/\/schema.org","@graph":[{"@type":"Article","@id":"https:\/\/portelldemorella.org\/ca\/portell-saca-a-licitacion-las-obras-de-creacion-del-padel\/#article","isPartOf":{"@id":"https:\/\/portelldemorella.org\/ca\/portell-saca-a-licitacion-las-obras-de-creacion-del-padel\/"},"author":{"name":"portell","@id":"https:\/\/portelldemorella.org\/#\/schema\/person\/2adde77c454244acd163488ec723a88b"},"headline":"Portell trau a licitaci\u00f3 les obres de creaci\u00f3 del p\u00e0del","datePublished":"2024-04-02T11:53:27+00:00","dateModified":"2024-04-02T11:57:47+00:00","mainEntityOfPage":{"@id":"https:\/\/portelldemorella.org\/ca\/portell-saca-a-licitacion-las-obras-de-creacion-del-padel\/"},"wordCount":224,"commentCount":0,"publisher":{"@id":"https:\/\/portelldemorella.org\/#organization"},"image":{"@id":"https:\/\/portelldemorella.org\/ca\/portell-saca-a-licitacion-las-obras-de-creacion-del-padel\/#primaryimage"},"thumbnailUrl":"https:\/\/portelldemorella.org\/wp-content\/uploads\/2024\/04\/Diseno-sin-titulo-25.jpg","keywords":["deporte","els ports","esport","portells"],"articleSection":["Ayuntamiento"],"inLanguage":"ca","potentialAction":[{"@type":"CommentAction","name":"Comment","target":["https:\/\/portelldemorella.org\/ca\/portell-saca-a-licitacion-las-obras-de-creacion-del-padel\/#respond"]}]},{"@type":"WebPage","@id":"https:\/\/portelldemorella.org\/ca\/portell-saca-a-licitacion-las-obras-de-creacion-del-padel\/","url":"https:\/\/portelldemorella.org\/ca\/portell-saca-a-licitacion-las-obras-de-creacion-del-padel\/","name":"Portell trau a licitaci\u00f3 les obres de creaci\u00f3 del p\u00e0del - Portell de Morella","isPartOf":{"@id":"https:\/\/portelldemorella.org\/#website"},"primaryImageOfPage":{"@id":"https:\/\/portelldemorella.org\/ca\/portell-saca-a-licitacion-las-obras-de-creacion-del-padel\/#primaryimage"},"image":{"@id":"https:\/\/portelldemorella.org\/ca\/portell-saca-a-licitacion-las-obras-de-creacion-del-padel\/#primaryimage"},"thumbnailUrl":"https:\/\/portelldemorella.org\/wp-content\/uploads\/2024\/04\/Diseno-sin-titulo-25.jpg","datePublished":"2024-04-02T11:53:27+00:00","dateModified":"2024-04-02T11:57:47+00:00","breadcrumb":{"@id":"https:\/\/portelldemorella.org\/ca\/portell-saca-a-licitacion-las-obras-de-creacion-del-padel\/#breadcrumb"},"inLanguage":"ca","potentialAction":[{"@type":"ReadAction","target":["https:\/\/portelldemorella.org\/ca\/portell-saca-a-licitacion-las-obras-de-creacion-del-padel\/"]}]},{"@type":"ImageObject","inLanguage":"ca","@id":"https:\/\/portelldemorella.org\/ca\/portell-saca-a-licitacion-las-obras-de-creacion-del-padel\/#primaryimage","url":"https:\/\/portelldemorella.org\/wp-content\/uploads\/2024\/04\/Diseno-sin-titulo-25.jpg","contentUrl":"https:\/\/portelldemorella.org\/wp-content\/uploads\/2024\/04\/Diseno-sin-titulo-25.jpg","width":940,"height":788},{"@type":"BreadcrumbList","@id":"https:\/\/portelldemorella.org\/ca\/portell-saca-a-licitacion-las-obras-de-creacion-del-padel\/#breadcrumb","itemListElement":[{"@type":"ListItem","position":1,"name":"Portada","item":"https:\/\/portelldemorella.org\/ca\/"},{"@type":"ListItem","position":2,"name":"Portell trau a licitaci\u00f3 les obres de creaci\u00f3 del p\u00e0del"}]},{"@type":"WebSite","@id":"https:\/\/portelldemorella.org\/#website","url":"https:\/\/portelldemorella.org\/","name":"Portell de Morella","description":"Web del Ayuntamiento de Portell de Morella","publisher":{"@id":"https:\/\/portelldemorella.org\/#organization"},"potentialAction":[{"@type":"SearchAction","target":{"@type":"EntryPoint","urlTemplate":"https:\/\/portelldemorella.org\/?s={search_term_string}"},"query-input":{"@type":"PropertyValueSpecification","valueRequired":true,"valueName":"search_term_string"}}],"inLanguage":"ca"},{"@type":"Organization","@id":"https:\/\/portelldemorella.org\/#organization","name":"Portell de Morella","url":"https:\/\/portelldemorella.org\/","logo":{"@type":"ImageObject","inLanguage":"ca","@id":"https:\/\/portelldemorella.org\/#\/schema\/logo\/image\/","url":"https:\/\/portelldemorella.org\/wp-content\/uploads\/2020\/11\/Escudo-Portell-04.jpg","contentUrl":"https:\/\/portelldemorella.org\/wp-content\/uploads\/2020\/11\/Escudo-Portell-04.jpg","width":1001,"height":394,"caption":"Portell de Morella"},"image":{"@id":"https:\/\/portelldemorella.org\/#\/schema\/logo\/image\/"}},{"@type":"Person","@id":"https:\/\/portelldemorella.org\/#\/schema\/person\/2adde77c454244acd163488ec723a88b","name":"portell","image":{"@type":"ImageObject","inLanguage":"ca","@id":"https:\/\/portelldemorella.org\/#\/schema\/person\/image\/","url":"https:\/\/secure.gravatar.com\/avatar\/077c6bd89604df620d2fa93a06be2531944cdd6826fd322dbd8b483fd84d6407?s=96&d=mm&r=g","contentUrl":"https:\/\/secure.gravatar.com\/avatar\/077c6bd89604df620d2fa93a06be2531944cdd6826fd322dbd8b483fd84d6407?s=96&d=mm&r=g","caption":"portell"},"sameAs":["https:\/\/portelldemorella.org"],"url":"https:\/\/portelldemorella.org\/ca\/author\/portell\/"}]}},"_links":{"self":[{"href":"https:\/\/portelldemorella.org\/ca\/wp-json\/wp\/v2\/posts\/8066","targetHints":{"allow":["GET"]}}],"collection":[{"href":"https:\/\/portelldemorella.org\/ca\/wp-json\/wp\/v2\/posts"}],"about":[{"href":"https:\/\/portelldemorella.org\/ca\/wp-json\/wp\/v2\/types\/post"}],"author":[{"embeddable":true,"href":"https:\/\/portelldemorella.org\/ca\/wp-json\/wp\/v2\/users\/1"}],"replies":[{"embeddable":true,"href":"https:\/\/portelldemorella.org\/ca\/wp-json\/wp\/v2\/comments?post=8066"}],"version-history":[{"count":1,"href":"https:\/\/portelldemorella.org\/ca\/wp-json\/wp\/v2\/posts\/8066\/revisions"}],"predecessor-version":[{"id":8067,"href":"https:\/\/portelldemorella.org\/ca\/wp-json\/wp\/v2\/posts\/8066\/revisions\/8067"}],"wp:featuredmedia":[{"embeddable":true,"href":"https:\/\/portelldemorella.org\/ca\/wp-json\/wp\/v2\/media\/8068"}],"wp:attachment":[{"href":"https:\/\/portelldemorella.org\/ca\/wp-json\/wp\/v2\/media?parent=8066"}],"wp:term":[{"taxonomy":"category","embeddable":true,"href":"https:\/\/portelldemorella.org\/ca\/wp-json\/wp\/v2\/categories?post=8066"},{"taxonomy":"post_tag","embeddable":true,"href":"https:\/\/portelldemorella.org\/ca\/wp-json\/wp\/v2\/tags?post=8066"}],"curies":[{"name":"wp","href":"https:\/\/api.w.org\/{rel}","templated":true}]}}