{"id":8097,"date":"2024-06-13T12:15:58","date_gmt":"2024-06-13T12:15:58","guid":{"rendered":"https:\/\/portelldemorella.org\/cinctorres-portell-y-castellfort-abren-una-consulta-para-saber-si-hay-familias-interesadas-en-vivir-en-los-pueblos-e-incrementar-el-alumnado-en-el-cra-celumbres\/"},"modified":"2024-06-13T13:20:00","modified_gmt":"2024-06-13T13:20:00","slug":"cinctorres-portell-y-castellfort-abren-una-consulta-para-saber-si-hay-familias-interesadas-en-vivir-en-los-pueblos-e-incrementar-el-alumnado-en-el-cra-celumbres","status":"publish","type":"post","link":"https:\/\/portelldemorella.org\/ca\/cinctorres-portell-y-castellfort-abren-una-consulta-para-saber-si-hay-familias-interesadas-en-vivir-en-los-pueblos-e-incrementar-el-alumnado-en-el-cra-celumbres\/","title":{"rendered":"Cinctorres, Portell i Castellfort obrin una consulta per a saber si hi ha fam\u00edlies interessades a viure als pobles i incrementar l&#8217;alumnat en el CRA Celumbres"},"content":{"rendered":"\n<p>La Comissi\u00f3 Celumbres -que agrupa els aularis de Portell, Cinctorres i Castellfort, conformant el Centre Rural Agrupat Celumbres, els ajuntaments dels tres municipis i la Mancomunitat Els Ports-, ha iniciat una campanya i ha presentat un q\u00fcestionari per a con\u00e9ixer l&#8217;inter\u00e9s de fam\u00edlies que vulguen viure en estos tres pobles dels Ports. L&#8217;objectiu \u00e9s saber si hi ha fam\u00edlies disposades a viure en estos municipis amb l&#8217;objectiu d&#8217;incrementar l&#8217;alumnat en els aularis. En estos moments, segons ha explicat la directora del CRA, Montse Sorribes \u201cla situaci\u00f3 \u00e9s m\u00e9s delicada en els aularis de Portell i Castellfort que s\u00f3n els que tenen menys alumnes i on sempre estem amb un ai per a garantir la seua continu\u00eftat\u201d.<\/p>\n\n\n\n<p>Des de la comissi\u00f3 s&#8217;ha deixat clar que en cap cas s&#8217;oferir\u00e0 ni vivenda ni treball a les fam\u00edlies interessades. Tenint en compte experi\u00e8ncies anteriors, quan no s&#8217;ha produ\u00eft arrelament, l&#8217;objectiu \u00e9s con\u00e9ixer l&#8217;inter\u00e9s de fam\u00edlies que realment es plantegen un projecte de vida a llarg termini als pobles. Des de la comissi\u00f3 s&#8217;oferir\u00e0 informaci\u00f3 als interessats, per\u00f2 no es pagar\u00e0 ni vivenda ni s&#8217;oferir\u00e0 treball.<\/p>\n\n\n\n<p>La campanya de difusi\u00f3 que s&#8217;ha presentat donar\u00e0 a con\u00e9ixer, a trav\u00e9s de les xarxes socials del CRA Celumbres i dels ajuntaments, la realitat dels pobles, els valors de vida en ells i les possibilitats que oferixen. Aix\u00ed mateix s&#8217;incidir\u00e0 en el projecte educatiu del CRA Celumbres, que ja ha rebut diversos premis a la innovaci\u00f3 educativa i la qualitat en l&#8217;ensenyament.<\/p>\n\n\n\n<p>En l&#8217;enquesta es pregunta sobre els motius pels quals una fam\u00edlia viuria al poble, els inconvenients que aprecien a anar a viure a Portell, Cinctorres o Castellfort, quants membres hi ha en la fam\u00edlia, edats, situaci\u00f3 laboral i si es busca ocupaci\u00f3, el tipus de treball que es busca, la disponibilitat de vehicle, si l&#8217;idioma \u00e9s una barrera, el nivell de castell\u00e0, la proced\u00e8ncia, el coneixement dels serveis dels pobles i quins valoren m\u00e9s -educaci\u00f3, sanitat, supermercats i botigues o altres-.<\/p>\n\n\n\n<p><a href=\"https:\/\/forms.gle\/xZnppZtTDdc34Bd3A\">Formulari<\/a><\/p>\n","protected":false},"excerpt":{"rendered":"<p>La Comissi\u00f3 Celumbres -que agrupa els aularis de Portell, Cinctorres i Castellfort, conformant el Centre Rural Agrupat Celumbres, els ajuntaments dels tres municipis i la Mancomunitat Els Ports-, ha iniciat una campanya i ha presentat un q\u00fcestionari per a con\u00e9ixer l&#8217;inter\u00e9s de fam\u00edlies que vulguen viure en estos tres pobles dels Ports. L&#8217;objectiu \u00e9s saber [&hellip;]<\/p>\n","protected":false},"author":1,"featured_media":8095,"comment_status":"open","ping_status":"open","sticky":false,"template":"","format":"standard","meta":{"footnotes":""},"categories":[97],"tags":[225,226,227,107],"class_list":["post-8097","post","type-post","status-publish","format-standard","has-post-thumbnail","hentry","category-ayuntamiento-ca","tag-cinctorres-ca","tag-educacio-ca","tag-educacion-3-ca","tag-portell-ca"],"yoast_head":"<!-- This site is optimized with the Yoast SEO plugin v24.4 - https:\/\/yoast.com\/wordpress\/plugins\/seo\/ -->\n<title>Cinctorres, Portell i Castellfort obrin una consulta per a saber si hi ha fam\u00edlies interessades a viure als pobles i incrementar l&#039;alumnat en el CRA Celumbres - Portell de Morella<\/title>\n<meta name=\"robots\" content=\"noindex, follow, max-snippet:-1, max-image-preview:large, max-video-preview:-1\" \/>\n<meta property=\"og:locale\" content=\"ca_ES\" \/>\n<meta property=\"og:type\" content=\"article\" \/>\n<meta property=\"og:title\" content=\"Cinctorres, Portell i Castellfort obrin una consulta per a saber si hi ha fam\u00edlies interessades a viure als pobles i incrementar l&#039;alumnat en el CRA Celumbres - Portell de Morella\" \/>\n<meta property=\"og:description\" content=\"La Comissi\u00f3 Celumbres -que agrupa els aularis de Portell, Cinctorres i Castellfort, conformant el Centre Rural Agrupat Celumbres, els ajuntaments dels tres municipis i la Mancomunitat Els Ports-, ha iniciat una campanya i ha presentat un q\u00fcestionari per a con\u00e9ixer l&#8217;inter\u00e9s de fam\u00edlies que vulguen viure en estos tres pobles dels Ports. L&#8217;objectiu \u00e9s saber [&hellip;]\" \/>\n<meta property=\"og:url\" content=\"https:\/\/portelldemorella.org\/ca\/cinctorres-portell-y-castellfort-abren-una-consulta-para-saber-si-hay-familias-interesadas-en-vivir-en-los-pueblos-e-incrementar-el-alumnado-en-el-cra-celumbres\/\" \/>\n<meta property=\"og:site_name\" content=\"Portell de Morella\" \/>\n<meta property=\"article:published_time\" content=\"2024-06-13T12:15:58+00:00\" \/>\n<meta property=\"article:modified_time\" content=\"2024-06-13T13:20:00+00:00\" \/>\n<meta property=\"og:image\" content=\"https:\/\/portelldemorella.org\/wp-content\/uploads\/2024\/06\/Escola-Portell.jpeg\" \/>\n\t<meta property=\"og:image:width\" content=\"800\" \/>\n\t<meta property=\"og:image:height\" content=\"450\" \/>\n\t<meta property=\"og:image:type\" content=\"image\/jpeg\" \/>\n<meta name=\"author\" content=\"portell\" \/>\n<meta name=\"twitter:card\" content=\"summary_large_image\" \/>\n<meta name=\"twitter:label1\" content=\"Escrit per\" \/>\n\t<meta name=\"twitter:data1\" content=\"portell\" \/>\n\t<meta name=\"twitter:label2\" content=\"Temps estimat de lectura\" \/>\n\t<meta name=\"twitter:data2\" content=\"2 minuts\" \/>\n<script type=\"application\/ld+json\" class=\"yoast-schema-graph\">{\"@context\":\"https:\/\/schema.org\",\"@graph\":[{\"@type\":\"Article\",\"@id\":\"https:\/\/portelldemorella.org\/ca\/cinctorres-portell-y-castellfort-abren-una-consulta-para-saber-si-hay-familias-interesadas-en-vivir-en-los-pueblos-e-incrementar-el-alumnado-en-el-cra-celumbres\/#article\",\"isPartOf\":{\"@id\":\"https:\/\/portelldemorella.org\/ca\/cinctorres-portell-y-castellfort-abren-una-consulta-para-saber-si-hay-familias-interesadas-en-vivir-en-los-pueblos-e-incrementar-el-alumnado-en-el-cra-celumbres\/\"},\"author\":{\"name\":\"portell\",\"@id\":\"https:\/\/portelldemorella.org\/#\/schema\/person\/2adde77c454244acd163488ec723a88b\"},\"headline\":\"Cinctorres, Portell i Castellfort obrin una consulta per a saber si hi ha fam\u00edlies interessades a viure als pobles i incrementar l&#8217;alumnat en el CRA Celumbres\",\"datePublished\":\"2024-06-13T12:15:58+00:00\",\"dateModified\":\"2024-06-13T13:20:00+00:00\",\"mainEntityOfPage\":{\"@id\":\"https:\/\/portelldemorella.org\/ca\/cinctorres-portell-y-castellfort-abren-una-consulta-para-saber-si-hay-familias-interesadas-en-vivir-en-los-pueblos-e-incrementar-el-alumnado-en-el-cra-celumbres\/\"},\"wordCount\":373,\"commentCount\":0,\"publisher\":{\"@id\":\"https:\/\/portelldemorella.org\/#organization\"},\"image\":{\"@id\":\"https:\/\/portelldemorella.org\/ca\/cinctorres-portell-y-castellfort-abren-una-consulta-para-saber-si-hay-familias-interesadas-en-vivir-en-los-pueblos-e-incrementar-el-alumnado-en-el-cra-celumbres\/#primaryimage\"},\"thumbnailUrl\":\"https:\/\/portelldemorella.org\/wp-content\/uploads\/2024\/06\/Escola-Portell.jpeg\",\"keywords\":[\"cinctorres\",\"educacio\",\"educacion\",\"portell\"],\"articleSection\":[\"Ayuntamiento\"],\"inLanguage\":\"ca\",\"potentialAction\":[{\"@type\":\"CommentAction\",\"name\":\"Comment\",\"target\":[\"https:\/\/portelldemorella.org\/ca\/cinctorres-portell-y-castellfort-abren-una-consulta-para-saber-si-hay-familias-interesadas-en-vivir-en-los-pueblos-e-incrementar-el-alumnado-en-el-cra-celumbres\/#respond\"]}]},{\"@type\":\"WebPage\",\"@id\":\"https:\/\/portelldemorella.org\/ca\/cinctorres-portell-y-castellfort-abren-una-consulta-para-saber-si-hay-familias-interesadas-en-vivir-en-los-pueblos-e-incrementar-el-alumnado-en-el-cra-celumbres\/\",\"url\":\"https:\/\/portelldemorella.org\/ca\/cinctorres-portell-y-castellfort-abren-una-consulta-para-saber-si-hay-familias-interesadas-en-vivir-en-los-pueblos-e-incrementar-el-alumnado-en-el-cra-celumbres\/\",\"name\":\"Cinctorres, Portell i Castellfort obrin una consulta per a saber si hi ha fam\u00edlies interessades a viure als pobles i incrementar l'alumnat en el CRA Celumbres - Portell de Morella\",\"isPartOf\":{\"@id\":\"https:\/\/portelldemorella.org\/#website\"},\"primaryImageOfPage\":{\"@id\":\"https:\/\/portelldemorella.org\/ca\/cinctorres-portell-y-castellfort-abren-una-consulta-para-saber-si-hay-familias-interesadas-en-vivir-en-los-pueblos-e-incrementar-el-alumnado-en-el-cra-celumbres\/#primaryimage\"},\"image\":{\"@id\":\"https:\/\/portelldemorella.org\/ca\/cinctorres-portell-y-castellfort-abren-una-consulta-para-saber-si-hay-familias-interesadas-en-vivir-en-los-pueblos-e-incrementar-el-alumnado-en-el-cra-celumbres\/#primaryimage\"},\"thumbnailUrl\":\"https:\/\/portelldemorella.org\/wp-content\/uploads\/2024\/06\/Escola-Portell.jpeg\",\"datePublished\":\"2024-06-13T12:15:58+00:00\",\"dateModified\":\"2024-06-13T13:20:00+00:00\",\"breadcrumb\":{\"@id\":\"https:\/\/portelldemorella.org\/ca\/cinctorres-portell-y-castellfort-abren-una-consulta-para-saber-si-hay-familias-interesadas-en-vivir-en-los-pueblos-e-incrementar-el-alumnado-en-el-cra-celumbres\/#breadcrumb\"},\"inLanguage\":\"ca\",\"potentialAction\":[{\"@type\":\"ReadAction\",\"target\":[\"https:\/\/portelldemorella.org\/ca\/cinctorres-portell-y-castellfort-abren-una-consulta-para-saber-si-hay-familias-interesadas-en-vivir-en-los-pueblos-e-incrementar-el-alumnado-en-el-cra-celumbres\/\"]}]},{\"@type\":\"ImageObject\",\"inLanguage\":\"ca\",\"@id\":\"https:\/\/portelldemorella.org\/ca\/cinctorres-portell-y-castellfort-abren-una-consulta-para-saber-si-hay-familias-interesadas-en-vivir-en-los-pueblos-e-incrementar-el-alumnado-en-el-cra-celumbres\/#primaryimage\",\"url\":\"https:\/\/portelldemorella.org\/wp-content\/uploads\/2024\/06\/Escola-Portell.jpeg\",\"contentUrl\":\"https:\/\/portelldemorella.org\/wp-content\/uploads\/2024\/06\/Escola-Portell.jpeg\",\"width\":800,\"height\":450},{\"@type\":\"BreadcrumbList\",\"@id\":\"https:\/\/portelldemorella.org\/ca\/cinctorres-portell-y-castellfort-abren-una-consulta-para-saber-si-hay-familias-interesadas-en-vivir-en-los-pueblos-e-incrementar-el-alumnado-en-el-cra-celumbres\/#breadcrumb\",\"itemListElement\":[{\"@type\":\"ListItem\",\"position\":1,\"name\":\"Portada\",\"item\":\"https:\/\/portelldemorella.org\/ca\/\"},{\"@type\":\"ListItem\",\"position\":2,\"name\":\"Cinctorres, Portell i Castellfort obrin una consulta per a saber si hi ha fam\u00edlies interessades a viure als pobles i incrementar l&#8217;alumnat en el CRA Celumbres\"}]},{\"@type\":\"WebSite\",\"@id\":\"https:\/\/portelldemorella.org\/#website\",\"url\":\"https:\/\/portelldemorella.org\/\",\"name\":\"Portell de Morella\",\"description\":\"Web del Ayuntamiento de Portell de Morella\",\"publisher\":{\"@id\":\"https:\/\/portelldemorella.org\/#organization\"},\"potentialAction\":[{\"@type\":\"SearchAction\",\"target\":{\"@type\":\"EntryPoint\",\"urlTemplate\":\"https:\/\/portelldemorella.org\/?s={search_term_string}\"},\"query-input\":{\"@type\":\"PropertyValueSpecification\",\"valueRequired\":true,\"valueName\":\"search_term_string\"}}],\"inLanguage\":\"ca\"},{\"@type\":\"Organization\",\"@id\":\"https:\/\/portelldemorella.org\/#organization\",\"name\":\"Portell de Morella\",\"url\":\"https:\/\/portelldemorella.org\/\",\"logo\":{\"@type\":\"ImageObject\",\"inLanguage\":\"ca\",\"@id\":\"https:\/\/portelldemorella.org\/#\/schema\/logo\/image\/\",\"url\":\"https:\/\/portelldemorella.org\/wp-content\/uploads\/2020\/11\/Escudo-Portell-04.jpg\",\"contentUrl\":\"https:\/\/portelldemorella.org\/wp-content\/uploads\/2020\/11\/Escudo-Portell-04.jpg\",\"width\":1001,\"height\":394,\"caption\":\"Portell de Morella\"},\"image\":{\"@id\":\"https:\/\/portelldemorella.org\/#\/schema\/logo\/image\/\"}},{\"@type\":\"Person\",\"@id\":\"https:\/\/portelldemorella.org\/#\/schema\/person\/2adde77c454244acd163488ec723a88b\",\"name\":\"portell\",\"image\":{\"@type\":\"ImageObject\",\"inLanguage\":\"ca\",\"@id\":\"https:\/\/portelldemorella.org\/#\/schema\/person\/image\/\",\"url\":\"https:\/\/secure.gravatar.com\/avatar\/077c6bd89604df620d2fa93a06be2531944cdd6826fd322dbd8b483fd84d6407?s=96&d=mm&r=g\",\"contentUrl\":\"https:\/\/secure.gravatar.com\/avatar\/077c6bd89604df620d2fa93a06be2531944cdd6826fd322dbd8b483fd84d6407?s=96&d=mm&r=g\",\"caption\":\"portell\"},\"sameAs\":[\"https:\/\/portelldemorella.org\"],\"url\":\"https:\/\/portelldemorella.org\/ca\/author\/portell\/\"}]}<\/script>\n<!-- \/ Yoast SEO plugin. -->","yoast_head_json":{"title":"Cinctorres, Portell i Castellfort obrin una consulta per a saber si hi ha fam\u00edlies interessades a viure als pobles i incrementar l'alumnat en el CRA Celumbres - Portell de Morella","robots":{"index":"noindex","follow":"follow","max-snippet":"max-snippet:-1","max-image-preview":"max-image-preview:large","max-video-preview":"max-video-preview:-1"},"og_locale":"ca_ES","og_type":"article","og_title":"Cinctorres, Portell i Castellfort obrin una consulta per a saber si hi ha fam\u00edlies interessades a viure als pobles i incrementar l'alumnat en el CRA Celumbres - Portell de Morella","og_description":"La Comissi\u00f3 Celumbres -que agrupa els aularis de Portell, Cinctorres i Castellfort, conformant el Centre Rural Agrupat Celumbres, els ajuntaments dels tres municipis i la Mancomunitat Els Ports-, ha iniciat una campanya i ha presentat un q\u00fcestionari per a con\u00e9ixer l&#8217;inter\u00e9s de fam\u00edlies que vulguen viure en estos tres pobles dels Ports. L&#8217;objectiu \u00e9s saber [&hellip;]","og_url":"https:\/\/portelldemorella.org\/ca\/cinctorres-portell-y-castellfort-abren-una-consulta-para-saber-si-hay-familias-interesadas-en-vivir-en-los-pueblos-e-incrementar-el-alumnado-en-el-cra-celumbres\/","og_site_name":"Portell de Morella","article_published_time":"2024-06-13T12:15:58+00:00","article_modified_time":"2024-06-13T13:20:00+00:00","og_image":[{"width":800,"height":450,"url":"https:\/\/portelldemorella.org\/wp-content\/uploads\/2024\/06\/Escola-Portell.jpeg","type":"image\/jpeg"}],"author":"portell","twitter_card":"summary_large_image","twitter_misc":{"Escrit per":"portell","Temps estimat de lectura":"2 minuts"},"schema":{"@context":"https:\/\/schema.org","@graph":[{"@type":"Article","@id":"https:\/\/portelldemorella.org\/ca\/cinctorres-portell-y-castellfort-abren-una-consulta-para-saber-si-hay-familias-interesadas-en-vivir-en-los-pueblos-e-incrementar-el-alumnado-en-el-cra-celumbres\/#article","isPartOf":{"@id":"https:\/\/portelldemorella.org\/ca\/cinctorres-portell-y-castellfort-abren-una-consulta-para-saber-si-hay-familias-interesadas-en-vivir-en-los-pueblos-e-incrementar-el-alumnado-en-el-cra-celumbres\/"},"author":{"name":"portell","@id":"https:\/\/portelldemorella.org\/#\/schema\/person\/2adde77c454244acd163488ec723a88b"},"headline":"Cinctorres, Portell i Castellfort obrin una consulta per a saber si hi ha fam\u00edlies interessades a viure als pobles i incrementar l&#8217;alumnat en el CRA Celumbres","datePublished":"2024-06-13T12:15:58+00:00","dateModified":"2024-06-13T13:20:00+00:00","mainEntityOfPage":{"@id":"https:\/\/portelldemorella.org\/ca\/cinctorres-portell-y-castellfort-abren-una-consulta-para-saber-si-hay-familias-interesadas-en-vivir-en-los-pueblos-e-incrementar-el-alumnado-en-el-cra-celumbres\/"},"wordCount":373,"commentCount":0,"publisher":{"@id":"https:\/\/portelldemorella.org\/#organization"},"image":{"@id":"https:\/\/portelldemorella.org\/ca\/cinctorres-portell-y-castellfort-abren-una-consulta-para-saber-si-hay-familias-interesadas-en-vivir-en-los-pueblos-e-incrementar-el-alumnado-en-el-cra-celumbres\/#primaryimage"},"thumbnailUrl":"https:\/\/portelldemorella.org\/wp-content\/uploads\/2024\/06\/Escola-Portell.jpeg","keywords":["cinctorres","educacio","educacion","portell"],"articleSection":["Ayuntamiento"],"inLanguage":"ca","potentialAction":[{"@type":"CommentAction","name":"Comment","target":["https:\/\/portelldemorella.org\/ca\/cinctorres-portell-y-castellfort-abren-una-consulta-para-saber-si-hay-familias-interesadas-en-vivir-en-los-pueblos-e-incrementar-el-alumnado-en-el-cra-celumbres\/#respond"]}]},{"@type":"WebPage","@id":"https:\/\/portelldemorella.org\/ca\/cinctorres-portell-y-castellfort-abren-una-consulta-para-saber-si-hay-familias-interesadas-en-vivir-en-los-pueblos-e-incrementar-el-alumnado-en-el-cra-celumbres\/","url":"https:\/\/portelldemorella.org\/ca\/cinctorres-portell-y-castellfort-abren-una-consulta-para-saber-si-hay-familias-interesadas-en-vivir-en-los-pueblos-e-incrementar-el-alumnado-en-el-cra-celumbres\/","name":"Cinctorres, Portell i Castellfort obrin una consulta per a saber si hi ha fam\u00edlies interessades a viure als pobles i incrementar l'alumnat en el CRA Celumbres - Portell de Morella","isPartOf":{"@id":"https:\/\/portelldemorella.org\/#website"},"primaryImageOfPage":{"@id":"https:\/\/portelldemorella.org\/ca\/cinctorres-portell-y-castellfort-abren-una-consulta-para-saber-si-hay-familias-interesadas-en-vivir-en-los-pueblos-e-incrementar-el-alumnado-en-el-cra-celumbres\/#primaryimage"},"image":{"@id":"https:\/\/portelldemorella.org\/ca\/cinctorres-portell-y-castellfort-abren-una-consulta-para-saber-si-hay-familias-interesadas-en-vivir-en-los-pueblos-e-incrementar-el-alumnado-en-el-cra-celumbres\/#primaryimage"},"thumbnailUrl":"https:\/\/portelldemorella.org\/wp-content\/uploads\/2024\/06\/Escola-Portell.jpeg","datePublished":"2024-06-13T12:15:58+00:00","dateModified":"2024-06-13T13:20:00+00:00","breadcrumb":{"@id":"https:\/\/portelldemorella.org\/ca\/cinctorres-portell-y-castellfort-abren-una-consulta-para-saber-si-hay-familias-interesadas-en-vivir-en-los-pueblos-e-incrementar-el-alumnado-en-el-cra-celumbres\/#breadcrumb"},"inLanguage":"ca","potentialAction":[{"@type":"ReadAction","target":["https:\/\/portelldemorella.org\/ca\/cinctorres-portell-y-castellfort-abren-una-consulta-para-saber-si-hay-familias-interesadas-en-vivir-en-los-pueblos-e-incrementar-el-alumnado-en-el-cra-celumbres\/"]}]},{"@type":"ImageObject","inLanguage":"ca","@id":"https:\/\/portelldemorella.org\/ca\/cinctorres-portell-y-castellfort-abren-una-consulta-para-saber-si-hay-familias-interesadas-en-vivir-en-los-pueblos-e-incrementar-el-alumnado-en-el-cra-celumbres\/#primaryimage","url":"https:\/\/portelldemorella.org\/wp-content\/uploads\/2024\/06\/Escola-Portell.jpeg","contentUrl":"https:\/\/portelldemorella.org\/wp-content\/uploads\/2024\/06\/Escola-Portell.jpeg","width":800,"height":450},{"@type":"BreadcrumbList","@id":"https:\/\/portelldemorella.org\/ca\/cinctorres-portell-y-castellfort-abren-una-consulta-para-saber-si-hay-familias-interesadas-en-vivir-en-los-pueblos-e-incrementar-el-alumnado-en-el-cra-celumbres\/#breadcrumb","itemListElement":[{"@type":"ListItem","position":1,"name":"Portada","item":"https:\/\/portelldemorella.org\/ca\/"},{"@type":"ListItem","position":2,"name":"Cinctorres, Portell i Castellfort obrin una consulta per a saber si hi ha fam\u00edlies interessades a viure als pobles i incrementar l&#8217;alumnat en el CRA Celumbres"}]},{"@type":"WebSite","@id":"https:\/\/portelldemorella.org\/#website","url":"https:\/\/portelldemorella.org\/","name":"Portell de Morella","description":"Web del Ayuntamiento de Portell de Morella","publisher":{"@id":"https:\/\/portelldemorella.org\/#organization"},"potentialAction":[{"@type":"SearchAction","target":{"@type":"EntryPoint","urlTemplate":"https:\/\/portelldemorella.org\/?s={search_term_string}"},"query-input":{"@type":"PropertyValueSpecification","valueRequired":true,"valueName":"search_term_string"}}],"inLanguage":"ca"},{"@type":"Organization","@id":"https:\/\/portelldemorella.org\/#organization","name":"Portell de Morella","url":"https:\/\/portelldemorella.org\/","logo":{"@type":"ImageObject","inLanguage":"ca","@id":"https:\/\/portelldemorella.org\/#\/schema\/logo\/image\/","url":"https:\/\/portelldemorella.org\/wp-content\/uploads\/2020\/11\/Escudo-Portell-04.jpg","contentUrl":"https:\/\/portelldemorella.org\/wp-content\/uploads\/2020\/11\/Escudo-Portell-04.jpg","width":1001,"height":394,"caption":"Portell de Morella"},"image":{"@id":"https:\/\/portelldemorella.org\/#\/schema\/logo\/image\/"}},{"@type":"Person","@id":"https:\/\/portelldemorella.org\/#\/schema\/person\/2adde77c454244acd163488ec723a88b","name":"portell","image":{"@type":"ImageObject","inLanguage":"ca","@id":"https:\/\/portelldemorella.org\/#\/schema\/person\/image\/","url":"https:\/\/secure.gravatar.com\/avatar\/077c6bd89604df620d2fa93a06be2531944cdd6826fd322dbd8b483fd84d6407?s=96&d=mm&r=g","contentUrl":"https:\/\/secure.gravatar.com\/avatar\/077c6bd89604df620d2fa93a06be2531944cdd6826fd322dbd8b483fd84d6407?s=96&d=mm&r=g","caption":"portell"},"sameAs":["https:\/\/portelldemorella.org"],"url":"https:\/\/portelldemorella.org\/ca\/author\/portell\/"}]}},"_links":{"self":[{"href":"https:\/\/portelldemorella.org\/ca\/wp-json\/wp\/v2\/posts\/8097","targetHints":{"allow":["GET"]}}],"collection":[{"href":"https:\/\/portelldemorella.org\/ca\/wp-json\/wp\/v2\/posts"}],"about":[{"href":"https:\/\/portelldemorella.org\/ca\/wp-json\/wp\/v2\/types\/post"}],"author":[{"embeddable":true,"href":"https:\/\/portelldemorella.org\/ca\/wp-json\/wp\/v2\/users\/1"}],"replies":[{"embeddable":true,"href":"https:\/\/portelldemorella.org\/ca\/wp-json\/wp\/v2\/comments?post=8097"}],"version-history":[{"count":2,"href":"https:\/\/portelldemorella.org\/ca\/wp-json\/wp\/v2\/posts\/8097\/revisions"}],"predecessor-version":[{"id":8100,"href":"https:\/\/portelldemorella.org\/ca\/wp-json\/wp\/v2\/posts\/8097\/revisions\/8100"}],"wp:featuredmedia":[{"embeddable":true,"href":"https:\/\/portelldemorella.org\/ca\/wp-json\/wp\/v2\/media\/8095"}],"wp:attachment":[{"href":"https:\/\/portelldemorella.org\/ca\/wp-json\/wp\/v2\/media?parent=8097"}],"wp:term":[{"taxonomy":"category","embeddable":true,"href":"https:\/\/portelldemorella.org\/ca\/wp-json\/wp\/v2\/categories?post=8097"},{"taxonomy":"post_tag","embeddable":true,"href":"https:\/\/portelldemorella.org\/ca\/wp-json\/wp\/v2\/tags?post=8097"}],"curies":[{"name":"wp","href":"https:\/\/api.w.org\/{rel}","templated":true}]}}