{"id":8119,"date":"2024-07-12T07:25:28","date_gmt":"2024-07-12T07:25:28","guid":{"rendered":"https:\/\/portelldemorella.org\/?p=8119"},"modified":"2024-07-12T07:25:29","modified_gmt":"2024-07-12T07:25:29","slug":"portell-obrira-diumenge-el-cicle-xi-sons-de-linterior","status":"publish","type":"post","link":"https:\/\/portelldemorella.org\/ca\/portell-obrira-diumenge-el-cicle-xi-sons-de-linterior\/","title":{"rendered":"Portell obrir\u00e0 diumenge el cicle XI Sons de l\u2019interior"},"content":{"rendered":"\n<p>-El primer dels tres concerts previstos sonar\u00e0 a migdia a la pla\u00e7a de l\u2019Esgl\u00e9sia<\/p>\n\n\n\n<p>La pla\u00e7a de l\u2019Esgl\u00e9sia de Portell acollir\u00e0 aquest diumenge el primer concert del cicle XI Sons de l\u2019interior. La m\u00fasica de cambra del duet format per Bobby Rootvelt (guitarra) i Sanna Van Est (flauta dol\u00e7a), procedents d\u2019Alemanya, iniciar\u00e0 una programaci\u00f3 que continuar\u00e0 fins al mes d\u2019agost per a gaudir la cultura durant el periode estival.<\/p>\n\n\n\n<p>Aix\u00ed el dia 19 reprendr\u00e0 les actuacions amb Cherubino Flute Quartet. Els italians Sacha de Ritis, Annachiara Aiello Blasi, Martina D\u2019Aluisio i Vanessa Pantaleo portaran la seua m\u00fasica fins a la pla\u00e7a de l\u2019Ajuntament a partir de les 19.30 hores.<\/p>\n\n\n\n<p>La localitat acomiadar\u00e0 el Sons d\u2019Interior el 4 d\u2019agost a les 12 hores a l\u2019esgl\u00e9sia amb l\u2019actuaci\u00f3 de Mefitis Quartet, guitarres i veus d\u2019It\u00e0lia a c\u00e0rrec de la mezzosoprano Tiziana Lobosco, la contralt Valeria Veltro i les guitarres de Francesco Latorraca i Gaetano Agoglia.<\/p>\n","protected":false},"excerpt":{"rendered":"<p>-El primer dels tres concerts previstos sonar\u00e0 a migdia a la pla\u00e7a de l\u2019Esgl\u00e9sia La pla\u00e7a de l\u2019Esgl\u00e9sia de Portell acollir\u00e0 aquest diumenge el primer concert del cicle XI Sons de l\u2019interior. La m\u00fasica de cambra del duet format per Bobby Rootvelt (guitarra) i Sanna Van Est (flauta dol\u00e7a), procedents d\u2019Alemanya, iniciar\u00e0 una programaci\u00f3 que [&hellip;]<\/p>\n","protected":false},"author":1,"featured_media":8117,"comment_status":"open","ping_status":"open","sticky":false,"template":"","format":"standard","meta":{"footnotes":""},"categories":[97],"tags":[107],"class_list":["post-8119","post","type-post","status-publish","format-standard","has-post-thumbnail","hentry","category-ayuntamiento-ca","tag-portell-ca"],"yoast_head":"<!-- This site is optimized with the Yoast SEO plugin v24.4 - https:\/\/yoast.com\/wordpress\/plugins\/seo\/ -->\n<title>Portell obrir\u00e0 diumenge el cicle XI Sons de l\u2019interior - Portell de Morella<\/title>\n<meta name=\"robots\" content=\"noindex, follow, max-snippet:-1, max-image-preview:large, max-video-preview:-1\" \/>\n<meta property=\"og:locale\" content=\"ca_ES\" \/>\n<meta property=\"og:type\" content=\"article\" \/>\n<meta property=\"og:title\" content=\"Portell obrir\u00e0 diumenge el cicle XI Sons de l\u2019interior - Portell de Morella\" \/>\n<meta property=\"og:description\" content=\"-El primer dels tres concerts previstos sonar\u00e0 a migdia a la pla\u00e7a de l\u2019Esgl\u00e9sia La pla\u00e7a de l\u2019Esgl\u00e9sia de Portell acollir\u00e0 aquest diumenge el primer concert del cicle XI Sons de l\u2019interior. La m\u00fasica de cambra del duet format per Bobby Rootvelt (guitarra) i Sanna Van Est (flauta dol\u00e7a), procedents d\u2019Alemanya, iniciar\u00e0 una programaci\u00f3 que [&hellip;]\" \/>\n<meta property=\"og:url\" content=\"https:\/\/portelldemorella.org\/ca\/portell-obrira-diumenge-el-cicle-xi-sons-de-linterior\/\" \/>\n<meta property=\"og:site_name\" content=\"Portell de Morella\" \/>\n<meta property=\"article:published_time\" content=\"2024-07-12T07:25:28+00:00\" \/>\n<meta property=\"article:modified_time\" content=\"2024-07-12T07:25:29+00:00\" \/>\n<meta property=\"og:image\" content=\"https:\/\/portelldemorella.org\/wp-content\/uploads\/2024\/07\/Portell-Sons-interior.jpg\" \/>\n\t<meta property=\"og:image:width\" content=\"1011\" \/>\n\t<meta property=\"og:image:height\" content=\"757\" \/>\n\t<meta property=\"og:image:type\" content=\"image\/jpeg\" \/>\n<meta name=\"author\" content=\"portell\" \/>\n<meta name=\"twitter:card\" content=\"summary_large_image\" \/>\n<meta name=\"twitter:label1\" content=\"Escrit per\" \/>\n\t<meta name=\"twitter:data1\" content=\"portell\" \/>\n\t<meta name=\"twitter:label2\" content=\"Temps estimat de lectura\" \/>\n\t<meta name=\"twitter:data2\" content=\"1 minut\" \/>\n<script type=\"application\/ld+json\" class=\"yoast-schema-graph\">{\"@context\":\"https:\/\/schema.org\",\"@graph\":[{\"@type\":\"Article\",\"@id\":\"https:\/\/portelldemorella.org\/ca\/portell-obrira-diumenge-el-cicle-xi-sons-de-linterior\/#article\",\"isPartOf\":{\"@id\":\"https:\/\/portelldemorella.org\/ca\/portell-obrira-diumenge-el-cicle-xi-sons-de-linterior\/\"},\"author\":{\"name\":\"portell\",\"@id\":\"https:\/\/portelldemorella.org\/#\/schema\/person\/2adde77c454244acd163488ec723a88b\"},\"headline\":\"Portell obrir\u00e0 diumenge el cicle XI Sons de l\u2019interior\",\"datePublished\":\"2024-07-12T07:25:28+00:00\",\"dateModified\":\"2024-07-12T07:25:29+00:00\",\"mainEntityOfPage\":{\"@id\":\"https:\/\/portelldemorella.org\/ca\/portell-obrira-diumenge-el-cicle-xi-sons-de-linterior\/\"},\"wordCount\":182,\"commentCount\":0,\"publisher\":{\"@id\":\"https:\/\/portelldemorella.org\/#organization\"},\"image\":{\"@id\":\"https:\/\/portelldemorella.org\/ca\/portell-obrira-diumenge-el-cicle-xi-sons-de-linterior\/#primaryimage\"},\"thumbnailUrl\":\"https:\/\/portelldemorella.org\/wp-content\/uploads\/2024\/07\/Portell-Sons-interior.jpg\",\"keywords\":[\"portell\"],\"articleSection\":[\"Ayuntamiento\"],\"inLanguage\":\"ca\",\"potentialAction\":[{\"@type\":\"CommentAction\",\"name\":\"Comment\",\"target\":[\"https:\/\/portelldemorella.org\/ca\/portell-obrira-diumenge-el-cicle-xi-sons-de-linterior\/#respond\"]}]},{\"@type\":\"WebPage\",\"@id\":\"https:\/\/portelldemorella.org\/ca\/portell-obrira-diumenge-el-cicle-xi-sons-de-linterior\/\",\"url\":\"https:\/\/portelldemorella.org\/ca\/portell-obrira-diumenge-el-cicle-xi-sons-de-linterior\/\",\"name\":\"Portell obrir\u00e0 diumenge el cicle XI Sons de l\u2019interior - Portell de Morella\",\"isPartOf\":{\"@id\":\"https:\/\/portelldemorella.org\/#website\"},\"primaryImageOfPage\":{\"@id\":\"https:\/\/portelldemorella.org\/ca\/portell-obrira-diumenge-el-cicle-xi-sons-de-linterior\/#primaryimage\"},\"image\":{\"@id\":\"https:\/\/portelldemorella.org\/ca\/portell-obrira-diumenge-el-cicle-xi-sons-de-linterior\/#primaryimage\"},\"thumbnailUrl\":\"https:\/\/portelldemorella.org\/wp-content\/uploads\/2024\/07\/Portell-Sons-interior.jpg\",\"datePublished\":\"2024-07-12T07:25:28+00:00\",\"dateModified\":\"2024-07-12T07:25:29+00:00\",\"breadcrumb\":{\"@id\":\"https:\/\/portelldemorella.org\/ca\/portell-obrira-diumenge-el-cicle-xi-sons-de-linterior\/#breadcrumb\"},\"inLanguage\":\"ca\",\"potentialAction\":[{\"@type\":\"ReadAction\",\"target\":[\"https:\/\/portelldemorella.org\/ca\/portell-obrira-diumenge-el-cicle-xi-sons-de-linterior\/\"]}]},{\"@type\":\"ImageObject\",\"inLanguage\":\"ca\",\"@id\":\"https:\/\/portelldemorella.org\/ca\/portell-obrira-diumenge-el-cicle-xi-sons-de-linterior\/#primaryimage\",\"url\":\"https:\/\/portelldemorella.org\/wp-content\/uploads\/2024\/07\/Portell-Sons-interior.jpg\",\"contentUrl\":\"https:\/\/portelldemorella.org\/wp-content\/uploads\/2024\/07\/Portell-Sons-interior.jpg\",\"width\":1011,\"height\":757},{\"@type\":\"BreadcrumbList\",\"@id\":\"https:\/\/portelldemorella.org\/ca\/portell-obrira-diumenge-el-cicle-xi-sons-de-linterior\/#breadcrumb\",\"itemListElement\":[{\"@type\":\"ListItem\",\"position\":1,\"name\":\"Portada\",\"item\":\"https:\/\/portelldemorella.org\/ca\/\"},{\"@type\":\"ListItem\",\"position\":2,\"name\":\"Portell obrir\u00e0 diumenge el cicle XI Sons de l\u2019interior\"}]},{\"@type\":\"WebSite\",\"@id\":\"https:\/\/portelldemorella.org\/#website\",\"url\":\"https:\/\/portelldemorella.org\/\",\"name\":\"Portell de Morella\",\"description\":\"Web del Ayuntamiento de Portell de Morella\",\"publisher\":{\"@id\":\"https:\/\/portelldemorella.org\/#organization\"},\"potentialAction\":[{\"@type\":\"SearchAction\",\"target\":{\"@type\":\"EntryPoint\",\"urlTemplate\":\"https:\/\/portelldemorella.org\/?s={search_term_string}\"},\"query-input\":{\"@type\":\"PropertyValueSpecification\",\"valueRequired\":true,\"valueName\":\"search_term_string\"}}],\"inLanguage\":\"ca\"},{\"@type\":\"Organization\",\"@id\":\"https:\/\/portelldemorella.org\/#organization\",\"name\":\"Portell de Morella\",\"url\":\"https:\/\/portelldemorella.org\/\",\"logo\":{\"@type\":\"ImageObject\",\"inLanguage\":\"ca\",\"@id\":\"https:\/\/portelldemorella.org\/#\/schema\/logo\/image\/\",\"url\":\"https:\/\/portelldemorella.org\/wp-content\/uploads\/2020\/11\/Escudo-Portell-04.jpg\",\"contentUrl\":\"https:\/\/portelldemorella.org\/wp-content\/uploads\/2020\/11\/Escudo-Portell-04.jpg\",\"width\":1001,\"height\":394,\"caption\":\"Portell de Morella\"},\"image\":{\"@id\":\"https:\/\/portelldemorella.org\/#\/schema\/logo\/image\/\"}},{\"@type\":\"Person\",\"@id\":\"https:\/\/portelldemorella.org\/#\/schema\/person\/2adde77c454244acd163488ec723a88b\",\"name\":\"portell\",\"image\":{\"@type\":\"ImageObject\",\"inLanguage\":\"ca\",\"@id\":\"https:\/\/portelldemorella.org\/#\/schema\/person\/image\/\",\"url\":\"https:\/\/secure.gravatar.com\/avatar\/077c6bd89604df620d2fa93a06be2531944cdd6826fd322dbd8b483fd84d6407?s=96&d=mm&r=g\",\"contentUrl\":\"https:\/\/secure.gravatar.com\/avatar\/077c6bd89604df620d2fa93a06be2531944cdd6826fd322dbd8b483fd84d6407?s=96&d=mm&r=g\",\"caption\":\"portell\"},\"sameAs\":[\"https:\/\/portelldemorella.org\"],\"url\":\"https:\/\/portelldemorella.org\/ca\/author\/portell\/\"}]}<\/script>\n<!-- \/ Yoast SEO plugin. -->","yoast_head_json":{"title":"Portell obrir\u00e0 diumenge el cicle XI Sons de l\u2019interior - Portell de Morella","robots":{"index":"noindex","follow":"follow","max-snippet":"max-snippet:-1","max-image-preview":"max-image-preview:large","max-video-preview":"max-video-preview:-1"},"og_locale":"ca_ES","og_type":"article","og_title":"Portell obrir\u00e0 diumenge el cicle XI Sons de l\u2019interior - Portell de Morella","og_description":"-El primer dels tres concerts previstos sonar\u00e0 a migdia a la pla\u00e7a de l\u2019Esgl\u00e9sia La pla\u00e7a de l\u2019Esgl\u00e9sia de Portell acollir\u00e0 aquest diumenge el primer concert del cicle XI Sons de l\u2019interior. La m\u00fasica de cambra del duet format per Bobby Rootvelt (guitarra) i Sanna Van Est (flauta dol\u00e7a), procedents d\u2019Alemanya, iniciar\u00e0 una programaci\u00f3 que [&hellip;]","og_url":"https:\/\/portelldemorella.org\/ca\/portell-obrira-diumenge-el-cicle-xi-sons-de-linterior\/","og_site_name":"Portell de Morella","article_published_time":"2024-07-12T07:25:28+00:00","article_modified_time":"2024-07-12T07:25:29+00:00","og_image":[{"width":1011,"height":757,"url":"https:\/\/portelldemorella.org\/wp-content\/uploads\/2024\/07\/Portell-Sons-interior.jpg","type":"image\/jpeg"}],"author":"portell","twitter_card":"summary_large_image","twitter_misc":{"Escrit per":"portell","Temps estimat de lectura":"1 minut"},"schema":{"@context":"https:\/\/schema.org","@graph":[{"@type":"Article","@id":"https:\/\/portelldemorella.org\/ca\/portell-obrira-diumenge-el-cicle-xi-sons-de-linterior\/#article","isPartOf":{"@id":"https:\/\/portelldemorella.org\/ca\/portell-obrira-diumenge-el-cicle-xi-sons-de-linterior\/"},"author":{"name":"portell","@id":"https:\/\/portelldemorella.org\/#\/schema\/person\/2adde77c454244acd163488ec723a88b"},"headline":"Portell obrir\u00e0 diumenge el cicle XI Sons de l\u2019interior","datePublished":"2024-07-12T07:25:28+00:00","dateModified":"2024-07-12T07:25:29+00:00","mainEntityOfPage":{"@id":"https:\/\/portelldemorella.org\/ca\/portell-obrira-diumenge-el-cicle-xi-sons-de-linterior\/"},"wordCount":182,"commentCount":0,"publisher":{"@id":"https:\/\/portelldemorella.org\/#organization"},"image":{"@id":"https:\/\/portelldemorella.org\/ca\/portell-obrira-diumenge-el-cicle-xi-sons-de-linterior\/#primaryimage"},"thumbnailUrl":"https:\/\/portelldemorella.org\/wp-content\/uploads\/2024\/07\/Portell-Sons-interior.jpg","keywords":["portell"],"articleSection":["Ayuntamiento"],"inLanguage":"ca","potentialAction":[{"@type":"CommentAction","name":"Comment","target":["https:\/\/portelldemorella.org\/ca\/portell-obrira-diumenge-el-cicle-xi-sons-de-linterior\/#respond"]}]},{"@type":"WebPage","@id":"https:\/\/portelldemorella.org\/ca\/portell-obrira-diumenge-el-cicle-xi-sons-de-linterior\/","url":"https:\/\/portelldemorella.org\/ca\/portell-obrira-diumenge-el-cicle-xi-sons-de-linterior\/","name":"Portell obrir\u00e0 diumenge el cicle XI Sons de l\u2019interior - Portell de Morella","isPartOf":{"@id":"https:\/\/portelldemorella.org\/#website"},"primaryImageOfPage":{"@id":"https:\/\/portelldemorella.org\/ca\/portell-obrira-diumenge-el-cicle-xi-sons-de-linterior\/#primaryimage"},"image":{"@id":"https:\/\/portelldemorella.org\/ca\/portell-obrira-diumenge-el-cicle-xi-sons-de-linterior\/#primaryimage"},"thumbnailUrl":"https:\/\/portelldemorella.org\/wp-content\/uploads\/2024\/07\/Portell-Sons-interior.jpg","datePublished":"2024-07-12T07:25:28+00:00","dateModified":"2024-07-12T07:25:29+00:00","breadcrumb":{"@id":"https:\/\/portelldemorella.org\/ca\/portell-obrira-diumenge-el-cicle-xi-sons-de-linterior\/#breadcrumb"},"inLanguage":"ca","potentialAction":[{"@type":"ReadAction","target":["https:\/\/portelldemorella.org\/ca\/portell-obrira-diumenge-el-cicle-xi-sons-de-linterior\/"]}]},{"@type":"ImageObject","inLanguage":"ca","@id":"https:\/\/portelldemorella.org\/ca\/portell-obrira-diumenge-el-cicle-xi-sons-de-linterior\/#primaryimage","url":"https:\/\/portelldemorella.org\/wp-content\/uploads\/2024\/07\/Portell-Sons-interior.jpg","contentUrl":"https:\/\/portelldemorella.org\/wp-content\/uploads\/2024\/07\/Portell-Sons-interior.jpg","width":1011,"height":757},{"@type":"BreadcrumbList","@id":"https:\/\/portelldemorella.org\/ca\/portell-obrira-diumenge-el-cicle-xi-sons-de-linterior\/#breadcrumb","itemListElement":[{"@type":"ListItem","position":1,"name":"Portada","item":"https:\/\/portelldemorella.org\/ca\/"},{"@type":"ListItem","position":2,"name":"Portell obrir\u00e0 diumenge el cicle XI Sons de l\u2019interior"}]},{"@type":"WebSite","@id":"https:\/\/portelldemorella.org\/#website","url":"https:\/\/portelldemorella.org\/","name":"Portell de Morella","description":"Web del Ayuntamiento de Portell de Morella","publisher":{"@id":"https:\/\/portelldemorella.org\/#organization"},"potentialAction":[{"@type":"SearchAction","target":{"@type":"EntryPoint","urlTemplate":"https:\/\/portelldemorella.org\/?s={search_term_string}"},"query-input":{"@type":"PropertyValueSpecification","valueRequired":true,"valueName":"search_term_string"}}],"inLanguage":"ca"},{"@type":"Organization","@id":"https:\/\/portelldemorella.org\/#organization","name":"Portell de Morella","url":"https:\/\/portelldemorella.org\/","logo":{"@type":"ImageObject","inLanguage":"ca","@id":"https:\/\/portelldemorella.org\/#\/schema\/logo\/image\/","url":"https:\/\/portelldemorella.org\/wp-content\/uploads\/2020\/11\/Escudo-Portell-04.jpg","contentUrl":"https:\/\/portelldemorella.org\/wp-content\/uploads\/2020\/11\/Escudo-Portell-04.jpg","width":1001,"height":394,"caption":"Portell de Morella"},"image":{"@id":"https:\/\/portelldemorella.org\/#\/schema\/logo\/image\/"}},{"@type":"Person","@id":"https:\/\/portelldemorella.org\/#\/schema\/person\/2adde77c454244acd163488ec723a88b","name":"portell","image":{"@type":"ImageObject","inLanguage":"ca","@id":"https:\/\/portelldemorella.org\/#\/schema\/person\/image\/","url":"https:\/\/secure.gravatar.com\/avatar\/077c6bd89604df620d2fa93a06be2531944cdd6826fd322dbd8b483fd84d6407?s=96&d=mm&r=g","contentUrl":"https:\/\/secure.gravatar.com\/avatar\/077c6bd89604df620d2fa93a06be2531944cdd6826fd322dbd8b483fd84d6407?s=96&d=mm&r=g","caption":"portell"},"sameAs":["https:\/\/portelldemorella.org"],"url":"https:\/\/portelldemorella.org\/ca\/author\/portell\/"}]}},"_links":{"self":[{"href":"https:\/\/portelldemorella.org\/ca\/wp-json\/wp\/v2\/posts\/8119","targetHints":{"allow":["GET"]}}],"collection":[{"href":"https:\/\/portelldemorella.org\/ca\/wp-json\/wp\/v2\/posts"}],"about":[{"href":"https:\/\/portelldemorella.org\/ca\/wp-json\/wp\/v2\/types\/post"}],"author":[{"embeddable":true,"href":"https:\/\/portelldemorella.org\/ca\/wp-json\/wp\/v2\/users\/1"}],"replies":[{"embeddable":true,"href":"https:\/\/portelldemorella.org\/ca\/wp-json\/wp\/v2\/comments?post=8119"}],"version-history":[{"count":1,"href":"https:\/\/portelldemorella.org\/ca\/wp-json\/wp\/v2\/posts\/8119\/revisions"}],"predecessor-version":[{"id":8120,"href":"https:\/\/portelldemorella.org\/ca\/wp-json\/wp\/v2\/posts\/8119\/revisions\/8120"}],"wp:featuredmedia":[{"embeddable":true,"href":"https:\/\/portelldemorella.org\/ca\/wp-json\/wp\/v2\/media\/8117"}],"wp:attachment":[{"href":"https:\/\/portelldemorella.org\/ca\/wp-json\/wp\/v2\/media?parent=8119"}],"wp:term":[{"taxonomy":"category","embeddable":true,"href":"https:\/\/portelldemorella.org\/ca\/wp-json\/wp\/v2\/categories?post=8119"},{"taxonomy":"post_tag","embeddable":true,"href":"https:\/\/portelldemorella.org\/ca\/wp-json\/wp\/v2\/tags?post=8119"}],"curies":[{"name":"wp","href":"https:\/\/api.w.org\/{rel}","templated":true}]}}