{"id":8129,"date":"2024-07-15T14:29:28","date_gmt":"2024-07-15T14:29:28","guid":{"rendered":"https:\/\/portelldemorella.org\/?p=8129"},"modified":"2024-07-15T14:29:30","modified_gmt":"2024-07-15T14:29:30","slug":"portell-exportara-a-la-comarca-el-seu-model-de-digitalitzacio-del-cicle-de-laigua","status":"publish","type":"post","link":"https:\/\/portelldemorella.org\/ca\/portell-exportara-a-la-comarca-el-seu-model-de-digitalitzacio-del-cicle-de-laigua\/","title":{"rendered":"Portell exportar\u00e0 a la comarca el seu model de digitalitzaci\u00f3 del cicle de l\u2019aigua"},"content":{"rendered":"\n<p>-El Local del Corro acollir\u00e0 dimarts 23 una jornada organitzada per la FVMP<\/p>\n\n\n\n<p>El municipi de Portell exportar\u00e0 el seu model de digitalitzaci\u00f3 del cicle de l\u2019aigua en una jornada organitzada per la Federaci\u00f3 Valenciana de Municipis i Prov\u00edncies (FVMP). El Local del Corro de Portell acollir\u00e0 una xarrada oberta a tota la comarca a partir de les 19 hores amb la intervenci\u00f3 dels enginyers que han treballat en els sistemes inform\u00e0tics per a millorar el rendiment de l\u2019aigua.<\/p>\n\n\n\n<p>En concret, el seu alcalde, \u00c1lvaro Ferrer, ha indicat que el projecte va comen\u00e7ar anys enrere i, despr\u00e9s de nombroses inversions, l\u2019optimitzaci\u00f3 dels recursos h\u00eddrics afecta ja a conduccions i dep\u00f2sits que els deixen afrontar la sequera en millors condicions i reduir la despesa econ\u00f2mica dia a dia.<\/p>\n\n\n\n<p>De fet, l\u2019aposta municipal per les noves tecnologies en l\u2019aprofitament de l\u2019aigua permet mantindre el preu \u201ci aprofitar cada gota en optimitzar al m\u00e0xim el recursos\u201d. Els nous sistemes i la renovaci\u00f3 de dip\u00f2sits i canonades ofereixen informaci\u00f3 a temps real per a solventar avaries i evitar fugides d\u2019aigua al moment. La tecnologia avisa del consum, de les p\u00e8rdues i de les millors hores per a consumir per tal de reduir el preu de l\u2019aigua i tamb\u00e9 de la llum.<\/p>\n\n\n\n<p>La FVMP ha fet una crida a la resta de municipis de la comarca per tal que els seus responsables municipals i el personal encarregat de la gesti\u00f3 de l\u2019aigua participen en aquesta xarrada informativa. La jornada servir\u00e0 tamb\u00e9 per a mostrar novetats en els sistemes de digitalitzaci\u00f3 i fer front aix\u00ed als per\u00edodes de sequera com l\u2019actual, al temps que reafirmen el comprom\u00eds amb l\u2019efici\u00e8ncia dels recursos naturals.<\/p>\n","protected":false},"excerpt":{"rendered":"<p>-El Local del Corro acollir\u00e0 dimarts 23 una jornada organitzada per la FVMP El municipi de Portell exportar\u00e0 el seu model de digitalitzaci\u00f3 del cicle de l\u2019aigua en una jornada organitzada per la Federaci\u00f3 Valenciana de Municipis i Prov\u00edncies (FVMP). El Local del Corro de Portell acollir\u00e0 una xarrada oberta a tota la comarca a [&hellip;]<\/p>\n","protected":false},"author":1,"featured_media":8123,"comment_status":"open","ping_status":"open","sticky":false,"template":"","format":"standard","meta":{"footnotes":""},"categories":[97],"tags":[107],"class_list":["post-8129","post","type-post","status-publish","format-standard","has-post-thumbnail","hentry","category-ayuntamiento-ca","tag-portell-ca"],"yoast_head":"<!-- This site is optimized with the Yoast SEO plugin v24.4 - https:\/\/yoast.com\/wordpress\/plugins\/seo\/ -->\n<title>Portell exportar\u00e0 a la comarca el seu model de digitalitzaci\u00f3 del cicle de l\u2019aigua - Portell de Morella<\/title>\n<meta name=\"robots\" content=\"noindex, follow, max-snippet:-1, max-image-preview:large, max-video-preview:-1\" \/>\n<meta property=\"og:locale\" content=\"ca_ES\" \/>\n<meta property=\"og:type\" content=\"article\" \/>\n<meta property=\"og:title\" content=\"Portell exportar\u00e0 a la comarca el seu model de digitalitzaci\u00f3 del cicle de l\u2019aigua - Portell de Morella\" \/>\n<meta property=\"og:description\" content=\"-El Local del Corro acollir\u00e0 dimarts 23 una jornada organitzada per la FVMP El municipi de Portell exportar\u00e0 el seu model de digitalitzaci\u00f3 del cicle de l\u2019aigua en una jornada organitzada per la Federaci\u00f3 Valenciana de Municipis i Prov\u00edncies (FVMP). El Local del Corro de Portell acollir\u00e0 una xarrada oberta a tota la comarca a [&hellip;]\" \/>\n<meta property=\"og:url\" content=\"https:\/\/portelldemorella.org\/ca\/portell-exportara-a-la-comarca-el-seu-model-de-digitalitzacio-del-cicle-de-laigua\/\" \/>\n<meta property=\"og:site_name\" content=\"Portell de Morella\" \/>\n<meta property=\"article:published_time\" content=\"2024-07-15T14:29:28+00:00\" \/>\n<meta property=\"article:modified_time\" content=\"2024-07-15T14:29:30+00:00\" \/>\n<meta property=\"og:image\" content=\"https:\/\/portelldemorella.org\/wp-content\/uploads\/2024\/07\/Portell-exportara-a-la-comarca-el-seu-model-de-digitalitzacio-del-cicle-de-laigua.jpeg\" \/>\n\t<meta property=\"og:image:width\" content=\"1131\" \/>\n\t<meta property=\"og:image:height\" content=\"1600\" \/>\n\t<meta property=\"og:image:type\" content=\"image\/jpeg\" \/>\n<meta name=\"author\" content=\"portell\" \/>\n<meta name=\"twitter:card\" content=\"summary_large_image\" \/>\n<meta name=\"twitter:label1\" content=\"Escrit per\" \/>\n\t<meta name=\"twitter:data1\" content=\"portell\" \/>\n\t<meta name=\"twitter:label2\" content=\"Temps estimat de lectura\" \/>\n\t<meta name=\"twitter:data2\" content=\"2 minuts\" \/>\n<script type=\"application\/ld+json\" class=\"yoast-schema-graph\">{\"@context\":\"https:\/\/schema.org\",\"@graph\":[{\"@type\":\"Article\",\"@id\":\"https:\/\/portelldemorella.org\/ca\/portell-exportara-a-la-comarca-el-seu-model-de-digitalitzacio-del-cicle-de-laigua\/#article\",\"isPartOf\":{\"@id\":\"https:\/\/portelldemorella.org\/ca\/portell-exportara-a-la-comarca-el-seu-model-de-digitalitzacio-del-cicle-de-laigua\/\"},\"author\":{\"name\":\"portell\",\"@id\":\"https:\/\/portelldemorella.org\/#\/schema\/person\/2adde77c454244acd163488ec723a88b\"},\"headline\":\"Portell exportar\u00e0 a la comarca el seu model de digitalitzaci\u00f3 del cicle de l\u2019aigua\",\"datePublished\":\"2024-07-15T14:29:28+00:00\",\"dateModified\":\"2024-07-15T14:29:30+00:00\",\"mainEntityOfPage\":{\"@id\":\"https:\/\/portelldemorella.org\/ca\/portell-exportara-a-la-comarca-el-seu-model-de-digitalitzacio-del-cicle-de-laigua\/\"},\"wordCount\":313,\"commentCount\":0,\"publisher\":{\"@id\":\"https:\/\/portelldemorella.org\/#organization\"},\"image\":{\"@id\":\"https:\/\/portelldemorella.org\/ca\/portell-exportara-a-la-comarca-el-seu-model-de-digitalitzacio-del-cicle-de-laigua\/#primaryimage\"},\"thumbnailUrl\":\"https:\/\/portelldemorella.org\/wp-content\/uploads\/2024\/07\/Portell-exportara-a-la-comarca-el-seu-model-de-digitalitzacio-del-cicle-de-laigua.jpeg\",\"keywords\":[\"portell\"],\"articleSection\":[\"Ayuntamiento\"],\"inLanguage\":\"ca\",\"potentialAction\":[{\"@type\":\"CommentAction\",\"name\":\"Comment\",\"target\":[\"https:\/\/portelldemorella.org\/ca\/portell-exportara-a-la-comarca-el-seu-model-de-digitalitzacio-del-cicle-de-laigua\/#respond\"]}]},{\"@type\":\"WebPage\",\"@id\":\"https:\/\/portelldemorella.org\/ca\/portell-exportara-a-la-comarca-el-seu-model-de-digitalitzacio-del-cicle-de-laigua\/\",\"url\":\"https:\/\/portelldemorella.org\/ca\/portell-exportara-a-la-comarca-el-seu-model-de-digitalitzacio-del-cicle-de-laigua\/\",\"name\":\"Portell exportar\u00e0 a la comarca el seu model de digitalitzaci\u00f3 del cicle de l\u2019aigua - Portell de Morella\",\"isPartOf\":{\"@id\":\"https:\/\/portelldemorella.org\/#website\"},\"primaryImageOfPage\":{\"@id\":\"https:\/\/portelldemorella.org\/ca\/portell-exportara-a-la-comarca-el-seu-model-de-digitalitzacio-del-cicle-de-laigua\/#primaryimage\"},\"image\":{\"@id\":\"https:\/\/portelldemorella.org\/ca\/portell-exportara-a-la-comarca-el-seu-model-de-digitalitzacio-del-cicle-de-laigua\/#primaryimage\"},\"thumbnailUrl\":\"https:\/\/portelldemorella.org\/wp-content\/uploads\/2024\/07\/Portell-exportara-a-la-comarca-el-seu-model-de-digitalitzacio-del-cicle-de-laigua.jpeg\",\"datePublished\":\"2024-07-15T14:29:28+00:00\",\"dateModified\":\"2024-07-15T14:29:30+00:00\",\"breadcrumb\":{\"@id\":\"https:\/\/portelldemorella.org\/ca\/portell-exportara-a-la-comarca-el-seu-model-de-digitalitzacio-del-cicle-de-laigua\/#breadcrumb\"},\"inLanguage\":\"ca\",\"potentialAction\":[{\"@type\":\"ReadAction\",\"target\":[\"https:\/\/portelldemorella.org\/ca\/portell-exportara-a-la-comarca-el-seu-model-de-digitalitzacio-del-cicle-de-laigua\/\"]}]},{\"@type\":\"ImageObject\",\"inLanguage\":\"ca\",\"@id\":\"https:\/\/portelldemorella.org\/ca\/portell-exportara-a-la-comarca-el-seu-model-de-digitalitzacio-del-cicle-de-laigua\/#primaryimage\",\"url\":\"https:\/\/portelldemorella.org\/wp-content\/uploads\/2024\/07\/Portell-exportara-a-la-comarca-el-seu-model-de-digitalitzacio-del-cicle-de-laigua.jpeg\",\"contentUrl\":\"https:\/\/portelldemorella.org\/wp-content\/uploads\/2024\/07\/Portell-exportara-a-la-comarca-el-seu-model-de-digitalitzacio-del-cicle-de-laigua.jpeg\",\"width\":1131,\"height\":1600},{\"@type\":\"BreadcrumbList\",\"@id\":\"https:\/\/portelldemorella.org\/ca\/portell-exportara-a-la-comarca-el-seu-model-de-digitalitzacio-del-cicle-de-laigua\/#breadcrumb\",\"itemListElement\":[{\"@type\":\"ListItem\",\"position\":1,\"name\":\"Portada\",\"item\":\"https:\/\/portelldemorella.org\/ca\/\"},{\"@type\":\"ListItem\",\"position\":2,\"name\":\"Portell exportar\u00e0 a la comarca el seu model de digitalitzaci\u00f3 del cicle de l\u2019aigua\"}]},{\"@type\":\"WebSite\",\"@id\":\"https:\/\/portelldemorella.org\/#website\",\"url\":\"https:\/\/portelldemorella.org\/\",\"name\":\"Portell de Morella\",\"description\":\"Web del Ayuntamiento de Portell de Morella\",\"publisher\":{\"@id\":\"https:\/\/portelldemorella.org\/#organization\"},\"potentialAction\":[{\"@type\":\"SearchAction\",\"target\":{\"@type\":\"EntryPoint\",\"urlTemplate\":\"https:\/\/portelldemorella.org\/?s={search_term_string}\"},\"query-input\":{\"@type\":\"PropertyValueSpecification\",\"valueRequired\":true,\"valueName\":\"search_term_string\"}}],\"inLanguage\":\"ca\"},{\"@type\":\"Organization\",\"@id\":\"https:\/\/portelldemorella.org\/#organization\",\"name\":\"Portell de Morella\",\"url\":\"https:\/\/portelldemorella.org\/\",\"logo\":{\"@type\":\"ImageObject\",\"inLanguage\":\"ca\",\"@id\":\"https:\/\/portelldemorella.org\/#\/schema\/logo\/image\/\",\"url\":\"https:\/\/portelldemorella.org\/wp-content\/uploads\/2020\/11\/Escudo-Portell-04.jpg\",\"contentUrl\":\"https:\/\/portelldemorella.org\/wp-content\/uploads\/2020\/11\/Escudo-Portell-04.jpg\",\"width\":1001,\"height\":394,\"caption\":\"Portell de Morella\"},\"image\":{\"@id\":\"https:\/\/portelldemorella.org\/#\/schema\/logo\/image\/\"}},{\"@type\":\"Person\",\"@id\":\"https:\/\/portelldemorella.org\/#\/schema\/person\/2adde77c454244acd163488ec723a88b\",\"name\":\"portell\",\"image\":{\"@type\":\"ImageObject\",\"inLanguage\":\"ca\",\"@id\":\"https:\/\/portelldemorella.org\/#\/schema\/person\/image\/\",\"url\":\"https:\/\/secure.gravatar.com\/avatar\/077c6bd89604df620d2fa93a06be2531944cdd6826fd322dbd8b483fd84d6407?s=96&d=mm&r=g\",\"contentUrl\":\"https:\/\/secure.gravatar.com\/avatar\/077c6bd89604df620d2fa93a06be2531944cdd6826fd322dbd8b483fd84d6407?s=96&d=mm&r=g\",\"caption\":\"portell\"},\"sameAs\":[\"https:\/\/portelldemorella.org\"],\"url\":\"https:\/\/portelldemorella.org\/ca\/author\/portell\/\"}]}<\/script>\n<!-- \/ Yoast SEO plugin. -->","yoast_head_json":{"title":"Portell exportar\u00e0 a la comarca el seu model de digitalitzaci\u00f3 del cicle de l\u2019aigua - Portell de Morella","robots":{"index":"noindex","follow":"follow","max-snippet":"max-snippet:-1","max-image-preview":"max-image-preview:large","max-video-preview":"max-video-preview:-1"},"og_locale":"ca_ES","og_type":"article","og_title":"Portell exportar\u00e0 a la comarca el seu model de digitalitzaci\u00f3 del cicle de l\u2019aigua - Portell de Morella","og_description":"-El Local del Corro acollir\u00e0 dimarts 23 una jornada organitzada per la FVMP El municipi de Portell exportar\u00e0 el seu model de digitalitzaci\u00f3 del cicle de l\u2019aigua en una jornada organitzada per la Federaci\u00f3 Valenciana de Municipis i Prov\u00edncies (FVMP). El Local del Corro de Portell acollir\u00e0 una xarrada oberta a tota la comarca a [&hellip;]","og_url":"https:\/\/portelldemorella.org\/ca\/portell-exportara-a-la-comarca-el-seu-model-de-digitalitzacio-del-cicle-de-laigua\/","og_site_name":"Portell de Morella","article_published_time":"2024-07-15T14:29:28+00:00","article_modified_time":"2024-07-15T14:29:30+00:00","og_image":[{"width":1131,"height":1600,"url":"https:\/\/portelldemorella.org\/wp-content\/uploads\/2024\/07\/Portell-exportara-a-la-comarca-el-seu-model-de-digitalitzacio-del-cicle-de-laigua.jpeg","type":"image\/jpeg"}],"author":"portell","twitter_card":"summary_large_image","twitter_misc":{"Escrit per":"portell","Temps estimat de lectura":"2 minuts"},"schema":{"@context":"https:\/\/schema.org","@graph":[{"@type":"Article","@id":"https:\/\/portelldemorella.org\/ca\/portell-exportara-a-la-comarca-el-seu-model-de-digitalitzacio-del-cicle-de-laigua\/#article","isPartOf":{"@id":"https:\/\/portelldemorella.org\/ca\/portell-exportara-a-la-comarca-el-seu-model-de-digitalitzacio-del-cicle-de-laigua\/"},"author":{"name":"portell","@id":"https:\/\/portelldemorella.org\/#\/schema\/person\/2adde77c454244acd163488ec723a88b"},"headline":"Portell exportar\u00e0 a la comarca el seu model de digitalitzaci\u00f3 del cicle de l\u2019aigua","datePublished":"2024-07-15T14:29:28+00:00","dateModified":"2024-07-15T14:29:30+00:00","mainEntityOfPage":{"@id":"https:\/\/portelldemorella.org\/ca\/portell-exportara-a-la-comarca-el-seu-model-de-digitalitzacio-del-cicle-de-laigua\/"},"wordCount":313,"commentCount":0,"publisher":{"@id":"https:\/\/portelldemorella.org\/#organization"},"image":{"@id":"https:\/\/portelldemorella.org\/ca\/portell-exportara-a-la-comarca-el-seu-model-de-digitalitzacio-del-cicle-de-laigua\/#primaryimage"},"thumbnailUrl":"https:\/\/portelldemorella.org\/wp-content\/uploads\/2024\/07\/Portell-exportara-a-la-comarca-el-seu-model-de-digitalitzacio-del-cicle-de-laigua.jpeg","keywords":["portell"],"articleSection":["Ayuntamiento"],"inLanguage":"ca","potentialAction":[{"@type":"CommentAction","name":"Comment","target":["https:\/\/portelldemorella.org\/ca\/portell-exportara-a-la-comarca-el-seu-model-de-digitalitzacio-del-cicle-de-laigua\/#respond"]}]},{"@type":"WebPage","@id":"https:\/\/portelldemorella.org\/ca\/portell-exportara-a-la-comarca-el-seu-model-de-digitalitzacio-del-cicle-de-laigua\/","url":"https:\/\/portelldemorella.org\/ca\/portell-exportara-a-la-comarca-el-seu-model-de-digitalitzacio-del-cicle-de-laigua\/","name":"Portell exportar\u00e0 a la comarca el seu model de digitalitzaci\u00f3 del cicle de l\u2019aigua - Portell de Morella","isPartOf":{"@id":"https:\/\/portelldemorella.org\/#website"},"primaryImageOfPage":{"@id":"https:\/\/portelldemorella.org\/ca\/portell-exportara-a-la-comarca-el-seu-model-de-digitalitzacio-del-cicle-de-laigua\/#primaryimage"},"image":{"@id":"https:\/\/portelldemorella.org\/ca\/portell-exportara-a-la-comarca-el-seu-model-de-digitalitzacio-del-cicle-de-laigua\/#primaryimage"},"thumbnailUrl":"https:\/\/portelldemorella.org\/wp-content\/uploads\/2024\/07\/Portell-exportara-a-la-comarca-el-seu-model-de-digitalitzacio-del-cicle-de-laigua.jpeg","datePublished":"2024-07-15T14:29:28+00:00","dateModified":"2024-07-15T14:29:30+00:00","breadcrumb":{"@id":"https:\/\/portelldemorella.org\/ca\/portell-exportara-a-la-comarca-el-seu-model-de-digitalitzacio-del-cicle-de-laigua\/#breadcrumb"},"inLanguage":"ca","potentialAction":[{"@type":"ReadAction","target":["https:\/\/portelldemorella.org\/ca\/portell-exportara-a-la-comarca-el-seu-model-de-digitalitzacio-del-cicle-de-laigua\/"]}]},{"@type":"ImageObject","inLanguage":"ca","@id":"https:\/\/portelldemorella.org\/ca\/portell-exportara-a-la-comarca-el-seu-model-de-digitalitzacio-del-cicle-de-laigua\/#primaryimage","url":"https:\/\/portelldemorella.org\/wp-content\/uploads\/2024\/07\/Portell-exportara-a-la-comarca-el-seu-model-de-digitalitzacio-del-cicle-de-laigua.jpeg","contentUrl":"https:\/\/portelldemorella.org\/wp-content\/uploads\/2024\/07\/Portell-exportara-a-la-comarca-el-seu-model-de-digitalitzacio-del-cicle-de-laigua.jpeg","width":1131,"height":1600},{"@type":"BreadcrumbList","@id":"https:\/\/portelldemorella.org\/ca\/portell-exportara-a-la-comarca-el-seu-model-de-digitalitzacio-del-cicle-de-laigua\/#breadcrumb","itemListElement":[{"@type":"ListItem","position":1,"name":"Portada","item":"https:\/\/portelldemorella.org\/ca\/"},{"@type":"ListItem","position":2,"name":"Portell exportar\u00e0 a la comarca el seu model de digitalitzaci\u00f3 del cicle de l\u2019aigua"}]},{"@type":"WebSite","@id":"https:\/\/portelldemorella.org\/#website","url":"https:\/\/portelldemorella.org\/","name":"Portell de Morella","description":"Web del Ayuntamiento de Portell de Morella","publisher":{"@id":"https:\/\/portelldemorella.org\/#organization"},"potentialAction":[{"@type":"SearchAction","target":{"@type":"EntryPoint","urlTemplate":"https:\/\/portelldemorella.org\/?s={search_term_string}"},"query-input":{"@type":"PropertyValueSpecification","valueRequired":true,"valueName":"search_term_string"}}],"inLanguage":"ca"},{"@type":"Organization","@id":"https:\/\/portelldemorella.org\/#organization","name":"Portell de Morella","url":"https:\/\/portelldemorella.org\/","logo":{"@type":"ImageObject","inLanguage":"ca","@id":"https:\/\/portelldemorella.org\/#\/schema\/logo\/image\/","url":"https:\/\/portelldemorella.org\/wp-content\/uploads\/2020\/11\/Escudo-Portell-04.jpg","contentUrl":"https:\/\/portelldemorella.org\/wp-content\/uploads\/2020\/11\/Escudo-Portell-04.jpg","width":1001,"height":394,"caption":"Portell de Morella"},"image":{"@id":"https:\/\/portelldemorella.org\/#\/schema\/logo\/image\/"}},{"@type":"Person","@id":"https:\/\/portelldemorella.org\/#\/schema\/person\/2adde77c454244acd163488ec723a88b","name":"portell","image":{"@type":"ImageObject","inLanguage":"ca","@id":"https:\/\/portelldemorella.org\/#\/schema\/person\/image\/","url":"https:\/\/secure.gravatar.com\/avatar\/077c6bd89604df620d2fa93a06be2531944cdd6826fd322dbd8b483fd84d6407?s=96&d=mm&r=g","contentUrl":"https:\/\/secure.gravatar.com\/avatar\/077c6bd89604df620d2fa93a06be2531944cdd6826fd322dbd8b483fd84d6407?s=96&d=mm&r=g","caption":"portell"},"sameAs":["https:\/\/portelldemorella.org"],"url":"https:\/\/portelldemorella.org\/ca\/author\/portell\/"}]}},"_links":{"self":[{"href":"https:\/\/portelldemorella.org\/ca\/wp-json\/wp\/v2\/posts\/8129","targetHints":{"allow":["GET"]}}],"collection":[{"href":"https:\/\/portelldemorella.org\/ca\/wp-json\/wp\/v2\/posts"}],"about":[{"href":"https:\/\/portelldemorella.org\/ca\/wp-json\/wp\/v2\/types\/post"}],"author":[{"embeddable":true,"href":"https:\/\/portelldemorella.org\/ca\/wp-json\/wp\/v2\/users\/1"}],"replies":[{"embeddable":true,"href":"https:\/\/portelldemorella.org\/ca\/wp-json\/wp\/v2\/comments?post=8129"}],"version-history":[{"count":1,"href":"https:\/\/portelldemorella.org\/ca\/wp-json\/wp\/v2\/posts\/8129\/revisions"}],"predecessor-version":[{"id":8130,"href":"https:\/\/portelldemorella.org\/ca\/wp-json\/wp\/v2\/posts\/8129\/revisions\/8130"}],"wp:featuredmedia":[{"embeddable":true,"href":"https:\/\/portelldemorella.org\/ca\/wp-json\/wp\/v2\/media\/8123"}],"wp:attachment":[{"href":"https:\/\/portelldemorella.org\/ca\/wp-json\/wp\/v2\/media?parent=8129"}],"wp:term":[{"taxonomy":"category","embeddable":true,"href":"https:\/\/portelldemorella.org\/ca\/wp-json\/wp\/v2\/categories?post=8129"},{"taxonomy":"post_tag","embeddable":true,"href":"https:\/\/portelldemorella.org\/ca\/wp-json\/wp\/v2\/tags?post=8129"}],"curies":[{"name":"wp","href":"https:\/\/api.w.org\/{rel}","templated":true}]}}