{"id":8149,"date":"2024-07-26T10:00:00","date_gmt":"2024-07-26T10:00:00","guid":{"rendered":"https:\/\/portelldemorella.org\/?p=8149"},"modified":"2024-07-25T10:43:54","modified_gmt":"2024-07-25T10:43:54","slug":"la-piscina-de-portell-a-ple-rendiment","status":"publish","type":"post","link":"https:\/\/portelldemorella.org\/ca\/la-piscina-de-portell-a-ple-rendiment\/","title":{"rendered":"La piscina de Portell a ple rendiment"},"content":{"rendered":"\n<p><\/p>\n\n\n\n<p>Ve\u00efns, ve\u00efnes i visitants de Portell tenen al seu abast una forma perfecta per a fer front a la calor: la piscina municipal. El recinte, obert des de finals de juny, consta d&#8217;espai per a grans i xicotets. L&#8217;horari d&#8217;obertura \u00e9s de dilluns a dissabte de 12h a 19.30h i diumenges de 15h a 19.30h. Per a m\u00e9s informaci\u00f3 i compra d&#8217;abonaments cal contactar amb l&#8217;Ajuntament.<\/p>\n","protected":false},"excerpt":{"rendered":"<p>Ve\u00efns, ve\u00efnes i visitants de Portell tenen al seu abast una forma perfecta per a fer front a la calor: la piscina municipal. El recinte, obert des de finals de juny, consta d&#8217;espai per a grans i xicotets. L&#8217;horari d&#8217;obertura \u00e9s de dilluns a dissabte de 12h a 19.30h i diumenges de 15h a 19.30h. [&hellip;]<\/p>\n","protected":false},"author":1,"featured_media":8147,"comment_status":"open","ping_status":"open","sticky":false,"template":"","format":"standard","meta":{"footnotes":""},"categories":[97],"tags":[243,242,107],"class_list":["post-8149","post","type-post","status-publish","format-standard","has-post-thumbnail","hentry","category-ayuntamiento-ca","tag-estiu","tag-piscina","tag-portell-ca"],"yoast_head":"<!-- This site is optimized with the Yoast SEO plugin v24.4 - https:\/\/yoast.com\/wordpress\/plugins\/seo\/ -->\n<title>La piscina de Portell a ple rendiment - Portell de Morella<\/title>\n<meta name=\"robots\" content=\"noindex, follow, max-snippet:-1, max-image-preview:large, max-video-preview:-1\" \/>\n<meta property=\"og:locale\" content=\"ca_ES\" \/>\n<meta property=\"og:type\" content=\"article\" \/>\n<meta property=\"og:title\" content=\"La piscina de Portell a ple rendiment - Portell de Morella\" \/>\n<meta property=\"og:description\" content=\"Ve\u00efns, ve\u00efnes i visitants de Portell tenen al seu abast una forma perfecta per a fer front a la calor: la piscina municipal. El recinte, obert des de finals de juny, consta d&#8217;espai per a grans i xicotets. L&#8217;horari d&#8217;obertura \u00e9s de dilluns a dissabte de 12h a 19.30h i diumenges de 15h a 19.30h. [&hellip;]\" \/>\n<meta property=\"og:url\" content=\"https:\/\/portelldemorella.org\/la-piscina-de-portell-a-pleno-rendimiento\/\" \/>\n<meta property=\"og:site_name\" content=\"Portell de Morella\" \/>\n<meta property=\"article:published_time\" content=\"2024-07-26T10:00:00+00:00\" \/>\n<meta property=\"og:image\" content=\"https:\/\/portelldemorella.org\/wp-content\/uploads\/2024\/07\/La-piscina-de-Portell-a-ple-rendiment.jpg\" \/>\n\t<meta property=\"og:image:width\" content=\"1600\" \/>\n\t<meta property=\"og:image:height\" content=\"1200\" \/>\n\t<meta property=\"og:image:type\" content=\"image\/jpeg\" \/>\n<meta name=\"author\" content=\"portell\" \/>\n<meta name=\"twitter:card\" content=\"summary_large_image\" \/>\n<meta name=\"twitter:label1\" content=\"Escrit per\" \/>\n\t<meta name=\"twitter:data1\" content=\"portell\" \/>\n\t<meta name=\"twitter:label2\" content=\"Temps estimat de lectura\" \/>\n\t<meta name=\"twitter:data2\" content=\"1 minut\" \/>\n<script type=\"application\/ld+json\" class=\"yoast-schema-graph\">{\"@context\":\"https:\/\/schema.org\",\"@graph\":[{\"@type\":\"Article\",\"@id\":\"https:\/\/portelldemorella.org\/la-piscina-de-portell-a-pleno-rendimiento\/#article\",\"isPartOf\":{\"@id\":\"https:\/\/portelldemorella.org\/la-piscina-de-portell-a-pleno-rendimiento\/\"},\"author\":{\"name\":\"portell\",\"@id\":\"https:\/\/portelldemorella.org\/#\/schema\/person\/2adde77c454244acd163488ec723a88b\"},\"headline\":\"La piscina de Portell a ple rendiment\",\"datePublished\":\"2024-07-26T10:00:00+00:00\",\"mainEntityOfPage\":{\"@id\":\"https:\/\/portelldemorella.org\/la-piscina-de-portell-a-pleno-rendimiento\/\"},\"wordCount\":76,\"commentCount\":0,\"publisher\":{\"@id\":\"https:\/\/portelldemorella.org\/#organization\"},\"image\":{\"@id\":\"https:\/\/portelldemorella.org\/la-piscina-de-portell-a-pleno-rendimiento\/#primaryimage\"},\"thumbnailUrl\":\"https:\/\/portelldemorella.org\/wp-content\/uploads\/2024\/07\/La-piscina-de-Portell-a-ple-rendiment.jpg\",\"keywords\":[\"estiu\",\"piscina\",\"portell\"],\"articleSection\":[\"Ayuntamiento\"],\"inLanguage\":\"ca\",\"potentialAction\":[{\"@type\":\"CommentAction\",\"name\":\"Comment\",\"target\":[\"https:\/\/portelldemorella.org\/la-piscina-de-portell-a-pleno-rendimiento\/#respond\"]}]},{\"@type\":\"WebPage\",\"@id\":\"https:\/\/portelldemorella.org\/la-piscina-de-portell-a-pleno-rendimiento\/\",\"url\":\"https:\/\/portelldemorella.org\/la-piscina-de-portell-a-pleno-rendimiento\/\",\"name\":\"La piscina de Portell a ple rendiment - Portell de Morella\",\"isPartOf\":{\"@id\":\"https:\/\/portelldemorella.org\/#website\"},\"primaryImageOfPage\":{\"@id\":\"https:\/\/portelldemorella.org\/la-piscina-de-portell-a-pleno-rendimiento\/#primaryimage\"},\"image\":{\"@id\":\"https:\/\/portelldemorella.org\/la-piscina-de-portell-a-pleno-rendimiento\/#primaryimage\"},\"thumbnailUrl\":\"https:\/\/portelldemorella.org\/wp-content\/uploads\/2024\/07\/La-piscina-de-Portell-a-ple-rendiment.jpg\",\"datePublished\":\"2024-07-26T10:00:00+00:00\",\"breadcrumb\":{\"@id\":\"https:\/\/portelldemorella.org\/la-piscina-de-portell-a-pleno-rendimiento\/#breadcrumb\"},\"inLanguage\":\"ca\",\"potentialAction\":[{\"@type\":\"ReadAction\",\"target\":[\"https:\/\/portelldemorella.org\/la-piscina-de-portell-a-pleno-rendimiento\/\"]}]},{\"@type\":\"ImageObject\",\"inLanguage\":\"ca\",\"@id\":\"https:\/\/portelldemorella.org\/la-piscina-de-portell-a-pleno-rendimiento\/#primaryimage\",\"url\":\"https:\/\/portelldemorella.org\/wp-content\/uploads\/2024\/07\/La-piscina-de-Portell-a-ple-rendiment.jpg\",\"contentUrl\":\"https:\/\/portelldemorella.org\/wp-content\/uploads\/2024\/07\/La-piscina-de-Portell-a-ple-rendiment.jpg\",\"width\":1600,\"height\":1200},{\"@type\":\"BreadcrumbList\",\"@id\":\"https:\/\/portelldemorella.org\/la-piscina-de-portell-a-pleno-rendimiento\/#breadcrumb\",\"itemListElement\":[{\"@type\":\"ListItem\",\"position\":1,\"name\":\"Portada\",\"item\":\"https:\/\/portelldemorella.org\/ca\/\"},{\"@type\":\"ListItem\",\"position\":2,\"name\":\"La piscina de Portell a ple rendiment\"}]},{\"@type\":\"WebSite\",\"@id\":\"https:\/\/portelldemorella.org\/#website\",\"url\":\"https:\/\/portelldemorella.org\/\",\"name\":\"Portell de Morella\",\"description\":\"Web del Ayuntamiento de Portell de Morella\",\"publisher\":{\"@id\":\"https:\/\/portelldemorella.org\/#organization\"},\"potentialAction\":[{\"@type\":\"SearchAction\",\"target\":{\"@type\":\"EntryPoint\",\"urlTemplate\":\"https:\/\/portelldemorella.org\/?s={search_term_string}\"},\"query-input\":{\"@type\":\"PropertyValueSpecification\",\"valueRequired\":true,\"valueName\":\"search_term_string\"}}],\"inLanguage\":\"ca\"},{\"@type\":\"Organization\",\"@id\":\"https:\/\/portelldemorella.org\/#organization\",\"name\":\"Portell de Morella\",\"url\":\"https:\/\/portelldemorella.org\/\",\"logo\":{\"@type\":\"ImageObject\",\"inLanguage\":\"ca\",\"@id\":\"https:\/\/portelldemorella.org\/#\/schema\/logo\/image\/\",\"url\":\"https:\/\/portelldemorella.org\/wp-content\/uploads\/2020\/11\/Escudo-Portell-04.jpg\",\"contentUrl\":\"https:\/\/portelldemorella.org\/wp-content\/uploads\/2020\/11\/Escudo-Portell-04.jpg\",\"width\":1001,\"height\":394,\"caption\":\"Portell de Morella\"},\"image\":{\"@id\":\"https:\/\/portelldemorella.org\/#\/schema\/logo\/image\/\"}},{\"@type\":\"Person\",\"@id\":\"https:\/\/portelldemorella.org\/#\/schema\/person\/2adde77c454244acd163488ec723a88b\",\"name\":\"portell\",\"image\":{\"@type\":\"ImageObject\",\"inLanguage\":\"ca\",\"@id\":\"https:\/\/portelldemorella.org\/#\/schema\/person\/image\/\",\"url\":\"https:\/\/secure.gravatar.com\/avatar\/077c6bd89604df620d2fa93a06be2531944cdd6826fd322dbd8b483fd84d6407?s=96&d=mm&r=g\",\"contentUrl\":\"https:\/\/secure.gravatar.com\/avatar\/077c6bd89604df620d2fa93a06be2531944cdd6826fd322dbd8b483fd84d6407?s=96&d=mm&r=g\",\"caption\":\"portell\"},\"sameAs\":[\"https:\/\/portelldemorella.org\"],\"url\":\"https:\/\/portelldemorella.org\/ca\/author\/portell\/\"}]}<\/script>\n<!-- \/ Yoast SEO plugin. -->","yoast_head_json":{"title":"La piscina de Portell a ple rendiment - Portell de Morella","robots":{"index":"noindex","follow":"follow","max-snippet":"max-snippet:-1","max-image-preview":"max-image-preview:large","max-video-preview":"max-video-preview:-1"},"og_locale":"ca_ES","og_type":"article","og_title":"La piscina de Portell a ple rendiment - Portell de Morella","og_description":"Ve\u00efns, ve\u00efnes i visitants de Portell tenen al seu abast una forma perfecta per a fer front a la calor: la piscina municipal. El recinte, obert des de finals de juny, consta d&#8217;espai per a grans i xicotets. L&#8217;horari d&#8217;obertura \u00e9s de dilluns a dissabte de 12h a 19.30h i diumenges de 15h a 19.30h. [&hellip;]","og_url":"https:\/\/portelldemorella.org\/la-piscina-de-portell-a-pleno-rendimiento\/","og_site_name":"Portell de Morella","article_published_time":"2024-07-26T10:00:00+00:00","og_image":[{"width":1600,"height":1200,"url":"https:\/\/portelldemorella.org\/wp-content\/uploads\/2024\/07\/La-piscina-de-Portell-a-ple-rendiment.jpg","type":"image\/jpeg"}],"author":"portell","twitter_card":"summary_large_image","twitter_misc":{"Escrit per":"portell","Temps estimat de lectura":"1 minut"},"schema":{"@context":"https:\/\/schema.org","@graph":[{"@type":"Article","@id":"https:\/\/portelldemorella.org\/la-piscina-de-portell-a-pleno-rendimiento\/#article","isPartOf":{"@id":"https:\/\/portelldemorella.org\/la-piscina-de-portell-a-pleno-rendimiento\/"},"author":{"name":"portell","@id":"https:\/\/portelldemorella.org\/#\/schema\/person\/2adde77c454244acd163488ec723a88b"},"headline":"La piscina de Portell a ple rendiment","datePublished":"2024-07-26T10:00:00+00:00","mainEntityOfPage":{"@id":"https:\/\/portelldemorella.org\/la-piscina-de-portell-a-pleno-rendimiento\/"},"wordCount":76,"commentCount":0,"publisher":{"@id":"https:\/\/portelldemorella.org\/#organization"},"image":{"@id":"https:\/\/portelldemorella.org\/la-piscina-de-portell-a-pleno-rendimiento\/#primaryimage"},"thumbnailUrl":"https:\/\/portelldemorella.org\/wp-content\/uploads\/2024\/07\/La-piscina-de-Portell-a-ple-rendiment.jpg","keywords":["estiu","piscina","portell"],"articleSection":["Ayuntamiento"],"inLanguage":"ca","potentialAction":[{"@type":"CommentAction","name":"Comment","target":["https:\/\/portelldemorella.org\/la-piscina-de-portell-a-pleno-rendimiento\/#respond"]}]},{"@type":"WebPage","@id":"https:\/\/portelldemorella.org\/la-piscina-de-portell-a-pleno-rendimiento\/","url":"https:\/\/portelldemorella.org\/la-piscina-de-portell-a-pleno-rendimiento\/","name":"La piscina de Portell a ple rendiment - Portell de Morella","isPartOf":{"@id":"https:\/\/portelldemorella.org\/#website"},"primaryImageOfPage":{"@id":"https:\/\/portelldemorella.org\/la-piscina-de-portell-a-pleno-rendimiento\/#primaryimage"},"image":{"@id":"https:\/\/portelldemorella.org\/la-piscina-de-portell-a-pleno-rendimiento\/#primaryimage"},"thumbnailUrl":"https:\/\/portelldemorella.org\/wp-content\/uploads\/2024\/07\/La-piscina-de-Portell-a-ple-rendiment.jpg","datePublished":"2024-07-26T10:00:00+00:00","breadcrumb":{"@id":"https:\/\/portelldemorella.org\/la-piscina-de-portell-a-pleno-rendimiento\/#breadcrumb"},"inLanguage":"ca","potentialAction":[{"@type":"ReadAction","target":["https:\/\/portelldemorella.org\/la-piscina-de-portell-a-pleno-rendimiento\/"]}]},{"@type":"ImageObject","inLanguage":"ca","@id":"https:\/\/portelldemorella.org\/la-piscina-de-portell-a-pleno-rendimiento\/#primaryimage","url":"https:\/\/portelldemorella.org\/wp-content\/uploads\/2024\/07\/La-piscina-de-Portell-a-ple-rendiment.jpg","contentUrl":"https:\/\/portelldemorella.org\/wp-content\/uploads\/2024\/07\/La-piscina-de-Portell-a-ple-rendiment.jpg","width":1600,"height":1200},{"@type":"BreadcrumbList","@id":"https:\/\/portelldemorella.org\/la-piscina-de-portell-a-pleno-rendimiento\/#breadcrumb","itemListElement":[{"@type":"ListItem","position":1,"name":"Portada","item":"https:\/\/portelldemorella.org\/ca\/"},{"@type":"ListItem","position":2,"name":"La piscina de Portell a ple rendiment"}]},{"@type":"WebSite","@id":"https:\/\/portelldemorella.org\/#website","url":"https:\/\/portelldemorella.org\/","name":"Portell de Morella","description":"Web del Ayuntamiento de Portell de Morella","publisher":{"@id":"https:\/\/portelldemorella.org\/#organization"},"potentialAction":[{"@type":"SearchAction","target":{"@type":"EntryPoint","urlTemplate":"https:\/\/portelldemorella.org\/?s={search_term_string}"},"query-input":{"@type":"PropertyValueSpecification","valueRequired":true,"valueName":"search_term_string"}}],"inLanguage":"ca"},{"@type":"Organization","@id":"https:\/\/portelldemorella.org\/#organization","name":"Portell de Morella","url":"https:\/\/portelldemorella.org\/","logo":{"@type":"ImageObject","inLanguage":"ca","@id":"https:\/\/portelldemorella.org\/#\/schema\/logo\/image\/","url":"https:\/\/portelldemorella.org\/wp-content\/uploads\/2020\/11\/Escudo-Portell-04.jpg","contentUrl":"https:\/\/portelldemorella.org\/wp-content\/uploads\/2020\/11\/Escudo-Portell-04.jpg","width":1001,"height":394,"caption":"Portell de Morella"},"image":{"@id":"https:\/\/portelldemorella.org\/#\/schema\/logo\/image\/"}},{"@type":"Person","@id":"https:\/\/portelldemorella.org\/#\/schema\/person\/2adde77c454244acd163488ec723a88b","name":"portell","image":{"@type":"ImageObject","inLanguage":"ca","@id":"https:\/\/portelldemorella.org\/#\/schema\/person\/image\/","url":"https:\/\/secure.gravatar.com\/avatar\/077c6bd89604df620d2fa93a06be2531944cdd6826fd322dbd8b483fd84d6407?s=96&d=mm&r=g","contentUrl":"https:\/\/secure.gravatar.com\/avatar\/077c6bd89604df620d2fa93a06be2531944cdd6826fd322dbd8b483fd84d6407?s=96&d=mm&r=g","caption":"portell"},"sameAs":["https:\/\/portelldemorella.org"],"url":"https:\/\/portelldemorella.org\/ca\/author\/portell\/"}]}},"_links":{"self":[{"href":"https:\/\/portelldemorella.org\/ca\/wp-json\/wp\/v2\/posts\/8149","targetHints":{"allow":["GET"]}}],"collection":[{"href":"https:\/\/portelldemorella.org\/ca\/wp-json\/wp\/v2\/posts"}],"about":[{"href":"https:\/\/portelldemorella.org\/ca\/wp-json\/wp\/v2\/types\/post"}],"author":[{"embeddable":true,"href":"https:\/\/portelldemorella.org\/ca\/wp-json\/wp\/v2\/users\/1"}],"replies":[{"embeddable":true,"href":"https:\/\/portelldemorella.org\/ca\/wp-json\/wp\/v2\/comments?post=8149"}],"version-history":[{"count":1,"href":"https:\/\/portelldemorella.org\/ca\/wp-json\/wp\/v2\/posts\/8149\/revisions"}],"predecessor-version":[{"id":8150,"href":"https:\/\/portelldemorella.org\/ca\/wp-json\/wp\/v2\/posts\/8149\/revisions\/8150"}],"wp:featuredmedia":[{"embeddable":true,"href":"https:\/\/portelldemorella.org\/ca\/wp-json\/wp\/v2\/media\/8147"}],"wp:attachment":[{"href":"https:\/\/portelldemorella.org\/ca\/wp-json\/wp\/v2\/media?parent=8149"}],"wp:term":[{"taxonomy":"category","embeddable":true,"href":"https:\/\/portelldemorella.org\/ca\/wp-json\/wp\/v2\/categories?post=8149"},{"taxonomy":"post_tag","embeddable":true,"href":"https:\/\/portelldemorella.org\/ca\/wp-json\/wp\/v2\/tags?post=8149"}],"curies":[{"name":"wp","href":"https:\/\/api.w.org\/{rel}","templated":true}]}}