{"id":8151,"date":"2024-08-02T10:00:00","date_gmt":"2024-08-02T10:00:00","guid":{"rendered":"https:\/\/portelldemorella.org\/?p=8151"},"modified":"2024-07-26T08:15:31","modified_gmt":"2024-07-26T08:15:31","slug":"avancen-les-obres-de-millora-del-llavador-de-portell","status":"publish","type":"post","link":"https:\/\/portelldemorella.org\/ca\/avancen-les-obres-de-millora-del-llavador-de-portell\/","title":{"rendered":"Avancen les obres de millora del llavador de Portell"},"content":{"rendered":"\n<p><\/p>\n\n\n\n<p>Les obres de renovaci\u00f3 del llavador de Portell avancen a bon ritme. L&#8217;actuaci\u00f3, adjudicada a l&#8217;empresa Hidracons 2024 SL, consisteix en la millora de l&#8217;estructura i la coberta per a recuperar elements originals de la construcci\u00f3, anteriors a les modificacions realitzades a la fi del segle passat. A m\u00e9s, es renaturalitzar\u00e0 l&#8217;entorn mitjan\u00e7ant la plantaci\u00f3 d&#8217;arbres i una zona enjardinada. &#8220;Amb aquesta actuaci\u00f3 busquem la recuperaci\u00f3 i conservaci\u00f3 del nostre patrimoni, actuant sobre un dels edificis m\u00e9s estimats per al nostre poble&#8221; ha afirmat l&#8217;alcalde, \u00c1lvaro Ferrer. Cal ressaltar que el projecte es finan\u00e7a mitjan\u00e7ant una ajuda del Pla Conviure atorgada per la Vicepresid\u00e8ncia Segona i Conselleria d&#8217;Habitatge i Arquitectura Bioclim\u00e0tica de la Generalitat Valenciana.<\/p>\n","protected":false},"excerpt":{"rendered":"<p>Les obres de renovaci\u00f3 del llavador de Portell avancen a bon ritme. L&#8217;actuaci\u00f3, adjudicada a l&#8217;empresa Hidracons 2024 SL, consisteix en la millora de l&#8217;estructura i la coberta per a recuperar elements originals de la construcci\u00f3, anteriors a les modificacions realitzades a la fi del segle passat. A m\u00e9s, es renaturalitzar\u00e0 l&#8217;entorn mitjan\u00e7ant la plantaci\u00f3 [&hellip;]<\/p>\n","protected":false},"author":1,"featured_media":8152,"comment_status":"open","ping_status":"open","sticky":false,"template":"","format":"standard","meta":{"footnotes":""},"categories":[97],"tags":[143,144,107],"class_list":["post-8151","post","type-post","status-publish","format-standard","has-post-thumbnail","hentry","category-ayuntamiento-ca","tag-mejoras-ca","tag-millores-ca","tag-portell-ca"],"yoast_head":"<!-- This site is optimized with the Yoast SEO plugin v24.4 - https:\/\/yoast.com\/wordpress\/plugins\/seo\/ -->\n<title>Avancen les obres de millora del llavador de Portell - Portell de Morella<\/title>\n<meta name=\"robots\" content=\"noindex, follow, max-snippet:-1, max-image-preview:large, max-video-preview:-1\" \/>\n<meta property=\"og:locale\" content=\"ca_ES\" \/>\n<meta property=\"og:type\" content=\"article\" \/>\n<meta property=\"og:title\" content=\"Avancen les obres de millora del llavador de Portell - Portell de Morella\" \/>\n<meta property=\"og:description\" content=\"Les obres de renovaci\u00f3 del llavador de Portell avancen a bon ritme. L&#8217;actuaci\u00f3, adjudicada a l&#8217;empresa Hidracons 2024 SL, consisteix en la millora de l&#8217;estructura i la coberta per a recuperar elements originals de la construcci\u00f3, anteriors a les modificacions realitzades a la fi del segle passat. A m\u00e9s, es renaturalitzar\u00e0 l&#8217;entorn mitjan\u00e7ant la plantaci\u00f3 [&hellip;]\" \/>\n<meta property=\"og:url\" content=\"https:\/\/portelldemorella.org\/?p=8155\" \/>\n<meta property=\"og:site_name\" content=\"Portell de Morella\" \/>\n<meta property=\"article:published_time\" content=\"2024-08-02T10:00:00+00:00\" \/>\n<meta property=\"og:image\" content=\"https:\/\/portelldemorella.org\/wp-content\/uploads\/2024\/07\/Avancen-les-obres-de-millora-del-llavador-de-Portell.jpg\" \/>\n\t<meta property=\"og:image:width\" content=\"1600\" \/>\n\t<meta property=\"og:image:height\" content=\"1200\" \/>\n\t<meta property=\"og:image:type\" content=\"image\/jpeg\" \/>\n<meta name=\"author\" content=\"portell\" \/>\n<meta name=\"twitter:card\" content=\"summary_large_image\" \/>\n<meta name=\"twitter:label1\" content=\"Escrit per\" \/>\n\t<meta name=\"twitter:data1\" content=\"portell\" \/>\n\t<meta name=\"twitter:label2\" content=\"Temps estimat de lectura\" \/>\n\t<meta name=\"twitter:data2\" content=\"1 minut\" \/>\n<script type=\"application\/ld+json\" class=\"yoast-schema-graph\">{\"@context\":\"https:\/\/schema.org\",\"@graph\":[{\"@type\":\"Article\",\"@id\":\"https:\/\/portelldemorella.org\/?p=8155#article\",\"isPartOf\":{\"@id\":\"https:\/\/portelldemorella.org\/?p=8155\"},\"author\":{\"name\":\"portell\",\"@id\":\"https:\/\/portelldemorella.org\/#\/schema\/person\/2adde77c454244acd163488ec723a88b\"},\"headline\":\"Avancen les obres de millora del llavador de Portell\",\"datePublished\":\"2024-08-02T10:00:00+00:00\",\"mainEntityOfPage\":{\"@id\":\"https:\/\/portelldemorella.org\/?p=8155\"},\"wordCount\":130,\"commentCount\":0,\"publisher\":{\"@id\":\"https:\/\/portelldemorella.org\/#organization\"},\"image\":{\"@id\":\"https:\/\/portelldemorella.org\/?p=8155#primaryimage\"},\"thumbnailUrl\":\"https:\/\/portelldemorella.org\/wp-content\/uploads\/2024\/07\/Avancen-les-obres-de-millora-del-llavador-de-Portell.jpg\",\"keywords\":[\"mejoras\",\"millores\",\"portell\"],\"articleSection\":[\"Ayuntamiento\"],\"inLanguage\":\"ca\",\"potentialAction\":[{\"@type\":\"CommentAction\",\"name\":\"Comment\",\"target\":[\"https:\/\/portelldemorella.org\/?p=8155#respond\"]}]},{\"@type\":\"WebPage\",\"@id\":\"https:\/\/portelldemorella.org\/?p=8155\",\"url\":\"https:\/\/portelldemorella.org\/?p=8155\",\"name\":\"Avancen les obres de millora del llavador de Portell - Portell de Morella\",\"isPartOf\":{\"@id\":\"https:\/\/portelldemorella.org\/#website\"},\"primaryImageOfPage\":{\"@id\":\"https:\/\/portelldemorella.org\/?p=8155#primaryimage\"},\"image\":{\"@id\":\"https:\/\/portelldemorella.org\/?p=8155#primaryimage\"},\"thumbnailUrl\":\"https:\/\/portelldemorella.org\/wp-content\/uploads\/2024\/07\/Avancen-les-obres-de-millora-del-llavador-de-Portell.jpg\",\"datePublished\":\"2024-08-02T10:00:00+00:00\",\"breadcrumb\":{\"@id\":\"https:\/\/portelldemorella.org\/?p=8155#breadcrumb\"},\"inLanguage\":\"ca\",\"potentialAction\":[{\"@type\":\"ReadAction\",\"target\":[\"https:\/\/portelldemorella.org\/?p=8155\"]}]},{\"@type\":\"ImageObject\",\"inLanguage\":\"ca\",\"@id\":\"https:\/\/portelldemorella.org\/?p=8155#primaryimage\",\"url\":\"https:\/\/portelldemorella.org\/wp-content\/uploads\/2024\/07\/Avancen-les-obres-de-millora-del-llavador-de-Portell.jpg\",\"contentUrl\":\"https:\/\/portelldemorella.org\/wp-content\/uploads\/2024\/07\/Avancen-les-obres-de-millora-del-llavador-de-Portell.jpg\",\"width\":1600,\"height\":1200},{\"@type\":\"BreadcrumbList\",\"@id\":\"https:\/\/portelldemorella.org\/?p=8155#breadcrumb\",\"itemListElement\":[{\"@type\":\"ListItem\",\"position\":1,\"name\":\"Portada\",\"item\":\"https:\/\/portelldemorella.org\/ca\/\"},{\"@type\":\"ListItem\",\"position\":2,\"name\":\"Avancen les obres de millora del llavador de Portell\"}]},{\"@type\":\"WebSite\",\"@id\":\"https:\/\/portelldemorella.org\/#website\",\"url\":\"https:\/\/portelldemorella.org\/\",\"name\":\"Portell de Morella\",\"description\":\"Web del Ayuntamiento de Portell de Morella\",\"publisher\":{\"@id\":\"https:\/\/portelldemorella.org\/#organization\"},\"potentialAction\":[{\"@type\":\"SearchAction\",\"target\":{\"@type\":\"EntryPoint\",\"urlTemplate\":\"https:\/\/portelldemorella.org\/?s={search_term_string}\"},\"query-input\":{\"@type\":\"PropertyValueSpecification\",\"valueRequired\":true,\"valueName\":\"search_term_string\"}}],\"inLanguage\":\"ca\"},{\"@type\":\"Organization\",\"@id\":\"https:\/\/portelldemorella.org\/#organization\",\"name\":\"Portell de Morella\",\"url\":\"https:\/\/portelldemorella.org\/\",\"logo\":{\"@type\":\"ImageObject\",\"inLanguage\":\"ca\",\"@id\":\"https:\/\/portelldemorella.org\/#\/schema\/logo\/image\/\",\"url\":\"https:\/\/portelldemorella.org\/wp-content\/uploads\/2020\/11\/Escudo-Portell-04.jpg\",\"contentUrl\":\"https:\/\/portelldemorella.org\/wp-content\/uploads\/2020\/11\/Escudo-Portell-04.jpg\",\"width\":1001,\"height\":394,\"caption\":\"Portell de Morella\"},\"image\":{\"@id\":\"https:\/\/portelldemorella.org\/#\/schema\/logo\/image\/\"}},{\"@type\":\"Person\",\"@id\":\"https:\/\/portelldemorella.org\/#\/schema\/person\/2adde77c454244acd163488ec723a88b\",\"name\":\"portell\",\"image\":{\"@type\":\"ImageObject\",\"inLanguage\":\"ca\",\"@id\":\"https:\/\/portelldemorella.org\/#\/schema\/person\/image\/\",\"url\":\"https:\/\/secure.gravatar.com\/avatar\/077c6bd89604df620d2fa93a06be2531944cdd6826fd322dbd8b483fd84d6407?s=96&d=mm&r=g\",\"contentUrl\":\"https:\/\/secure.gravatar.com\/avatar\/077c6bd89604df620d2fa93a06be2531944cdd6826fd322dbd8b483fd84d6407?s=96&d=mm&r=g\",\"caption\":\"portell\"},\"sameAs\":[\"https:\/\/portelldemorella.org\"],\"url\":\"https:\/\/portelldemorella.org\/ca\/author\/portell\/\"}]}<\/script>\n<!-- \/ Yoast SEO plugin. -->","yoast_head_json":{"title":"Avancen les obres de millora del llavador de Portell - Portell de Morella","robots":{"index":"noindex","follow":"follow","max-snippet":"max-snippet:-1","max-image-preview":"max-image-preview:large","max-video-preview":"max-video-preview:-1"},"og_locale":"ca_ES","og_type":"article","og_title":"Avancen les obres de millora del llavador de Portell - Portell de Morella","og_description":"Les obres de renovaci\u00f3 del llavador de Portell avancen a bon ritme. L&#8217;actuaci\u00f3, adjudicada a l&#8217;empresa Hidracons 2024 SL, consisteix en la millora de l&#8217;estructura i la coberta per a recuperar elements originals de la construcci\u00f3, anteriors a les modificacions realitzades a la fi del segle passat. A m\u00e9s, es renaturalitzar\u00e0 l&#8217;entorn mitjan\u00e7ant la plantaci\u00f3 [&hellip;]","og_url":"https:\/\/portelldemorella.org\/?p=8155","og_site_name":"Portell de Morella","article_published_time":"2024-08-02T10:00:00+00:00","og_image":[{"width":1600,"height":1200,"url":"https:\/\/portelldemorella.org\/wp-content\/uploads\/2024\/07\/Avancen-les-obres-de-millora-del-llavador-de-Portell.jpg","type":"image\/jpeg"}],"author":"portell","twitter_card":"summary_large_image","twitter_misc":{"Escrit per":"portell","Temps estimat de lectura":"1 minut"},"schema":{"@context":"https:\/\/schema.org","@graph":[{"@type":"Article","@id":"https:\/\/portelldemorella.org\/?p=8155#article","isPartOf":{"@id":"https:\/\/portelldemorella.org\/?p=8155"},"author":{"name":"portell","@id":"https:\/\/portelldemorella.org\/#\/schema\/person\/2adde77c454244acd163488ec723a88b"},"headline":"Avancen les obres de millora del llavador de Portell","datePublished":"2024-08-02T10:00:00+00:00","mainEntityOfPage":{"@id":"https:\/\/portelldemorella.org\/?p=8155"},"wordCount":130,"commentCount":0,"publisher":{"@id":"https:\/\/portelldemorella.org\/#organization"},"image":{"@id":"https:\/\/portelldemorella.org\/?p=8155#primaryimage"},"thumbnailUrl":"https:\/\/portelldemorella.org\/wp-content\/uploads\/2024\/07\/Avancen-les-obres-de-millora-del-llavador-de-Portell.jpg","keywords":["mejoras","millores","portell"],"articleSection":["Ayuntamiento"],"inLanguage":"ca","potentialAction":[{"@type":"CommentAction","name":"Comment","target":["https:\/\/portelldemorella.org\/?p=8155#respond"]}]},{"@type":"WebPage","@id":"https:\/\/portelldemorella.org\/?p=8155","url":"https:\/\/portelldemorella.org\/?p=8155","name":"Avancen les obres de millora del llavador de Portell - Portell de Morella","isPartOf":{"@id":"https:\/\/portelldemorella.org\/#website"},"primaryImageOfPage":{"@id":"https:\/\/portelldemorella.org\/?p=8155#primaryimage"},"image":{"@id":"https:\/\/portelldemorella.org\/?p=8155#primaryimage"},"thumbnailUrl":"https:\/\/portelldemorella.org\/wp-content\/uploads\/2024\/07\/Avancen-les-obres-de-millora-del-llavador-de-Portell.jpg","datePublished":"2024-08-02T10:00:00+00:00","breadcrumb":{"@id":"https:\/\/portelldemorella.org\/?p=8155#breadcrumb"},"inLanguage":"ca","potentialAction":[{"@type":"ReadAction","target":["https:\/\/portelldemorella.org\/?p=8155"]}]},{"@type":"ImageObject","inLanguage":"ca","@id":"https:\/\/portelldemorella.org\/?p=8155#primaryimage","url":"https:\/\/portelldemorella.org\/wp-content\/uploads\/2024\/07\/Avancen-les-obres-de-millora-del-llavador-de-Portell.jpg","contentUrl":"https:\/\/portelldemorella.org\/wp-content\/uploads\/2024\/07\/Avancen-les-obres-de-millora-del-llavador-de-Portell.jpg","width":1600,"height":1200},{"@type":"BreadcrumbList","@id":"https:\/\/portelldemorella.org\/?p=8155#breadcrumb","itemListElement":[{"@type":"ListItem","position":1,"name":"Portada","item":"https:\/\/portelldemorella.org\/ca\/"},{"@type":"ListItem","position":2,"name":"Avancen les obres de millora del llavador de Portell"}]},{"@type":"WebSite","@id":"https:\/\/portelldemorella.org\/#website","url":"https:\/\/portelldemorella.org\/","name":"Portell de Morella","description":"Web del Ayuntamiento de Portell de Morella","publisher":{"@id":"https:\/\/portelldemorella.org\/#organization"},"potentialAction":[{"@type":"SearchAction","target":{"@type":"EntryPoint","urlTemplate":"https:\/\/portelldemorella.org\/?s={search_term_string}"},"query-input":{"@type":"PropertyValueSpecification","valueRequired":true,"valueName":"search_term_string"}}],"inLanguage":"ca"},{"@type":"Organization","@id":"https:\/\/portelldemorella.org\/#organization","name":"Portell de Morella","url":"https:\/\/portelldemorella.org\/","logo":{"@type":"ImageObject","inLanguage":"ca","@id":"https:\/\/portelldemorella.org\/#\/schema\/logo\/image\/","url":"https:\/\/portelldemorella.org\/wp-content\/uploads\/2020\/11\/Escudo-Portell-04.jpg","contentUrl":"https:\/\/portelldemorella.org\/wp-content\/uploads\/2020\/11\/Escudo-Portell-04.jpg","width":1001,"height":394,"caption":"Portell de Morella"},"image":{"@id":"https:\/\/portelldemorella.org\/#\/schema\/logo\/image\/"}},{"@type":"Person","@id":"https:\/\/portelldemorella.org\/#\/schema\/person\/2adde77c454244acd163488ec723a88b","name":"portell","image":{"@type":"ImageObject","inLanguage":"ca","@id":"https:\/\/portelldemorella.org\/#\/schema\/person\/image\/","url":"https:\/\/secure.gravatar.com\/avatar\/077c6bd89604df620d2fa93a06be2531944cdd6826fd322dbd8b483fd84d6407?s=96&d=mm&r=g","contentUrl":"https:\/\/secure.gravatar.com\/avatar\/077c6bd89604df620d2fa93a06be2531944cdd6826fd322dbd8b483fd84d6407?s=96&d=mm&r=g","caption":"portell"},"sameAs":["https:\/\/portelldemorella.org"],"url":"https:\/\/portelldemorella.org\/ca\/author\/portell\/"}]}},"_links":{"self":[{"href":"https:\/\/portelldemorella.org\/ca\/wp-json\/wp\/v2\/posts\/8151","targetHints":{"allow":["GET"]}}],"collection":[{"href":"https:\/\/portelldemorella.org\/ca\/wp-json\/wp\/v2\/posts"}],"about":[{"href":"https:\/\/portelldemorella.org\/ca\/wp-json\/wp\/v2\/types\/post"}],"author":[{"embeddable":true,"href":"https:\/\/portelldemorella.org\/ca\/wp-json\/wp\/v2\/users\/1"}],"replies":[{"embeddable":true,"href":"https:\/\/portelldemorella.org\/ca\/wp-json\/wp\/v2\/comments?post=8151"}],"version-history":[{"count":1,"href":"https:\/\/portelldemorella.org\/ca\/wp-json\/wp\/v2\/posts\/8151\/revisions"}],"predecessor-version":[{"id":8154,"href":"https:\/\/portelldemorella.org\/ca\/wp-json\/wp\/v2\/posts\/8151\/revisions\/8154"}],"wp:featuredmedia":[{"embeddable":true,"href":"https:\/\/portelldemorella.org\/ca\/wp-json\/wp\/v2\/media\/8152"}],"wp:attachment":[{"href":"https:\/\/portelldemorella.org\/ca\/wp-json\/wp\/v2\/media?parent=8151"}],"wp:term":[{"taxonomy":"category","embeddable":true,"href":"https:\/\/portelldemorella.org\/ca\/wp-json\/wp\/v2\/categories?post=8151"},{"taxonomy":"post_tag","embeddable":true,"href":"https:\/\/portelldemorella.org\/ca\/wp-json\/wp\/v2\/tags?post=8151"}],"curies":[{"name":"wp","href":"https:\/\/api.w.org\/{rel}","templated":true}]}}